{"id":24090,"date":"2021-08-25T15:34:43","date_gmt":"2021-08-25T18:34:43","guid":{"rendered":"https:\/\/p31noticias.com.br\/?p=24090"},"modified":"2021-08-25T15:34:43","modified_gmt":"2021-08-25T18:34:43","slug":"qual-a-justificativa-de-joinville-sc-para-aplicar-vacina-nos-gluteos","status":"publish","type":"post","link":"https:\/\/www.p31noticias.com.br\/?p=24090","title":{"rendered":"Qual a justificativa de Joinville (SC) para aplicar vacina nos gl\u00fateos"},"content":{"rendered":"<p>A aplica\u00e7\u00e3o das vacinas contra covid-19 em um local do corpo pouco comum fez com que a campanha de imuniza\u00e7\u00e3o na cidade de Joinville (SC) virasse assunto nas redes sociais nos \u00faltimos dias.<\/p>\n<p>Muitas pessoas se perguntavam por que os imunizantes n\u00e3o estavam sendo aplicados na parte superior do bra\u00e7o, como tradicionalmente \u00e9 feito.<\/p>\n<p>O\u00a0R7\u00a0entrou em contato com a Prefeitura de Joinville, que informou que h\u00e1 embasamento t\u00e9cnico para a aplica\u00e7\u00e3o na regi\u00e3o ventrogl\u00fatea e que isso j\u00e1 \u00e9 feito em outras campanhas de imuniza\u00e7\u00e3o.<\/p>\n<p>A nota enviada cita um documento intitulado &#8220;Orienta\u00e7\u00f5es Quanto \u00e0 Aplica\u00e7\u00e3o de Vacina Intramuscular\u201d, da Coordena\u00e7\u00e3o-Geral do Programa Nacional de Imuniza\u00e7\u00f5es.<\/p>\n<p>&#8220;O documento destaca que a regi\u00e3o ventroglutea, que fica na regi\u00e3o acima do quadril, \u00e9 uma das melhores op\u00e7\u00f5es quanto \u00e0 via de administra\u00e7\u00e3o&#8221;, diz a nota, ao citar um trecho de que a \u00e1rea &#8220;oferece a melhor espessura de m\u00fasculo, \u00e9 livre de nervos e vasos sangu\u00edneos, com uma camada mais estreita de gordura, al\u00e9m de apresentar redu\u00e7\u00e3o de dor durante a aplica\u00e7\u00e3o&#8221;<\/p>\n<p>Todavia, o mesmo documento salienta que a &#8220;regi\u00e3o ventroglutea \u00e9 uma das melhores op\u00e7\u00f5es quanto \u00e0 via de administra\u00e7\u00e3o alternativa&#8221;, sendo o m\u00fasculo deltoide, do bra\u00e7o, o principal local.<\/p>\n<p>A conselheira titular do Coren-SP (Conselho Regional de Enfermagem de S\u00e3o Paulo) Vanessa Morrone Maldonado refor\u00e7a que o local de aplica\u00e7\u00e3o usado em Joinville \u00e9 uma via alternativa, mas n\u00e3o a principal.<\/p>\n<p>&#8220;A gente sempre indica a vacina\u00e7\u00e3o no m\u00fasculo deltoide porque \u00e9 mais r\u00e1pido, \u00e9 mais f\u00e1cil, todo profissional tem habilidade na execu\u00e7\u00e3o do procedimento. Pode ser realizada no vasto lateral da coxa ou regi\u00e3o ventrogl\u00fatea por profissional capacitado caso haja algum impedimento ou uma especificidade na regi\u00e3o preconizada.&#8221;<\/p>\n<p>Ela cita como exemplos pessoas que fazem tratamento oncol\u00f3gico, com cirurgias recentes, fraturas, entre outras raz\u00f5es que poderiam impedir a aplica\u00e7\u00e3o da vacina no bra\u00e7o.<\/p>\n<p>Al\u00e9m disso, existe uma quest\u00e3o de agilidade e praticidade na aplica\u00e7\u00e3o no bra\u00e7o. A vacina aplicada na regi\u00e3o ventrogl\u00fatea inviabilizaria, por exemplo, os drive-thru .<\/p>\n<p>O efeito da vacina, seja no bra\u00e7o, na coxa ou na regi\u00e3o ventrogl\u00fatea \u00e9 o mesmo, acrescenta Vanessa. Todos esses m\u00fasculos t\u00eam c\u00e9lulas capazes de absorver o imunizante.<\/p>\n<p>Fonte : R7.<\/p>\n","protected":false},"excerpt":{"rendered":"<p>A aplica\u00e7\u00e3o das vacinas contra covid-19 em um local do corpo pouco comum fez com que a campanha de imuniza\u00e7\u00e3o na cidade de Joinville (SC) virasse assunto nas redes sociais nos \u00faltimos dias. Muitas pessoas se perguntavam por que os imunizantes n\u00e3o estavam sendo aplicados na parte superior do bra\u00e7o, como tradicionalmente \u00e9 feito. O\u00a0R7\u00a0entrou [&hellip;]<\/p>\n","protected":false},"author":5,"featured_media":24091,"comment_status":"open","ping_status":"open","sticky":false,"template":"","format":"standard","meta":{"footnotes":""},"categories":[124],"tags":[],"class_list":{"0":"post-24090","1":"post","2":"type-post","3":"status-publish","4":"format-standard","5":"has-post-thumbnail","7":"category-saude"},"yoast_head":"<!-- This site is optimized with the Yoast SEO Premium plugin v24.5 (Yoast SEO v27.5) - https:\/\/yoast.com\/product\/yoast-seo-premium-wordpress\/ -->\n<title>Qual a justificativa de Joinville (SC) para aplicar vacina nos gl\u00fateos - P31<\/title>\n<meta name=\"robots\" content=\"index, follow, max-snippet:-1, max-image-preview:large, max-video-preview:-1\" \/>\n<link rel=\"canonical\" href=\"https:\/\/www.p31noticias.com.br\/?p=24090\" \/>\n<meta property=\"og:locale\" content=\"pt_BR\" \/>\n<meta property=\"og:type\" content=\"article\" \/>\n<meta property=\"og:title\" content=\"Qual a justificativa de Joinville (SC) para aplicar vacina nos gl\u00fateos\" \/>\n<meta property=\"og:description\" content=\"A aplica\u00e7\u00e3o das vacinas contra covid-19 em um local do corpo pouco comum fez com que a campanha de imuniza\u00e7\u00e3o na cidade de Joinville (SC) virasse assunto nas redes sociais nos \u00faltimos dias. Muitas pessoas se perguntavam por que os imunizantes n\u00e3o estavam sendo aplicados na parte superior do bra\u00e7o, como tradicionalmente \u00e9 feito. O\u00a0R7\u00a0entrou [&hellip;]\" \/>\n<meta property=\"og:url\" content=\"https:\/\/www.p31noticias.com.br\/?p=24090\" \/>\n<meta property=\"og:site_name\" content=\"P31\" \/>\n<meta property=\"article:published_time\" content=\"2021-08-25T18:34:43+00:00\" \/>\n<meta property=\"og:image\" content=\"https:\/\/www.p31noticias.com.br\/wp-content\/uploads\/2021\/08\/vacina-joinville-23082021161348339.jpeg\" \/>\n\t<meta property=\"og:image:width\" content=\"771\" \/>\n\t<meta property=\"og:image:height\" content=\"420\" \/>\n\t<meta property=\"og:image:type\" content=\"image\/jpeg\" \/>\n<meta name=\"author\" content=\"Camilly Scheffer\" \/>\n<meta name=\"twitter:card\" content=\"summary_large_image\" \/>\n<meta name=\"twitter:label1\" content=\"Escrito por\" \/>\n\t<meta name=\"twitter:data1\" content=\"Camilly Scheffer\" \/>\n\t<meta name=\"twitter:label2\" content=\"Est. tempo de leitura\" \/>\n\t<meta name=\"twitter:data2\" content=\"2 minutos\" \/>\n<script type=\"application\/ld+json\" class=\"yoast-schema-graph\">{\"@context\":\"https:\\\/\\\/schema.org\",\"@graph\":[{\"@type\":\"Article\",\"@id\":\"https:\\\/\\\/www.p31noticias.com.br\\\/?p=24090#article\",\"isPartOf\":{\"@id\":\"https:\\\/\\\/www.p31noticias.com.br\\\/?p=24090\"},\"author\":{\"name\":\"Camilly Scheffer\",\"@id\":\"https:\\\/\\\/www.p31noticias.com.br\\\/#\\\/schema\\\/person\\\/d1bb0ccbf62b27e19ea4e75696908d43\"},\"headline\":\"Qual a justificativa de Joinville (SC) para aplicar vacina nos gl\u00fateos\",\"datePublished\":\"2021-08-25T18:34:43+00:00\",\"mainEntityOfPage\":{\"@id\":\"https:\\\/\\\/www.p31noticias.com.br\\\/?p=24090\"},\"wordCount\":415,\"commentCount\":0,\"image\":{\"@id\":\"https:\\\/\\\/www.p31noticias.com.br\\\/?p=24090#primaryimage\"},\"thumbnailUrl\":\"https:\\\/\\\/www.p31noticias.com.br\\\/wp-content\\\/uploads\\\/2021\\\/08\\\/vacina-joinville-23082021161348339.jpeg\",\"articleSection\":[\"Sa\u00fade\"],\"inLanguage\":\"pt-BR\",\"potentialAction\":[{\"@type\":\"CommentAction\",\"name\":\"Comment\",\"target\":[\"https:\\\/\\\/www.p31noticias.com.br\\\/?p=24090#respond\"]}],\"copyrightYear\":\"2021\",\"copyrightHolder\":{\"@id\":\"https:\\\/\\\/www.p31noticias.com.br\\\/#organization\"}},{\"@type\":\"WebPage\",\"@id\":\"https:\\\/\\\/www.p31noticias.com.br\\\/?p=24090\",\"url\":\"https:\\\/\\\/www.p31noticias.com.br\\\/?p=24090\",\"name\":\"Qual a justificativa de Joinville (SC) para aplicar vacina nos gl\u00fateos - P31\",\"isPartOf\":{\"@id\":\"https:\\\/\\\/www.p31noticias.com.br\\\/#website\"},\"primaryImageOfPage\":{\"@id\":\"https:\\\/\\\/www.p31noticias.com.br\\\/?p=24090#primaryimage\"},\"image\":{\"@id\":\"https:\\\/\\\/www.p31noticias.com.br\\\/?p=24090#primaryimage\"},\"thumbnailUrl\":\"https:\\\/\\\/www.p31noticias.com.br\\\/wp-content\\\/uploads\\\/2021\\\/08\\\/vacina-joinville-23082021161348339.jpeg\",\"datePublished\":\"2021-08-25T18:34:43+00:00\",\"author\":{\"@id\":\"https:\\\/\\\/www.p31noticias.com.br\\\/#\\\/schema\\\/person\\\/d1bb0ccbf62b27e19ea4e75696908d43\"},\"breadcrumb\":{\"@id\":\"https:\\\/\\\/www.p31noticias.com.br\\\/?p=24090#breadcrumb\"},\"inLanguage\":\"pt-BR\",\"potentialAction\":[{\"@type\":\"ReadAction\",\"target\":[\"https:\\\/\\\/www.p31noticias.com.br\\\/?p=24090\"]}]},{\"@type\":\"ImageObject\",\"inLanguage\":\"pt-BR\",\"@id\":\"https:\\\/\\\/www.p31noticias.com.br\\\/?p=24090#primaryimage\",\"url\":\"https:\\\/\\\/www.p31noticias.com.br\\\/wp-content\\\/uploads\\\/2021\\\/08\\\/vacina-joinville-23082021161348339.jpeg\",\"contentUrl\":\"https:\\\/\\\/www.p31noticias.com.br\\\/wp-content\\\/uploads\\\/2021\\\/08\\\/vacina-joinville-23082021161348339.jpeg\",\"width\":771,\"height\":420},{\"@type\":\"BreadcrumbList\",\"@id\":\"https:\\\/\\\/www.p31noticias.com.br\\\/?p=24090#breadcrumb\",\"itemListElement\":[{\"@type\":\"ListItem\",\"position\":1,\"name\":\"In\u00edcio\",\"item\":\"https:\\\/\\\/www.p31noticias.com.br\\\/\"},{\"@type\":\"ListItem\",\"position\":2,\"name\":\"Qual a justificativa de Joinville (SC) para aplicar vacina nos gl\u00fateos\"}]},{\"@type\":\"WebSite\",\"@id\":\"https:\\\/\\\/www.p31noticias.com.br\\\/#website\",\"url\":\"https:\\\/\\\/www.p31noticias.com.br\\\/\",\"name\":\"P31\",\"description\":\"NOT\u00cdCIAS\",\"potentialAction\":[{\"@type\":\"SearchAction\",\"target\":{\"@type\":\"EntryPoint\",\"urlTemplate\":\"https:\\\/\\\/www.p31noticias.com.br\\\/?s={search_term_string}\"},\"query-input\":{\"@type\":\"PropertyValueSpecification\",\"valueRequired\":true,\"valueName\":\"search_term_string\"}}],\"inLanguage\":\"pt-BR\"},{\"@type\":\"Person\",\"@id\":\"https:\\\/\\\/www.p31noticias.com.br\\\/#\\\/schema\\\/person\\\/d1bb0ccbf62b27e19ea4e75696908d43\",\"name\":\"Camilly Scheffer\",\"image\":{\"@type\":\"ImageObject\",\"inLanguage\":\"pt-BR\",\"@id\":\"https:\\\/\\\/secure.gravatar.com\\\/avatar\\\/06f4704b382d241ec2670712618fccea085b2db24d7b2d3b8691d904bbc1d557?s=96&d=mm&r=g\",\"url\":\"https:\\\/\\\/secure.gravatar.com\\\/avatar\\\/06f4704b382d241ec2670712618fccea085b2db24d7b2d3b8691d904bbc1d557?s=96&d=mm&r=g\",\"contentUrl\":\"https:\\\/\\\/secure.gravatar.com\\\/avatar\\\/06f4704b382d241ec2670712618fccea085b2db24d7b2d3b8691d904bbc1d557?s=96&d=mm&r=g\",\"caption\":\"Camilly Scheffer\"},\"url\":\"https:\\\/\\\/www.p31noticias.com.br\\\/?author=5\"}]}<\/script>\n<!-- \/ Yoast SEO Premium plugin. -->","yoast_head_json":{"title":"Qual a justificativa de Joinville (SC) para aplicar vacina nos gl\u00fateos - P31","robots":{"index":"index","follow":"follow","max-snippet":"max-snippet:-1","max-image-preview":"max-image-preview:large","max-video-preview":"max-video-preview:-1"},"canonical":"https:\/\/www.p31noticias.com.br\/?p=24090","og_locale":"pt_BR","og_type":"article","og_title":"Qual a justificativa de Joinville (SC) para aplicar vacina nos gl\u00fateos","og_description":"A aplica\u00e7\u00e3o das vacinas contra covid-19 em um local do corpo pouco comum fez com que a campanha de imuniza\u00e7\u00e3o na cidade de Joinville (SC) virasse assunto nas redes sociais nos \u00faltimos dias. Muitas pessoas se perguntavam por que os imunizantes n\u00e3o estavam sendo aplicados na parte superior do bra\u00e7o, como tradicionalmente \u00e9 feito. O\u00a0R7\u00a0entrou [&hellip;]","og_url":"https:\/\/www.p31noticias.com.br\/?p=24090","og_site_name":"P31","article_published_time":"2021-08-25T18:34:43+00:00","og_image":[{"width":771,"height":420,"url":"https:\/\/www.p31noticias.com.br\/wp-content\/uploads\/2021\/08\/vacina-joinville-23082021161348339.jpeg","type":"image\/jpeg"}],"author":"Camilly Scheffer","twitter_card":"summary_large_image","twitter_misc":{"Escrito por":"Camilly Scheffer","Est. tempo de leitura":"2 minutos"},"schema":{"@context":"https:\/\/schema.org","@graph":[{"@type":"Article","@id":"https:\/\/www.p31noticias.com.br\/?p=24090#article","isPartOf":{"@id":"https:\/\/www.p31noticias.com.br\/?p=24090"},"author":{"name":"Camilly Scheffer","@id":"https:\/\/www.p31noticias.com.br\/#\/schema\/person\/d1bb0ccbf62b27e19ea4e75696908d43"},"headline":"Qual a justificativa de Joinville (SC) para aplicar vacina nos gl\u00fateos","datePublished":"2021-08-25T18:34:43+00:00","mainEntityOfPage":{"@id":"https:\/\/www.p31noticias.com.br\/?p=24090"},"wordCount":415,"commentCount":0,"image":{"@id":"https:\/\/www.p31noticias.com.br\/?p=24090#primaryimage"},"thumbnailUrl":"https:\/\/www.p31noticias.com.br\/wp-content\/uploads\/2021\/08\/vacina-joinville-23082021161348339.jpeg","articleSection":["Sa\u00fade"],"inLanguage":"pt-BR","potentialAction":[{"@type":"CommentAction","name":"Comment","target":["https:\/\/www.p31noticias.com.br\/?p=24090#respond"]}],"copyrightYear":"2021","copyrightHolder":{"@id":"https:\/\/www.p31noticias.com.br\/#organization"}},{"@type":"WebPage","@id":"https:\/\/www.p31noticias.com.br\/?p=24090","url":"https:\/\/www.p31noticias.com.br\/?p=24090","name":"Qual a justificativa de Joinville (SC) para aplicar vacina nos gl\u00fateos - P31","isPartOf":{"@id":"https:\/\/www.p31noticias.com.br\/#website"},"primaryImageOfPage":{"@id":"https:\/\/www.p31noticias.com.br\/?p=24090#primaryimage"},"image":{"@id":"https:\/\/www.p31noticias.com.br\/?p=24090#primaryimage"},"thumbnailUrl":"https:\/\/www.p31noticias.com.br\/wp-content\/uploads\/2021\/08\/vacina-joinville-23082021161348339.jpeg","datePublished":"2021-08-25T18:34:43+00:00","author":{"@id":"https:\/\/www.p31noticias.com.br\/#\/schema\/person\/d1bb0ccbf62b27e19ea4e75696908d43"},"breadcrumb":{"@id":"https:\/\/www.p31noticias.com.br\/?p=24090#breadcrumb"},"inLanguage":"pt-BR","potentialAction":[{"@type":"ReadAction","target":["https:\/\/www.p31noticias.com.br\/?p=24090"]}]},{"@type":"ImageObject","inLanguage":"pt-BR","@id":"https:\/\/www.p31noticias.com.br\/?p=24090#primaryimage","url":"https:\/\/www.p31noticias.com.br\/wp-content\/uploads\/2021\/08\/vacina-joinville-23082021161348339.jpeg","contentUrl":"https:\/\/www.p31noticias.com.br\/wp-content\/uploads\/2021\/08\/vacina-joinville-23082021161348339.jpeg","width":771,"height":420},{"@type":"BreadcrumbList","@id":"https:\/\/www.p31noticias.com.br\/?p=24090#breadcrumb","itemListElement":[{"@type":"ListItem","position":1,"name":"In\u00edcio","item":"https:\/\/www.p31noticias.com.br\/"},{"@type":"ListItem","position":2,"name":"Qual a justificativa de Joinville (SC) para aplicar vacina nos gl\u00fateos"}]},{"@type":"WebSite","@id":"https:\/\/www.p31noticias.com.br\/#website","url":"https:\/\/www.p31noticias.com.br\/","name":"P31","description":"NOT\u00cdCIAS","potentialAction":[{"@type":"SearchAction","target":{"@type":"EntryPoint","urlTemplate":"https:\/\/www.p31noticias.com.br\/?s={search_term_string}"},"query-input":{"@type":"PropertyValueSpecification","valueRequired":true,"valueName":"search_term_string"}}],"inLanguage":"pt-BR"},{"@type":"Person","@id":"https:\/\/www.p31noticias.com.br\/#\/schema\/person\/d1bb0ccbf62b27e19ea4e75696908d43","name":"Camilly Scheffer","image":{"@type":"ImageObject","inLanguage":"pt-BR","@id":"https:\/\/secure.gravatar.com\/avatar\/06f4704b382d241ec2670712618fccea085b2db24d7b2d3b8691d904bbc1d557?s=96&d=mm&r=g","url":"https:\/\/secure.gravatar.com\/avatar\/06f4704b382d241ec2670712618fccea085b2db24d7b2d3b8691d904bbc1d557?s=96&d=mm&r=g","contentUrl":"https:\/\/secure.gravatar.com\/avatar\/06f4704b382d241ec2670712618fccea085b2db24d7b2d3b8691d904bbc1d557?s=96&d=mm&r=g","caption":"Camilly Scheffer"},"url":"https:\/\/www.p31noticias.com.br\/?author=5"}]}},"amp_enabled":true,"_links":{"self":[{"href":"https:\/\/www.p31noticias.com.br\/index.php?rest_route=\/wp\/v2\/posts\/24090","targetHints":{"allow":["GET"]}}],"collection":[{"href":"https:\/\/www.p31noticias.com.br\/index.php?rest_route=\/wp\/v2\/posts"}],"about":[{"href":"https:\/\/www.p31noticias.com.br\/index.php?rest_route=\/wp\/v2\/types\/post"}],"author":[{"embeddable":true,"href":"https:\/\/www.p31noticias.com.br\/index.php?rest_route=\/wp\/v2\/users\/5"}],"replies":[{"embeddable":true,"href":"https:\/\/www.p31noticias.com.br\/index.php?rest_route=%2Fwp%2Fv2%2Fcomments&post=24090"}],"version-history":[{"count":1,"href":"https:\/\/www.p31noticias.com.br\/index.php?rest_route=\/wp\/v2\/posts\/24090\/revisions"}],"predecessor-version":[{"id":24092,"href":"https:\/\/www.p31noticias.com.br\/index.php?rest_route=\/wp\/v2\/posts\/24090\/revisions\/24092"}],"wp:featuredmedia":[{"embeddable":true,"href":"https:\/\/www.p31noticias.com.br\/index.php?rest_route=\/wp\/v2\/media\/24091"}],"wp:attachment":[{"href":"https:\/\/www.p31noticias.com.br\/index.php?rest_route=%2Fwp%2Fv2%2Fmedia&parent=24090"}],"wp:term":[{"taxonomy":"category","embeddable":true,"href":"https:\/\/www.p31noticias.com.br\/index.php?rest_route=%2Fwp%2Fv2%2Fcategories&post=24090"},{"taxonomy":"post_tag","embeddable":true,"href":"https:\/\/www.p31noticias.com.br\/index.php?rest_route=%2Fwp%2Fv2%2Ftags&post=24090"}],"curies":[{"name":"wp","href":"https:\/\/api.w.org\/{rel}","templated":true}]}}