{"id":24087,"date":"2021-08-25T15:29:47","date_gmt":"2021-08-25T18:29:47","guid":{"rendered":"https:\/\/p31noticias.com.br\/?p=24087"},"modified":"2021-08-25T15:29:47","modified_gmt":"2021-08-25T18:29:47","slug":"previa-da-inflacao-tem-maior-salto-para-meses-de-agosto-desde-2002","status":"publish","type":"post","link":"https:\/\/www.p31noticias.com.br\/?p=24087","title":{"rendered":"Pr\u00e9via da infla\u00e7\u00e3o tem maior salto para meses de agosto desde 2002"},"content":{"rendered":"<p>A pr\u00e9via da infla\u00e7\u00e3o sinaliza para uma alta de 0,89% nos pre\u00e7os ao longo do m\u00eas de agosto, de acordo com informa\u00e7\u00f5es divulgadas nesta quarta-feira (25), pelo IBGE (Instituto Brasileiro de Geografia e Estat\u00edstica).<\/p>\n<p>Trata-se da maior alta registrada pelo IPCA-15 (\u00cdndice Nacional de Pre\u00e7os ao Consumidor &#8211; 15) para o m\u00eas desde o salto de 1% apurado em 2002.<\/p>\n<p>Em julho, o \u00edndice de pre\u00e7os que prev\u00ea os rumos da infla\u00e7\u00e3o mensal havia avan\u00e7ado 0,72%, o que correspondeu \u00e0 maior alta do indicador para o m\u00eas desde o salto de 0,93% apurado em 2004.<\/p>\n<p>Com a acelera\u00e7\u00e3o, o \u00edndice acumula alta de 5,81% nos pre\u00e7os ao longo de 2021. J\u00e1 nos \u00faltimos 12 meses, o IPCA-15 subiu 9.3%, patamar que mant\u00e9m o indicador acima do teto da meta estabelecida para a infla\u00e7\u00e3o neste ano, fixado em 5,25%.<\/p>\n<p>Novamente, o aumento da energia el\u00e9trica (+5%) exerceu o maior impacto individual no resultado do indicador, sendo respons\u00e1vel por 0,23 ponto percentual no \u00edndice do m\u00eas. O pre\u00e7o \u00e9 influenciado pela ado\u00e7\u00e3o da bandeira tarif\u00e1ria vermelha patamar 2 e do reajuste de 52% no valor adicional da bandeira, que passou a cobrar R$ 9,492 a cada 100 kWh consumidos.<\/p>\n<p>Segundo o IBGE, reajustes tarif\u00e1rios em S\u00e3o Paulo, Porto Alegre, Curitiba e Bel\u00e9m tamb\u00e9m explicam o aumento dos pre\u00e7os em agosto. Com a varia\u00e7\u00e3o das contas de luz, o grupo habita\u00e7\u00e3o foi respons\u00e1vel pela maior alta no m\u00eas, de 1,97%. Al\u00e9m da energia el\u00e9trica, impactaram no resultado os valores do g\u00e1s de botij\u00e3o (+3,79%) e do g\u00e1s encanado (+0,73%).<\/p>\n<p>O aumento de 2,02% no pre\u00e7o dos combust\u00edveis tamb\u00e9m puxou a alta do IPCA-15 no m\u00eas de agosto. A principal contribui\u00e7\u00e3o partiu da gasolina (+2,05%), cuja varia\u00e7\u00e3o acumulada nos \u00faltimos 12 meses \u00e9 de 39,52%. Tamb\u00e9m subiram os pre\u00e7os do etanol (+2,19%) e do \u00f3leo diesel (+1,37%), enquanto o g\u00e1s veicular registrou queda de 0,51%.<\/p>\n<p>Na contram\u00e3o, o grupo sa\u00fade e cuidados pessoais foi o \u00fanico que apresentou defla\u00e7\u00e3o (-0,29%). A movimenta\u00e7\u00e3o ocorreu com a queda nos pre\u00e7os dos itens de higiene pessoal (-0,67%), produtos farmac\u00eauticos (-0,48%) e plano de sa\u00fade (-0,11%).<\/p>\n<div class=\"media_box embed intertitle_box\">\n<h3 class=\"content\">Alimentos<\/h3>\n<\/div>\n<p>Os itens que integram o grupo de alimentos e bebidas tamb\u00e9m subiram mais do que no m\u00eas anterior (+1,02%), com destaque para o encarecimento da alimenta\u00e7\u00e3o no domic\u00edlio passou de 0,47% em julho para 1,29% em agosto.<\/p>\n<p>Contribu\u00edram para a acelera\u00e7\u00e3o as altas do tomate (+16,06%), do frango em peda\u00e7os (+4,48%), das frutas (+2,07%) e do leite longa vida (2,07%). Por outro lado, houve queda nos pre\u00e7os da cebola (-6,46%), do feij\u00e3o-preto (-4,04%) do arroz (-2,39%) e do feij\u00e3o-carioca (-1,52%).<\/p>\n<p>No campo da alimenta\u00e7\u00e3o fora do domic\u00edlio (+0,35%), o movimento foi inverso, influenciado pela desacelera\u00e7\u00e3o da refei\u00e7\u00e3o (+0,1%), que havia registrado alta de 0,53% em junho. O subitem lanche subiu 0,75% no IPCA-15 de agosto.<\/p>\n<p>Fonte : R7.<\/p>\n","protected":false},"excerpt":{"rendered":"<p>A pr\u00e9via da infla\u00e7\u00e3o sinaliza para uma alta de 0,89% nos pre\u00e7os ao longo do m\u00eas de agosto, de acordo com informa\u00e7\u00f5es divulgadas nesta quarta-feira (25), pelo IBGE (Instituto Brasileiro de Geografia e Estat\u00edstica). Trata-se da maior alta registrada pelo IPCA-15 (\u00cdndice Nacional de Pre\u00e7os ao Consumidor &#8211; 15) para o m\u00eas desde o salto [&hellip;]<\/p>\n","protected":false},"author":5,"featured_media":24088,"comment_status":"open","ping_status":"open","sticky":false,"template":"","format":"standard","meta":{"footnotes":""},"categories":[637],"tags":[],"class_list":{"0":"post-24087","1":"post","2":"type-post","3":"status-publish","4":"format-standard","5":"has-post-thumbnail","7":"category-economia"},"yoast_head":"<!-- This site is optimized with the Yoast SEO Premium plugin v24.5 (Yoast SEO v27.5) - https:\/\/yoast.com\/product\/yoast-seo-premium-wordpress\/ -->\n<title>Pr\u00e9via da infla\u00e7\u00e3o tem maior salto para meses de agosto desde 2002 - P31<\/title>\n<meta name=\"robots\" content=\"index, follow, max-snippet:-1, max-image-preview:large, max-video-preview:-1\" \/>\n<link rel=\"canonical\" href=\"https:\/\/www.p31noticias.com.br\/?p=24087\" \/>\n<meta property=\"og:locale\" content=\"pt_BR\" \/>\n<meta property=\"og:type\" content=\"article\" \/>\n<meta property=\"og:title\" content=\"Pr\u00e9via da infla\u00e7\u00e3o tem maior salto para meses de agosto desde 2002\" \/>\n<meta property=\"og:description\" content=\"A pr\u00e9via da infla\u00e7\u00e3o sinaliza para uma alta de 0,89% nos pre\u00e7os ao longo do m\u00eas de agosto, de acordo com informa\u00e7\u00f5es divulgadas nesta quarta-feira (25), pelo IBGE (Instituto Brasileiro de Geografia e Estat\u00edstica). Trata-se da maior alta registrada pelo IPCA-15 (\u00cdndice Nacional de Pre\u00e7os ao Consumidor &#8211; 15) para o m\u00eas desde o salto [&hellip;]\" \/>\n<meta property=\"og:url\" content=\"https:\/\/www.p31noticias.com.br\/?p=24087\" \/>\n<meta property=\"og:site_name\" content=\"P31\" \/>\n<meta property=\"article:published_time\" content=\"2021-08-25T18:29:47+00:00\" \/>\n<meta property=\"og:image\" content=\"https:\/\/www.p31noticias.com.br\/wp-content\/uploads\/2021\/08\/ae-conta-de-luz-01122020071717920.jpeg\" \/>\n\t<meta property=\"og:image:width\" content=\"442\" \/>\n\t<meta property=\"og:image:height\" content=\"241\" \/>\n\t<meta property=\"og:image:type\" content=\"image\/jpeg\" \/>\n<meta name=\"author\" content=\"Camilly Scheffer\" \/>\n<meta name=\"twitter:card\" content=\"summary_large_image\" \/>\n<meta name=\"twitter:label1\" content=\"Escrito por\" \/>\n\t<meta name=\"twitter:data1\" content=\"Camilly Scheffer\" \/>\n\t<meta name=\"twitter:label2\" content=\"Est. tempo de leitura\" \/>\n\t<meta name=\"twitter:data2\" content=\"2 minutos\" \/>\n<script type=\"application\/ld+json\" class=\"yoast-schema-graph\">{\"@context\":\"https:\\\/\\\/schema.org\",\"@graph\":[{\"@type\":\"Article\",\"@id\":\"https:\\\/\\\/www.p31noticias.com.br\\\/?p=24087#article\",\"isPartOf\":{\"@id\":\"https:\\\/\\\/www.p31noticias.com.br\\\/?p=24087\"},\"author\":{\"name\":\"Camilly Scheffer\",\"@id\":\"https:\\\/\\\/www.p31noticias.com.br\\\/#\\\/schema\\\/person\\\/d1bb0ccbf62b27e19ea4e75696908d43\"},\"headline\":\"Pr\u00e9via da infla\u00e7\u00e3o tem maior salto para meses de agosto desde 2002\",\"datePublished\":\"2021-08-25T18:29:47+00:00\",\"mainEntityOfPage\":{\"@id\":\"https:\\\/\\\/www.p31noticias.com.br\\\/?p=24087\"},\"wordCount\":502,\"commentCount\":0,\"image\":{\"@id\":\"https:\\\/\\\/www.p31noticias.com.br\\\/?p=24087#primaryimage\"},\"thumbnailUrl\":\"https:\\\/\\\/www.p31noticias.com.br\\\/wp-content\\\/uploads\\\/2021\\\/08\\\/ae-conta-de-luz-01122020071717920.jpeg\",\"articleSection\":[\"Economia\"],\"inLanguage\":\"pt-BR\",\"potentialAction\":[{\"@type\":\"CommentAction\",\"name\":\"Comment\",\"target\":[\"https:\\\/\\\/www.p31noticias.com.br\\\/?p=24087#respond\"]}],\"copyrightYear\":\"2021\",\"copyrightHolder\":{\"@id\":\"https:\\\/\\\/www.p31noticias.com.br\\\/#organization\"}},{\"@type\":\"WebPage\",\"@id\":\"https:\\\/\\\/www.p31noticias.com.br\\\/?p=24087\",\"url\":\"https:\\\/\\\/www.p31noticias.com.br\\\/?p=24087\",\"name\":\"Pr\u00e9via da infla\u00e7\u00e3o tem maior salto para meses de agosto desde 2002 - P31\",\"isPartOf\":{\"@id\":\"https:\\\/\\\/www.p31noticias.com.br\\\/#website\"},\"primaryImageOfPage\":{\"@id\":\"https:\\\/\\\/www.p31noticias.com.br\\\/?p=24087#primaryimage\"},\"image\":{\"@id\":\"https:\\\/\\\/www.p31noticias.com.br\\\/?p=24087#primaryimage\"},\"thumbnailUrl\":\"https:\\\/\\\/www.p31noticias.com.br\\\/wp-content\\\/uploads\\\/2021\\\/08\\\/ae-conta-de-luz-01122020071717920.jpeg\",\"datePublished\":\"2021-08-25T18:29:47+00:00\",\"author\":{\"@id\":\"https:\\\/\\\/www.p31noticias.com.br\\\/#\\\/schema\\\/person\\\/d1bb0ccbf62b27e19ea4e75696908d43\"},\"breadcrumb\":{\"@id\":\"https:\\\/\\\/www.p31noticias.com.br\\\/?p=24087#breadcrumb\"},\"inLanguage\":\"pt-BR\",\"potentialAction\":[{\"@type\":\"ReadAction\",\"target\":[\"https:\\\/\\\/www.p31noticias.com.br\\\/?p=24087\"]}]},{\"@type\":\"ImageObject\",\"inLanguage\":\"pt-BR\",\"@id\":\"https:\\\/\\\/www.p31noticias.com.br\\\/?p=24087#primaryimage\",\"url\":\"https:\\\/\\\/www.p31noticias.com.br\\\/wp-content\\\/uploads\\\/2021\\\/08\\\/ae-conta-de-luz-01122020071717920.jpeg\",\"contentUrl\":\"https:\\\/\\\/www.p31noticias.com.br\\\/wp-content\\\/uploads\\\/2021\\\/08\\\/ae-conta-de-luz-01122020071717920.jpeg\",\"width\":442,\"height\":241},{\"@type\":\"BreadcrumbList\",\"@id\":\"https:\\\/\\\/www.p31noticias.com.br\\\/?p=24087#breadcrumb\",\"itemListElement\":[{\"@type\":\"ListItem\",\"position\":1,\"name\":\"In\u00edcio\",\"item\":\"https:\\\/\\\/www.p31noticias.com.br\\\/\"},{\"@type\":\"ListItem\",\"position\":2,\"name\":\"Pr\u00e9via da infla\u00e7\u00e3o tem maior salto para meses de agosto desde 2002\"}]},{\"@type\":\"WebSite\",\"@id\":\"https:\\\/\\\/www.p31noticias.com.br\\\/#website\",\"url\":\"https:\\\/\\\/www.p31noticias.com.br\\\/\",\"name\":\"P31\",\"description\":\"NOT\u00cdCIAS\",\"potentialAction\":[{\"@type\":\"SearchAction\",\"target\":{\"@type\":\"EntryPoint\",\"urlTemplate\":\"https:\\\/\\\/www.p31noticias.com.br\\\/?s={search_term_string}\"},\"query-input\":{\"@type\":\"PropertyValueSpecification\",\"valueRequired\":true,\"valueName\":\"search_term_string\"}}],\"inLanguage\":\"pt-BR\"},{\"@type\":\"Person\",\"@id\":\"https:\\\/\\\/www.p31noticias.com.br\\\/#\\\/schema\\\/person\\\/d1bb0ccbf62b27e19ea4e75696908d43\",\"name\":\"Camilly Scheffer\",\"image\":{\"@type\":\"ImageObject\",\"inLanguage\":\"pt-BR\",\"@id\":\"https:\\\/\\\/secure.gravatar.com\\\/avatar\\\/06f4704b382d241ec2670712618fccea085b2db24d7b2d3b8691d904bbc1d557?s=96&d=mm&r=g\",\"url\":\"https:\\\/\\\/secure.gravatar.com\\\/avatar\\\/06f4704b382d241ec2670712618fccea085b2db24d7b2d3b8691d904bbc1d557?s=96&d=mm&r=g\",\"contentUrl\":\"https:\\\/\\\/secure.gravatar.com\\\/avatar\\\/06f4704b382d241ec2670712618fccea085b2db24d7b2d3b8691d904bbc1d557?s=96&d=mm&r=g\",\"caption\":\"Camilly Scheffer\"},\"url\":\"https:\\\/\\\/www.p31noticias.com.br\\\/?author=5\"}]}<\/script>\n<!-- \/ Yoast SEO Premium plugin. -->","yoast_head_json":{"title":"Pr\u00e9via da infla\u00e7\u00e3o tem maior salto para meses de agosto desde 2002 - P31","robots":{"index":"index","follow":"follow","max-snippet":"max-snippet:-1","max-image-preview":"max-image-preview:large","max-video-preview":"max-video-preview:-1"},"canonical":"https:\/\/www.p31noticias.com.br\/?p=24087","og_locale":"pt_BR","og_type":"article","og_title":"Pr\u00e9via da infla\u00e7\u00e3o tem maior salto para meses de agosto desde 2002","og_description":"A pr\u00e9via da infla\u00e7\u00e3o sinaliza para uma alta de 0,89% nos pre\u00e7os ao longo do m\u00eas de agosto, de acordo com informa\u00e7\u00f5es divulgadas nesta quarta-feira (25), pelo IBGE (Instituto Brasileiro de Geografia e Estat\u00edstica). Trata-se da maior alta registrada pelo IPCA-15 (\u00cdndice Nacional de Pre\u00e7os ao Consumidor &#8211; 15) para o m\u00eas desde o salto [&hellip;]","og_url":"https:\/\/www.p31noticias.com.br\/?p=24087","og_site_name":"P31","article_published_time":"2021-08-25T18:29:47+00:00","og_image":[{"width":442,"height":241,"url":"https:\/\/www.p31noticias.com.br\/wp-content\/uploads\/2021\/08\/ae-conta-de-luz-01122020071717920.jpeg","type":"image\/jpeg"}],"author":"Camilly Scheffer","twitter_card":"summary_large_image","twitter_misc":{"Escrito por":"Camilly Scheffer","Est. tempo de leitura":"2 minutos"},"schema":{"@context":"https:\/\/schema.org","@graph":[{"@type":"Article","@id":"https:\/\/www.p31noticias.com.br\/?p=24087#article","isPartOf":{"@id":"https:\/\/www.p31noticias.com.br\/?p=24087"},"author":{"name":"Camilly Scheffer","@id":"https:\/\/www.p31noticias.com.br\/#\/schema\/person\/d1bb0ccbf62b27e19ea4e75696908d43"},"headline":"Pr\u00e9via da infla\u00e7\u00e3o tem maior salto para meses de agosto desde 2002","datePublished":"2021-08-25T18:29:47+00:00","mainEntityOfPage":{"@id":"https:\/\/www.p31noticias.com.br\/?p=24087"},"wordCount":502,"commentCount":0,"image":{"@id":"https:\/\/www.p31noticias.com.br\/?p=24087#primaryimage"},"thumbnailUrl":"https:\/\/www.p31noticias.com.br\/wp-content\/uploads\/2021\/08\/ae-conta-de-luz-01122020071717920.jpeg","articleSection":["Economia"],"inLanguage":"pt-BR","potentialAction":[{"@type":"CommentAction","name":"Comment","target":["https:\/\/www.p31noticias.com.br\/?p=24087#respond"]}],"copyrightYear":"2021","copyrightHolder":{"@id":"https:\/\/www.p31noticias.com.br\/#organization"}},{"@type":"WebPage","@id":"https:\/\/www.p31noticias.com.br\/?p=24087","url":"https:\/\/www.p31noticias.com.br\/?p=24087","name":"Pr\u00e9via da infla\u00e7\u00e3o tem maior salto para meses de agosto desde 2002 - P31","isPartOf":{"@id":"https:\/\/www.p31noticias.com.br\/#website"},"primaryImageOfPage":{"@id":"https:\/\/www.p31noticias.com.br\/?p=24087#primaryimage"},"image":{"@id":"https:\/\/www.p31noticias.com.br\/?p=24087#primaryimage"},"thumbnailUrl":"https:\/\/www.p31noticias.com.br\/wp-content\/uploads\/2021\/08\/ae-conta-de-luz-01122020071717920.jpeg","datePublished":"2021-08-25T18:29:47+00:00","author":{"@id":"https:\/\/www.p31noticias.com.br\/#\/schema\/person\/d1bb0ccbf62b27e19ea4e75696908d43"},"breadcrumb":{"@id":"https:\/\/www.p31noticias.com.br\/?p=24087#breadcrumb"},"inLanguage":"pt-BR","potentialAction":[{"@type":"ReadAction","target":["https:\/\/www.p31noticias.com.br\/?p=24087"]}]},{"@type":"ImageObject","inLanguage":"pt-BR","@id":"https:\/\/www.p31noticias.com.br\/?p=24087#primaryimage","url":"https:\/\/www.p31noticias.com.br\/wp-content\/uploads\/2021\/08\/ae-conta-de-luz-01122020071717920.jpeg","contentUrl":"https:\/\/www.p31noticias.com.br\/wp-content\/uploads\/2021\/08\/ae-conta-de-luz-01122020071717920.jpeg","width":442,"height":241},{"@type":"BreadcrumbList","@id":"https:\/\/www.p31noticias.com.br\/?p=24087#breadcrumb","itemListElement":[{"@type":"ListItem","position":1,"name":"In\u00edcio","item":"https:\/\/www.p31noticias.com.br\/"},{"@type":"ListItem","position":2,"name":"Pr\u00e9via da infla\u00e7\u00e3o tem maior salto para meses de agosto desde 2002"}]},{"@type":"WebSite","@id":"https:\/\/www.p31noticias.com.br\/#website","url":"https:\/\/www.p31noticias.com.br\/","name":"P31","description":"NOT\u00cdCIAS","potentialAction":[{"@type":"SearchAction","target":{"@type":"EntryPoint","urlTemplate":"https:\/\/www.p31noticias.com.br\/?s={search_term_string}"},"query-input":{"@type":"PropertyValueSpecification","valueRequired":true,"valueName":"search_term_string"}}],"inLanguage":"pt-BR"},{"@type":"Person","@id":"https:\/\/www.p31noticias.com.br\/#\/schema\/person\/d1bb0ccbf62b27e19ea4e75696908d43","name":"Camilly Scheffer","image":{"@type":"ImageObject","inLanguage":"pt-BR","@id":"https:\/\/secure.gravatar.com\/avatar\/06f4704b382d241ec2670712618fccea085b2db24d7b2d3b8691d904bbc1d557?s=96&d=mm&r=g","url":"https:\/\/secure.gravatar.com\/avatar\/06f4704b382d241ec2670712618fccea085b2db24d7b2d3b8691d904bbc1d557?s=96&d=mm&r=g","contentUrl":"https:\/\/secure.gravatar.com\/avatar\/06f4704b382d241ec2670712618fccea085b2db24d7b2d3b8691d904bbc1d557?s=96&d=mm&r=g","caption":"Camilly Scheffer"},"url":"https:\/\/www.p31noticias.com.br\/?author=5"}]}},"amp_enabled":true,"_links":{"self":[{"href":"https:\/\/www.p31noticias.com.br\/index.php?rest_route=\/wp\/v2\/posts\/24087","targetHints":{"allow":["GET"]}}],"collection":[{"href":"https:\/\/www.p31noticias.com.br\/index.php?rest_route=\/wp\/v2\/posts"}],"about":[{"href":"https:\/\/www.p31noticias.com.br\/index.php?rest_route=\/wp\/v2\/types\/post"}],"author":[{"embeddable":true,"href":"https:\/\/www.p31noticias.com.br\/index.php?rest_route=\/wp\/v2\/users\/5"}],"replies":[{"embeddable":true,"href":"https:\/\/www.p31noticias.com.br\/index.php?rest_route=%2Fwp%2Fv2%2Fcomments&post=24087"}],"version-history":[{"count":1,"href":"https:\/\/www.p31noticias.com.br\/index.php?rest_route=\/wp\/v2\/posts\/24087\/revisions"}],"predecessor-version":[{"id":24089,"href":"https:\/\/www.p31noticias.com.br\/index.php?rest_route=\/wp\/v2\/posts\/24087\/revisions\/24089"}],"wp:featuredmedia":[{"embeddable":true,"href":"https:\/\/www.p31noticias.com.br\/index.php?rest_route=\/wp\/v2\/media\/24088"}],"wp:attachment":[{"href":"https:\/\/www.p31noticias.com.br\/index.php?rest_route=%2Fwp%2Fv2%2Fmedia&parent=24087"}],"wp:term":[{"taxonomy":"category","embeddable":true,"href":"https:\/\/www.p31noticias.com.br\/index.php?rest_route=%2Fwp%2Fv2%2Fcategories&post=24087"},{"taxonomy":"post_tag","embeddable":true,"href":"https:\/\/www.p31noticias.com.br\/index.php?rest_route=%2Fwp%2Fv2%2Ftags&post=24087"}],"curies":[{"name":"wp","href":"https:\/\/api.w.org\/{rel}","templated":true}]}}