{"id":24081,"date":"2021-08-25T15:22:51","date_gmt":"2021-08-25T18:22:51","guid":{"rendered":"https:\/\/p31noticias.com.br\/?p=24081"},"modified":"2021-08-25T15:22:51","modified_gmt":"2021-08-25T18:22:51","slug":"sp-comeca-vacinar-idosos-com-a-3a-dose-partir-de-6-de-setembro","status":"publish","type":"post","link":"https:\/\/www.p31noticias.com.br\/?p=24081","title":{"rendered":"SP come\u00e7a vacinar idosos com a 3\u00aa dose partir de 6 de setembro"},"content":{"rendered":"<p>O governador de S\u00e3o Paulo, Jo\u00e3o Doria (PSDB), anunciou nesta quarta-feira (25) que o estado vai come\u00e7ar a imunizar pessoas com mais de 60 anos com uma 3\u00aa dose de vacina contra a covid-19 a partir de 6 de setembro. A informa\u00e7\u00e3o foi confirmada durante coletiva de imprensa sobre as medidas contra a covid-19 no Pal\u00e1cio dos Bandeirantes, na capital de S\u00e3o Paulo.<\/p>\n<p>O an\u00fancio vem logo ap\u00f3s ministro da Sa\u00fade, Marcelo Queiroga, revelar que a aplica\u00e7\u00e3o da da terceira dose da vacina contra a covid-19 no pa\u00eds come\u00e7ar\u00e1 em pessoas imunossuprimidas e maiores de 80 anos a partir de 15 de setembro. O imunizante aplicado ser\u00e1 o da Pfizer.<\/p>\n<p>O coordenador do\u00a0Comit\u00ea Cient\u00edfico do Coronav\u00edrus, Paulo Menezes, afirmou que embora os n\u00fameros de novos casos, interna\u00e7\u00f5es e \u00f3bitos apresentem melhoras, h\u00e1 uma preocupa\u00e7\u00e3o com os riscos relacionados \u00e0 variante delta. &#8220;N\u00f3s temos no estado de S\u00e3o Paulo uma melhora progressiva, mas tamb\u00e9m uma preocupa\u00e7\u00e3o importante que \u00e9 a presen\u00e7a crescente da variante delta na nossa popula\u00e7\u00e3o&#8221;, disse.<\/p>\n<p>&#8220;O que observamos em outros pa\u00edses \u00e9 que, mesmo com boa cobertura vacinal, ela se espalhou e se tornou dominante. Portanto, neste momento, entendemos que esse \u00e9 um passo a mais de prote\u00e7\u00e3o&#8221;, afirmou Menezes. O p\u00fablico-alvo no estado \u00e9 estimado em 900 mil pessoas que receberam a segunda dose de qualquer vacina h\u00e1 seis meses ou mais.<\/p>\n<p>O coordenador executivo do Comit\u00ea Cient\u00edfico do Coronav\u00edrus, Jo\u00e3o Gabbardo, afirmou que a medida vem sendo adotada no mundo inteiro com todas as vacinas. &#8220;Est\u00e1 sendo adotada uma terceira dose para as popula\u00e7\u00f5es com maior risco. A recomenda\u00e7\u00e3o \u00e9 que fa\u00e7amos uma terceira dose com as vacinas dispon\u00edveis. L\u00f3gico que a vacina que foi primeiro disponibilizada foi a CoronaVac, mas nos outros pa\u00edses isso tem sido feito com outras vacinas.&#8221;<\/p>\n<p>Gabbardo explicou ainda que o escalonamento da 3\u00aa dose seguir\u00e1 o mesmo estabelecido no in\u00edcio da campanha vacinal contra a covid-19. Ele ressaltou tamb\u00e9m que a dose adicional s\u00f3 ser\u00e1 aplicada em pessoas com mais de 60 anos com, pelo menos, seis meses de intervalo da segunda dose.<\/p>\n<p>O secret\u00e1rio estadual de sa\u00fade Jean Gorinchteyn, afirmou que o estado de S\u00e3o Paulo come\u00e7ar\u00e1 a proteger de forma ainda mais incisiva a popula\u00e7\u00e3o de idosos, sobretudo, diante da dissemina\u00e7\u00e3o \u00e0 variante delta.<\/p>\n<p>Fonte : R7.<\/p>\n","protected":false},"excerpt":{"rendered":"<p>O governador de S\u00e3o Paulo, Jo\u00e3o Doria (PSDB), anunciou nesta quarta-feira (25) que o estado vai come\u00e7ar a imunizar pessoas com mais de 60 anos com uma 3\u00aa dose de vacina contra a covid-19 a partir de 6 de setembro. A informa\u00e7\u00e3o foi confirmada durante coletiva de imprensa sobre as medidas contra a covid-19 no [&hellip;]<\/p>\n","protected":false},"author":5,"featured_media":24082,"comment_status":"open","ping_status":"open","sticky":false,"template":"","format":"standard","meta":{"footnotes":""},"categories":[1],"tags":[],"class_list":{"0":"post-24081","1":"post","2":"type-post","3":"status-publish","4":"format-standard","5":"has-post-thumbnail","7":"category-outros"},"yoast_head":"<!-- This site is optimized with the Yoast SEO Premium plugin v24.5 (Yoast SEO v27.5) - https:\/\/yoast.com\/product\/yoast-seo-premium-wordpress\/ -->\n<title>SP come\u00e7a vacinar idosos com a 3\u00aa dose partir de 6 de setembro - P31<\/title>\n<meta name=\"robots\" content=\"index, follow, max-snippet:-1, max-image-preview:large, max-video-preview:-1\" \/>\n<link rel=\"canonical\" href=\"https:\/\/www.p31noticias.com.br\/?p=24081\" \/>\n<meta property=\"og:locale\" content=\"pt_BR\" \/>\n<meta property=\"og:type\" content=\"article\" \/>\n<meta property=\"og:title\" content=\"SP come\u00e7a vacinar idosos com a 3\u00aa dose partir de 6 de setembro\" \/>\n<meta property=\"og:description\" content=\"O governador de S\u00e3o Paulo, Jo\u00e3o Doria (PSDB), anunciou nesta quarta-feira (25) que o estado vai come\u00e7ar a imunizar pessoas com mais de 60 anos com uma 3\u00aa dose de vacina contra a covid-19 a partir de 6 de setembro. A informa\u00e7\u00e3o foi confirmada durante coletiva de imprensa sobre as medidas contra a covid-19 no [&hellip;]\" \/>\n<meta property=\"og:url\" content=\"https:\/\/www.p31noticias.com.br\/?p=24081\" \/>\n<meta property=\"og:site_name\" content=\"P31\" \/>\n<meta property=\"article:published_time\" content=\"2021-08-25T18:22:51+00:00\" \/>\n<meta property=\"og:image\" content=\"https:\/\/www.p31noticias.com.br\/wp-content\/uploads\/2021\/08\/vacinacao-contra-covid-19-de-pessoas-com-comorbidade-no-posto-drive-thru-montado-no-memorial-da-america-latina-sp-13082021172738468.jpeg\" \/>\n\t<meta property=\"og:image:width\" content=\"771\" \/>\n\t<meta property=\"og:image:height\" content=\"420\" \/>\n\t<meta property=\"og:image:type\" content=\"image\/jpeg\" \/>\n<meta name=\"author\" content=\"Camilly Scheffer\" \/>\n<meta name=\"twitter:card\" content=\"summary_large_image\" \/>\n<meta name=\"twitter:label1\" content=\"Escrito por\" \/>\n\t<meta name=\"twitter:data1\" content=\"Camilly Scheffer\" \/>\n\t<meta name=\"twitter:label2\" content=\"Est. tempo de leitura\" \/>\n\t<meta name=\"twitter:data2\" content=\"2 minutos\" \/>\n<script type=\"application\/ld+json\" class=\"yoast-schema-graph\">{\"@context\":\"https:\\\/\\\/schema.org\",\"@graph\":[{\"@type\":\"Article\",\"@id\":\"https:\\\/\\\/www.p31noticias.com.br\\\/?p=24081#article\",\"isPartOf\":{\"@id\":\"https:\\\/\\\/www.p31noticias.com.br\\\/?p=24081\"},\"author\":{\"name\":\"Camilly Scheffer\",\"@id\":\"https:\\\/\\\/www.p31noticias.com.br\\\/#\\\/schema\\\/person\\\/d1bb0ccbf62b27e19ea4e75696908d43\"},\"headline\":\"SP come\u00e7a vacinar idosos com a 3\u00aa dose partir de 6 de setembro\",\"datePublished\":\"2021-08-25T18:22:51+00:00\",\"mainEntityOfPage\":{\"@id\":\"https:\\\/\\\/www.p31noticias.com.br\\\/?p=24081\"},\"wordCount\":419,\"commentCount\":0,\"image\":{\"@id\":\"https:\\\/\\\/www.p31noticias.com.br\\\/?p=24081#primaryimage\"},\"thumbnailUrl\":\"https:\\\/\\\/www.p31noticias.com.br\\\/wp-content\\\/uploads\\\/2021\\\/08\\\/vacinacao-contra-covid-19-de-pessoas-com-comorbidade-no-posto-drive-thru-montado-no-memorial-da-america-latina-sp-13082021172738468.jpeg\",\"articleSection\":[\"Outros\"],\"inLanguage\":\"pt-BR\",\"potentialAction\":[{\"@type\":\"CommentAction\",\"name\":\"Comment\",\"target\":[\"https:\\\/\\\/www.p31noticias.com.br\\\/?p=24081#respond\"]}],\"copyrightYear\":\"2021\",\"copyrightHolder\":{\"@id\":\"https:\\\/\\\/www.p31noticias.com.br\\\/#organization\"}},{\"@type\":\"WebPage\",\"@id\":\"https:\\\/\\\/www.p31noticias.com.br\\\/?p=24081\",\"url\":\"https:\\\/\\\/www.p31noticias.com.br\\\/?p=24081\",\"name\":\"SP come\u00e7a vacinar idosos com a 3\u00aa dose partir de 6 de setembro - P31\",\"isPartOf\":{\"@id\":\"https:\\\/\\\/www.p31noticias.com.br\\\/#website\"},\"primaryImageOfPage\":{\"@id\":\"https:\\\/\\\/www.p31noticias.com.br\\\/?p=24081#primaryimage\"},\"image\":{\"@id\":\"https:\\\/\\\/www.p31noticias.com.br\\\/?p=24081#primaryimage\"},\"thumbnailUrl\":\"https:\\\/\\\/www.p31noticias.com.br\\\/wp-content\\\/uploads\\\/2021\\\/08\\\/vacinacao-contra-covid-19-de-pessoas-com-comorbidade-no-posto-drive-thru-montado-no-memorial-da-america-latina-sp-13082021172738468.jpeg\",\"datePublished\":\"2021-08-25T18:22:51+00:00\",\"author\":{\"@id\":\"https:\\\/\\\/www.p31noticias.com.br\\\/#\\\/schema\\\/person\\\/d1bb0ccbf62b27e19ea4e75696908d43\"},\"breadcrumb\":{\"@id\":\"https:\\\/\\\/www.p31noticias.com.br\\\/?p=24081#breadcrumb\"},\"inLanguage\":\"pt-BR\",\"potentialAction\":[{\"@type\":\"ReadAction\",\"target\":[\"https:\\\/\\\/www.p31noticias.com.br\\\/?p=24081\"]}]},{\"@type\":\"ImageObject\",\"inLanguage\":\"pt-BR\",\"@id\":\"https:\\\/\\\/www.p31noticias.com.br\\\/?p=24081#primaryimage\",\"url\":\"https:\\\/\\\/www.p31noticias.com.br\\\/wp-content\\\/uploads\\\/2021\\\/08\\\/vacinacao-contra-covid-19-de-pessoas-com-comorbidade-no-posto-drive-thru-montado-no-memorial-da-america-latina-sp-13082021172738468.jpeg\",\"contentUrl\":\"https:\\\/\\\/www.p31noticias.com.br\\\/wp-content\\\/uploads\\\/2021\\\/08\\\/vacinacao-contra-covid-19-de-pessoas-com-comorbidade-no-posto-drive-thru-montado-no-memorial-da-america-latina-sp-13082021172738468.jpeg\",\"width\":771,\"height\":420},{\"@type\":\"BreadcrumbList\",\"@id\":\"https:\\\/\\\/www.p31noticias.com.br\\\/?p=24081#breadcrumb\",\"itemListElement\":[{\"@type\":\"ListItem\",\"position\":1,\"name\":\"In\u00edcio\",\"item\":\"https:\\\/\\\/www.p31noticias.com.br\\\/\"},{\"@type\":\"ListItem\",\"position\":2,\"name\":\"SP come\u00e7a vacinar idosos com a 3\u00aa dose partir de 6 de setembro\"}]},{\"@type\":\"WebSite\",\"@id\":\"https:\\\/\\\/www.p31noticias.com.br\\\/#website\",\"url\":\"https:\\\/\\\/www.p31noticias.com.br\\\/\",\"name\":\"P31\",\"description\":\"NOT\u00cdCIAS\",\"potentialAction\":[{\"@type\":\"SearchAction\",\"target\":{\"@type\":\"EntryPoint\",\"urlTemplate\":\"https:\\\/\\\/www.p31noticias.com.br\\\/?s={search_term_string}\"},\"query-input\":{\"@type\":\"PropertyValueSpecification\",\"valueRequired\":true,\"valueName\":\"search_term_string\"}}],\"inLanguage\":\"pt-BR\"},{\"@type\":\"Person\",\"@id\":\"https:\\\/\\\/www.p31noticias.com.br\\\/#\\\/schema\\\/person\\\/d1bb0ccbf62b27e19ea4e75696908d43\",\"name\":\"Camilly Scheffer\",\"image\":{\"@type\":\"ImageObject\",\"inLanguage\":\"pt-BR\",\"@id\":\"https:\\\/\\\/secure.gravatar.com\\\/avatar\\\/06f4704b382d241ec2670712618fccea085b2db24d7b2d3b8691d904bbc1d557?s=96&d=mm&r=g\",\"url\":\"https:\\\/\\\/secure.gravatar.com\\\/avatar\\\/06f4704b382d241ec2670712618fccea085b2db24d7b2d3b8691d904bbc1d557?s=96&d=mm&r=g\",\"contentUrl\":\"https:\\\/\\\/secure.gravatar.com\\\/avatar\\\/06f4704b382d241ec2670712618fccea085b2db24d7b2d3b8691d904bbc1d557?s=96&d=mm&r=g\",\"caption\":\"Camilly Scheffer\"},\"url\":\"https:\\\/\\\/www.p31noticias.com.br\\\/?author=5\"}]}<\/script>\n<!-- \/ Yoast SEO Premium plugin. -->","yoast_head_json":{"title":"SP come\u00e7a vacinar idosos com a 3\u00aa dose partir de 6 de setembro - P31","robots":{"index":"index","follow":"follow","max-snippet":"max-snippet:-1","max-image-preview":"max-image-preview:large","max-video-preview":"max-video-preview:-1"},"canonical":"https:\/\/www.p31noticias.com.br\/?p=24081","og_locale":"pt_BR","og_type":"article","og_title":"SP come\u00e7a vacinar idosos com a 3\u00aa dose partir de 6 de setembro","og_description":"O governador de S\u00e3o Paulo, Jo\u00e3o Doria (PSDB), anunciou nesta quarta-feira (25) que o estado vai come\u00e7ar a imunizar pessoas com mais de 60 anos com uma 3\u00aa dose de vacina contra a covid-19 a partir de 6 de setembro. A informa\u00e7\u00e3o foi confirmada durante coletiva de imprensa sobre as medidas contra a covid-19 no [&hellip;]","og_url":"https:\/\/www.p31noticias.com.br\/?p=24081","og_site_name":"P31","article_published_time":"2021-08-25T18:22:51+00:00","og_image":[{"width":771,"height":420,"url":"https:\/\/www.p31noticias.com.br\/wp-content\/uploads\/2021\/08\/vacinacao-contra-covid-19-de-pessoas-com-comorbidade-no-posto-drive-thru-montado-no-memorial-da-america-latina-sp-13082021172738468.jpeg","type":"image\/jpeg"}],"author":"Camilly Scheffer","twitter_card":"summary_large_image","twitter_misc":{"Escrito por":"Camilly Scheffer","Est. tempo de leitura":"2 minutos"},"schema":{"@context":"https:\/\/schema.org","@graph":[{"@type":"Article","@id":"https:\/\/www.p31noticias.com.br\/?p=24081#article","isPartOf":{"@id":"https:\/\/www.p31noticias.com.br\/?p=24081"},"author":{"name":"Camilly Scheffer","@id":"https:\/\/www.p31noticias.com.br\/#\/schema\/person\/d1bb0ccbf62b27e19ea4e75696908d43"},"headline":"SP come\u00e7a vacinar idosos com a 3\u00aa dose partir de 6 de setembro","datePublished":"2021-08-25T18:22:51+00:00","mainEntityOfPage":{"@id":"https:\/\/www.p31noticias.com.br\/?p=24081"},"wordCount":419,"commentCount":0,"image":{"@id":"https:\/\/www.p31noticias.com.br\/?p=24081#primaryimage"},"thumbnailUrl":"https:\/\/www.p31noticias.com.br\/wp-content\/uploads\/2021\/08\/vacinacao-contra-covid-19-de-pessoas-com-comorbidade-no-posto-drive-thru-montado-no-memorial-da-america-latina-sp-13082021172738468.jpeg","articleSection":["Outros"],"inLanguage":"pt-BR","potentialAction":[{"@type":"CommentAction","name":"Comment","target":["https:\/\/www.p31noticias.com.br\/?p=24081#respond"]}],"copyrightYear":"2021","copyrightHolder":{"@id":"https:\/\/www.p31noticias.com.br\/#organization"}},{"@type":"WebPage","@id":"https:\/\/www.p31noticias.com.br\/?p=24081","url":"https:\/\/www.p31noticias.com.br\/?p=24081","name":"SP come\u00e7a vacinar idosos com a 3\u00aa dose partir de 6 de setembro - P31","isPartOf":{"@id":"https:\/\/www.p31noticias.com.br\/#website"},"primaryImageOfPage":{"@id":"https:\/\/www.p31noticias.com.br\/?p=24081#primaryimage"},"image":{"@id":"https:\/\/www.p31noticias.com.br\/?p=24081#primaryimage"},"thumbnailUrl":"https:\/\/www.p31noticias.com.br\/wp-content\/uploads\/2021\/08\/vacinacao-contra-covid-19-de-pessoas-com-comorbidade-no-posto-drive-thru-montado-no-memorial-da-america-latina-sp-13082021172738468.jpeg","datePublished":"2021-08-25T18:22:51+00:00","author":{"@id":"https:\/\/www.p31noticias.com.br\/#\/schema\/person\/d1bb0ccbf62b27e19ea4e75696908d43"},"breadcrumb":{"@id":"https:\/\/www.p31noticias.com.br\/?p=24081#breadcrumb"},"inLanguage":"pt-BR","potentialAction":[{"@type":"ReadAction","target":["https:\/\/www.p31noticias.com.br\/?p=24081"]}]},{"@type":"ImageObject","inLanguage":"pt-BR","@id":"https:\/\/www.p31noticias.com.br\/?p=24081#primaryimage","url":"https:\/\/www.p31noticias.com.br\/wp-content\/uploads\/2021\/08\/vacinacao-contra-covid-19-de-pessoas-com-comorbidade-no-posto-drive-thru-montado-no-memorial-da-america-latina-sp-13082021172738468.jpeg","contentUrl":"https:\/\/www.p31noticias.com.br\/wp-content\/uploads\/2021\/08\/vacinacao-contra-covid-19-de-pessoas-com-comorbidade-no-posto-drive-thru-montado-no-memorial-da-america-latina-sp-13082021172738468.jpeg","width":771,"height":420},{"@type":"BreadcrumbList","@id":"https:\/\/www.p31noticias.com.br\/?p=24081#breadcrumb","itemListElement":[{"@type":"ListItem","position":1,"name":"In\u00edcio","item":"https:\/\/www.p31noticias.com.br\/"},{"@type":"ListItem","position":2,"name":"SP come\u00e7a vacinar idosos com a 3\u00aa dose partir de 6 de setembro"}]},{"@type":"WebSite","@id":"https:\/\/www.p31noticias.com.br\/#website","url":"https:\/\/www.p31noticias.com.br\/","name":"P31","description":"NOT\u00cdCIAS","potentialAction":[{"@type":"SearchAction","target":{"@type":"EntryPoint","urlTemplate":"https:\/\/www.p31noticias.com.br\/?s={search_term_string}"},"query-input":{"@type":"PropertyValueSpecification","valueRequired":true,"valueName":"search_term_string"}}],"inLanguage":"pt-BR"},{"@type":"Person","@id":"https:\/\/www.p31noticias.com.br\/#\/schema\/person\/d1bb0ccbf62b27e19ea4e75696908d43","name":"Camilly Scheffer","image":{"@type":"ImageObject","inLanguage":"pt-BR","@id":"https:\/\/secure.gravatar.com\/avatar\/06f4704b382d241ec2670712618fccea085b2db24d7b2d3b8691d904bbc1d557?s=96&d=mm&r=g","url":"https:\/\/secure.gravatar.com\/avatar\/06f4704b382d241ec2670712618fccea085b2db24d7b2d3b8691d904bbc1d557?s=96&d=mm&r=g","contentUrl":"https:\/\/secure.gravatar.com\/avatar\/06f4704b382d241ec2670712618fccea085b2db24d7b2d3b8691d904bbc1d557?s=96&d=mm&r=g","caption":"Camilly Scheffer"},"url":"https:\/\/www.p31noticias.com.br\/?author=5"}]}},"amp_enabled":true,"_links":{"self":[{"href":"https:\/\/www.p31noticias.com.br\/index.php?rest_route=\/wp\/v2\/posts\/24081","targetHints":{"allow":["GET"]}}],"collection":[{"href":"https:\/\/www.p31noticias.com.br\/index.php?rest_route=\/wp\/v2\/posts"}],"about":[{"href":"https:\/\/www.p31noticias.com.br\/index.php?rest_route=\/wp\/v2\/types\/post"}],"author":[{"embeddable":true,"href":"https:\/\/www.p31noticias.com.br\/index.php?rest_route=\/wp\/v2\/users\/5"}],"replies":[{"embeddable":true,"href":"https:\/\/www.p31noticias.com.br\/index.php?rest_route=%2Fwp%2Fv2%2Fcomments&post=24081"}],"version-history":[{"count":1,"href":"https:\/\/www.p31noticias.com.br\/index.php?rest_route=\/wp\/v2\/posts\/24081\/revisions"}],"predecessor-version":[{"id":24083,"href":"https:\/\/www.p31noticias.com.br\/index.php?rest_route=\/wp\/v2\/posts\/24081\/revisions\/24083"}],"wp:featuredmedia":[{"embeddable":true,"href":"https:\/\/www.p31noticias.com.br\/index.php?rest_route=\/wp\/v2\/media\/24082"}],"wp:attachment":[{"href":"https:\/\/www.p31noticias.com.br\/index.php?rest_route=%2Fwp%2Fv2%2Fmedia&parent=24081"}],"wp:term":[{"taxonomy":"category","embeddable":true,"href":"https:\/\/www.p31noticias.com.br\/index.php?rest_route=%2Fwp%2Fv2%2Fcategories&post=24081"},{"taxonomy":"post_tag","embeddable":true,"href":"https:\/\/www.p31noticias.com.br\/index.php?rest_route=%2Fwp%2Fv2%2Ftags&post=24081"}],"curies":[{"name":"wp","href":"https:\/\/api.w.org\/{rel}","templated":true}]}}