{"id":24078,"date":"2021-08-25T14:39:33","date_gmt":"2021-08-25T17:39:33","guid":{"rendered":"https:\/\/p31noticias.com.br\/?p=24078"},"modified":"2021-08-25T14:39:33","modified_gmt":"2021-08-25T17:39:33","slug":"em-menos-de-um-ano-bandidos-invadem-pela-terceira-vez-igrejinha-da-asa-sul","status":"publish","type":"post","link":"https:\/\/www.p31noticias.com.br\/?p=24078","title":{"rendered":"Em menos de um ano, bandidos invadem pela terceira vez Igrejinha da Asa Sul"},"content":{"rendered":"<p>A Igrejinha Nossa Senhora de F\u00e1tima, localizada na 307\/308 Sul, foi, mais uma vez, alvo de criminosos. Na madrugada desta quarta-feira (25\/8), arrombaram a porta principal do templo e levaram um crucifixo produzido em madeira e bronze, que estava no altar.<\/p>\n<p>Segundo funcion\u00e1rios, o local s\u00f3 conta com seguran\u00e7as durante o dia. Em 2020, a Igrejinha foi furtada duas vezes. \u00c0 \u00e9poca, ap\u00f3s o segundo furto, o frei Reinaldo, respons\u00e1vel pelo templo, informou que iria refor\u00e7a as instala\u00e7\u00f5es de seguran\u00e7a.<\/p>\n<p>\u201cN\u00f3s estamos estudando algum sistema de seguran\u00e7a. A melhor forma para tornar a seguran\u00e7a ali mais efetiva\u201d, disse o religioso.<\/p>\n<p>No ano passado, os crimes ocorreram entre outubro e novembro. O intervalo entre os furtos foi de apenas 22 dias.<\/p>\n<p>Fonte: Metr\u00f3poles.<\/p>\n","protected":false},"excerpt":{"rendered":"<p>A Igrejinha Nossa Senhora de F\u00e1tima, localizada na 307\/308 Sul, foi, mais uma vez, alvo de criminosos. Na madrugada desta quarta-feira (25\/8), arrombaram a porta principal do templo e levaram um crucifixo produzido em madeira e bronze, que estava no altar. Segundo funcion\u00e1rios, o local s\u00f3 conta com seguran\u00e7as durante o dia. Em 2020, a [&hellip;]<\/p>\n","protected":false},"author":5,"featured_media":24079,"comment_status":"open","ping_status":"open","sticky":false,"template":"","format":"standard","meta":{"footnotes":""},"categories":[21],"tags":[],"class_list":{"0":"post-24078","1":"post","2":"type-post","3":"status-publish","4":"format-standard","5":"has-post-thumbnail","7":"category-brasilia"},"yoast_head":"<!-- This site is optimized with the Yoast SEO Premium plugin v24.5 (Yoast SEO v27.5) - https:\/\/yoast.com\/product\/yoast-seo-premium-wordpress\/ -->\n<title>Em menos de um ano, bandidos invadem pela terceira vez Igrejinha da Asa Sul - P31<\/title>\n<meta name=\"robots\" content=\"index, follow, max-snippet:-1, max-image-preview:large, max-video-preview:-1\" \/>\n<link rel=\"canonical\" href=\"https:\/\/www.p31noticias.com.br\/?p=24078\" \/>\n<meta property=\"og:locale\" content=\"pt_BR\" \/>\n<meta property=\"og:type\" content=\"article\" \/>\n<meta property=\"og:title\" content=\"Em menos de um ano, bandidos invadem pela terceira vez Igrejinha da Asa Sul\" \/>\n<meta property=\"og:description\" content=\"A Igrejinha Nossa Senhora de F\u00e1tima, localizada na 307\/308 Sul, foi, mais uma vez, alvo de criminosos. Na madrugada desta quarta-feira (25\/8), arrombaram a porta principal do templo e levaram um crucifixo produzido em madeira e bronze, que estava no altar. Segundo funcion\u00e1rios, o local s\u00f3 conta com seguran\u00e7as durante o dia. Em 2020, a [&hellip;]\" \/>\n<meta property=\"og:url\" content=\"https:\/\/www.p31noticias.com.br\/?p=24078\" \/>\n<meta property=\"og:site_name\" content=\"P31\" \/>\n<meta property=\"article:published_time\" content=\"2021-08-25T17:39:33+00:00\" \/>\n<meta property=\"og:image\" content=\"https:\/\/www.p31noticias.com.br\/wp-content\/uploads\/2021\/08\/igrejinha-nossa-senhora-de-fatima.jpg\" \/>\n\t<meta property=\"og:image:width\" content=\"1000\" \/>\n\t<meta property=\"og:image:height\" content=\"666\" \/>\n\t<meta property=\"og:image:type\" content=\"image\/jpeg\" \/>\n<meta name=\"author\" content=\"Camilly Scheffer\" \/>\n<meta name=\"twitter:card\" content=\"summary_large_image\" \/>\n<meta name=\"twitter:label1\" content=\"Escrito por\" \/>\n\t<meta name=\"twitter:data1\" content=\"Camilly Scheffer\" \/>\n\t<meta name=\"twitter:label2\" content=\"Est. tempo de leitura\" \/>\n\t<meta name=\"twitter:data2\" content=\"1 minuto\" \/>\n<script type=\"application\/ld+json\" class=\"yoast-schema-graph\">{\"@context\":\"https:\\\/\\\/schema.org\",\"@graph\":[{\"@type\":\"Article\",\"@id\":\"https:\\\/\\\/www.p31noticias.com.br\\\/?p=24078#article\",\"isPartOf\":{\"@id\":\"https:\\\/\\\/www.p31noticias.com.br\\\/?p=24078\"},\"author\":{\"name\":\"Camilly Scheffer\",\"@id\":\"https:\\\/\\\/www.p31noticias.com.br\\\/#\\\/schema\\\/person\\\/d1bb0ccbf62b27e19ea4e75696908d43\"},\"headline\":\"Em menos de um ano, bandidos invadem pela terceira vez Igrejinha da Asa Sul\",\"datePublished\":\"2021-08-25T17:39:33+00:00\",\"mainEntityOfPage\":{\"@id\":\"https:\\\/\\\/www.p31noticias.com.br\\\/?p=24078\"},\"wordCount\":143,\"commentCount\":0,\"image\":{\"@id\":\"https:\\\/\\\/www.p31noticias.com.br\\\/?p=24078#primaryimage\"},\"thumbnailUrl\":\"https:\\\/\\\/www.p31noticias.com.br\\\/wp-content\\\/uploads\\\/2021\\\/08\\\/igrejinha-nossa-senhora-de-fatima.jpg\",\"articleSection\":[\"Bras\u00edlia\"],\"inLanguage\":\"pt-BR\",\"potentialAction\":[{\"@type\":\"CommentAction\",\"name\":\"Comment\",\"target\":[\"https:\\\/\\\/www.p31noticias.com.br\\\/?p=24078#respond\"]}],\"copyrightYear\":\"2021\",\"copyrightHolder\":{\"@id\":\"https:\\\/\\\/www.p31noticias.com.br\\\/#organization\"}},{\"@type\":\"WebPage\",\"@id\":\"https:\\\/\\\/www.p31noticias.com.br\\\/?p=24078\",\"url\":\"https:\\\/\\\/www.p31noticias.com.br\\\/?p=24078\",\"name\":\"Em menos de um ano, bandidos invadem pela terceira vez Igrejinha da Asa Sul - P31\",\"isPartOf\":{\"@id\":\"https:\\\/\\\/www.p31noticias.com.br\\\/#website\"},\"primaryImageOfPage\":{\"@id\":\"https:\\\/\\\/www.p31noticias.com.br\\\/?p=24078#primaryimage\"},\"image\":{\"@id\":\"https:\\\/\\\/www.p31noticias.com.br\\\/?p=24078#primaryimage\"},\"thumbnailUrl\":\"https:\\\/\\\/www.p31noticias.com.br\\\/wp-content\\\/uploads\\\/2021\\\/08\\\/igrejinha-nossa-senhora-de-fatima.jpg\",\"datePublished\":\"2021-08-25T17:39:33+00:00\",\"author\":{\"@id\":\"https:\\\/\\\/www.p31noticias.com.br\\\/#\\\/schema\\\/person\\\/d1bb0ccbf62b27e19ea4e75696908d43\"},\"breadcrumb\":{\"@id\":\"https:\\\/\\\/www.p31noticias.com.br\\\/?p=24078#breadcrumb\"},\"inLanguage\":\"pt-BR\",\"potentialAction\":[{\"@type\":\"ReadAction\",\"target\":[\"https:\\\/\\\/www.p31noticias.com.br\\\/?p=24078\"]}]},{\"@type\":\"ImageObject\",\"inLanguage\":\"pt-BR\",\"@id\":\"https:\\\/\\\/www.p31noticias.com.br\\\/?p=24078#primaryimage\",\"url\":\"https:\\\/\\\/www.p31noticias.com.br\\\/wp-content\\\/uploads\\\/2021\\\/08\\\/igrejinha-nossa-senhora-de-fatima.jpg\",\"contentUrl\":\"https:\\\/\\\/www.p31noticias.com.br\\\/wp-content\\\/uploads\\\/2021\\\/08\\\/igrejinha-nossa-senhora-de-fatima.jpg\",\"width\":1000,\"height\":666,\"caption\":\"Igrejinha Nossa Senhora de F\u00e1tima.\"},{\"@type\":\"BreadcrumbList\",\"@id\":\"https:\\\/\\\/www.p31noticias.com.br\\\/?p=24078#breadcrumb\",\"itemListElement\":[{\"@type\":\"ListItem\",\"position\":1,\"name\":\"In\u00edcio\",\"item\":\"https:\\\/\\\/www.p31noticias.com.br\\\/\"},{\"@type\":\"ListItem\",\"position\":2,\"name\":\"Em menos de um ano, bandidos invadem pela terceira vez Igrejinha da Asa Sul\"}]},{\"@type\":\"WebSite\",\"@id\":\"https:\\\/\\\/www.p31noticias.com.br\\\/#website\",\"url\":\"https:\\\/\\\/www.p31noticias.com.br\\\/\",\"name\":\"P31\",\"description\":\"NOT\u00cdCIAS\",\"potentialAction\":[{\"@type\":\"SearchAction\",\"target\":{\"@type\":\"EntryPoint\",\"urlTemplate\":\"https:\\\/\\\/www.p31noticias.com.br\\\/?s={search_term_string}\"},\"query-input\":{\"@type\":\"PropertyValueSpecification\",\"valueRequired\":true,\"valueName\":\"search_term_string\"}}],\"inLanguage\":\"pt-BR\"},{\"@type\":\"Person\",\"@id\":\"https:\\\/\\\/www.p31noticias.com.br\\\/#\\\/schema\\\/person\\\/d1bb0ccbf62b27e19ea4e75696908d43\",\"name\":\"Camilly Scheffer\",\"image\":{\"@type\":\"ImageObject\",\"inLanguage\":\"pt-BR\",\"@id\":\"https:\\\/\\\/secure.gravatar.com\\\/avatar\\\/06f4704b382d241ec2670712618fccea085b2db24d7b2d3b8691d904bbc1d557?s=96&d=mm&r=g\",\"url\":\"https:\\\/\\\/secure.gravatar.com\\\/avatar\\\/06f4704b382d241ec2670712618fccea085b2db24d7b2d3b8691d904bbc1d557?s=96&d=mm&r=g\",\"contentUrl\":\"https:\\\/\\\/secure.gravatar.com\\\/avatar\\\/06f4704b382d241ec2670712618fccea085b2db24d7b2d3b8691d904bbc1d557?s=96&d=mm&r=g\",\"caption\":\"Camilly Scheffer\"},\"url\":\"https:\\\/\\\/www.p31noticias.com.br\\\/?author=5\"}]}<\/script>\n<!-- \/ Yoast SEO Premium plugin. -->","yoast_head_json":{"title":"Em menos de um ano, bandidos invadem pela terceira vez Igrejinha da Asa Sul - P31","robots":{"index":"index","follow":"follow","max-snippet":"max-snippet:-1","max-image-preview":"max-image-preview:large","max-video-preview":"max-video-preview:-1"},"canonical":"https:\/\/www.p31noticias.com.br\/?p=24078","og_locale":"pt_BR","og_type":"article","og_title":"Em menos de um ano, bandidos invadem pela terceira vez Igrejinha da Asa Sul","og_description":"A Igrejinha Nossa Senhora de F\u00e1tima, localizada na 307\/308 Sul, foi, mais uma vez, alvo de criminosos. Na madrugada desta quarta-feira (25\/8), arrombaram a porta principal do templo e levaram um crucifixo produzido em madeira e bronze, que estava no altar. Segundo funcion\u00e1rios, o local s\u00f3 conta com seguran\u00e7as durante o dia. Em 2020, a [&hellip;]","og_url":"https:\/\/www.p31noticias.com.br\/?p=24078","og_site_name":"P31","article_published_time":"2021-08-25T17:39:33+00:00","og_image":[{"width":1000,"height":666,"url":"https:\/\/www.p31noticias.com.br\/wp-content\/uploads\/2021\/08\/igrejinha-nossa-senhora-de-fatima.jpg","type":"image\/jpeg"}],"author":"Camilly Scheffer","twitter_card":"summary_large_image","twitter_misc":{"Escrito por":"Camilly Scheffer","Est. tempo de leitura":"1 minuto"},"schema":{"@context":"https:\/\/schema.org","@graph":[{"@type":"Article","@id":"https:\/\/www.p31noticias.com.br\/?p=24078#article","isPartOf":{"@id":"https:\/\/www.p31noticias.com.br\/?p=24078"},"author":{"name":"Camilly Scheffer","@id":"https:\/\/www.p31noticias.com.br\/#\/schema\/person\/d1bb0ccbf62b27e19ea4e75696908d43"},"headline":"Em menos de um ano, bandidos invadem pela terceira vez Igrejinha da Asa Sul","datePublished":"2021-08-25T17:39:33+00:00","mainEntityOfPage":{"@id":"https:\/\/www.p31noticias.com.br\/?p=24078"},"wordCount":143,"commentCount":0,"image":{"@id":"https:\/\/www.p31noticias.com.br\/?p=24078#primaryimage"},"thumbnailUrl":"https:\/\/www.p31noticias.com.br\/wp-content\/uploads\/2021\/08\/igrejinha-nossa-senhora-de-fatima.jpg","articleSection":["Bras\u00edlia"],"inLanguage":"pt-BR","potentialAction":[{"@type":"CommentAction","name":"Comment","target":["https:\/\/www.p31noticias.com.br\/?p=24078#respond"]}],"copyrightYear":"2021","copyrightHolder":{"@id":"https:\/\/www.p31noticias.com.br\/#organization"}},{"@type":"WebPage","@id":"https:\/\/www.p31noticias.com.br\/?p=24078","url":"https:\/\/www.p31noticias.com.br\/?p=24078","name":"Em menos de um ano, bandidos invadem pela terceira vez Igrejinha da Asa Sul - P31","isPartOf":{"@id":"https:\/\/www.p31noticias.com.br\/#website"},"primaryImageOfPage":{"@id":"https:\/\/www.p31noticias.com.br\/?p=24078#primaryimage"},"image":{"@id":"https:\/\/www.p31noticias.com.br\/?p=24078#primaryimage"},"thumbnailUrl":"https:\/\/www.p31noticias.com.br\/wp-content\/uploads\/2021\/08\/igrejinha-nossa-senhora-de-fatima.jpg","datePublished":"2021-08-25T17:39:33+00:00","author":{"@id":"https:\/\/www.p31noticias.com.br\/#\/schema\/person\/d1bb0ccbf62b27e19ea4e75696908d43"},"breadcrumb":{"@id":"https:\/\/www.p31noticias.com.br\/?p=24078#breadcrumb"},"inLanguage":"pt-BR","potentialAction":[{"@type":"ReadAction","target":["https:\/\/www.p31noticias.com.br\/?p=24078"]}]},{"@type":"ImageObject","inLanguage":"pt-BR","@id":"https:\/\/www.p31noticias.com.br\/?p=24078#primaryimage","url":"https:\/\/www.p31noticias.com.br\/wp-content\/uploads\/2021\/08\/igrejinha-nossa-senhora-de-fatima.jpg","contentUrl":"https:\/\/www.p31noticias.com.br\/wp-content\/uploads\/2021\/08\/igrejinha-nossa-senhora-de-fatima.jpg","width":1000,"height":666,"caption":"Igrejinha Nossa Senhora de F\u00e1tima."},{"@type":"BreadcrumbList","@id":"https:\/\/www.p31noticias.com.br\/?p=24078#breadcrumb","itemListElement":[{"@type":"ListItem","position":1,"name":"In\u00edcio","item":"https:\/\/www.p31noticias.com.br\/"},{"@type":"ListItem","position":2,"name":"Em menos de um ano, bandidos invadem pela terceira vez Igrejinha da Asa Sul"}]},{"@type":"WebSite","@id":"https:\/\/www.p31noticias.com.br\/#website","url":"https:\/\/www.p31noticias.com.br\/","name":"P31","description":"NOT\u00cdCIAS","potentialAction":[{"@type":"SearchAction","target":{"@type":"EntryPoint","urlTemplate":"https:\/\/www.p31noticias.com.br\/?s={search_term_string}"},"query-input":{"@type":"PropertyValueSpecification","valueRequired":true,"valueName":"search_term_string"}}],"inLanguage":"pt-BR"},{"@type":"Person","@id":"https:\/\/www.p31noticias.com.br\/#\/schema\/person\/d1bb0ccbf62b27e19ea4e75696908d43","name":"Camilly Scheffer","image":{"@type":"ImageObject","inLanguage":"pt-BR","@id":"https:\/\/secure.gravatar.com\/avatar\/06f4704b382d241ec2670712618fccea085b2db24d7b2d3b8691d904bbc1d557?s=96&d=mm&r=g","url":"https:\/\/secure.gravatar.com\/avatar\/06f4704b382d241ec2670712618fccea085b2db24d7b2d3b8691d904bbc1d557?s=96&d=mm&r=g","contentUrl":"https:\/\/secure.gravatar.com\/avatar\/06f4704b382d241ec2670712618fccea085b2db24d7b2d3b8691d904bbc1d557?s=96&d=mm&r=g","caption":"Camilly Scheffer"},"url":"https:\/\/www.p31noticias.com.br\/?author=5"}]}},"amp_enabled":true,"_links":{"self":[{"href":"https:\/\/www.p31noticias.com.br\/index.php?rest_route=\/wp\/v2\/posts\/24078","targetHints":{"allow":["GET"]}}],"collection":[{"href":"https:\/\/www.p31noticias.com.br\/index.php?rest_route=\/wp\/v2\/posts"}],"about":[{"href":"https:\/\/www.p31noticias.com.br\/index.php?rest_route=\/wp\/v2\/types\/post"}],"author":[{"embeddable":true,"href":"https:\/\/www.p31noticias.com.br\/index.php?rest_route=\/wp\/v2\/users\/5"}],"replies":[{"embeddable":true,"href":"https:\/\/www.p31noticias.com.br\/index.php?rest_route=%2Fwp%2Fv2%2Fcomments&post=24078"}],"version-history":[{"count":1,"href":"https:\/\/www.p31noticias.com.br\/index.php?rest_route=\/wp\/v2\/posts\/24078\/revisions"}],"predecessor-version":[{"id":24080,"href":"https:\/\/www.p31noticias.com.br\/index.php?rest_route=\/wp\/v2\/posts\/24078\/revisions\/24080"}],"wp:featuredmedia":[{"embeddable":true,"href":"https:\/\/www.p31noticias.com.br\/index.php?rest_route=\/wp\/v2\/media\/24079"}],"wp:attachment":[{"href":"https:\/\/www.p31noticias.com.br\/index.php?rest_route=%2Fwp%2Fv2%2Fmedia&parent=24078"}],"wp:term":[{"taxonomy":"category","embeddable":true,"href":"https:\/\/www.p31noticias.com.br\/index.php?rest_route=%2Fwp%2Fv2%2Fcategories&post=24078"},{"taxonomy":"post_tag","embeddable":true,"href":"https:\/\/www.p31noticias.com.br\/index.php?rest_route=%2Fwp%2Fv2%2Ftags&post=24078"}],"curies":[{"name":"wp","href":"https:\/\/api.w.org\/{rel}","templated":true}]}}