{"id":24069,"date":"2021-08-25T14:26:13","date_gmt":"2021-08-25T17:26:13","guid":{"rendered":"https:\/\/p31noticias.com.br\/?p=24069"},"modified":"2021-08-25T14:26:13","modified_gmt":"2021-08-25T17:26:13","slug":"orgaos-publicos-federais-deverao-reduzir-consumo-de-energia-de-10-a-20-define-decreto","status":"publish","type":"post","link":"https:\/\/www.p31noticias.com.br\/?p=24069","title":{"rendered":"\u00d3rg\u00e3os p\u00fablicos federais dever\u00e3o reduzir consumo de energia de 10% a 20%, define decreto"},"content":{"rendered":"<div class=\"mc-column content-text active-extra-styles active-capital-letter\" data-block-type=\"unstyled\" data-block-weight=\"34\" data-block-id=\"1\">\n<p class=\"content-text__container theme-color-primary-first-letter\" data-track-category=\"Link no Texto\" data-track-links=\"\">O governo federal publicou nesta quarta-feira (25) um decreto no qual determinou que os \u00f3rg\u00e3os p\u00fablicos federais dever\u00e3o reduzir o consumo de energia\u00a0<strong><span class=\"highlight highlighted\">de 10% a 20% entre setembro de 2021e abril de 2022<\/span><\/strong>.<\/p>\n<\/div>\n<div class=\"wall protected-content\">\n<div class=\"mc-column content-text active-extra-styles \" data-block-type=\"unstyled\" data-block-weight=\"40\" data-block-id=\"2\">\n<p class=\"content-text__container \" data-track-category=\"Link no Texto\" data-track-links=\"\">O decreto \u00e9 assinado pelo presidente Jair Bolsonaro,\u00a0foi publicado em edi\u00e7\u00e3o extra do &#8220;Di\u00e1rio Oficial da Uni\u00e3o&#8221; e vale para \u00f3rg\u00e3os da administra\u00e7\u00e3o p\u00fablica federal direta, autarquias e funda\u00e7\u00f5es. De acordo com o governo, a medida n\u00e3o engloba estatais.<\/p>\n<\/div>\n<div class=\"mc-column content-text active-extra-styles \" data-block-type=\"unstyled\" data-block-weight=\"51\" data-block-id=\"3\">\n<p class=\"content-text__container \" data-track-category=\"Link no Texto\" data-track-links=\"\">O pa\u00eds enfrenta\u00a0<strong><span class=\"highlight highlighted\">a pior crise h\u00eddrica dos \u00faltimos 91 anos<\/span><\/strong>. Os reservat\u00f3rios do Sudeste e do Centro-Oeste, que respondem por 70% da gera\u00e7\u00e3o de energia do pa\u00eds, est\u00e3o com\u00a0<strong>23% da capacidade<\/strong>\u00a0de armazenamento, n\u00edvel menor que o registrado em agosto de 2001, quando o pa\u00eds enfrentou racionamento de energia.<\/p>\n<\/div>\n<div class=\"mc-column content-text active-extra-styles \" data-block-type=\"unstyled\" data-block-weight=\"41\" data-block-id=\"4\">\n<p class=\"content-text__container \" data-track-category=\"Link no Texto\" data-track-links=\"\">Nesta ter\u00e7a (24), o Comit\u00ea de Monitoramento do Setor El\u00e9trico (CMSE) chegou \u00e0 conclus\u00e3o que houve &#8221;relevante piora&#8221; das condi\u00e7\u00f5es h\u00eddricas\u00a0e que \u00e9 imprescind\u00edvel manter todas as medidas em andamento e adotar novas provid\u00eancias para manter os reservat\u00f3rios das hidrel\u00e9tricas.<\/p>\n<\/div>\n<div class=\"mc-column content-text active-extra-styles \" data-block-type=\"unstyled\" data-block-weight=\"30\" data-block-id=\"5\">\n<p class=\"content-text__container \" data-track-category=\"Link no Texto\" data-track-links=\"\">Segundo o Minist\u00e9rio de Minas e Energia,\u00a0o governo federal tem\u00a0<strong>mais de 22 mil edifica\u00e7\u00f5es pr\u00f3prias e cerca de 1,4 mil im\u00f3veis alugados<\/strong>, como escrit\u00f3rios, escolas, hospitais e universidades.<\/p>\n<\/div>\n<div class=\"mc-column content-text active-extra-styles\" data-block-type=\"raw\" data-block-weight=\"3\" data-block-id=\"6\">\n<div class=\"content-intertitle\">\n<h2>Redu\u00e7\u00e3o do consumo<\/h2>\n<\/div>\n<\/div>\n<div class=\"mc-column content-text active-extra-styles \" data-block-type=\"unstyled\" data-block-weight=\"25\" data-block-id=\"7\">\n<p class=\"content-text__container \" data-track-category=\"Link no Texto\" data-track-links=\"\">O decreto estabelece uma s\u00e9rie de medidas que os \u00f3rg\u00e3os federais dever\u00e3o adotar para reduzir o consumo de energia nos pr\u00e9dios p\u00fablicos, entre as quais:<\/p>\n<\/div>\n<div class=\"mc-column content-text active-extra-styles\" data-block-type=\"raw\" data-block-weight=\"88\" data-block-id=\"8\">\n<ul class=\"content-unordered-list\">\n<li>Desligar o aparelho de ar-condicionado quando o ambiente estiver desocupado;<\/li>\n<li>Limitar o resfriamento dos ambientes 24\u00b0C e o aquecimento a 20\u00b0C;<\/li>\n<li>Optar pela ventila\u00e7\u00e3o natural nos dias com temperaturas amenas;<\/li>\n<li>Desligar a ilumina\u00e7\u00e3o quando os ambientes estiverem desocupados;<\/li>\n<li>Utilizar sensores de presen\u00e7a em ambientes como banheiros, corredores e garagens;<\/li>\n<li>Desligar o monitor, a impressora, o estabilizador, a caixa de som, o microfone e outros acess\u00f3rios sempre que n\u00e3o estiverem em uso;<\/li>\n<li>Utilizar, sempre que poss\u00edvel, escadas para acesso aos primeiros pavimentos e para subir ou descer poucos andares.<\/li>\n<\/ul>\n<div class=\"mc-column content-text active-extra-styles\" data-block-type=\"raw\" data-block-weight=\"2\" data-block-id=\"11\">\n<div class=\"content-intertitle\">\n<h2>Crise h\u00eddrica<\/h2>\n<\/div>\n<\/div>\n<div class=\"mc-column content-text active-extra-styles \" data-block-type=\"unstyled\" data-block-weight=\"41\" data-block-id=\"12\">\n<p class=\"content-text__container \" data-track-category=\"Link no Texto\" data-track-links=\"\">Os reservat\u00f3rios do Sudeste e do Centro-Oeste, que respondem por 70% da gera\u00e7\u00e3o de energia do pa\u00eds, est\u00e3o com 23% da capacidade de armazenamento, n\u00edvel menor que o registrado em agosto de 2001, quando o pa\u00eds enfrentou racionamento de energia.<\/p>\n<\/div>\n<div class=\"mc-column content-text active-extra-styles \" data-block-type=\"unstyled\" data-block-weight=\"22\" data-block-id=\"13\">\n<p class=\"content-text__container \" data-track-category=\"Link no Texto\" data-track-links=\"\">Em novembro, quando come\u00e7a o per\u00edodo chuvoso, o ONS prev\u00ea que os reservat\u00f3rios do Sudeste\/Centro-Oeste v\u00e3o chegar a 10% da capacidade.<\/p>\n<\/div>\n<div class=\"mc-column content-text active-extra-styles \" data-block-type=\"unstyled\" data-block-weight=\"20\" data-block-id=\"14\">\n<p class=\"content-text__container \" data-track-category=\"Link no Texto\" data-track-links=\"\">Para preservar \u00e1gua nos reservat\u00f3rios das hidrel\u00e9tricas, o governo vem acionando as usinas termel\u00e9tricas, que s\u00e3o mais caras e poluentes.<\/p>\n<p data-track-category=\"Link no Texto\" data-track-links=\"\">Fonte: G1.<\/p>\n<\/div>\n<\/div>\n<div class=\"content-ads content-ads--reveal\" data-block-type=\"ads\" data-block-id=\"9\">\n<div id=\"banner_materia2\" class=\"tag-manager-publicidade-container mc-has-reveal mc-has-ad-lazyload tag-manager-publicidade-banner_materia2 tag-manager-publicidade-container--carregado tag-manager-publicidade-container--visivel\" data-id=\"banner_materia2\" data-req=\"true\" data-google-query-id=\"CICuv4vYzPICFW2KlQIdjMQLUw\" data-cid=\"138359154314\" data-lid=\"5753373002\"><\/div>\n<\/div>\n<\/div>\n","protected":false},"excerpt":{"rendered":"<p>O governo federal publicou nesta quarta-feira (25) um decreto no qual determinou que os \u00f3rg\u00e3os p\u00fablicos federais dever\u00e3o reduzir o consumo de energia\u00a0de 10% a 20% entre setembro de 2021e abril de 2022. O decreto \u00e9 assinado pelo presidente Jair Bolsonaro,\u00a0foi publicado em edi\u00e7\u00e3o extra do &#8220;Di\u00e1rio Oficial da Uni\u00e3o&#8221; e vale para \u00f3rg\u00e3os da [&hellip;]<\/p>\n","protected":false},"author":5,"featured_media":24070,"comment_status":"open","ping_status":"open","sticky":false,"template":"","format":"standard","meta":{"footnotes":""},"categories":[57],"tags":[],"class_list":{"0":"post-24069","1":"post","2":"type-post","3":"status-publish","4":"format-standard","5":"has-post-thumbnail","7":"category-politica"},"yoast_head":"<!-- This site is optimized with the Yoast SEO Premium plugin v24.5 (Yoast SEO v27.5) - https:\/\/yoast.com\/product\/yoast-seo-premium-wordpress\/ -->\n<title>\u00d3rg\u00e3os p\u00fablicos federais dever\u00e3o reduzir consumo de energia de 10% a 20%, define decreto - P31<\/title>\n<meta name=\"robots\" content=\"index, follow, max-snippet:-1, max-image-preview:large, max-video-preview:-1\" \/>\n<link rel=\"canonical\" href=\"https:\/\/www.p31noticias.com.br\/?p=24069\" \/>\n<meta property=\"og:locale\" content=\"pt_BR\" \/>\n<meta property=\"og:type\" content=\"article\" \/>\n<meta property=\"og:title\" content=\"\u00d3rg\u00e3os p\u00fablicos federais dever\u00e3o reduzir consumo de energia de 10% a 20%, define decreto\" \/>\n<meta property=\"og:description\" content=\"O governo federal publicou nesta quarta-feira (25) um decreto no qual determinou que os \u00f3rg\u00e3os p\u00fablicos federais dever\u00e3o reduzir o consumo de energia\u00a0de 10% a 20% entre setembro de 2021e abril de 2022. O decreto \u00e9 assinado pelo presidente Jair Bolsonaro,\u00a0foi publicado em edi\u00e7\u00e3o extra do &#8220;Di\u00e1rio Oficial da Uni\u00e3o&#8221; e vale para \u00f3rg\u00e3os da [&hellip;]\" \/>\n<meta property=\"og:url\" content=\"https:\/\/www.p31noticias.com.br\/?p=24069\" \/>\n<meta property=\"og:site_name\" content=\"P31\" \/>\n<meta property=\"article:published_time\" content=\"2021-08-25T17:26:13+00:00\" \/>\n<meta property=\"og:image\" content=\"https:\/\/www.p31noticias.com.br\/wp-content\/uploads\/2021\/08\/PALACIO-DO-PLANALTO.jpg\" \/>\n\t<meta property=\"og:image:width\" content=\"1170\" \/>\n\t<meta property=\"og:image:height\" content=\"700\" \/>\n\t<meta property=\"og:image:type\" content=\"image\/jpeg\" \/>\n<meta name=\"author\" content=\"Camilly Scheffer\" \/>\n<meta name=\"twitter:card\" content=\"summary_large_image\" \/>\n<meta name=\"twitter:label1\" content=\"Escrito por\" \/>\n\t<meta name=\"twitter:data1\" content=\"Camilly Scheffer\" \/>\n\t<meta name=\"twitter:label2\" content=\"Est. tempo de leitura\" \/>\n\t<meta name=\"twitter:data2\" content=\"2 minutos\" \/>\n<script type=\"application\/ld+json\" class=\"yoast-schema-graph\">{\"@context\":\"https:\\\/\\\/schema.org\",\"@graph\":[{\"@type\":\"Article\",\"@id\":\"https:\\\/\\\/www.p31noticias.com.br\\\/?p=24069#article\",\"isPartOf\":{\"@id\":\"https:\\\/\\\/www.p31noticias.com.br\\\/?p=24069\"},\"author\":{\"name\":\"Camilly Scheffer\",\"@id\":\"https:\\\/\\\/www.p31noticias.com.br\\\/#\\\/schema\\\/person\\\/d1bb0ccbf62b27e19ea4e75696908d43\"},\"headline\":\"\u00d3rg\u00e3os p\u00fablicos federais dever\u00e3o reduzir consumo de energia de 10% a 20%, define decreto\",\"datePublished\":\"2021-08-25T17:26:13+00:00\",\"mainEntityOfPage\":{\"@id\":\"https:\\\/\\\/www.p31noticias.com.br\\\/?p=24069\"},\"wordCount\":455,\"commentCount\":0,\"image\":{\"@id\":\"https:\\\/\\\/www.p31noticias.com.br\\\/?p=24069#primaryimage\"},\"thumbnailUrl\":\"https:\\\/\\\/www.p31noticias.com.br\\\/wp-content\\\/uploads\\\/2021\\\/08\\\/PALACIO-DO-PLANALTO.jpg\",\"articleSection\":[\"Pol\u00edtica\"],\"inLanguage\":\"pt-BR\",\"potentialAction\":[{\"@type\":\"CommentAction\",\"name\":\"Comment\",\"target\":[\"https:\\\/\\\/www.p31noticias.com.br\\\/?p=24069#respond\"]}],\"copyrightYear\":\"2021\",\"copyrightHolder\":{\"@id\":\"https:\\\/\\\/www.p31noticias.com.br\\\/#organization\"}},{\"@type\":\"WebPage\",\"@id\":\"https:\\\/\\\/www.p31noticias.com.br\\\/?p=24069\",\"url\":\"https:\\\/\\\/www.p31noticias.com.br\\\/?p=24069\",\"name\":\"\u00d3rg\u00e3os p\u00fablicos federais dever\u00e3o reduzir consumo de energia de 10% a 20%, define decreto - P31\",\"isPartOf\":{\"@id\":\"https:\\\/\\\/www.p31noticias.com.br\\\/#website\"},\"primaryImageOfPage\":{\"@id\":\"https:\\\/\\\/www.p31noticias.com.br\\\/?p=24069#primaryimage\"},\"image\":{\"@id\":\"https:\\\/\\\/www.p31noticias.com.br\\\/?p=24069#primaryimage\"},\"thumbnailUrl\":\"https:\\\/\\\/www.p31noticias.com.br\\\/wp-content\\\/uploads\\\/2021\\\/08\\\/PALACIO-DO-PLANALTO.jpg\",\"datePublished\":\"2021-08-25T17:26:13+00:00\",\"author\":{\"@id\":\"https:\\\/\\\/www.p31noticias.com.br\\\/#\\\/schema\\\/person\\\/d1bb0ccbf62b27e19ea4e75696908d43\"},\"breadcrumb\":{\"@id\":\"https:\\\/\\\/www.p31noticias.com.br\\\/?p=24069#breadcrumb\"},\"inLanguage\":\"pt-BR\",\"potentialAction\":[{\"@type\":\"ReadAction\",\"target\":[\"https:\\\/\\\/www.p31noticias.com.br\\\/?p=24069\"]}]},{\"@type\":\"ImageObject\",\"inLanguage\":\"pt-BR\",\"@id\":\"https:\\\/\\\/www.p31noticias.com.br\\\/?p=24069#primaryimage\",\"url\":\"https:\\\/\\\/www.p31noticias.com.br\\\/wp-content\\\/uploads\\\/2021\\\/08\\\/PALACIO-DO-PLANALTO.jpg\",\"contentUrl\":\"https:\\\/\\\/www.p31noticias.com.br\\\/wp-content\\\/uploads\\\/2021\\\/08\\\/PALACIO-DO-PLANALTO.jpg\",\"width\":1170,\"height\":700,\"caption\":\"Pal\u00e1cio do Planalto na Pra\u00e7a dos Tr\u00eas Poderes em Bras\u00edlia\"},{\"@type\":\"BreadcrumbList\",\"@id\":\"https:\\\/\\\/www.p31noticias.com.br\\\/?p=24069#breadcrumb\",\"itemListElement\":[{\"@type\":\"ListItem\",\"position\":1,\"name\":\"In\u00edcio\",\"item\":\"https:\\\/\\\/www.p31noticias.com.br\\\/\"},{\"@type\":\"ListItem\",\"position\":2,\"name\":\"\u00d3rg\u00e3os p\u00fablicos federais dever\u00e3o reduzir consumo de energia de 10% a 20%, define decreto\"}]},{\"@type\":\"WebSite\",\"@id\":\"https:\\\/\\\/www.p31noticias.com.br\\\/#website\",\"url\":\"https:\\\/\\\/www.p31noticias.com.br\\\/\",\"name\":\"P31\",\"description\":\"NOT\u00cdCIAS\",\"potentialAction\":[{\"@type\":\"SearchAction\",\"target\":{\"@type\":\"EntryPoint\",\"urlTemplate\":\"https:\\\/\\\/www.p31noticias.com.br\\\/?s={search_term_string}\"},\"query-input\":{\"@type\":\"PropertyValueSpecification\",\"valueRequired\":true,\"valueName\":\"search_term_string\"}}],\"inLanguage\":\"pt-BR\"},{\"@type\":\"Person\",\"@id\":\"https:\\\/\\\/www.p31noticias.com.br\\\/#\\\/schema\\\/person\\\/d1bb0ccbf62b27e19ea4e75696908d43\",\"name\":\"Camilly Scheffer\",\"image\":{\"@type\":\"ImageObject\",\"inLanguage\":\"pt-BR\",\"@id\":\"https:\\\/\\\/secure.gravatar.com\\\/avatar\\\/06f4704b382d241ec2670712618fccea085b2db24d7b2d3b8691d904bbc1d557?s=96&d=mm&r=g\",\"url\":\"https:\\\/\\\/secure.gravatar.com\\\/avatar\\\/06f4704b382d241ec2670712618fccea085b2db24d7b2d3b8691d904bbc1d557?s=96&d=mm&r=g\",\"contentUrl\":\"https:\\\/\\\/secure.gravatar.com\\\/avatar\\\/06f4704b382d241ec2670712618fccea085b2db24d7b2d3b8691d904bbc1d557?s=96&d=mm&r=g\",\"caption\":\"Camilly Scheffer\"},\"url\":\"https:\\\/\\\/www.p31noticias.com.br\\\/?author=5\"}]}<\/script>\n<!-- \/ Yoast SEO Premium plugin. -->","yoast_head_json":{"title":"\u00d3rg\u00e3os p\u00fablicos federais dever\u00e3o reduzir consumo de energia de 10% a 20%, define decreto - P31","robots":{"index":"index","follow":"follow","max-snippet":"max-snippet:-1","max-image-preview":"max-image-preview:large","max-video-preview":"max-video-preview:-1"},"canonical":"https:\/\/www.p31noticias.com.br\/?p=24069","og_locale":"pt_BR","og_type":"article","og_title":"\u00d3rg\u00e3os p\u00fablicos federais dever\u00e3o reduzir consumo de energia de 10% a 20%, define decreto","og_description":"O governo federal publicou nesta quarta-feira (25) um decreto no qual determinou que os \u00f3rg\u00e3os p\u00fablicos federais dever\u00e3o reduzir o consumo de energia\u00a0de 10% a 20% entre setembro de 2021e abril de 2022. O decreto \u00e9 assinado pelo presidente Jair Bolsonaro,\u00a0foi publicado em edi\u00e7\u00e3o extra do &#8220;Di\u00e1rio Oficial da Uni\u00e3o&#8221; e vale para \u00f3rg\u00e3os da [&hellip;]","og_url":"https:\/\/www.p31noticias.com.br\/?p=24069","og_site_name":"P31","article_published_time":"2021-08-25T17:26:13+00:00","og_image":[{"width":1170,"height":700,"url":"https:\/\/www.p31noticias.com.br\/wp-content\/uploads\/2021\/08\/PALACIO-DO-PLANALTO.jpg","type":"image\/jpeg"}],"author":"Camilly Scheffer","twitter_card":"summary_large_image","twitter_misc":{"Escrito por":"Camilly Scheffer","Est. tempo de leitura":"2 minutos"},"schema":{"@context":"https:\/\/schema.org","@graph":[{"@type":"Article","@id":"https:\/\/www.p31noticias.com.br\/?p=24069#article","isPartOf":{"@id":"https:\/\/www.p31noticias.com.br\/?p=24069"},"author":{"name":"Camilly Scheffer","@id":"https:\/\/www.p31noticias.com.br\/#\/schema\/person\/d1bb0ccbf62b27e19ea4e75696908d43"},"headline":"\u00d3rg\u00e3os p\u00fablicos federais dever\u00e3o reduzir consumo de energia de 10% a 20%, define decreto","datePublished":"2021-08-25T17:26:13+00:00","mainEntityOfPage":{"@id":"https:\/\/www.p31noticias.com.br\/?p=24069"},"wordCount":455,"commentCount":0,"image":{"@id":"https:\/\/www.p31noticias.com.br\/?p=24069#primaryimage"},"thumbnailUrl":"https:\/\/www.p31noticias.com.br\/wp-content\/uploads\/2021\/08\/PALACIO-DO-PLANALTO.jpg","articleSection":["Pol\u00edtica"],"inLanguage":"pt-BR","potentialAction":[{"@type":"CommentAction","name":"Comment","target":["https:\/\/www.p31noticias.com.br\/?p=24069#respond"]}],"copyrightYear":"2021","copyrightHolder":{"@id":"https:\/\/www.p31noticias.com.br\/#organization"}},{"@type":"WebPage","@id":"https:\/\/www.p31noticias.com.br\/?p=24069","url":"https:\/\/www.p31noticias.com.br\/?p=24069","name":"\u00d3rg\u00e3os p\u00fablicos federais dever\u00e3o reduzir consumo de energia de 10% a 20%, define decreto - P31","isPartOf":{"@id":"https:\/\/www.p31noticias.com.br\/#website"},"primaryImageOfPage":{"@id":"https:\/\/www.p31noticias.com.br\/?p=24069#primaryimage"},"image":{"@id":"https:\/\/www.p31noticias.com.br\/?p=24069#primaryimage"},"thumbnailUrl":"https:\/\/www.p31noticias.com.br\/wp-content\/uploads\/2021\/08\/PALACIO-DO-PLANALTO.jpg","datePublished":"2021-08-25T17:26:13+00:00","author":{"@id":"https:\/\/www.p31noticias.com.br\/#\/schema\/person\/d1bb0ccbf62b27e19ea4e75696908d43"},"breadcrumb":{"@id":"https:\/\/www.p31noticias.com.br\/?p=24069#breadcrumb"},"inLanguage":"pt-BR","potentialAction":[{"@type":"ReadAction","target":["https:\/\/www.p31noticias.com.br\/?p=24069"]}]},{"@type":"ImageObject","inLanguage":"pt-BR","@id":"https:\/\/www.p31noticias.com.br\/?p=24069#primaryimage","url":"https:\/\/www.p31noticias.com.br\/wp-content\/uploads\/2021\/08\/PALACIO-DO-PLANALTO.jpg","contentUrl":"https:\/\/www.p31noticias.com.br\/wp-content\/uploads\/2021\/08\/PALACIO-DO-PLANALTO.jpg","width":1170,"height":700,"caption":"Pal\u00e1cio do Planalto na Pra\u00e7a dos Tr\u00eas Poderes em Bras\u00edlia"},{"@type":"BreadcrumbList","@id":"https:\/\/www.p31noticias.com.br\/?p=24069#breadcrumb","itemListElement":[{"@type":"ListItem","position":1,"name":"In\u00edcio","item":"https:\/\/www.p31noticias.com.br\/"},{"@type":"ListItem","position":2,"name":"\u00d3rg\u00e3os p\u00fablicos federais dever\u00e3o reduzir consumo de energia de 10% a 20%, define decreto"}]},{"@type":"WebSite","@id":"https:\/\/www.p31noticias.com.br\/#website","url":"https:\/\/www.p31noticias.com.br\/","name":"P31","description":"NOT\u00cdCIAS","potentialAction":[{"@type":"SearchAction","target":{"@type":"EntryPoint","urlTemplate":"https:\/\/www.p31noticias.com.br\/?s={search_term_string}"},"query-input":{"@type":"PropertyValueSpecification","valueRequired":true,"valueName":"search_term_string"}}],"inLanguage":"pt-BR"},{"@type":"Person","@id":"https:\/\/www.p31noticias.com.br\/#\/schema\/person\/d1bb0ccbf62b27e19ea4e75696908d43","name":"Camilly Scheffer","image":{"@type":"ImageObject","inLanguage":"pt-BR","@id":"https:\/\/secure.gravatar.com\/avatar\/06f4704b382d241ec2670712618fccea085b2db24d7b2d3b8691d904bbc1d557?s=96&d=mm&r=g","url":"https:\/\/secure.gravatar.com\/avatar\/06f4704b382d241ec2670712618fccea085b2db24d7b2d3b8691d904bbc1d557?s=96&d=mm&r=g","contentUrl":"https:\/\/secure.gravatar.com\/avatar\/06f4704b382d241ec2670712618fccea085b2db24d7b2d3b8691d904bbc1d557?s=96&d=mm&r=g","caption":"Camilly Scheffer"},"url":"https:\/\/www.p31noticias.com.br\/?author=5"}]}},"amp_enabled":true,"_links":{"self":[{"href":"https:\/\/www.p31noticias.com.br\/index.php?rest_route=\/wp\/v2\/posts\/24069","targetHints":{"allow":["GET"]}}],"collection":[{"href":"https:\/\/www.p31noticias.com.br\/index.php?rest_route=\/wp\/v2\/posts"}],"about":[{"href":"https:\/\/www.p31noticias.com.br\/index.php?rest_route=\/wp\/v2\/types\/post"}],"author":[{"embeddable":true,"href":"https:\/\/www.p31noticias.com.br\/index.php?rest_route=\/wp\/v2\/users\/5"}],"replies":[{"embeddable":true,"href":"https:\/\/www.p31noticias.com.br\/index.php?rest_route=%2Fwp%2Fv2%2Fcomments&post=24069"}],"version-history":[{"count":1,"href":"https:\/\/www.p31noticias.com.br\/index.php?rest_route=\/wp\/v2\/posts\/24069\/revisions"}],"predecessor-version":[{"id":24071,"href":"https:\/\/www.p31noticias.com.br\/index.php?rest_route=\/wp\/v2\/posts\/24069\/revisions\/24071"}],"wp:featuredmedia":[{"embeddable":true,"href":"https:\/\/www.p31noticias.com.br\/index.php?rest_route=\/wp\/v2\/media\/24070"}],"wp:attachment":[{"href":"https:\/\/www.p31noticias.com.br\/index.php?rest_route=%2Fwp%2Fv2%2Fmedia&parent=24069"}],"wp:term":[{"taxonomy":"category","embeddable":true,"href":"https:\/\/www.p31noticias.com.br\/index.php?rest_route=%2Fwp%2Fv2%2Fcategories&post=24069"},{"taxonomy":"post_tag","embeddable":true,"href":"https:\/\/www.p31noticias.com.br\/index.php?rest_route=%2Fwp%2Fv2%2Ftags&post=24069"}],"curies":[{"name":"wp","href":"https:\/\/api.w.org\/{rel}","templated":true}]}}