{"id":24066,"date":"2021-08-25T14:21:03","date_gmt":"2021-08-25T17:21:03","guid":{"rendered":"https:\/\/p31noticias.com.br\/?p=24066"},"modified":"2021-08-25T14:21:03","modified_gmt":"2021-08-25T17:21:03","slug":"como-devastacao-e-aquecimento-podem-fazer-brasil-deixar-de-ser-potencia-agricola-global","status":"publish","type":"post","link":"https:\/\/www.p31noticias.com.br\/?p=24066","title":{"rendered":"Como devasta\u00e7\u00e3o e aquecimento podem fazer Brasil deixar de ser pot\u00eancia agr\u00edcola global"},"content":{"rendered":"<h4 class=\"content-head__subtitle\">Brasileiros precisam se preparar para viver sob condi\u00e7\u00f5es mais quentes e secas nas pr\u00f3ximas d\u00e9cadas, com impacto direto no nosso cotidiano e na produ\u00e7\u00e3o de alimentos, explica especialista clim\u00e1tico.<\/h4>\n<p>O Brasil viver\u00e1, nas pr\u00f3ximas d\u00e9cadas, secas cada vez mais prolongadas, temperaturas mais altas e extremos clim\u00e1ticos que ter\u00e3o um profundo impacto na forma como sobrevivemos e produzimos energia e comida.<\/p>\n<div class=\"mc-column content-text active-extra-styles \" data-block-type=\"unstyled\" data-block-weight=\"34\" data-block-id=\"4\">\n<p class=\"content-text__container \" data-track-category=\"Link no Texto\" data-track-links=\"\">Na pr\u00e1tica, o clima vai mudar tanto a vida nas cidades grandes quanto a produ\u00e7\u00e3o agr\u00edcola &#8211; causando o risco de o Brasil perder o status de gigante global na produ\u00e7\u00e3o de alimentos.<\/p>\n<\/div>\n<div class=\"mc-column content-text active-extra-styles\" data-block-type=\"raw\" data-block-weight=\"20\" data-block-id=\"5\">\n<blockquote class=\"content-blockquote theme-border-color-primary-before\"><p>E a responsabilidade disso recai sobre o avan\u00e7o do desmatamento, aliado \u00e0s (e potencializado pelas) mudan\u00e7as clim\u00e1ticas no mundo inteiro.<\/p><\/blockquote>\n<\/div>\n<div class=\"mc-column content-text active-extra-styles \" data-block-type=\"unstyled\" data-block-weight=\"39\" data-block-id=\"6\">\n<p class=\"content-text__container \" data-track-category=\"Link no Texto\" data-track-links=\"\">A avalia\u00e7\u00e3o \u00e9 do cientista do clima Carlos Nobre, que j\u00e1 foi pesquisador do Instituto Nacional de Pesquisas Espaciais (Inpe), coordena o Instituto Nacional de Tecnologia para Mudan\u00e7as Clim\u00e1ticas e \u00e9 um dos principais especialistas do tema no Brasil.<\/p>\n<\/div>\n<div class=\"mc-column content-text active-extra-styles \" data-block-type=\"unstyled\" data-block-weight=\"56\" data-block-id=\"7\">\n<p class=\"content-text__container \" data-track-category=\"Link no Texto\" data-track-links=\"\">Nobre conversou com a BBC News Brasil para comentar os dados rec\u00e9m-divulgados pela organiza\u00e7\u00e3o MapBiomas, que mostram que a superf\u00edcie de \u00e1rea com \u00e1gua no Brasil ficou 15% menor desde o in\u00edcio dos anos 1990 &#8211; esses 3,1 milh\u00f5es de hectares perdidos equivalem a uma vez e meia \u00e0 superf\u00edcie de \u00e1gua de todo o Nordeste.<\/p>\n<\/div>\n<div class=\"mc-column content-text active-extra-styles \" data-block-type=\"unstyled\" data-block-weight=\"28\" data-block-id=\"9\">\n<p class=\"content-text__container \" data-track-category=\"Link no Texto\" data-track-links=\"\">A maior perda (absoluta e proporcional) de superf\u00edcie de \u00e1gua na s\u00e9rie hist\u00f3rica analisada pelo MapBiomas ocorreu no Mato Grosso do Sul, com uma redu\u00e7\u00e3o de 57%.<\/p>\n<div class=\"mc-column content-text active-extra-styles \" data-block-type=\"unstyled\" data-block-weight=\"44\" data-block-id=\"11\">\n<p class=\"content-text__container \" data-track-category=\"Link no Texto\" data-track-links=\"\">Enquanto isso, o Instituto Nacional de Pesquisas Espaciais identificou que os focos de inc\u00eandio neste ano at\u00e9 agora cresceram, em rela\u00e7\u00e3o ao mesmo per\u00edodo no ano passado, na Mata Atl\u00e2ntica, no Cerrado e na Caatinga &#8211; neste \u00faltimo, o aumento foi mais de 100%.<\/p>\n<\/div>\n<div class=\"mc-column content-text active-extra-styles \" data-block-type=\"unstyled\" data-block-weight=\"27\" data-block-id=\"12\">\n<p class=\"content-text__container \" data-track-category=\"Link no Texto\" data-track-links=\"\">Na Amaz\u00f4nia, o Instituto Imazon aponta que o acumulado do desmatamento na floresta nos \u00faltimos 12 meses at\u00e9 julho atingiu a pior marca dos \u00faltimos dez anos.<\/p>\n<\/div>\n<div class=\"mc-column content-text active-extra-styles \" data-block-type=\"unstyled\" data-block-weight=\"28\" data-block-id=\"13\">\n<p class=\"content-text__container \" data-track-category=\"Link no Texto\" data-track-links=\"\">Todos esses dados est\u00e3o interligados: quanto mais avan\u00e7a o desmatamento &#8211; em conjunto com o aumento das temperaturas globais -, menores ficam as temporadas de chuva no Brasil.<\/p>\n<\/div>\n<div class=\"mc-column content-text active-extra-styles \" data-block-type=\"unstyled\" data-block-weight=\"24\" data-block-id=\"14\">\n<p class=\"content-text__container \" data-track-category=\"Link no Texto\" data-track-links=\"\">&#8220;H\u00e1 estudos que mostram claramente que as chuvas est\u00e3o diminuindo em \u00e1reas altamente desmatadas, e as esta\u00e7\u00f5es secas est\u00e3o mais longas&#8221;, explica Nobre.<\/p>\n<\/div>\n<div class=\"mc-column content-text active-extra-styles\" data-block-type=\"raw\" data-block-weight=\"25\" data-block-id=\"15\">\n<blockquote class=\"content-blockquote theme-border-color-primary-before\"><p>&#8220;No sul da Amaz\u00f4nia, as secas j\u00e1 est\u00e3o de tr\u00eas a quatro semanas mais longas, com menos chuvas e temperaturas cerca de 3\u00b0C mais altas.&#8221;<\/p><\/blockquote>\n<\/div>\n<div class=\"mc-column content-text active-extra-styles \" data-block-type=\"unstyled\" data-block-weight=\"39\" data-block-id=\"16\">\n<p class=\"content-text__container \" data-track-category=\"Link no Texto\" data-track-links=\"\">O grande problema \u00e9 que, em \u00e1reas desmatadas,\u00a0<span class=\"highlight highlighted\">perde-se a capacidade de reciclar \u00e1gua, o que intensifica as secas<\/span>. &#8220;H\u00e1 menos vegeta\u00e7\u00e3o e ra\u00edzes para absorver a \u00e1gua, transpir\u00e1-la e jog\u00e1-la de volta \u00e0 atmosfera&#8221;, diz o cientista.<\/p>\n<\/div>\n<div class=\"mc-column content-text active-extra-styles\" data-block-type=\"raw\" data-block-weight=\"20\" data-block-id=\"18\">\n<blockquote class=\"content-blockquote theme-border-color-primary-before\"><p>Portanto, quanto mais inc\u00eandios e florestas derrubadas, mais seco e quente o clima ficar\u00e1 no curto e no longo prazo.<\/p><\/blockquote>\n<\/div>\n<div class=\"mc-column content-text active-extra-styles \" data-block-type=\"unstyled\" data-block-weight=\"50\" data-block-id=\"19\">\n<p class=\"content-text__container \" data-track-category=\"Link no Texto\" data-track-links=\"\">Embora ainda n\u00e3o seja poss\u00edvel saber se esses efeitos ser\u00e3o permanentes, a secura do clima vivida neste momento em grande parte do Brasil &#8211; parte de uma tend\u00eancia j\u00e1 observada nos \u00faltimos anos &#8211; \u00e9 uma esp\u00e9cie de &#8220;fotografia do que ser\u00e1 o clima do Brasil no futuro&#8221;, observa Nobre.<\/p>\n<\/div>\n<div class=\"mc-column content-text active-extra-styles \" data-block-type=\"unstyled\" data-block-weight=\"13\" data-block-id=\"20\">\n<p class=\"content-text__container \" data-track-category=\"Link no Texto\" data-track-links=\"\">No &#8220;melhor dos cen\u00e1rios&#8221;, diz ele,<strong>\u00a0a redu\u00e7\u00e3o das chuvas ser\u00e1 de 10%<\/strong>.<\/p>\n<\/div>\n<div class=\"mc-column content-text active-extra-styles \" data-block-type=\"unstyled\" data-block-weight=\"51\" data-block-id=\"21\">\n<p class=\"content-text__container \" data-track-category=\"Link no Texto\" data-track-links=\"\">&#8220;Mesmo que consigamos manter o m\u00e1ximo de aumento da temperatura (global) em 1,5\u00b0C, que \u00e9 o plano mais ambicioso da Conven\u00e7\u00e3o das Mudan\u00e7as Clim\u00e1ticas (o chamado Acordo de Paris), devemos estar preparados para uma esta\u00e7\u00e3o de chuvas mais curta e uma esta\u00e7\u00e3o de secas mais longa na maior parte do Brasil.&#8221;<\/p>\n<\/div>\n<div class=\"mc-column content-text active-extra-styles \" data-block-type=\"unstyled\" data-block-weight=\"14\" data-block-id=\"22\">\n<p class=\"content-text__container \" data-track-category=\"Link no Texto\" data-track-links=\"\">Os impactos disso foram observados pelo coordenador do MapBiomas \u00e1gua, Carlos Souza Jr.<\/p>\n<\/div>\n<div class=\"mc-column content-text active-extra-styles \" data-block-type=\"unstyled\" data-block-weight=\"51\" data-block-id=\"23\">\n<p class=\"content-text__container \" data-track-category=\"Link no Texto\" data-track-links=\"\">&#8220;As evid\u00eancias vindas do campo j\u00e1 indicam que as pessoas j\u00e1 come\u00e7aram a sentir o impacto negativo com o aumento de queimadas, impacto na produ\u00e7\u00e3o de alimentos, e na produ\u00e7\u00e3o de energia, e at\u00e9 mesmo com o racionamento de \u00e1gua em grandes centros urbanos&#8221;, afirmou Souza no comunicado emitido pela organiza\u00e7\u00e3o.<\/p>\n<div class=\"mc-column content-text active-extra-styles\" data-block-type=\"raw\" data-block-weight=\"7\" data-block-id=\"25\">\n<div class=\"content-intertitle\">\n<h2>Semideserto no Nordeste e savana na Amaz\u00f4nia<\/h2>\n<\/div>\n<\/div>\n<div class=\"content-ads content-ads--reveal\" data-block-type=\"ads\" data-block-id=\"26\">\n<div id=\"banner_materia__4326b65a-b330-4d08-a05e-529c47a6802e\" class=\"tag-manager-publicidade-container mc-has-reveal mc-has-ad-lazyload tag-manager-publicidade-banner_materia__4326b65a-b330-4d08-a05e-529c47a6802e tag-manager-publicidade-container--carregado tag-manager-publicidade-container--visivel\" data-id=\"banner_materia__4326b65a-b330-4d08-a05e-529c47a6802e\" data-req=\"true\" data-google-query-id=\"CLWM4fDWzPICFdOWlQIdsv0BwA\" data-cid=\"138360537967\" data-lid=\"5767162200\">\n<div class=\"mc-column content-text active-extra-styles \" data-block-type=\"unstyled\" data-block-weight=\"22\" data-block-id=\"27\">\n<p class=\"content-text__container \" data-track-category=\"Link no Texto\" data-track-links=\"\">As regi\u00f5es do Brasil a serem mais afetadas pelas secas prolongadas ser\u00e3o o Norte, o Centro-Oeste e o Nordeste, segundo Nobre.<\/p>\n<\/div>\n<div class=\"mc-column content-text active-extra-styles\" data-block-type=\"raw\" data-block-weight=\"27\" data-block-id=\"28\">\n<blockquote class=\"content-blockquote theme-border-color-primary-before\"><p>No Nordeste, caso a temperatura global continue aumentando, o perigo \u00e9 &#8220;<strong><span class=\"highlight highlighted\">mais de 50% da regi\u00e3o virar um semideserto<\/span><\/strong>&#8220;, em vez do semi\u00e1rido atual, explica o cientista.<\/p><\/blockquote>\n<\/div>\n<div class=\"mc-column content-text active-extra-styles \" data-block-type=\"unstyled\" data-block-weight=\"25\" data-block-id=\"29\">\n<p class=\"content-text__container \" data-track-category=\"Link no Texto\" data-track-links=\"\">O alerta j\u00e1 havia sido dado, no in\u00edcio de agosto, pelo relat\u00f3rio mais recente do Painel Intergovernamental sobre Mudan\u00e7as Clim\u00e1ticas (IPCC na sigla em ingl\u00eas):<\/p>\n<\/div>\n<div class=\"mc-column content-text active-extra-styles \" data-block-type=\"unstyled\" data-block-weight=\"22\" data-block-id=\"30\">\n<p class=\"content-text__container \" data-track-category=\"Link no Texto\" data-track-links=\"\">&#8220;O Nordeste brasileiro \u00e9 a \u00e1rea seca mais densamente povoada do mundo e \u00e9 recorrentemente afetado por extremos clim\u00e1ticos&#8221;, destacou o texto.<\/p>\n<div class=\"mc-column content-text active-extra-styles \" data-block-type=\"unstyled\" data-block-weight=\"66\" data-block-id=\"32\">\n<p class=\"content-text__container \" data-track-category=\"Link no Texto\" data-track-links=\"\">O impacto ser\u00e1 direto na vida de ao menos 10 milh\u00f5es de pessoas que vivem atualmente na agricultura e pecu\u00e1ria nordestinas. Isso porque um Nordeste semides\u00e9rtico &#8220;n\u00e3o ter\u00e1 agricultura como se pratica hoje. Poderia haver s\u00f3 um pouco de agricultura \u00e0 beira do rio S\u00e3o Francisco, mas mesmo a vaz\u00e3o do S\u00e3o Francisco vai diminuir,\u00a0<span class=\"highlight highlighted\">afetando tamb\u00e9m o potencial de gera\u00e7\u00e3o de energia el\u00e9trica<\/span>&#8220;, diz Nobre.<\/p>\n<\/div>\n<div class=\"mc-column content-text active-extra-styles \" data-block-type=\"unstyled\" data-block-weight=\"60\" data-block-id=\"33\">\n<p class=\"content-text__container \" data-track-category=\"Link no Texto\" data-track-links=\"\">\u00c9 um exemplo da crise h\u00eddrica vivida em todo o Brasil e que j\u00e1 impacta\u00a0<span class=\"highlight highlighted\">a produ\u00e7\u00e3o de energia pelas hidrel\u00e9tricas do pa\u00eds, leva a aumento nos custos das contas de luz pagas pelos consumidores e for\u00e7a o uso de usinas termel\u00e9tricas\u00a0<\/span>&#8211; que, por sua vez, s\u00e3o mais poluentes e contribuem para mais emiss\u00e3o de gases do efeito estufa.<\/p>\n<div class=\"mc-column content-text active-extra-styles \" data-block-type=\"unstyled\" data-block-weight=\"33\" data-block-id=\"35\">\n<p class=\"content-text__container \" data-track-category=\"Link no Texto\" data-track-links=\"\">Enquanto isso, na Amaz\u00f4nia, o perigo identificado por pesquisadores como Carlos Nobre \u00e9 com o iminente risco de\u00a0<strong><span class=\"highlight highlighted\">a regi\u00e3o virar uma savana<\/span><\/strong>\u00a0&#8211; perdendo, portanto, as caracter\u00edsticas \u00fanicas de uma floresta tropical.<\/p>\n<\/div>\n<div class=\"mc-column content-text active-extra-styles\" data-block-type=\"raw\" data-block-weight=\"53\" data-block-id=\"36\">\n<blockquote class=\"content-blockquote theme-border-color-primary-before\"><p>&#8220;V\u00e1rios estudos mostram que se continuarmos a desmatar, vamos passar do que chamamos de ponto de n\u00e3o retorno &#8211; um ponto irrevers\u00edvel de savaniza\u00e7\u00e3o&#8221;, diz Nobre. Esp\u00e9cies animais e vegetais \u00fanicas do Brasil ser\u00e3o perdidas no processo. &#8220;Antes, v\u00edamos uma mega-seca a cada 20 anos na Amaz\u00f4nia; agora s\u00e3o duas secas por d\u00e9cada.&#8221;<\/p><\/blockquote>\n<\/div>\n<div class=\"content-ads content-ads--reveal\" data-block-type=\"ads\" data-block-id=\"37\">\n<div id=\"banner_materia__f7b2969b-228b-48c0-ad05-c341840c3c61\" class=\"tag-manager-publicidade-container mc-has-reveal mc-has-ad-lazyload tag-manager-publicidade-banner_materia__f7b2969b-228b-48c0-ad05-c341840c3c61 tag-manager-publicidade-container--carregado tag-manager-publicidade-container--visivel\" data-id=\"banner_materia__f7b2969b-228b-48c0-ad05-c341840c3c61\" data-req=\"true\" data-google-query-id=\"CNuM6aHXzPICFdOWlQIdsv0BwA\" data-cid=\"138360131634\" data-lid=\"5764819623\">\n<div class=\"mc-column content-text active-extra-styles \" data-block-type=\"unstyled\" data-block-weight=\"33\" data-block-id=\"38\">\n<p class=\"content-text__container \" data-track-category=\"Link no Texto\" data-track-links=\"\">Em julho, um estudo publicado na revista Nature, que teve participa\u00e7\u00e3o do Inpe, apontou que, por conta do desmatamento e das queimadas, a Amaz\u00f4nia j\u00e1 est\u00e1 emitindo mais CO2 do que absorver.<\/p>\n<\/div>\n<div class=\"mc-column content-text active-extra-styles \" data-block-type=\"unstyled\" data-block-weight=\"24\" data-block-id=\"39\">\n<p class=\"content-text__container \" data-track-category=\"Link no Texto\" data-track-links=\"\">&#8220;Precisamos zerar o desmatamento a jato (rapidamente), em poucos anos, no que talvez seja o maior desafio que o Brasil pode enfrentar&#8221;, opina Nobre.<\/p>\n<div class=\"mc-column content-text active-extra-styles\" data-block-type=\"raw\" data-block-weight=\"4\" data-block-id=\"41\">\n<div class=\"content-intertitle\">\n<h2>Sa\u00fade humana e agricultura<\/h2>\n<\/div>\n<\/div>\n<div class=\"mc-column content-text active-extra-styles \" data-block-type=\"unstyled\" data-block-weight=\"27\" data-block-id=\"42\">\n<p class=\"content-text__container \" data-track-category=\"Link no Texto\" data-track-links=\"\">Se sentimos (literalmente) no corpo os efeitos do clima mais seco na sa\u00fade, a produ\u00e7\u00e3o agr\u00edcola tamb\u00e9m vai viver os impactos da escassez de \u00e1gua, explica Nobre.<\/p>\n<\/div>\n<div class=\"mc-column content-text active-extra-styles \" data-block-type=\"unstyled\" data-block-weight=\"25\" data-block-id=\"43\">\n<p class=\"content-text__container \" data-track-category=\"Link no Texto\" data-track-links=\"\">&#8220;(Produ\u00e7\u00e3o de) gr\u00e3os, pecu\u00e1ria &#8211; toda essa estrutura que s\u00e3o importantes elementos econ\u00f4micos (do Brasil) j\u00e1 est\u00e1 sendo prejudicada pelo aumento dos extremos clim\u00e1ticos&#8221;, afirma.<\/p>\n<div class=\"mc-column content-text active-extra-styles \" data-block-type=\"unstyled\" data-block-weight=\"43\" data-block-id=\"46\">\n<p class=\"content-text__container \" data-track-category=\"Link no Texto\" data-track-links=\"\">&#8220;Por mais que empresas de pesquisas, universidades e Embrapa (ag\u00eancia de pesquisas agr\u00edcolas) tentem desenvolver variedades de gr\u00e3os mais adaptadas a secas prolongadas e a temperaturas mais elevadas, o clima est\u00e1 ganhando a guerra. A agricultura tem que se preparar para isso&#8221;, prossegue.<\/p>\n<\/div>\n<div class=\"mc-column content-text active-extra-styles \" data-block-type=\"unstyled\" data-block-weight=\"59\" data-block-id=\"47\">\n<p class=\"content-text__container \" data-track-category=\"Link no Texto\" data-track-links=\"\">&#8220;E temos que torcer para (o aumento global da) temperatura n\u00e3o passar de 1,5\u00b0C, porque se n\u00f3s continuarmos com este ritmo de emiss\u00f5es e n\u00e3o tivermos sucesso em zer\u00e1-las at\u00e9 2050,\u00a0<strong><span class=\"highlight highlighted\">na segunda metade do s\u00e9culo, o Brasil tropical deixar\u00e1 de ser uma pot\u00eancia agr\u00edcola<\/span><\/strong>\u00a0&#8211; ficar\u00e1 muito quente e seco e inapropriado para esse tipo de agricultura&#8221;, prossegue.<\/p>\n<\/div>\n<div class=\"mc-column content-text active-extra-styles \" data-block-type=\"unstyled\" data-block-weight=\"34\" data-block-id=\"48\">\n<p class=\"content-text__container \" data-track-category=\"Link no Texto\" data-track-links=\"\">Ele cita como exemplo a queda na produtividade da soja na regi\u00e3o conhecida como Matopiba (que re\u00fane Maranh\u00e3o, Tocantins, Piau\u00ed e Bahia) em decorr\u00eancia do ar mais quente que tem sido soprado da Amaz\u00f4nia.<\/p>\n<\/div>\n<div class=\"mc-column content-text active-extra-styles \" data-block-type=\"unstyled\" data-block-weight=\"37\" data-block-id=\"49\">\n<p class=\"content-text__container \" data-track-category=\"Link no Texto\" data-track-links=\"\">Boletim de julho da Companhia Nacional de Abastecimento (Conab) apontou efeitos mistos da crise h\u00eddrica no m\u00eas passado: de um lado, prejudicou a irriga\u00e7\u00e3o de lavouras; de outro, ajudou na matura\u00e7\u00e3o das safras de milho e algod\u00e3o.<\/p>\n<\/div>\n<div class=\"mc-column content-text active-extra-styles\" data-block-type=\"raw\" data-block-weight=\"3\" data-block-id=\"50\">\n<div class=\"content-intertitle\">\n<h2>Eventos clim\u00e1ticos extremos<\/h2>\n<\/div>\n<\/div>\n<div class=\"mc-column content-text active-extra-styles \" data-block-type=\"unstyled\" data-block-weight=\"49\" data-block-id=\"51\">\n<p class=\"content-text__container \" data-track-category=\"Link no Texto\" data-track-links=\"\">E se no centro e no norte do Brasil as chuvas ficar\u00e3o mais escassas, a tend\u00eancia \u00e9 de que o mesmo n\u00e3o se repita em parte do Sudeste e Sul do pa\u00eds &#8211; que podem, na verdade, ver sua quantidade de chuvas aumentar nas pr\u00f3ximas d\u00e9cadas, diz o pesquisador.<\/p>\n<\/div>\n<div class=\"mc-column content-text active-extra-styles \" data-block-type=\"unstyled\" data-block-weight=\"30\" data-block-id=\"52\">\n<p class=\"content-text__container \" data-track-category=\"Link no Texto\" data-track-links=\"\">Com isso, essas regi\u00f5es (onde o clima \u00e9, por si s\u00f3, mais ameno que no restante do pa\u00eds, por sua localiza\u00e7\u00e3o geogr\u00e1fica) podem acabar ganhando for\u00e7a na produ\u00e7\u00e3o agr\u00edcola nacional.<\/p>\n<\/div>\n<div class=\"mc-column content-text active-extra-styles\" data-block-type=\"raw\" data-block-weight=\"26\" data-block-id=\"53\">\n<blockquote class=\"content-blockquote theme-border-color-primary-before\"><p>O que n\u00e3o significa, por\u00e9m, que n\u00e3o sofrer\u00e3o com os devastadores efeitos dos chamados eventos clim\u00e1ticos extremos, como chuvas torrenciais, secas prolongadas e ondas de calor.<\/p><\/blockquote>\n<\/div>\n<div class=\"mc-column content-text active-extra-styles \" data-block-type=\"unstyled\" data-block-weight=\"30\" data-block-id=\"54\">\n<p class=\"content-text__container \" data-track-category=\"Link no Texto\" data-track-links=\"\">Esses eventos clim\u00e1ticos t\u00eam se tornado mais frequentes em todo o mundo s\u00e3o tamb\u00e9m consequ\u00eancia direta do aquecimento global, como apontou o relat\u00f3rio do IPCC divulgado no in\u00edcio de agosto.<\/p>\n<\/div>\n<div class=\"content-ads content-ads--reveal\" data-block-type=\"ads\" data-block-id=\"55\"><\/div>\n<div class=\"mc-column content-text active-extra-styles \" data-block-type=\"unstyled\" data-block-weight=\"46\" data-block-id=\"56\">\n<p class=\"content-text__container \" data-track-category=\"Link no Texto\" data-track-links=\"\">&#8220;Com o aumento gradual do n\u00edvel do mar, os eventos extremos que ocorreram no passado apenas uma vez por s\u00e9culo ocorrer\u00e3o com mais frequ\u00eancia no futuro&#8221;, disse, na ocasi\u00e3o do lan\u00e7amento do relat\u00f3rio, Val\u00e9rie Masson-Delmotte, copresidente do grupo de trabalho do IPCC que produziu o texto.<\/p>\n<\/div>\n<div class=\"mc-column content-text active-extra-styles \" data-block-type=\"unstyled\" data-block-weight=\"38\" data-block-id=\"57\">\n<p class=\"content-text__container \" data-track-category=\"Link no Texto\" data-track-links=\"\">No Brasil, segundo Carlos Nobre, mesmo que &#8211; hipoteticamente &#8211; n\u00e3o houvesse um aquecimento global em curso no mundo, os sucessivos recordes de desmatamento na Amaz\u00f4nia e no Pantanal j\u00e1 estariam tendo impactos nocivos sobre o clima brasileiro.<\/p>\n<\/div>\n<div class=\"mc-column content-text active-extra-styles\" data-block-type=\"raw\" data-block-weight=\"19\" data-block-id=\"58\">\n<blockquote class=\"content-blockquote theme-border-color-primary-before\"><p>Na pr\u00e1tica, os dois fen\u00f4menos &#8211; desmatamento e aumento das temperaturas &#8211; t\u00eam ocorrido juntos, potencializando um ao outro.<\/p><\/blockquote>\n<\/div>\n<div class=\"mc-column content-text active-extra-styles \" data-block-type=\"unstyled\" data-block-weight=\"32\" data-block-id=\"59\">\n<p class=\"content-text__container \" data-track-category=\"Link no Texto\" data-track-links=\"\">&#8220;Mesmo no ano passado, quando a maioria dos pa\u00edses reduziu suas emiss\u00f5es (de gases do efeito estufa) por conta da pandemia, o Brasil aumentou suas emiss\u00f5es por culpa do desmatamento&#8221;, diz Nobre.<\/p>\n<\/div>\n<div class=\"mc-column content-text active-extra-styles \" data-block-type=\"unstyled\" data-block-weight=\"52\" data-block-id=\"60\">\n<p class=\"content-text__container \" data-track-category=\"Link no Texto\" data-track-links=\"\">Embora ele destaque que, nos \u00faltimos anos, o Brasil avan\u00e7ou em construir uma matriz energ\u00e9tica mais limpa &#8211; cerca de 11% da nossa energia vem de fontes e\u00f3licas ou solares, diz ele -, o Brasil, at\u00e9 o momento, &#8220;est\u00e1 na contram\u00e3o dos compromissos assumidos&#8221; de participar do esfor\u00e7o contra o aquecimento global.<\/p>\n<p data-track-category=\"Link no Texto\" data-track-links=\"\">Fonte: G1.<\/p>\n<\/div>\n<\/div>\n<\/div>\n<\/div>\n<\/div>\n<\/div>\n<\/div>\n<\/div>\n<\/div>\n<\/div>\n<\/div>\n","protected":false},"excerpt":{"rendered":"<p>Brasileiros precisam se preparar para viver sob condi\u00e7\u00f5es mais quentes e secas nas pr\u00f3ximas d\u00e9cadas, com impacto direto no nosso cotidiano e na produ\u00e7\u00e3o de alimentos, explica especialista clim\u00e1tico. O Brasil viver\u00e1, nas pr\u00f3ximas d\u00e9cadas, secas cada vez mais prolongadas, temperaturas mais altas e extremos clim\u00e1ticos que ter\u00e3o um profundo impacto na forma como sobrevivemos [&hellip;]<\/p>\n","protected":false},"author":5,"featured_media":24067,"comment_status":"open","ping_status":"open","sticky":false,"template":"","format":"standard","meta":{"footnotes":""},"categories":[1],"tags":[],"class_list":{"0":"post-24066","1":"post","2":"type-post","3":"status-publish","4":"format-standard","5":"has-post-thumbnail","7":"category-outros"},"yoast_head":"<!-- This site is optimized with the Yoast SEO Premium plugin v24.5 (Yoast SEO v27.5) - https:\/\/yoast.com\/product\/yoast-seo-premium-wordpress\/ -->\n<title>Como devasta\u00e7\u00e3o e aquecimento podem fazer Brasil deixar de ser pot\u00eancia agr\u00edcola global - P31<\/title>\n<meta name=\"robots\" content=\"index, follow, max-snippet:-1, max-image-preview:large, max-video-preview:-1\" \/>\n<link rel=\"canonical\" href=\"https:\/\/www.p31noticias.com.br\/?p=24066\" \/>\n<meta property=\"og:locale\" content=\"pt_BR\" \/>\n<meta property=\"og:type\" content=\"article\" \/>\n<meta property=\"og:title\" content=\"Como devasta\u00e7\u00e3o e aquecimento podem fazer Brasil deixar de ser pot\u00eancia agr\u00edcola global\" \/>\n<meta property=\"og:description\" content=\"Brasileiros precisam se preparar para viver sob condi\u00e7\u00f5es mais quentes e secas nas pr\u00f3ximas d\u00e9cadas, com impacto direto no nosso cotidiano e na produ\u00e7\u00e3o de alimentos, explica especialista clim\u00e1tico. O Brasil viver\u00e1, nas pr\u00f3ximas d\u00e9cadas, secas cada vez mais prolongadas, temperaturas mais altas e extremos clim\u00e1ticos que ter\u00e3o um profundo impacto na forma como sobrevivemos [&hellip;]\" \/>\n<meta property=\"og:url\" content=\"https:\/\/www.p31noticias.com.br\/?p=24066\" \/>\n<meta property=\"og:site_name\" content=\"P31\" \/>\n<meta property=\"article:published_time\" content=\"2021-08-25T17:21:03+00:00\" \/>\n<meta property=\"og:image\" content=\"https:\/\/www.p31noticias.com.br\/wp-content\/uploads\/2021\/08\/cabanhas-11.jpg\" \/>\n\t<meta property=\"og:image:width\" content=\"984\" \/>\n\t<meta property=\"og:image:height\" content=\"656\" \/>\n\t<meta property=\"og:image:type\" content=\"image\/jpeg\" \/>\n<meta name=\"author\" content=\"Camilly Scheffer\" \/>\n<meta name=\"twitter:card\" content=\"summary_large_image\" \/>\n<meta name=\"twitter:label1\" content=\"Escrito por\" \/>\n\t<meta name=\"twitter:data1\" content=\"Camilly Scheffer\" \/>\n\t<meta name=\"twitter:label2\" content=\"Est. tempo de leitura\" \/>\n\t<meta name=\"twitter:data2\" content=\"9 minutos\" \/>\n<script type=\"application\/ld+json\" class=\"yoast-schema-graph\">{\"@context\":\"https:\\\/\\\/schema.org\",\"@graph\":[{\"@type\":\"Article\",\"@id\":\"https:\\\/\\\/www.p31noticias.com.br\\\/?p=24066#article\",\"isPartOf\":{\"@id\":\"https:\\\/\\\/www.p31noticias.com.br\\\/?p=24066\"},\"author\":{\"name\":\"Camilly Scheffer\",\"@id\":\"https:\\\/\\\/www.p31noticias.com.br\\\/#\\\/schema\\\/person\\\/d1bb0ccbf62b27e19ea4e75696908d43\"},\"headline\":\"Como devasta\u00e7\u00e3o e aquecimento podem fazer Brasil deixar de ser pot\u00eancia agr\u00edcola global\",\"datePublished\":\"2021-08-25T17:21:03+00:00\",\"mainEntityOfPage\":{\"@id\":\"https:\\\/\\\/www.p31noticias.com.br\\\/?p=24066\"},\"wordCount\":1721,\"commentCount\":0,\"image\":{\"@id\":\"https:\\\/\\\/www.p31noticias.com.br\\\/?p=24066#primaryimage\"},\"thumbnailUrl\":\"https:\\\/\\\/www.p31noticias.com.br\\\/wp-content\\\/uploads\\\/2021\\\/08\\\/cabanhas-11.jpg\",\"articleSection\":[\"Outros\"],\"inLanguage\":\"pt-BR\",\"potentialAction\":[{\"@type\":\"CommentAction\",\"name\":\"Comment\",\"target\":[\"https:\\\/\\\/www.p31noticias.com.br\\\/?p=24066#respond\"]}],\"copyrightYear\":\"2021\",\"copyrightHolder\":{\"@id\":\"https:\\\/\\\/www.p31noticias.com.br\\\/#organization\"}},{\"@type\":\"WebPage\",\"@id\":\"https:\\\/\\\/www.p31noticias.com.br\\\/?p=24066\",\"url\":\"https:\\\/\\\/www.p31noticias.com.br\\\/?p=24066\",\"name\":\"Como devasta\u00e7\u00e3o e aquecimento podem fazer Brasil deixar de ser pot\u00eancia agr\u00edcola global - P31\",\"isPartOf\":{\"@id\":\"https:\\\/\\\/www.p31noticias.com.br\\\/#website\"},\"primaryImageOfPage\":{\"@id\":\"https:\\\/\\\/www.p31noticias.com.br\\\/?p=24066#primaryimage\"},\"image\":{\"@id\":\"https:\\\/\\\/www.p31noticias.com.br\\\/?p=24066#primaryimage\"},\"thumbnailUrl\":\"https:\\\/\\\/www.p31noticias.com.br\\\/wp-content\\\/uploads\\\/2021\\\/08\\\/cabanhas-11.jpg\",\"datePublished\":\"2021-08-25T17:21:03+00:00\",\"author\":{\"@id\":\"https:\\\/\\\/www.p31noticias.com.br\\\/#\\\/schema\\\/person\\\/d1bb0ccbf62b27e19ea4e75696908d43\"},\"breadcrumb\":{\"@id\":\"https:\\\/\\\/www.p31noticias.com.br\\\/?p=24066#breadcrumb\"},\"inLanguage\":\"pt-BR\",\"potentialAction\":[{\"@type\":\"ReadAction\",\"target\":[\"https:\\\/\\\/www.p31noticias.com.br\\\/?p=24066\"]}]},{\"@type\":\"ImageObject\",\"inLanguage\":\"pt-BR\",\"@id\":\"https:\\\/\\\/www.p31noticias.com.br\\\/?p=24066#primaryimage\",\"url\":\"https:\\\/\\\/www.p31noticias.com.br\\\/wp-content\\\/uploads\\\/2021\\\/08\\\/cabanhas-11.jpg\",\"contentUrl\":\"https:\\\/\\\/www.p31noticias.com.br\\\/wp-content\\\/uploads\\\/2021\\\/08\\\/cabanhas-11.jpg\",\"width\":984,\"height\":656},{\"@type\":\"BreadcrumbList\",\"@id\":\"https:\\\/\\\/www.p31noticias.com.br\\\/?p=24066#breadcrumb\",\"itemListElement\":[{\"@type\":\"ListItem\",\"position\":1,\"name\":\"In\u00edcio\",\"item\":\"https:\\\/\\\/www.p31noticias.com.br\\\/\"},{\"@type\":\"ListItem\",\"position\":2,\"name\":\"Como devasta\u00e7\u00e3o e aquecimento podem fazer Brasil deixar de ser pot\u00eancia agr\u00edcola global\"}]},{\"@type\":\"WebSite\",\"@id\":\"https:\\\/\\\/www.p31noticias.com.br\\\/#website\",\"url\":\"https:\\\/\\\/www.p31noticias.com.br\\\/\",\"name\":\"P31\",\"description\":\"NOT\u00cdCIAS\",\"potentialAction\":[{\"@type\":\"SearchAction\",\"target\":{\"@type\":\"EntryPoint\",\"urlTemplate\":\"https:\\\/\\\/www.p31noticias.com.br\\\/?s={search_term_string}\"},\"query-input\":{\"@type\":\"PropertyValueSpecification\",\"valueRequired\":true,\"valueName\":\"search_term_string\"}}],\"inLanguage\":\"pt-BR\"},{\"@type\":\"Person\",\"@id\":\"https:\\\/\\\/www.p31noticias.com.br\\\/#\\\/schema\\\/person\\\/d1bb0ccbf62b27e19ea4e75696908d43\",\"name\":\"Camilly Scheffer\",\"image\":{\"@type\":\"ImageObject\",\"inLanguage\":\"pt-BR\",\"@id\":\"https:\\\/\\\/secure.gravatar.com\\\/avatar\\\/06f4704b382d241ec2670712618fccea085b2db24d7b2d3b8691d904bbc1d557?s=96&d=mm&r=g\",\"url\":\"https:\\\/\\\/secure.gravatar.com\\\/avatar\\\/06f4704b382d241ec2670712618fccea085b2db24d7b2d3b8691d904bbc1d557?s=96&d=mm&r=g\",\"contentUrl\":\"https:\\\/\\\/secure.gravatar.com\\\/avatar\\\/06f4704b382d241ec2670712618fccea085b2db24d7b2d3b8691d904bbc1d557?s=96&d=mm&r=g\",\"caption\":\"Camilly Scheffer\"},\"url\":\"https:\\\/\\\/www.p31noticias.com.br\\\/?author=5\"}]}<\/script>\n<!-- \/ Yoast SEO Premium plugin. -->","yoast_head_json":{"title":"Como devasta\u00e7\u00e3o e aquecimento podem fazer Brasil deixar de ser pot\u00eancia agr\u00edcola global - P31","robots":{"index":"index","follow":"follow","max-snippet":"max-snippet:-1","max-image-preview":"max-image-preview:large","max-video-preview":"max-video-preview:-1"},"canonical":"https:\/\/www.p31noticias.com.br\/?p=24066","og_locale":"pt_BR","og_type":"article","og_title":"Como devasta\u00e7\u00e3o e aquecimento podem fazer Brasil deixar de ser pot\u00eancia agr\u00edcola global","og_description":"Brasileiros precisam se preparar para viver sob condi\u00e7\u00f5es mais quentes e secas nas pr\u00f3ximas d\u00e9cadas, com impacto direto no nosso cotidiano e na produ\u00e7\u00e3o de alimentos, explica especialista clim\u00e1tico. O Brasil viver\u00e1, nas pr\u00f3ximas d\u00e9cadas, secas cada vez mais prolongadas, temperaturas mais altas e extremos clim\u00e1ticos que ter\u00e3o um profundo impacto na forma como sobrevivemos [&hellip;]","og_url":"https:\/\/www.p31noticias.com.br\/?p=24066","og_site_name":"P31","article_published_time":"2021-08-25T17:21:03+00:00","og_image":[{"width":984,"height":656,"url":"https:\/\/www.p31noticias.com.br\/wp-content\/uploads\/2021\/08\/cabanhas-11.jpg","type":"image\/jpeg"}],"author":"Camilly Scheffer","twitter_card":"summary_large_image","twitter_misc":{"Escrito por":"Camilly Scheffer","Est. tempo de leitura":"9 minutos"},"schema":{"@context":"https:\/\/schema.org","@graph":[{"@type":"Article","@id":"https:\/\/www.p31noticias.com.br\/?p=24066#article","isPartOf":{"@id":"https:\/\/www.p31noticias.com.br\/?p=24066"},"author":{"name":"Camilly Scheffer","@id":"https:\/\/www.p31noticias.com.br\/#\/schema\/person\/d1bb0ccbf62b27e19ea4e75696908d43"},"headline":"Como devasta\u00e7\u00e3o e aquecimento podem fazer Brasil deixar de ser pot\u00eancia agr\u00edcola global","datePublished":"2021-08-25T17:21:03+00:00","mainEntityOfPage":{"@id":"https:\/\/www.p31noticias.com.br\/?p=24066"},"wordCount":1721,"commentCount":0,"image":{"@id":"https:\/\/www.p31noticias.com.br\/?p=24066#primaryimage"},"thumbnailUrl":"https:\/\/www.p31noticias.com.br\/wp-content\/uploads\/2021\/08\/cabanhas-11.jpg","articleSection":["Outros"],"inLanguage":"pt-BR","potentialAction":[{"@type":"CommentAction","name":"Comment","target":["https:\/\/www.p31noticias.com.br\/?p=24066#respond"]}],"copyrightYear":"2021","copyrightHolder":{"@id":"https:\/\/www.p31noticias.com.br\/#organization"}},{"@type":"WebPage","@id":"https:\/\/www.p31noticias.com.br\/?p=24066","url":"https:\/\/www.p31noticias.com.br\/?p=24066","name":"Como devasta\u00e7\u00e3o e aquecimento podem fazer Brasil deixar de ser pot\u00eancia agr\u00edcola global - P31","isPartOf":{"@id":"https:\/\/www.p31noticias.com.br\/#website"},"primaryImageOfPage":{"@id":"https:\/\/www.p31noticias.com.br\/?p=24066#primaryimage"},"image":{"@id":"https:\/\/www.p31noticias.com.br\/?p=24066#primaryimage"},"thumbnailUrl":"https:\/\/www.p31noticias.com.br\/wp-content\/uploads\/2021\/08\/cabanhas-11.jpg","datePublished":"2021-08-25T17:21:03+00:00","author":{"@id":"https:\/\/www.p31noticias.com.br\/#\/schema\/person\/d1bb0ccbf62b27e19ea4e75696908d43"},"breadcrumb":{"@id":"https:\/\/www.p31noticias.com.br\/?p=24066#breadcrumb"},"inLanguage":"pt-BR","potentialAction":[{"@type":"ReadAction","target":["https:\/\/www.p31noticias.com.br\/?p=24066"]}]},{"@type":"ImageObject","inLanguage":"pt-BR","@id":"https:\/\/www.p31noticias.com.br\/?p=24066#primaryimage","url":"https:\/\/www.p31noticias.com.br\/wp-content\/uploads\/2021\/08\/cabanhas-11.jpg","contentUrl":"https:\/\/www.p31noticias.com.br\/wp-content\/uploads\/2021\/08\/cabanhas-11.jpg","width":984,"height":656},{"@type":"BreadcrumbList","@id":"https:\/\/www.p31noticias.com.br\/?p=24066#breadcrumb","itemListElement":[{"@type":"ListItem","position":1,"name":"In\u00edcio","item":"https:\/\/www.p31noticias.com.br\/"},{"@type":"ListItem","position":2,"name":"Como devasta\u00e7\u00e3o e aquecimento podem fazer Brasil deixar de ser pot\u00eancia agr\u00edcola global"}]},{"@type":"WebSite","@id":"https:\/\/www.p31noticias.com.br\/#website","url":"https:\/\/www.p31noticias.com.br\/","name":"P31","description":"NOT\u00cdCIAS","potentialAction":[{"@type":"SearchAction","target":{"@type":"EntryPoint","urlTemplate":"https:\/\/www.p31noticias.com.br\/?s={search_term_string}"},"query-input":{"@type":"PropertyValueSpecification","valueRequired":true,"valueName":"search_term_string"}}],"inLanguage":"pt-BR"},{"@type":"Person","@id":"https:\/\/www.p31noticias.com.br\/#\/schema\/person\/d1bb0ccbf62b27e19ea4e75696908d43","name":"Camilly Scheffer","image":{"@type":"ImageObject","inLanguage":"pt-BR","@id":"https:\/\/secure.gravatar.com\/avatar\/06f4704b382d241ec2670712618fccea085b2db24d7b2d3b8691d904bbc1d557?s=96&d=mm&r=g","url":"https:\/\/secure.gravatar.com\/avatar\/06f4704b382d241ec2670712618fccea085b2db24d7b2d3b8691d904bbc1d557?s=96&d=mm&r=g","contentUrl":"https:\/\/secure.gravatar.com\/avatar\/06f4704b382d241ec2670712618fccea085b2db24d7b2d3b8691d904bbc1d557?s=96&d=mm&r=g","caption":"Camilly Scheffer"},"url":"https:\/\/www.p31noticias.com.br\/?author=5"}]}},"amp_enabled":true,"_links":{"self":[{"href":"https:\/\/www.p31noticias.com.br\/index.php?rest_route=\/wp\/v2\/posts\/24066","targetHints":{"allow":["GET"]}}],"collection":[{"href":"https:\/\/www.p31noticias.com.br\/index.php?rest_route=\/wp\/v2\/posts"}],"about":[{"href":"https:\/\/www.p31noticias.com.br\/index.php?rest_route=\/wp\/v2\/types\/post"}],"author":[{"embeddable":true,"href":"https:\/\/www.p31noticias.com.br\/index.php?rest_route=\/wp\/v2\/users\/5"}],"replies":[{"embeddable":true,"href":"https:\/\/www.p31noticias.com.br\/index.php?rest_route=%2Fwp%2Fv2%2Fcomments&post=24066"}],"version-history":[{"count":1,"href":"https:\/\/www.p31noticias.com.br\/index.php?rest_route=\/wp\/v2\/posts\/24066\/revisions"}],"predecessor-version":[{"id":24068,"href":"https:\/\/www.p31noticias.com.br\/index.php?rest_route=\/wp\/v2\/posts\/24066\/revisions\/24068"}],"wp:featuredmedia":[{"embeddable":true,"href":"https:\/\/www.p31noticias.com.br\/index.php?rest_route=\/wp\/v2\/media\/24067"}],"wp:attachment":[{"href":"https:\/\/www.p31noticias.com.br\/index.php?rest_route=%2Fwp%2Fv2%2Fmedia&parent=24066"}],"wp:term":[{"taxonomy":"category","embeddable":true,"href":"https:\/\/www.p31noticias.com.br\/index.php?rest_route=%2Fwp%2Fv2%2Fcategories&post=24066"},{"taxonomy":"post_tag","embeddable":true,"href":"https:\/\/www.p31noticias.com.br\/index.php?rest_route=%2Fwp%2Fv2%2Ftags&post=24066"}],"curies":[{"name":"wp","href":"https:\/\/api.w.org\/{rel}","templated":true}]}}