{"id":24060,"date":"2021-08-24T14:24:16","date_gmt":"2021-08-24T17:24:16","guid":{"rendered":"https:\/\/p31noticias.com.br\/?p=24060"},"modified":"2021-08-24T14:24:16","modified_gmt":"2021-08-24T17:24:16","slug":"postos-sem-frentistas-e-volta-do-carro-a-diesel-entram-em-pauta-na-camara-dos-deputados","status":"publish","type":"post","link":"https:\/\/www.p31noticias.com.br\/?p=24060","title":{"rendered":"Postos sem frentistas e volta do carro a diesel entram em pauta na C\u00e2mara dos Deputados"},"content":{"rendered":"<div class=\"mc-column content-text active-extra-styles active-capital-letter\" data-block-type=\"unstyled\" data-block-weight=\"75\" data-block-id=\"2\">\n<p class=\"content-text__container theme-color-primary-first-letter\" data-track-category=\"Link no Texto\" data-track-links=\"\">Em 11 de agosto, o presidente Jair Bolsonaro (sem partido) sancionou a Medida Provis\u00f3ria 1.063\/2021,\u00a0que<strong>\u00a0flexibiliza a venda de etanol\u00a0<\/strong>entre produtores e revendedores e a autoriza<strong> postos com bandeira a comercializar combust\u00edveis <\/strong><strong>de outras marcas<\/strong>. Encaminhada para avalia\u00e7\u00e3o na C\u00e2mara, a MP j\u00e1 recebeu\u00a0<strong>73 emendas<\/strong>, duas das quais buscam retomar a venda de<strong>\u00a0carros a diesel<\/strong>\u00a0no Brasil e automatizar o abastecimento nos postos de combust\u00edvel,\u00a0<strong>eliminando o trabalho dos frentistas<\/strong>.<\/p>\n<\/div>\n<div class=\"wall protected-content\">\n<div class=\"mc-column content-text active-extra-styles \" data-block-type=\"unstyled\" data-block-weight=\"45\" data-block-id=\"3\">\n<p class=\"content-text__container \" data-track-category=\"Link no Texto\" data-track-links=\"\">As propostas s\u00e3o autoria do deputado federal Kim Kataguiri (DEM\/SP) e foram apresentadas na \u00faltima ter\u00e7a-feira (16). A primeira defende que os\u00a0<strong>revendedores<\/strong>\u00a0de combust\u00edveis possam &#8220;oferecer servi\u00e7o parcial ou integralmente automatizado de opera\u00e7\u00e3o de bombas,<strong>\u00a0dispensando a interven\u00e7\u00e3o de frentistas<\/strong>\u00a0ou qualquer outro profissional\u201d.<\/p>\n<div class=\"mc-column content-text active-extra-styles \" data-block-type=\"unstyled\" data-block-weight=\"38\" data-block-id=\"5\">\n<p class=\"content-text__container \" data-track-category=\"Link no Texto\" data-track-links=\"\">Como justificativa, o parlamentar argumenta que a\u00a0<strong>m\u00e3o de obra\u00a0<\/strong>de frentistas \u00e9\u00a0<strong>respons\u00e1vel pelo aumento do pre\u00e7o dos combust\u00edveis<\/strong>. Em sua vis\u00e3o, se os postos passarem a operar sem frentistas, a tend\u00eancia \u00e9 que o pre\u00e7o baixe.<\/p>\n<\/div>\n<div class=\"mc-column content-text active-extra-styles \" data-block-type=\"unstyled\" data-block-weight=\"48\" data-block-id=\"6\">\n<p class=\"content-text__container \" data-track-category=\"Link no Texto\" data-track-links=\"\">Em sua conta no Twitter,\u00a0Kataguiri afirma que as bombas de autoatendimento n\u00e3o causar\u00e3o desemprego, e sim aquecer\u00e3o a economia, que por sua vez estimular\u00e1 a cria\u00e7\u00e3o de empregos em &#8220;ramos diferentes&#8221;. Todavia,<strong>\u00a0n\u00e3o explicou<\/strong>\u00a0a\u00a0<span class=\"highlight highlighted\">rela\u00e7\u00e3o direta entre a m\u00e3o de obra e o encarecimento do combust\u00edvel.<\/span><\/p>\n<p data-track-category=\"Link no Texto\" data-track-links=\"\">A<strong>\u00a0Lei 9.956 de 2000\u00a0<\/strong>obriga que todos os postos tenham frentistas no estabelecimento, sendo proibida a utiliza\u00e7\u00e3o de m\u00e1quinas de autoabastecimento. A norma surgiu como forma de\u00a0<strong>criar e preservar empregos<\/strong>.<\/p>\n<div class=\"mc-column content-text active-extra-styles\" data-block-type=\"raw\" data-block-weight=\"3\" data-block-id=\"10\">\n<div class=\"content-intertitle\">\n<h2>Carros a diesel<\/h2>\n<\/div>\n<\/div>\n<div class=\"mc-column content-text active-extra-styles \" data-block-type=\"unstyled\" data-block-weight=\"94\" data-block-id=\"11\">\n<p class=\"content-text__container \" data-track-category=\"Link no Texto\" data-track-links=\"\">A segunda proposta prev\u00ea alterar o\u00a0<strong>Artigo 96-A do C\u00f3digo Brasileiro de Tr\u00e2nsito\u00a0<\/strong>ao permitir que qualquer ve\u00edculo de passeio possa ser movido a diesel. Pela atual regra, vigente desde 1976, somente\u00a0<strong>caminh\u00f5es, \u00f4nibus, picapes<\/strong>\u00a0com carga \u00fatil superior a\u00a0<strong>uma tonelada<\/strong>\u00a0e\u00a0<strong>utilit\u00e1rios com tra\u00e7\u00e3o 4&#215;4 ou tra\u00e7\u00e3o reduzida<\/strong>\u00a0podem ser equipados com motores a diesel. Na \u00e9poca, a frota brasileira dependia majoritariamente de\u00a0<strong>combust\u00edveis derivados do petr\u00f3leo<\/strong>, cuja maior parcela era importada para o Brasil. Portanto, o governo optou por<strong> restringir o n\u00famero de ve\u00edculos automotores a diesel e investir no etanol.\u00a0<\/strong><\/p>\n<\/div>\n<div class=\"mc-column content-text active-extra-styles \" data-block-type=\"unstyled\" data-block-weight=\"77\" data-block-id=\"12\">\n<p class=\"content-text__container \" data-track-category=\"Link no Texto\" data-track-links=\"\">De acordo com o deputado, o\u00a0<strong>atual cen\u00e1rio \u00e9 bem diferente dos anos 1970<\/strong>, quando o diesel foi proibido para a maioria dos autom\u00f3veis. Ele justifica que hoje &#8220;diversos pa\u00edses utilizam o diesel para ve\u00edculos de passeio, inclusive por conta de quest\u00f5es ambientais&#8221;. Kataguiri defende que o combust\u00edvel poder\u00e1 ter insumos vegetais e animais na sua composi\u00e7\u00e3o a fim de <strong>&#8220;preservar o meio ambiente&#8221;<\/strong>. Por fim, alega que a autoriza\u00e7\u00e3o de uso poder\u00e1<strong>\u00a0torn\u00e1-lo mais barato<\/strong>.<\/p>\n<div class=\"mc-column content-text active-extra-styles\" data-block-type=\"raw\" data-block-weight=\"5\" data-block-id=\"15\">\n<div class=\"content-intertitle\">\n<h2>MP j\u00e1 tem 73 emendas<\/h2>\n<\/div>\n<\/div>\n<div class=\"mc-column content-text active-extra-styles \" data-block-type=\"unstyled\" data-block-weight=\"68\" data-block-id=\"16\">\n<p class=\"content-text__container \" data-track-category=\"Link no Texto\" data-track-links=\"\">Desde que foi encaminhada para a C\u00e2mara dos Deputados, a Medida Provis\u00f3ria conta com\u00a0<strong>73 emendas que v\u00e3o de ordem tribut\u00e1ria a car\u00e1ter operacional<\/strong>. Caber\u00e1 a uma comiss\u00e3o formada por 12 deputados e 12 senadores analisar todas as propostas e ent\u00e3o enviar o texto com altera\u00e7\u00f5es para vota\u00e7\u00e3o na C\u00e2mara e posteriormente no Senado.\u00a0<strong>A MP est\u00e1 prevista para entrar em vigor no dia 12 de dezembro<\/strong>.<\/p>\n<p data-track-category=\"Link no Texto\" data-track-links=\"\">Fonte: Auto Esporte.<\/p>\n<\/div>\n<\/div>\n<\/div>\n<div class=\"content-ads content-ads--reveal\" data-block-type=\"ads\" data-block-id=\"7\">\n<div id=\"banner_materia2\" class=\"tag-manager-publicidade-container mc-has-reveal mc-has-ad-lazyload tag-manager-publicidade-banner_materia2 tag-manager-publicidade-container--carregado tag-manager-publicidade-container--visivel\" data-id=\"banner_materia2\" data-google-query-id=\"CMGwgJOVyvICFWiFlQIdQCYA1g\" data-cid=\"138360105873\" data-lid=\"5766967668\"><\/div>\n<\/div>\n<\/div>\n<\/div>\n","protected":false},"excerpt":{"rendered":"<p>Em 11 de agosto, o presidente Jair Bolsonaro (sem partido) sancionou a Medida Provis\u00f3ria 1.063\/2021,\u00a0que\u00a0flexibiliza a venda de etanol\u00a0entre produtores e revendedores e a autoriza postos com bandeira a comercializar combust\u00edveis de outras marcas. Encaminhada para avalia\u00e7\u00e3o na C\u00e2mara, a MP j\u00e1 recebeu\u00a073 emendas, duas das quais buscam retomar a venda de\u00a0carros a diesel\u00a0no Brasil [&hellip;]<\/p>\n","protected":false},"author":5,"featured_media":24061,"comment_status":"open","ping_status":"open","sticky":false,"template":"","format":"standard","meta":{"footnotes":""},"categories":[1],"tags":[],"class_list":{"0":"post-24060","1":"post","2":"type-post","3":"status-publish","4":"format-standard","5":"has-post-thumbnail","7":"category-outros"},"yoast_head":"<!-- This site is optimized with the Yoast SEO Premium plugin v24.5 (Yoast SEO v27.5) - https:\/\/yoast.com\/product\/yoast-seo-premium-wordpress\/ -->\n<title>Postos sem frentistas e volta do carro a diesel entram em pauta na C\u00e2mara dos Deputados - P31<\/title>\n<meta name=\"robots\" content=\"index, follow, max-snippet:-1, max-image-preview:large, max-video-preview:-1\" \/>\n<link rel=\"canonical\" href=\"https:\/\/www.p31noticias.com.br\/?p=24060\" \/>\n<meta property=\"og:locale\" content=\"pt_BR\" \/>\n<meta property=\"og:type\" content=\"article\" \/>\n<meta property=\"og:title\" content=\"Postos sem frentistas e volta do carro a diesel entram em pauta na C\u00e2mara dos Deputados\" \/>\n<meta property=\"og:description\" content=\"Em 11 de agosto, o presidente Jair Bolsonaro (sem partido) sancionou a Medida Provis\u00f3ria 1.063\/2021,\u00a0que\u00a0flexibiliza a venda de etanol\u00a0entre produtores e revendedores e a autoriza postos com bandeira a comercializar combust\u00edveis de outras marcas. Encaminhada para avalia\u00e7\u00e3o na C\u00e2mara, a MP j\u00e1 recebeu\u00a073 emendas, duas das quais buscam retomar a venda de\u00a0carros a diesel\u00a0no Brasil [&hellip;]\" \/>\n<meta property=\"og:url\" content=\"https:\/\/www.p31noticias.com.br\/?p=24060\" \/>\n<meta property=\"og:site_name\" content=\"P31\" \/>\n<meta property=\"article:published_time\" content=\"2021-08-24T17:24:16+00:00\" \/>\n<meta property=\"og:image\" content=\"https:\/\/www.p31noticias.com.br\/wp-content\/uploads\/2021\/08\/gasolina-1.jpg\" \/>\n\t<meta property=\"og:image:width\" content=\"924\" \/>\n\t<meta property=\"og:image:height\" content=\"672\" \/>\n\t<meta property=\"og:image:type\" content=\"image\/jpeg\" \/>\n<meta name=\"author\" content=\"Camilly Scheffer\" \/>\n<meta name=\"twitter:card\" content=\"summary_large_image\" \/>\n<meta name=\"twitter:label1\" content=\"Escrito por\" \/>\n\t<meta name=\"twitter:data1\" content=\"Camilly Scheffer\" \/>\n\t<meta name=\"twitter:label2\" content=\"Est. tempo de leitura\" \/>\n\t<meta name=\"twitter:data2\" content=\"3 minutos\" \/>\n<script type=\"application\/ld+json\" class=\"yoast-schema-graph\">{\"@context\":\"https:\\\/\\\/schema.org\",\"@graph\":[{\"@type\":\"Article\",\"@id\":\"https:\\\/\\\/www.p31noticias.com.br\\\/?p=24060#article\",\"isPartOf\":{\"@id\":\"https:\\\/\\\/www.p31noticias.com.br\\\/?p=24060\"},\"author\":{\"name\":\"Camilly Scheffer\",\"@id\":\"https:\\\/\\\/www.p31noticias.com.br\\\/#\\\/schema\\\/person\\\/d1bb0ccbf62b27e19ea4e75696908d43\"},\"headline\":\"Postos sem frentistas e volta do carro a diesel entram em pauta na C\u00e2mara dos Deputados\",\"datePublished\":\"2021-08-24T17:24:16+00:00\",\"mainEntityOfPage\":{\"@id\":\"https:\\\/\\\/www.p31noticias.com.br\\\/?p=24060\"},\"wordCount\":545,\"commentCount\":0,\"image\":{\"@id\":\"https:\\\/\\\/www.p31noticias.com.br\\\/?p=24060#primaryimage\"},\"thumbnailUrl\":\"https:\\\/\\\/www.p31noticias.com.br\\\/wp-content\\\/uploads\\\/2021\\\/08\\\/gasolina-1.jpg\",\"articleSection\":[\"Outros\"],\"inLanguage\":\"pt-BR\",\"potentialAction\":[{\"@type\":\"CommentAction\",\"name\":\"Comment\",\"target\":[\"https:\\\/\\\/www.p31noticias.com.br\\\/?p=24060#respond\"]}],\"copyrightYear\":\"2021\",\"copyrightHolder\":{\"@id\":\"https:\\\/\\\/www.p31noticias.com.br\\\/#organization\"}},{\"@type\":\"WebPage\",\"@id\":\"https:\\\/\\\/www.p31noticias.com.br\\\/?p=24060\",\"url\":\"https:\\\/\\\/www.p31noticias.com.br\\\/?p=24060\",\"name\":\"Postos sem frentistas e volta do carro a diesel entram em pauta na C\u00e2mara dos Deputados - P31\",\"isPartOf\":{\"@id\":\"https:\\\/\\\/www.p31noticias.com.br\\\/#website\"},\"primaryImageOfPage\":{\"@id\":\"https:\\\/\\\/www.p31noticias.com.br\\\/?p=24060#primaryimage\"},\"image\":{\"@id\":\"https:\\\/\\\/www.p31noticias.com.br\\\/?p=24060#primaryimage\"},\"thumbnailUrl\":\"https:\\\/\\\/www.p31noticias.com.br\\\/wp-content\\\/uploads\\\/2021\\\/08\\\/gasolina-1.jpg\",\"datePublished\":\"2021-08-24T17:24:16+00:00\",\"author\":{\"@id\":\"https:\\\/\\\/www.p31noticias.com.br\\\/#\\\/schema\\\/person\\\/d1bb0ccbf62b27e19ea4e75696908d43\"},\"breadcrumb\":{\"@id\":\"https:\\\/\\\/www.p31noticias.com.br\\\/?p=24060#breadcrumb\"},\"inLanguage\":\"pt-BR\",\"potentialAction\":[{\"@type\":\"ReadAction\",\"target\":[\"https:\\\/\\\/www.p31noticias.com.br\\\/?p=24060\"]}]},{\"@type\":\"ImageObject\",\"inLanguage\":\"pt-BR\",\"@id\":\"https:\\\/\\\/www.p31noticias.com.br\\\/?p=24060#primaryimage\",\"url\":\"https:\\\/\\\/www.p31noticias.com.br\\\/wp-content\\\/uploads\\\/2021\\\/08\\\/gasolina-1.jpg\",\"contentUrl\":\"https:\\\/\\\/www.p31noticias.com.br\\\/wp-content\\\/uploads\\\/2021\\\/08\\\/gasolina-1.jpg\",\"width\":924,\"height\":672},{\"@type\":\"BreadcrumbList\",\"@id\":\"https:\\\/\\\/www.p31noticias.com.br\\\/?p=24060#breadcrumb\",\"itemListElement\":[{\"@type\":\"ListItem\",\"position\":1,\"name\":\"In\u00edcio\",\"item\":\"https:\\\/\\\/www.p31noticias.com.br\\\/\"},{\"@type\":\"ListItem\",\"position\":2,\"name\":\"Postos sem frentistas e volta do carro a diesel entram em pauta na C\u00e2mara dos Deputados\"}]},{\"@type\":\"WebSite\",\"@id\":\"https:\\\/\\\/www.p31noticias.com.br\\\/#website\",\"url\":\"https:\\\/\\\/www.p31noticias.com.br\\\/\",\"name\":\"P31\",\"description\":\"NOT\u00cdCIAS\",\"potentialAction\":[{\"@type\":\"SearchAction\",\"target\":{\"@type\":\"EntryPoint\",\"urlTemplate\":\"https:\\\/\\\/www.p31noticias.com.br\\\/?s={search_term_string}\"},\"query-input\":{\"@type\":\"PropertyValueSpecification\",\"valueRequired\":true,\"valueName\":\"search_term_string\"}}],\"inLanguage\":\"pt-BR\"},{\"@type\":\"Person\",\"@id\":\"https:\\\/\\\/www.p31noticias.com.br\\\/#\\\/schema\\\/person\\\/d1bb0ccbf62b27e19ea4e75696908d43\",\"name\":\"Camilly Scheffer\",\"image\":{\"@type\":\"ImageObject\",\"inLanguage\":\"pt-BR\",\"@id\":\"https:\\\/\\\/secure.gravatar.com\\\/avatar\\\/06f4704b382d241ec2670712618fccea085b2db24d7b2d3b8691d904bbc1d557?s=96&d=mm&r=g\",\"url\":\"https:\\\/\\\/secure.gravatar.com\\\/avatar\\\/06f4704b382d241ec2670712618fccea085b2db24d7b2d3b8691d904bbc1d557?s=96&d=mm&r=g\",\"contentUrl\":\"https:\\\/\\\/secure.gravatar.com\\\/avatar\\\/06f4704b382d241ec2670712618fccea085b2db24d7b2d3b8691d904bbc1d557?s=96&d=mm&r=g\",\"caption\":\"Camilly Scheffer\"},\"url\":\"https:\\\/\\\/www.p31noticias.com.br\\\/?author=5\"}]}<\/script>\n<!-- \/ Yoast SEO Premium plugin. -->","yoast_head_json":{"title":"Postos sem frentistas e volta do carro a diesel entram em pauta na C\u00e2mara dos Deputados - P31","robots":{"index":"index","follow":"follow","max-snippet":"max-snippet:-1","max-image-preview":"max-image-preview:large","max-video-preview":"max-video-preview:-1"},"canonical":"https:\/\/www.p31noticias.com.br\/?p=24060","og_locale":"pt_BR","og_type":"article","og_title":"Postos sem frentistas e volta do carro a diesel entram em pauta na C\u00e2mara dos Deputados","og_description":"Em 11 de agosto, o presidente Jair Bolsonaro (sem partido) sancionou a Medida Provis\u00f3ria 1.063\/2021,\u00a0que\u00a0flexibiliza a venda de etanol\u00a0entre produtores e revendedores e a autoriza postos com bandeira a comercializar combust\u00edveis de outras marcas. Encaminhada para avalia\u00e7\u00e3o na C\u00e2mara, a MP j\u00e1 recebeu\u00a073 emendas, duas das quais buscam retomar a venda de\u00a0carros a diesel\u00a0no Brasil [&hellip;]","og_url":"https:\/\/www.p31noticias.com.br\/?p=24060","og_site_name":"P31","article_published_time":"2021-08-24T17:24:16+00:00","og_image":[{"width":924,"height":672,"url":"https:\/\/www.p31noticias.com.br\/wp-content\/uploads\/2021\/08\/gasolina-1.jpg","type":"image\/jpeg"}],"author":"Camilly Scheffer","twitter_card":"summary_large_image","twitter_misc":{"Escrito por":"Camilly Scheffer","Est. tempo de leitura":"3 minutos"},"schema":{"@context":"https:\/\/schema.org","@graph":[{"@type":"Article","@id":"https:\/\/www.p31noticias.com.br\/?p=24060#article","isPartOf":{"@id":"https:\/\/www.p31noticias.com.br\/?p=24060"},"author":{"name":"Camilly Scheffer","@id":"https:\/\/www.p31noticias.com.br\/#\/schema\/person\/d1bb0ccbf62b27e19ea4e75696908d43"},"headline":"Postos sem frentistas e volta do carro a diesel entram em pauta na C\u00e2mara dos Deputados","datePublished":"2021-08-24T17:24:16+00:00","mainEntityOfPage":{"@id":"https:\/\/www.p31noticias.com.br\/?p=24060"},"wordCount":545,"commentCount":0,"image":{"@id":"https:\/\/www.p31noticias.com.br\/?p=24060#primaryimage"},"thumbnailUrl":"https:\/\/www.p31noticias.com.br\/wp-content\/uploads\/2021\/08\/gasolina-1.jpg","articleSection":["Outros"],"inLanguage":"pt-BR","potentialAction":[{"@type":"CommentAction","name":"Comment","target":["https:\/\/www.p31noticias.com.br\/?p=24060#respond"]}],"copyrightYear":"2021","copyrightHolder":{"@id":"https:\/\/www.p31noticias.com.br\/#organization"}},{"@type":"WebPage","@id":"https:\/\/www.p31noticias.com.br\/?p=24060","url":"https:\/\/www.p31noticias.com.br\/?p=24060","name":"Postos sem frentistas e volta do carro a diesel entram em pauta na C\u00e2mara dos Deputados - P31","isPartOf":{"@id":"https:\/\/www.p31noticias.com.br\/#website"},"primaryImageOfPage":{"@id":"https:\/\/www.p31noticias.com.br\/?p=24060#primaryimage"},"image":{"@id":"https:\/\/www.p31noticias.com.br\/?p=24060#primaryimage"},"thumbnailUrl":"https:\/\/www.p31noticias.com.br\/wp-content\/uploads\/2021\/08\/gasolina-1.jpg","datePublished":"2021-08-24T17:24:16+00:00","author":{"@id":"https:\/\/www.p31noticias.com.br\/#\/schema\/person\/d1bb0ccbf62b27e19ea4e75696908d43"},"breadcrumb":{"@id":"https:\/\/www.p31noticias.com.br\/?p=24060#breadcrumb"},"inLanguage":"pt-BR","potentialAction":[{"@type":"ReadAction","target":["https:\/\/www.p31noticias.com.br\/?p=24060"]}]},{"@type":"ImageObject","inLanguage":"pt-BR","@id":"https:\/\/www.p31noticias.com.br\/?p=24060#primaryimage","url":"https:\/\/www.p31noticias.com.br\/wp-content\/uploads\/2021\/08\/gasolina-1.jpg","contentUrl":"https:\/\/www.p31noticias.com.br\/wp-content\/uploads\/2021\/08\/gasolina-1.jpg","width":924,"height":672},{"@type":"BreadcrumbList","@id":"https:\/\/www.p31noticias.com.br\/?p=24060#breadcrumb","itemListElement":[{"@type":"ListItem","position":1,"name":"In\u00edcio","item":"https:\/\/www.p31noticias.com.br\/"},{"@type":"ListItem","position":2,"name":"Postos sem frentistas e volta do carro a diesel entram em pauta na C\u00e2mara dos Deputados"}]},{"@type":"WebSite","@id":"https:\/\/www.p31noticias.com.br\/#website","url":"https:\/\/www.p31noticias.com.br\/","name":"P31","description":"NOT\u00cdCIAS","potentialAction":[{"@type":"SearchAction","target":{"@type":"EntryPoint","urlTemplate":"https:\/\/www.p31noticias.com.br\/?s={search_term_string}"},"query-input":{"@type":"PropertyValueSpecification","valueRequired":true,"valueName":"search_term_string"}}],"inLanguage":"pt-BR"},{"@type":"Person","@id":"https:\/\/www.p31noticias.com.br\/#\/schema\/person\/d1bb0ccbf62b27e19ea4e75696908d43","name":"Camilly Scheffer","image":{"@type":"ImageObject","inLanguage":"pt-BR","@id":"https:\/\/secure.gravatar.com\/avatar\/06f4704b382d241ec2670712618fccea085b2db24d7b2d3b8691d904bbc1d557?s=96&d=mm&r=g","url":"https:\/\/secure.gravatar.com\/avatar\/06f4704b382d241ec2670712618fccea085b2db24d7b2d3b8691d904bbc1d557?s=96&d=mm&r=g","contentUrl":"https:\/\/secure.gravatar.com\/avatar\/06f4704b382d241ec2670712618fccea085b2db24d7b2d3b8691d904bbc1d557?s=96&d=mm&r=g","caption":"Camilly Scheffer"},"url":"https:\/\/www.p31noticias.com.br\/?author=5"}]}},"amp_enabled":true,"_links":{"self":[{"href":"https:\/\/www.p31noticias.com.br\/index.php?rest_route=\/wp\/v2\/posts\/24060","targetHints":{"allow":["GET"]}}],"collection":[{"href":"https:\/\/www.p31noticias.com.br\/index.php?rest_route=\/wp\/v2\/posts"}],"about":[{"href":"https:\/\/www.p31noticias.com.br\/index.php?rest_route=\/wp\/v2\/types\/post"}],"author":[{"embeddable":true,"href":"https:\/\/www.p31noticias.com.br\/index.php?rest_route=\/wp\/v2\/users\/5"}],"replies":[{"embeddable":true,"href":"https:\/\/www.p31noticias.com.br\/index.php?rest_route=%2Fwp%2Fv2%2Fcomments&post=24060"}],"version-history":[{"count":1,"href":"https:\/\/www.p31noticias.com.br\/index.php?rest_route=\/wp\/v2\/posts\/24060\/revisions"}],"predecessor-version":[{"id":24062,"href":"https:\/\/www.p31noticias.com.br\/index.php?rest_route=\/wp\/v2\/posts\/24060\/revisions\/24062"}],"wp:featuredmedia":[{"embeddable":true,"href":"https:\/\/www.p31noticias.com.br\/index.php?rest_route=\/wp\/v2\/media\/24061"}],"wp:attachment":[{"href":"https:\/\/www.p31noticias.com.br\/index.php?rest_route=%2Fwp%2Fv2%2Fmedia&parent=24060"}],"wp:term":[{"taxonomy":"category","embeddable":true,"href":"https:\/\/www.p31noticias.com.br\/index.php?rest_route=%2Fwp%2Fv2%2Fcategories&post=24060"},{"taxonomy":"post_tag","embeddable":true,"href":"https:\/\/www.p31noticias.com.br\/index.php?rest_route=%2Fwp%2Fv2%2Ftags&post=24060"}],"curies":[{"name":"wp","href":"https:\/\/api.w.org\/{rel}","templated":true}]}}