{"id":24057,"date":"2021-08-24T14:16:58","date_gmt":"2021-08-24T17:16:58","guid":{"rendered":"https:\/\/p31noticias.com.br\/?p=24057"},"modified":"2021-08-24T14:16:58","modified_gmt":"2021-08-24T17:16:58","slug":"ex-preso-conta-como-funcionam-as-regalias-em-presidios-do-rj","status":"publish","type":"post","link":"https:\/\/www.p31noticias.com.br\/?p=24057","title":{"rendered":"Ex-preso conta como funcionam as regalias em pres\u00eddios do RJ"},"content":{"rendered":"<div class=\"mc-column content-text active-extra-styles \" data-block-type=\"unstyled\" data-block-weight=\"46\" data-block-id=\"2\">\n<p class=\"content-text__container \" data-track-category=\"Link no Texto\" data-track-links=\"\">O RJ2 desta segunda-feira (23) entrevistou com exclusividade um ex-preso do Complexo Penitenci\u00e1rio de Gericin\u00f3, em Bangu, na Zona Oeste, que detalhou como funciona\u00a0<strong>o sistema de regalias dentro das cadeias<\/strong>. Quem tem dinheiro paga para usar celular ou TV a cabo, tudo \u00e0 vontade.<\/p>\n<\/div>\n<div class=\"wall protected-content\">\n<div class=\"mc-column content-text active-extra-styles \" data-block-type=\"unstyled\" data-block-weight=\"15\" data-block-id=\"3\">\n<p class=\"content-text__container \" data-track-category=\"Link no Texto\" data-track-links=\"\">Al\u00e9m disso,\u00a0<span class=\"highlight highlighted\">encomendas s\u00e3o feitas a policiais e agentes penitenci\u00e1rios que trabalham nos pres\u00eddios<\/span>.<\/p>\n<\/div>\n<div class=\"mc-column content-text active-extra-styles \" data-block-type=\"unstyled\" data-block-weight=\"48\" data-block-id=\"4\">\n<p class=\"content-text__container \" data-track-category=\"Link no Texto\" data-track-links=\"\">Sem se identificar, por quest\u00f5es de seguran\u00e7a, o homem, que passou quatro anos atr\u00e1s das grades, disse que dentro das cadeias do RJ a proximidade entre os presos e os agentes do estado \u00e9 grande \u2013 e manter essa boa rela\u00e7\u00e3o custa caro.<\/p>\n<div class=\"mc-column content-text active-extra-styles \" data-block-type=\"unstyled\" data-block-weight=\"32\" data-block-id=\"7\">\n<p class=\"content-text__container \" data-track-category=\"Link no Texto\" data-track-links=\"\">De acordo com o depoimento ao RJ2,\u00a0<strong>ter acesso a um celular no pres\u00eddio \u00e9 f\u00e1cil.<\/strong>\u00a0Mas o investimento pra comprar um aparelho \u00e9 alto \u2013 e tem at\u00e9 tabela de pre\u00e7o.<\/p>\n<\/div>\n<div class=\"mc-column content-text active-extra-styles\" data-block-type=\"raw\" data-block-weight=\"60\" data-block-id=\"8\">\n<blockquote class=\"content-blockquote theme-border-color-primary-before\"><p>&#8220;Tem tabela de pre\u00e7os em rela\u00e7\u00e3o aos aparelhos e n\u00e3o em rela\u00e7\u00e3o a quem vai comprar. Independente do preso que vai comprar, seja um matador perigoso, um traficante, se um valor \u00e9 para um, \u00e9 para todos. Agora tem telefone, depende muito da unidade. Tem unidade, que hoje eu converso, que \u00e9 dois mil [reais] o telefone&#8221;, explicou o homem.<\/p><\/blockquote>\n<\/div>\n<div class=\"mc-column content-text active-extra-styles \" data-block-type=\"unstyled\" data-block-weight=\"10\" data-block-id=\"9\">\n<p class=\"content-text__container \" data-track-category=\"Link no Texto\" data-track-links=\"\">O &#8220;servi\u00e7o&#8221; clandestino tem, inclusive,\u00a0<span class=\"highlight highlighted\">direito a chamada de v\u00eddeo.<\/span><\/p>\n<\/div>\n<div class=\"mc-column content-text active-extra-styles \" data-block-type=\"unstyled\" data-block-weight=\"42\" data-block-id=\"10\">\n<p class=\"content-text__container \" data-track-category=\"Link no Texto\" data-track-links=\"\">&#8220;Se a visita n\u00e3o aparecesse, n\u00e3o tinha problema nenhum. Por exemplo, vou falar com meu filho, fa\u00e7o uma chamada de v\u00eddeo na hora que eu quiser, o tempo que eu quiser. A minha v\u00f3, ou seja quem for&#8221;, acrescentou o homem.<\/p>\n<div class=\"mc-column content-text active-extra-styles \" data-block-type=\"unstyled\" data-block-weight=\"24\" data-block-id=\"13\">\n<p class=\"content-text__container \" data-track-category=\"Link no Texto\" data-track-links=\"\">Fazer fotos e v\u00eddeos tamb\u00e9m est\u00e1 liberado. Tem registro dos presidi\u00e1rios fora e dentro da cela, da comida e at\u00e9 do banho de sol.<\/p>\n<\/div>\n<div class=\"mc-column content-text active-extra-styles \" data-block-type=\"unstyled\" data-block-weight=\"33\" data-block-id=\"14\">\n<p class=\"content-text__container \" data-track-category=\"Link no Texto\" data-track-links=\"\">Em conversa por mensagem exibida pelo RJ2, um preso mostra uma foto de um roteador e comemora ter conseguido Wi-Fi.\u00a0<strong>&#8220;Agora tenho Netflix e Wi-Fi na cadeia, meu amor!<\/strong>&#8220;, comemora o preso.<\/p>\n<\/div>\n<div class=\"mc-column content-text active-extra-styles \" data-block-type=\"unstyled\" data-block-weight=\"9\" data-block-id=\"15\">\n<p class=\"content-text__container \" data-track-category=\"Link no Texto\" data-track-links=\"\">Esconder o aparelho durante uma fiscaliza\u00e7\u00e3o tamb\u00e9m envolve dinheiro.<\/p>\n<\/div>\n<div class=\"mc-column content-text active-extra-styles \" data-block-type=\"unstyled\" data-block-weight=\"70\" data-block-id=\"16\">\n<p class=\"content-text__container \" data-track-category=\"Link no Texto\" data-track-links=\"\">&#8220;Antes de eles serem transferidos, eu ligava para ver se eles queriam vir. Eu explicava: &#8216;Vou te pagar mil reais por m\u00eas, independente se for preciso ou n\u00e3o. Tu vai receber mil reais por m\u00eas. Se voc\u00ea n\u00e3o quiser, eu deixo voc\u00ea falar no telefone por horas, estipula o hor\u00e1rio que voc\u00ea precisa falar, eu deixo voc\u00ea falar, mas no dia que eu precisar, eu vou precisar que voc\u00ea guarde.&#8221;<\/p>\n<div class=\"mc-column content-text active-extra-styles \" data-block-type=\"unstyled\" data-block-weight=\"30\" data-block-id=\"18\">\n<p class=\"content-text__container \" data-track-category=\"Link no Texto\" data-track-links=\"\">O ex-presidi\u00e1rio disse que tudo era combinado com o &#8220;chefe de disciplina ou chefe de seguran\u00e7a&#8221;, a quem era informado o nome dos outros detentos que &#8220;guardariam&#8221; o aparelho.<\/p>\n<\/div>\n<div class=\"mc-column content-text active-extra-styles\" data-block-type=\"raw\" data-block-weight=\"3\" data-block-id=\"19\">\n<div class=\"content-intertitle\">\n<h2>Drogas e bebidas<\/h2>\n<\/div>\n<\/div>\n<div class=\"mc-column content-text active-extra-styles \" data-block-type=\"unstyled\" data-block-weight=\"12\" data-block-id=\"20\">\n<p class=\"content-text__container \" data-track-category=\"Link no Texto\" data-track-links=\"\">Mais imagens exibidas pelo RJ2 mostram\u00a0<span class=\"highlight highlighted\">drogas e bebidas alco\u00f3licas no pres\u00eddio.<\/span><\/p>\n<\/div>\n<div class=\"mc-column content-text active-extra-styles \" data-block-type=\"unstyled\" data-block-weight=\"36\" data-block-id=\"21\">\n<p class=\"content-text__container \" data-track-category=\"Link no Texto\" data-track-links=\"\">&#8220;Por exemplo, dois litros de energ\u00e9tico \u00e9 quinhentos reais. Uma batata, um frango, alguma coisa assim, \u00e9 sessenta reais. Isso era coisa que usava constantemente porque eu n\u00e3o comia aquela comida. Eu comia batata, frango&#8230;&#8221;<\/p>\n<\/div>\n<div class=\"mc-column content-text active-extra-styles \" data-block-type=\"unstyled\" data-block-weight=\"32\" data-block-id=\"22\">\n<p class=\"content-text__container \" data-track-category=\"Link no Texto\" data-track-links=\"\">No final de semana, o homem disse que fazia um &#8220;rateio&#8221; com outros &#8220;comissionados&#8221; da cadeia. Segundo ele, cada um colocava quinhentos reais para comprar &#8220;picanha, camar\u00e3o&#8221;e &#8220;lanche no MC Donald&#8217;s&#8221;.<\/p>\n<\/div>\n<div class=\"mc-column content-text active-extra-styles \" data-block-type=\"unstyled\" data-block-weight=\"5\" data-block-id=\"23\">\n<p class=\"content-text__container \" data-track-category=\"Link no Texto\" data-track-links=\"\"><strong>&#8216;Card\u00e1pio&#8217; pago no pres\u00eddio:<\/strong><\/p>\n<\/div>\n<div class=\"mc-column content-text active-extra-styles\" data-block-type=\"raw\" data-block-weight=\"11\" data-block-id=\"24\">\n<ul class=\"content-unordered-list\">\n<li>Picanha, camar\u00e3o, MC Donald&#8217;s \u2013 R$ 500<\/li>\n<li>Energ\u00e9tico \u2013 R$ 200<\/li>\n<\/ul>\n<\/div>\n<div class=\"mc-column content-text active-extra-styles \" data-block-type=\"unstyled\" data-block-weight=\"30\" data-block-id=\"25\">\n<p class=\"content-text__container \" data-track-category=\"Link no Texto\" data-track-links=\"\">Para entrar com maconha na cadeia, por exemplo, a droga \u00e9 embrulhada em papel carbono pra driblar o raio-x. E quem tem dinheiro tamb\u00e9m tem direito a uma alimenta\u00e7\u00e3o personalizada.<\/p>\n<\/div>\n<div class=\"mc-column content-text active-extra-styles\" data-block-type=\"raw\" data-block-weight=\"50\" data-block-id=\"26\">\n<blockquote class=\"content-blockquote theme-border-color-primary-before\"><p>&#8220;Nessa quest\u00e3o das condi\u00e7\u00f5es b\u00e1sicas de sa\u00fade, \u00e9 onde abre os olhos de alguns que veem que dentro daquela unidade tem preso que tem uma condi\u00e7\u00e3o financeira boa, e ali ele se aproveita que a alimenta\u00e7\u00e3o vem ruim e te oferece um lanche do MC Donald&#8217;s por cem, duzentos reais.&#8221;<\/p><\/blockquote>\n<\/div>\n<div class=\"mc-column content-text active-extra-styles \" data-block-type=\"unstyled\" data-block-weight=\"11\" data-block-id=\"27\">\n<p class=\"content-text__container \" data-track-category=\"Link no Texto\" data-track-links=\"\">Tamb\u00e9m \u00e9 poss\u00edvel fazer encomendas, como picanha, camar\u00e3o, whisky, Red Bull.<\/p>\n<div class=\"mc-column content-text active-extra-styles\" data-block-type=\"raw\" data-block-weight=\"3\" data-block-id=\"28\">\n<div class=\"content-intertitle\">\n<h2>Comunica\u00e7\u00e3o entre cadeias<\/h2>\n<\/div>\n<\/div>\n<div class=\"mc-column content-text active-extra-styles \" data-block-type=\"unstyled\" data-block-weight=\"9\" data-block-id=\"29\">\n<p class=\"content-text__container \" data-track-category=\"Link no Texto\" data-track-links=\"\">A comunica\u00e7\u00e3o entre presos de diferentes cadeias tamb\u00e9m acontece.<\/p>\n<\/div>\n<div class=\"mc-column content-text active-extra-styles \" data-block-type=\"unstyled\" data-block-weight=\"23\" data-block-id=\"30\">\n<p class=\"content-text__container \" data-track-category=\"Link no Texto\" data-track-links=\"\">Em outra mensagem exibida pela reportagem, um preso comenta a chegada do ex-secret\u00e1rio de Administra\u00e7\u00e3o Penitenci\u00e1ria Raphael Montenegro ao Pres\u00eddio de Bangu 8.<\/p>\n<\/div>\n<div class=\"mc-column content-text active-extra-styles \" data-block-type=\"unstyled\" data-block-weight=\"40\" data-block-id=\"31\">\n<p class=\"content-text__container \" data-track-category=\"Link no Texto\" data-track-links=\"\">No di\u00e1logo, um dos presos afirma que a entrada de Montenegro no sistema pode piorar a situa\u00e7\u00e3o no complexo penitenci\u00e1rio porque &#8220;a dire\u00e7\u00e3o est\u00e1 escaldada&#8221;, ou seja, com medo de ser pega na escuta e de o diretor ser exonerado.<\/p>\n<\/div>\n<div class=\"mc-column content-text active-extra-styles\" data-block-type=\"raw\" data-block-weight=\"5\" data-block-id=\"32\">\n<div class=\"content-intertitle\">\n<h2>Dinheiro na m\u00e3o do diretor<\/h2>\n<\/div>\n<\/div>\n<div class=\"mc-column content-text active-extra-styles \" data-block-type=\"unstyled\" data-block-weight=\"24\" data-block-id=\"34\">\n<p class=\"content-text__container \" data-track-category=\"Link no Texto\" data-track-links=\"\">Tamb\u00e9m no relato, o ex-preso afirmou que toda sexta-feira \u00e9 preciso ter uma &#8220;certa quantia&#8221; de dinheio na m\u00e3o do diretor da unidade.<\/p>\n<\/div>\n<div class=\"mc-column content-text active-extra-styles \" data-block-type=\"unstyled\" data-block-weight=\"50\" data-block-id=\"35\">\n<p class=\"content-text__container \" data-track-category=\"Link no Texto\" data-track-links=\"\">&#8220;Existe uma regra que toda sexta-feira tem que seguir uma certa quantia na m\u00e3o do diretor. O diretor deixa a gente solto, entre aspas, para fazer o que a gente bem entende. (&#8230;) Na verdade, tendo dinheiro voc\u00ea consegue muita coisa, praticamente tudo&#8221;, pontua o ex-interno.<\/p>\n<\/div>\n<div class=\"mc-column content-text active-extra-styles \" data-block-type=\"unstyled\" data-block-weight=\"34\" data-block-id=\"36\">\n<p class=\"content-text__container \" data-track-category=\"Link no Texto\" data-track-links=\"\">Em nota, a Secretaria de Administra\u00e7\u00e3o Penitenci\u00e1ria informou que depois de receber as den\u00fancias vai instaurar uma sindic\u00e2ncia para esclarecer os fatos. E acrescentou que a nova administra\u00e7\u00e3o repudia qualquer irregularidade nas unidades prisionais.<\/p>\n<p data-track-category=\"Link no Texto\" data-track-links=\"\">Fonte: G1.<\/p>\n<\/div>\n<\/div>\n<\/div>\n<\/div>\n<\/div>\n<\/div>\n","protected":false},"excerpt":{"rendered":"<p>O RJ2 desta segunda-feira (23) entrevistou com exclusividade um ex-preso do Complexo Penitenci\u00e1rio de Gericin\u00f3, em Bangu, na Zona Oeste, que detalhou como funciona\u00a0o sistema de regalias dentro das cadeias. Quem tem dinheiro paga para usar celular ou TV a cabo, tudo \u00e0 vontade. Al\u00e9m disso,\u00a0encomendas s\u00e3o feitas a policiais e agentes penitenci\u00e1rios que trabalham [&hellip;]<\/p>\n","protected":false},"author":5,"featured_media":24058,"comment_status":"open","ping_status":"open","sticky":false,"template":"","format":"standard","meta":{"footnotes":""},"categories":[1],"tags":[],"class_list":{"0":"post-24057","1":"post","2":"type-post","3":"status-publish","4":"format-standard","5":"has-post-thumbnail","7":"category-outros"},"yoast_head":"<!-- This site is optimized with the Yoast SEO Premium plugin v24.5 (Yoast SEO v27.5) - https:\/\/yoast.com\/product\/yoast-seo-premium-wordpress\/ -->\n<title>Ex-preso conta como funcionam as regalias em pres\u00eddios do RJ - P31<\/title>\n<meta name=\"robots\" content=\"index, follow, max-snippet:-1, max-image-preview:large, max-video-preview:-1\" \/>\n<link rel=\"canonical\" href=\"https:\/\/www.p31noticias.com.br\/?p=24057\" \/>\n<meta property=\"og:locale\" content=\"pt_BR\" \/>\n<meta property=\"og:type\" content=\"article\" \/>\n<meta property=\"og:title\" content=\"Ex-preso conta como funcionam as regalias em pres\u00eddios do RJ\" \/>\n<meta property=\"og:description\" content=\"O RJ2 desta segunda-feira (23) entrevistou com exclusividade um ex-preso do Complexo Penitenci\u00e1rio de Gericin\u00f3, em Bangu, na Zona Oeste, que detalhou como funciona\u00a0o sistema de regalias dentro das cadeias. Quem tem dinheiro paga para usar celular ou TV a cabo, tudo \u00e0 vontade. Al\u00e9m disso,\u00a0encomendas s\u00e3o feitas a policiais e agentes penitenci\u00e1rios que trabalham [&hellip;]\" \/>\n<meta property=\"og:url\" content=\"https:\/\/www.p31noticias.com.br\/?p=24057\" \/>\n<meta property=\"og:site_name\" content=\"P31\" \/>\n<meta property=\"article:published_time\" content=\"2021-08-24T17:16:58+00:00\" \/>\n<meta property=\"og:image\" content=\"https:\/\/www.p31noticias.com.br\/wp-content\/uploads\/2021\/08\/regalia-na-adeia.jpg\" \/>\n\t<meta property=\"og:image:width\" content=\"932\" \/>\n\t<meta property=\"og:image:height\" content=\"547\" \/>\n\t<meta property=\"og:image:type\" content=\"image\/jpeg\" \/>\n<meta name=\"author\" content=\"Camilly Scheffer\" \/>\n<meta name=\"twitter:card\" content=\"summary_large_image\" \/>\n<meta name=\"twitter:label1\" content=\"Escrito por\" \/>\n\t<meta name=\"twitter:data1\" content=\"Camilly Scheffer\" \/>\n\t<meta name=\"twitter:label2\" content=\"Est. tempo de leitura\" \/>\n\t<meta name=\"twitter:data2\" content=\"4 minutos\" \/>\n<script type=\"application\/ld+json\" class=\"yoast-schema-graph\">{\"@context\":\"https:\\\/\\\/schema.org\",\"@graph\":[{\"@type\":\"Article\",\"@id\":\"https:\\\/\\\/www.p31noticias.com.br\\\/?p=24057#article\",\"isPartOf\":{\"@id\":\"https:\\\/\\\/www.p31noticias.com.br\\\/?p=24057\"},\"author\":{\"name\":\"Camilly Scheffer\",\"@id\":\"https:\\\/\\\/www.p31noticias.com.br\\\/#\\\/schema\\\/person\\\/d1bb0ccbf62b27e19ea4e75696908d43\"},\"headline\":\"Ex-preso conta como funcionam as regalias em pres\u00eddios do RJ\",\"datePublished\":\"2021-08-24T17:16:58+00:00\",\"mainEntityOfPage\":{\"@id\":\"https:\\\/\\\/www.p31noticias.com.br\\\/?p=24057\"},\"wordCount\":848,\"commentCount\":0,\"image\":{\"@id\":\"https:\\\/\\\/www.p31noticias.com.br\\\/?p=24057#primaryimage\"},\"thumbnailUrl\":\"https:\\\/\\\/www.p31noticias.com.br\\\/wp-content\\\/uploads\\\/2021\\\/08\\\/regalia-na-adeia.jpg\",\"articleSection\":[\"Outros\"],\"inLanguage\":\"pt-BR\",\"potentialAction\":[{\"@type\":\"CommentAction\",\"name\":\"Comment\",\"target\":[\"https:\\\/\\\/www.p31noticias.com.br\\\/?p=24057#respond\"]}],\"copyrightYear\":\"2021\",\"copyrightHolder\":{\"@id\":\"https:\\\/\\\/www.p31noticias.com.br\\\/#organization\"}},{\"@type\":\"WebPage\",\"@id\":\"https:\\\/\\\/www.p31noticias.com.br\\\/?p=24057\",\"url\":\"https:\\\/\\\/www.p31noticias.com.br\\\/?p=24057\",\"name\":\"Ex-preso conta como funcionam as regalias em pres\u00eddios do RJ - P31\",\"isPartOf\":{\"@id\":\"https:\\\/\\\/www.p31noticias.com.br\\\/#website\"},\"primaryImageOfPage\":{\"@id\":\"https:\\\/\\\/www.p31noticias.com.br\\\/?p=24057#primaryimage\"},\"image\":{\"@id\":\"https:\\\/\\\/www.p31noticias.com.br\\\/?p=24057#primaryimage\"},\"thumbnailUrl\":\"https:\\\/\\\/www.p31noticias.com.br\\\/wp-content\\\/uploads\\\/2021\\\/08\\\/regalia-na-adeia.jpg\",\"datePublished\":\"2021-08-24T17:16:58+00:00\",\"author\":{\"@id\":\"https:\\\/\\\/www.p31noticias.com.br\\\/#\\\/schema\\\/person\\\/d1bb0ccbf62b27e19ea4e75696908d43\"},\"breadcrumb\":{\"@id\":\"https:\\\/\\\/www.p31noticias.com.br\\\/?p=24057#breadcrumb\"},\"inLanguage\":\"pt-BR\",\"potentialAction\":[{\"@type\":\"ReadAction\",\"target\":[\"https:\\\/\\\/www.p31noticias.com.br\\\/?p=24057\"]}]},{\"@type\":\"ImageObject\",\"inLanguage\":\"pt-BR\",\"@id\":\"https:\\\/\\\/www.p31noticias.com.br\\\/?p=24057#primaryimage\",\"url\":\"https:\\\/\\\/www.p31noticias.com.br\\\/wp-content\\\/uploads\\\/2021\\\/08\\\/regalia-na-adeia.jpg\",\"contentUrl\":\"https:\\\/\\\/www.p31noticias.com.br\\\/wp-content\\\/uploads\\\/2021\\\/08\\\/regalia-na-adeia.jpg\",\"width\":932,\"height\":547},{\"@type\":\"BreadcrumbList\",\"@id\":\"https:\\\/\\\/www.p31noticias.com.br\\\/?p=24057#breadcrumb\",\"itemListElement\":[{\"@type\":\"ListItem\",\"position\":1,\"name\":\"In\u00edcio\",\"item\":\"https:\\\/\\\/www.p31noticias.com.br\\\/\"},{\"@type\":\"ListItem\",\"position\":2,\"name\":\"Ex-preso conta como funcionam as regalias em pres\u00eddios do RJ\"}]},{\"@type\":\"WebSite\",\"@id\":\"https:\\\/\\\/www.p31noticias.com.br\\\/#website\",\"url\":\"https:\\\/\\\/www.p31noticias.com.br\\\/\",\"name\":\"P31\",\"description\":\"NOT\u00cdCIAS\",\"potentialAction\":[{\"@type\":\"SearchAction\",\"target\":{\"@type\":\"EntryPoint\",\"urlTemplate\":\"https:\\\/\\\/www.p31noticias.com.br\\\/?s={search_term_string}\"},\"query-input\":{\"@type\":\"PropertyValueSpecification\",\"valueRequired\":true,\"valueName\":\"search_term_string\"}}],\"inLanguage\":\"pt-BR\"},{\"@type\":\"Person\",\"@id\":\"https:\\\/\\\/www.p31noticias.com.br\\\/#\\\/schema\\\/person\\\/d1bb0ccbf62b27e19ea4e75696908d43\",\"name\":\"Camilly Scheffer\",\"image\":{\"@type\":\"ImageObject\",\"inLanguage\":\"pt-BR\",\"@id\":\"https:\\\/\\\/secure.gravatar.com\\\/avatar\\\/06f4704b382d241ec2670712618fccea085b2db24d7b2d3b8691d904bbc1d557?s=96&d=mm&r=g\",\"url\":\"https:\\\/\\\/secure.gravatar.com\\\/avatar\\\/06f4704b382d241ec2670712618fccea085b2db24d7b2d3b8691d904bbc1d557?s=96&d=mm&r=g\",\"contentUrl\":\"https:\\\/\\\/secure.gravatar.com\\\/avatar\\\/06f4704b382d241ec2670712618fccea085b2db24d7b2d3b8691d904bbc1d557?s=96&d=mm&r=g\",\"caption\":\"Camilly Scheffer\"},\"url\":\"https:\\\/\\\/www.p31noticias.com.br\\\/?author=5\"}]}<\/script>\n<!-- \/ Yoast SEO Premium plugin. -->","yoast_head_json":{"title":"Ex-preso conta como funcionam as regalias em pres\u00eddios do RJ - P31","robots":{"index":"index","follow":"follow","max-snippet":"max-snippet:-1","max-image-preview":"max-image-preview:large","max-video-preview":"max-video-preview:-1"},"canonical":"https:\/\/www.p31noticias.com.br\/?p=24057","og_locale":"pt_BR","og_type":"article","og_title":"Ex-preso conta como funcionam as regalias em pres\u00eddios do RJ","og_description":"O RJ2 desta segunda-feira (23) entrevistou com exclusividade um ex-preso do Complexo Penitenci\u00e1rio de Gericin\u00f3, em Bangu, na Zona Oeste, que detalhou como funciona\u00a0o sistema de regalias dentro das cadeias. Quem tem dinheiro paga para usar celular ou TV a cabo, tudo \u00e0 vontade. Al\u00e9m disso,\u00a0encomendas s\u00e3o feitas a policiais e agentes penitenci\u00e1rios que trabalham [&hellip;]","og_url":"https:\/\/www.p31noticias.com.br\/?p=24057","og_site_name":"P31","article_published_time":"2021-08-24T17:16:58+00:00","og_image":[{"width":932,"height":547,"url":"https:\/\/www.p31noticias.com.br\/wp-content\/uploads\/2021\/08\/regalia-na-adeia.jpg","type":"image\/jpeg"}],"author":"Camilly Scheffer","twitter_card":"summary_large_image","twitter_misc":{"Escrito por":"Camilly Scheffer","Est. tempo de leitura":"4 minutos"},"schema":{"@context":"https:\/\/schema.org","@graph":[{"@type":"Article","@id":"https:\/\/www.p31noticias.com.br\/?p=24057#article","isPartOf":{"@id":"https:\/\/www.p31noticias.com.br\/?p=24057"},"author":{"name":"Camilly Scheffer","@id":"https:\/\/www.p31noticias.com.br\/#\/schema\/person\/d1bb0ccbf62b27e19ea4e75696908d43"},"headline":"Ex-preso conta como funcionam as regalias em pres\u00eddios do RJ","datePublished":"2021-08-24T17:16:58+00:00","mainEntityOfPage":{"@id":"https:\/\/www.p31noticias.com.br\/?p=24057"},"wordCount":848,"commentCount":0,"image":{"@id":"https:\/\/www.p31noticias.com.br\/?p=24057#primaryimage"},"thumbnailUrl":"https:\/\/www.p31noticias.com.br\/wp-content\/uploads\/2021\/08\/regalia-na-adeia.jpg","articleSection":["Outros"],"inLanguage":"pt-BR","potentialAction":[{"@type":"CommentAction","name":"Comment","target":["https:\/\/www.p31noticias.com.br\/?p=24057#respond"]}],"copyrightYear":"2021","copyrightHolder":{"@id":"https:\/\/www.p31noticias.com.br\/#organization"}},{"@type":"WebPage","@id":"https:\/\/www.p31noticias.com.br\/?p=24057","url":"https:\/\/www.p31noticias.com.br\/?p=24057","name":"Ex-preso conta como funcionam as regalias em pres\u00eddios do RJ - P31","isPartOf":{"@id":"https:\/\/www.p31noticias.com.br\/#website"},"primaryImageOfPage":{"@id":"https:\/\/www.p31noticias.com.br\/?p=24057#primaryimage"},"image":{"@id":"https:\/\/www.p31noticias.com.br\/?p=24057#primaryimage"},"thumbnailUrl":"https:\/\/www.p31noticias.com.br\/wp-content\/uploads\/2021\/08\/regalia-na-adeia.jpg","datePublished":"2021-08-24T17:16:58+00:00","author":{"@id":"https:\/\/www.p31noticias.com.br\/#\/schema\/person\/d1bb0ccbf62b27e19ea4e75696908d43"},"breadcrumb":{"@id":"https:\/\/www.p31noticias.com.br\/?p=24057#breadcrumb"},"inLanguage":"pt-BR","potentialAction":[{"@type":"ReadAction","target":["https:\/\/www.p31noticias.com.br\/?p=24057"]}]},{"@type":"ImageObject","inLanguage":"pt-BR","@id":"https:\/\/www.p31noticias.com.br\/?p=24057#primaryimage","url":"https:\/\/www.p31noticias.com.br\/wp-content\/uploads\/2021\/08\/regalia-na-adeia.jpg","contentUrl":"https:\/\/www.p31noticias.com.br\/wp-content\/uploads\/2021\/08\/regalia-na-adeia.jpg","width":932,"height":547},{"@type":"BreadcrumbList","@id":"https:\/\/www.p31noticias.com.br\/?p=24057#breadcrumb","itemListElement":[{"@type":"ListItem","position":1,"name":"In\u00edcio","item":"https:\/\/www.p31noticias.com.br\/"},{"@type":"ListItem","position":2,"name":"Ex-preso conta como funcionam as regalias em pres\u00eddios do RJ"}]},{"@type":"WebSite","@id":"https:\/\/www.p31noticias.com.br\/#website","url":"https:\/\/www.p31noticias.com.br\/","name":"P31","description":"NOT\u00cdCIAS","potentialAction":[{"@type":"SearchAction","target":{"@type":"EntryPoint","urlTemplate":"https:\/\/www.p31noticias.com.br\/?s={search_term_string}"},"query-input":{"@type":"PropertyValueSpecification","valueRequired":true,"valueName":"search_term_string"}}],"inLanguage":"pt-BR"},{"@type":"Person","@id":"https:\/\/www.p31noticias.com.br\/#\/schema\/person\/d1bb0ccbf62b27e19ea4e75696908d43","name":"Camilly Scheffer","image":{"@type":"ImageObject","inLanguage":"pt-BR","@id":"https:\/\/secure.gravatar.com\/avatar\/06f4704b382d241ec2670712618fccea085b2db24d7b2d3b8691d904bbc1d557?s=96&d=mm&r=g","url":"https:\/\/secure.gravatar.com\/avatar\/06f4704b382d241ec2670712618fccea085b2db24d7b2d3b8691d904bbc1d557?s=96&d=mm&r=g","contentUrl":"https:\/\/secure.gravatar.com\/avatar\/06f4704b382d241ec2670712618fccea085b2db24d7b2d3b8691d904bbc1d557?s=96&d=mm&r=g","caption":"Camilly Scheffer"},"url":"https:\/\/www.p31noticias.com.br\/?author=5"}]}},"amp_enabled":true,"_links":{"self":[{"href":"https:\/\/www.p31noticias.com.br\/index.php?rest_route=\/wp\/v2\/posts\/24057","targetHints":{"allow":["GET"]}}],"collection":[{"href":"https:\/\/www.p31noticias.com.br\/index.php?rest_route=\/wp\/v2\/posts"}],"about":[{"href":"https:\/\/www.p31noticias.com.br\/index.php?rest_route=\/wp\/v2\/types\/post"}],"author":[{"embeddable":true,"href":"https:\/\/www.p31noticias.com.br\/index.php?rest_route=\/wp\/v2\/users\/5"}],"replies":[{"embeddable":true,"href":"https:\/\/www.p31noticias.com.br\/index.php?rest_route=%2Fwp%2Fv2%2Fcomments&post=24057"}],"version-history":[{"count":1,"href":"https:\/\/www.p31noticias.com.br\/index.php?rest_route=\/wp\/v2\/posts\/24057\/revisions"}],"predecessor-version":[{"id":24059,"href":"https:\/\/www.p31noticias.com.br\/index.php?rest_route=\/wp\/v2\/posts\/24057\/revisions\/24059"}],"wp:featuredmedia":[{"embeddable":true,"href":"https:\/\/www.p31noticias.com.br\/index.php?rest_route=\/wp\/v2\/media\/24058"}],"wp:attachment":[{"href":"https:\/\/www.p31noticias.com.br\/index.php?rest_route=%2Fwp%2Fv2%2Fmedia&parent=24057"}],"wp:term":[{"taxonomy":"category","embeddable":true,"href":"https:\/\/www.p31noticias.com.br\/index.php?rest_route=%2Fwp%2Fv2%2Fcategories&post=24057"},{"taxonomy":"post_tag","embeddable":true,"href":"https:\/\/www.p31noticias.com.br\/index.php?rest_route=%2Fwp%2Fv2%2Ftags&post=24057"}],"curies":[{"name":"wp","href":"https:\/\/api.w.org\/{rel}","templated":true}]}}