{"id":24051,"date":"2021-08-24T14:06:37","date_gmt":"2021-08-24T17:06:37","guid":{"rendered":"https:\/\/p31noticias.com.br\/?p=24051"},"modified":"2021-08-24T14:06:37","modified_gmt":"2021-08-24T17:06:37","slug":"deputados-democratas-adiam-votacao-de-plano-de-gastos-de-us-35-bilhoes-nos-eua","status":"publish","type":"post","link":"https:\/\/www.p31noticias.com.br\/?p=24051","title":{"rendered":"Deputados democratas adiam vota\u00e7\u00e3o de plano de gastos de US$ 3,5 bilh\u00f5es nos EUA"},"content":{"rendered":"<p>Os democratas na C\u00e2mara dos Deputados dos Estados Unidos\u00a0<strong>adiaram<\/strong>\u00a0no in\u00edcio de hoje (24) a vota\u00e7\u00e3o do ambicioso plano do presidente Joe Biden para\u00a0<strong>expandir programas sociais<\/strong>, em meio a desacordo sobre quais partes da agenda devem ter prioridade.<\/p>\n<p>Os democratas haviam planejado uma vota\u00e7\u00e3o para avan\u00e7ar com o plano de gastos de\u00a0<strong>US$ 3,5 trilh\u00f5es<\/strong>\u00a0para a noite de ontem (23), mas cancelaram depois que horas de negocia\u00e7\u00f5es a portas fechadas n\u00e3o conseguiram resolver as divis\u00f5es internas do partido.<\/p>\n<p>A presidente da C\u00e2mara,\u00a0<strong>Nancy Pelosi<\/strong>, esperava aprovar rapidamente o esbo\u00e7o do or\u00e7amento de US$ 3,5 bilh\u00f5es, o que permitiria aos parlamentares come\u00e7ar a preencher os detalhes do pacote abrangente que elevaria os gastos com creches, educa\u00e7\u00e3o e outros programas sociais, aumentando tamb\u00e9m os\u00a0<strong>impostos sobre os mais ricos<\/strong>\u00a0e as corpora\u00e7\u00f5es.<\/p>\n<p>Mas os democratas mais ao\u00a0<strong>centro<\/strong>\u00a0se recusaram a concordar, dizendo que a C\u00e2mara deve primeiro aprovar outra prioridade de Biden: um\u00a0<strong>projeto de infraestrutura<\/strong>\u00a0de US$ 1 trilh\u00e3o que j\u00e1 foi aprovado por republicanos e democratas no Senado.<\/p>\n<p data-fetch=\"true\"><strong>Steny Hoyer<\/strong>, o segundo principal democrata da C\u00e2mara, disse que a Casa retomar\u00e1 a vota\u00e7\u00e3o \u00e0s 13h (hor\u00e1rio de Bras\u00edlia) de hoje.<\/p>\n<p data-fetch=\"true\">Fonte: Forbes.<\/p>\n","protected":false},"excerpt":{"rendered":"<p>Os democratas na C\u00e2mara dos Deputados dos Estados Unidos\u00a0adiaram\u00a0no in\u00edcio de hoje (24) a vota\u00e7\u00e3o do ambicioso plano do presidente Joe Biden para\u00a0expandir programas sociais, em meio a desacordo sobre quais partes da agenda devem ter prioridade. Os democratas haviam planejado uma vota\u00e7\u00e3o para avan\u00e7ar com o plano de gastos de\u00a0US$ 3,5 trilh\u00f5es\u00a0para a noite [&hellip;]<\/p>\n","protected":false},"author":5,"featured_media":24052,"comment_status":"open","ping_status":"open","sticky":false,"template":"","format":"standard","meta":{"footnotes":""},"categories":[637],"tags":[],"class_list":{"0":"post-24051","1":"post","2":"type-post","3":"status-publish","4":"format-standard","5":"has-post-thumbnail","7":"category-economia"},"yoast_head":"<!-- This site is optimized with the Yoast SEO Premium plugin v24.5 (Yoast SEO v27.5) - https:\/\/yoast.com\/product\/yoast-seo-premium-wordpress\/ -->\n<title>Deputados democratas adiam vota\u00e7\u00e3o de plano de gastos de US$ 3,5 bilh\u00f5es nos EUA - P31<\/title>\n<meta name=\"robots\" content=\"index, follow, max-snippet:-1, max-image-preview:large, max-video-preview:-1\" \/>\n<link rel=\"canonical\" href=\"https:\/\/www.p31noticias.com.br\/?p=24051\" \/>\n<meta property=\"og:locale\" content=\"pt_BR\" \/>\n<meta property=\"og:type\" content=\"article\" \/>\n<meta property=\"og:title\" content=\"Deputados democratas adiam vota\u00e7\u00e3o de plano de gastos de US$ 3,5 bilh\u00f5es nos EUA\" \/>\n<meta property=\"og:description\" content=\"Os democratas na C\u00e2mara dos Deputados dos Estados Unidos\u00a0adiaram\u00a0no in\u00edcio de hoje (24) a vota\u00e7\u00e3o do ambicioso plano do presidente Joe Biden para\u00a0expandir programas sociais, em meio a desacordo sobre quais partes da agenda devem ter prioridade. Os democratas haviam planejado uma vota\u00e7\u00e3o para avan\u00e7ar com o plano de gastos de\u00a0US$ 3,5 trilh\u00f5es\u00a0para a noite [&hellip;]\" \/>\n<meta property=\"og:url\" content=\"https:\/\/www.p31noticias.com.br\/?p=24051\" \/>\n<meta property=\"og:site_name\" content=\"P31\" \/>\n<meta property=\"article:published_time\" content=\"2021-08-24T17:06:37+00:00\" \/>\n<meta property=\"og:image\" content=\"https:\/\/www.p31noticias.com.br\/wp-content\/uploads\/2021\/08\/capitolio_230621_Elizabeth-FrantzReuters-1536x1024-1.jpg\" \/>\n\t<meta property=\"og:image:width\" content=\"1536\" \/>\n\t<meta property=\"og:image:height\" content=\"1024\" \/>\n\t<meta property=\"og:image:type\" content=\"image\/jpeg\" \/>\n<meta name=\"author\" content=\"Camilly Scheffer\" \/>\n<meta name=\"twitter:card\" content=\"summary_large_image\" \/>\n<meta name=\"twitter:label1\" content=\"Escrito por\" \/>\n\t<meta name=\"twitter:data1\" content=\"Camilly Scheffer\" \/>\n\t<meta name=\"twitter:label2\" content=\"Est. tempo de leitura\" \/>\n\t<meta name=\"twitter:data2\" content=\"1 minuto\" \/>\n<script type=\"application\/ld+json\" class=\"yoast-schema-graph\">{\"@context\":\"https:\\\/\\\/schema.org\",\"@graph\":[{\"@type\":\"Article\",\"@id\":\"https:\\\/\\\/www.p31noticias.com.br\\\/?p=24051#article\",\"isPartOf\":{\"@id\":\"https:\\\/\\\/www.p31noticias.com.br\\\/?p=24051\"},\"author\":{\"name\":\"Camilly Scheffer\",\"@id\":\"https:\\\/\\\/www.p31noticias.com.br\\\/#\\\/schema\\\/person\\\/d1bb0ccbf62b27e19ea4e75696908d43\"},\"headline\":\"Deputados democratas adiam vota\u00e7\u00e3o de plano de gastos de US$ 3,5 bilh\u00f5es nos EUA\",\"datePublished\":\"2021-08-24T17:06:37+00:00\",\"mainEntityOfPage\":{\"@id\":\"https:\\\/\\\/www.p31noticias.com.br\\\/?p=24051\"},\"wordCount\":229,\"commentCount\":0,\"image\":{\"@id\":\"https:\\\/\\\/www.p31noticias.com.br\\\/?p=24051#primaryimage\"},\"thumbnailUrl\":\"https:\\\/\\\/www.p31noticias.com.br\\\/wp-content\\\/uploads\\\/2021\\\/08\\\/capitolio_230621_Elizabeth-FrantzReuters-1536x1024-1.jpg\",\"articleSection\":[\"Economia\"],\"inLanguage\":\"pt-BR\",\"potentialAction\":[{\"@type\":\"CommentAction\",\"name\":\"Comment\",\"target\":[\"https:\\\/\\\/www.p31noticias.com.br\\\/?p=24051#respond\"]}],\"copyrightYear\":\"2021\",\"copyrightHolder\":{\"@id\":\"https:\\\/\\\/www.p31noticias.com.br\\\/#organization\"}},{\"@type\":\"WebPage\",\"@id\":\"https:\\\/\\\/www.p31noticias.com.br\\\/?p=24051\",\"url\":\"https:\\\/\\\/www.p31noticias.com.br\\\/?p=24051\",\"name\":\"Deputados democratas adiam vota\u00e7\u00e3o de plano de gastos de US$ 3,5 bilh\u00f5es nos EUA - P31\",\"isPartOf\":{\"@id\":\"https:\\\/\\\/www.p31noticias.com.br\\\/#website\"},\"primaryImageOfPage\":{\"@id\":\"https:\\\/\\\/www.p31noticias.com.br\\\/?p=24051#primaryimage\"},\"image\":{\"@id\":\"https:\\\/\\\/www.p31noticias.com.br\\\/?p=24051#primaryimage\"},\"thumbnailUrl\":\"https:\\\/\\\/www.p31noticias.com.br\\\/wp-content\\\/uploads\\\/2021\\\/08\\\/capitolio_230621_Elizabeth-FrantzReuters-1536x1024-1.jpg\",\"datePublished\":\"2021-08-24T17:06:37+00:00\",\"author\":{\"@id\":\"https:\\\/\\\/www.p31noticias.com.br\\\/#\\\/schema\\\/person\\\/d1bb0ccbf62b27e19ea4e75696908d43\"},\"breadcrumb\":{\"@id\":\"https:\\\/\\\/www.p31noticias.com.br\\\/?p=24051#breadcrumb\"},\"inLanguage\":\"pt-BR\",\"potentialAction\":[{\"@type\":\"ReadAction\",\"target\":[\"https:\\\/\\\/www.p31noticias.com.br\\\/?p=24051\"]}]},{\"@type\":\"ImageObject\",\"inLanguage\":\"pt-BR\",\"@id\":\"https:\\\/\\\/www.p31noticias.com.br\\\/?p=24051#primaryimage\",\"url\":\"https:\\\/\\\/www.p31noticias.com.br\\\/wp-content\\\/uploads\\\/2021\\\/08\\\/capitolio_230621_Elizabeth-FrantzReuters-1536x1024-1.jpg\",\"contentUrl\":\"https:\\\/\\\/www.p31noticias.com.br\\\/wp-content\\\/uploads\\\/2021\\\/08\\\/capitolio_230621_Elizabeth-FrantzReuters-1536x1024-1.jpg\",\"width\":1536,\"height\":1024,\"caption\":\"Pr\u00e9dio do Capit\u00f3lio em Washington 20\\\/08\\\/2021. REUTERS\\\/Elizabeth Frantz\"},{\"@type\":\"BreadcrumbList\",\"@id\":\"https:\\\/\\\/www.p31noticias.com.br\\\/?p=24051#breadcrumb\",\"itemListElement\":[{\"@type\":\"ListItem\",\"position\":1,\"name\":\"In\u00edcio\",\"item\":\"https:\\\/\\\/www.p31noticias.com.br\\\/\"},{\"@type\":\"ListItem\",\"position\":2,\"name\":\"Deputados democratas adiam vota\u00e7\u00e3o de plano de gastos de US$ 3,5 bilh\u00f5es nos EUA\"}]},{\"@type\":\"WebSite\",\"@id\":\"https:\\\/\\\/www.p31noticias.com.br\\\/#website\",\"url\":\"https:\\\/\\\/www.p31noticias.com.br\\\/\",\"name\":\"P31\",\"description\":\"NOT\u00cdCIAS\",\"potentialAction\":[{\"@type\":\"SearchAction\",\"target\":{\"@type\":\"EntryPoint\",\"urlTemplate\":\"https:\\\/\\\/www.p31noticias.com.br\\\/?s={search_term_string}\"},\"query-input\":{\"@type\":\"PropertyValueSpecification\",\"valueRequired\":true,\"valueName\":\"search_term_string\"}}],\"inLanguage\":\"pt-BR\"},{\"@type\":\"Person\",\"@id\":\"https:\\\/\\\/www.p31noticias.com.br\\\/#\\\/schema\\\/person\\\/d1bb0ccbf62b27e19ea4e75696908d43\",\"name\":\"Camilly Scheffer\",\"image\":{\"@type\":\"ImageObject\",\"inLanguage\":\"pt-BR\",\"@id\":\"https:\\\/\\\/secure.gravatar.com\\\/avatar\\\/06f4704b382d241ec2670712618fccea085b2db24d7b2d3b8691d904bbc1d557?s=96&d=mm&r=g\",\"url\":\"https:\\\/\\\/secure.gravatar.com\\\/avatar\\\/06f4704b382d241ec2670712618fccea085b2db24d7b2d3b8691d904bbc1d557?s=96&d=mm&r=g\",\"contentUrl\":\"https:\\\/\\\/secure.gravatar.com\\\/avatar\\\/06f4704b382d241ec2670712618fccea085b2db24d7b2d3b8691d904bbc1d557?s=96&d=mm&r=g\",\"caption\":\"Camilly Scheffer\"},\"url\":\"https:\\\/\\\/www.p31noticias.com.br\\\/?author=5\"}]}<\/script>\n<!-- \/ Yoast SEO Premium plugin. -->","yoast_head_json":{"title":"Deputados democratas adiam vota\u00e7\u00e3o de plano de gastos de US$ 3,5 bilh\u00f5es nos EUA - P31","robots":{"index":"index","follow":"follow","max-snippet":"max-snippet:-1","max-image-preview":"max-image-preview:large","max-video-preview":"max-video-preview:-1"},"canonical":"https:\/\/www.p31noticias.com.br\/?p=24051","og_locale":"pt_BR","og_type":"article","og_title":"Deputados democratas adiam vota\u00e7\u00e3o de plano de gastos de US$ 3,5 bilh\u00f5es nos EUA","og_description":"Os democratas na C\u00e2mara dos Deputados dos Estados Unidos\u00a0adiaram\u00a0no in\u00edcio de hoje (24) a vota\u00e7\u00e3o do ambicioso plano do presidente Joe Biden para\u00a0expandir programas sociais, em meio a desacordo sobre quais partes da agenda devem ter prioridade. Os democratas haviam planejado uma vota\u00e7\u00e3o para avan\u00e7ar com o plano de gastos de\u00a0US$ 3,5 trilh\u00f5es\u00a0para a noite [&hellip;]","og_url":"https:\/\/www.p31noticias.com.br\/?p=24051","og_site_name":"P31","article_published_time":"2021-08-24T17:06:37+00:00","og_image":[{"width":1536,"height":1024,"url":"https:\/\/www.p31noticias.com.br\/wp-content\/uploads\/2021\/08\/capitolio_230621_Elizabeth-FrantzReuters-1536x1024-1.jpg","type":"image\/jpeg"}],"author":"Camilly Scheffer","twitter_card":"summary_large_image","twitter_misc":{"Escrito por":"Camilly Scheffer","Est. tempo de leitura":"1 minuto"},"schema":{"@context":"https:\/\/schema.org","@graph":[{"@type":"Article","@id":"https:\/\/www.p31noticias.com.br\/?p=24051#article","isPartOf":{"@id":"https:\/\/www.p31noticias.com.br\/?p=24051"},"author":{"name":"Camilly Scheffer","@id":"https:\/\/www.p31noticias.com.br\/#\/schema\/person\/d1bb0ccbf62b27e19ea4e75696908d43"},"headline":"Deputados democratas adiam vota\u00e7\u00e3o de plano de gastos de US$ 3,5 bilh\u00f5es nos EUA","datePublished":"2021-08-24T17:06:37+00:00","mainEntityOfPage":{"@id":"https:\/\/www.p31noticias.com.br\/?p=24051"},"wordCount":229,"commentCount":0,"image":{"@id":"https:\/\/www.p31noticias.com.br\/?p=24051#primaryimage"},"thumbnailUrl":"https:\/\/www.p31noticias.com.br\/wp-content\/uploads\/2021\/08\/capitolio_230621_Elizabeth-FrantzReuters-1536x1024-1.jpg","articleSection":["Economia"],"inLanguage":"pt-BR","potentialAction":[{"@type":"CommentAction","name":"Comment","target":["https:\/\/www.p31noticias.com.br\/?p=24051#respond"]}],"copyrightYear":"2021","copyrightHolder":{"@id":"https:\/\/www.p31noticias.com.br\/#organization"}},{"@type":"WebPage","@id":"https:\/\/www.p31noticias.com.br\/?p=24051","url":"https:\/\/www.p31noticias.com.br\/?p=24051","name":"Deputados democratas adiam vota\u00e7\u00e3o de plano de gastos de US$ 3,5 bilh\u00f5es nos EUA - P31","isPartOf":{"@id":"https:\/\/www.p31noticias.com.br\/#website"},"primaryImageOfPage":{"@id":"https:\/\/www.p31noticias.com.br\/?p=24051#primaryimage"},"image":{"@id":"https:\/\/www.p31noticias.com.br\/?p=24051#primaryimage"},"thumbnailUrl":"https:\/\/www.p31noticias.com.br\/wp-content\/uploads\/2021\/08\/capitolio_230621_Elizabeth-FrantzReuters-1536x1024-1.jpg","datePublished":"2021-08-24T17:06:37+00:00","author":{"@id":"https:\/\/www.p31noticias.com.br\/#\/schema\/person\/d1bb0ccbf62b27e19ea4e75696908d43"},"breadcrumb":{"@id":"https:\/\/www.p31noticias.com.br\/?p=24051#breadcrumb"},"inLanguage":"pt-BR","potentialAction":[{"@type":"ReadAction","target":["https:\/\/www.p31noticias.com.br\/?p=24051"]}]},{"@type":"ImageObject","inLanguage":"pt-BR","@id":"https:\/\/www.p31noticias.com.br\/?p=24051#primaryimage","url":"https:\/\/www.p31noticias.com.br\/wp-content\/uploads\/2021\/08\/capitolio_230621_Elizabeth-FrantzReuters-1536x1024-1.jpg","contentUrl":"https:\/\/www.p31noticias.com.br\/wp-content\/uploads\/2021\/08\/capitolio_230621_Elizabeth-FrantzReuters-1536x1024-1.jpg","width":1536,"height":1024,"caption":"Pr\u00e9dio do Capit\u00f3lio em Washington 20\/08\/2021. REUTERS\/Elizabeth Frantz"},{"@type":"BreadcrumbList","@id":"https:\/\/www.p31noticias.com.br\/?p=24051#breadcrumb","itemListElement":[{"@type":"ListItem","position":1,"name":"In\u00edcio","item":"https:\/\/www.p31noticias.com.br\/"},{"@type":"ListItem","position":2,"name":"Deputados democratas adiam vota\u00e7\u00e3o de plano de gastos de US$ 3,5 bilh\u00f5es nos EUA"}]},{"@type":"WebSite","@id":"https:\/\/www.p31noticias.com.br\/#website","url":"https:\/\/www.p31noticias.com.br\/","name":"P31","description":"NOT\u00cdCIAS","potentialAction":[{"@type":"SearchAction","target":{"@type":"EntryPoint","urlTemplate":"https:\/\/www.p31noticias.com.br\/?s={search_term_string}"},"query-input":{"@type":"PropertyValueSpecification","valueRequired":true,"valueName":"search_term_string"}}],"inLanguage":"pt-BR"},{"@type":"Person","@id":"https:\/\/www.p31noticias.com.br\/#\/schema\/person\/d1bb0ccbf62b27e19ea4e75696908d43","name":"Camilly Scheffer","image":{"@type":"ImageObject","inLanguage":"pt-BR","@id":"https:\/\/secure.gravatar.com\/avatar\/06f4704b382d241ec2670712618fccea085b2db24d7b2d3b8691d904bbc1d557?s=96&d=mm&r=g","url":"https:\/\/secure.gravatar.com\/avatar\/06f4704b382d241ec2670712618fccea085b2db24d7b2d3b8691d904bbc1d557?s=96&d=mm&r=g","contentUrl":"https:\/\/secure.gravatar.com\/avatar\/06f4704b382d241ec2670712618fccea085b2db24d7b2d3b8691d904bbc1d557?s=96&d=mm&r=g","caption":"Camilly Scheffer"},"url":"https:\/\/www.p31noticias.com.br\/?author=5"}]}},"amp_enabled":true,"_links":{"self":[{"href":"https:\/\/www.p31noticias.com.br\/index.php?rest_route=\/wp\/v2\/posts\/24051","targetHints":{"allow":["GET"]}}],"collection":[{"href":"https:\/\/www.p31noticias.com.br\/index.php?rest_route=\/wp\/v2\/posts"}],"about":[{"href":"https:\/\/www.p31noticias.com.br\/index.php?rest_route=\/wp\/v2\/types\/post"}],"author":[{"embeddable":true,"href":"https:\/\/www.p31noticias.com.br\/index.php?rest_route=\/wp\/v2\/users\/5"}],"replies":[{"embeddable":true,"href":"https:\/\/www.p31noticias.com.br\/index.php?rest_route=%2Fwp%2Fv2%2Fcomments&post=24051"}],"version-history":[{"count":1,"href":"https:\/\/www.p31noticias.com.br\/index.php?rest_route=\/wp\/v2\/posts\/24051\/revisions"}],"predecessor-version":[{"id":24053,"href":"https:\/\/www.p31noticias.com.br\/index.php?rest_route=\/wp\/v2\/posts\/24051\/revisions\/24053"}],"wp:featuredmedia":[{"embeddable":true,"href":"https:\/\/www.p31noticias.com.br\/index.php?rest_route=\/wp\/v2\/media\/24052"}],"wp:attachment":[{"href":"https:\/\/www.p31noticias.com.br\/index.php?rest_route=%2Fwp%2Fv2%2Fmedia&parent=24051"}],"wp:term":[{"taxonomy":"category","embeddable":true,"href":"https:\/\/www.p31noticias.com.br\/index.php?rest_route=%2Fwp%2Fv2%2Fcategories&post=24051"},{"taxonomy":"post_tag","embeddable":true,"href":"https:\/\/www.p31noticias.com.br\/index.php?rest_route=%2Fwp%2Fv2%2Ftags&post=24051"}],"curies":[{"name":"wp","href":"https:\/\/api.w.org\/{rel}","templated":true}]}}