{"id":24000,"date":"2021-08-20T15:20:56","date_gmt":"2021-08-20T18:20:56","guid":{"rendered":"https:\/\/p31noticias.com.br\/?p=24000"},"modified":"2021-08-20T15:44:58","modified_gmt":"2021-08-20T18:44:58","slug":"inscricao-automatica-na-tarifa-social-de-energia-eletrica-vai-a-sancao","status":"publish","type":"post","link":"https:\/\/www.p31noticias.com.br\/?p=24000","title":{"rendered":"Inscri\u00e7\u00e3o autom\u00e1tica na tarifa social de energia el\u00e9trica vai \u00e0 san\u00e7\u00e3o"},"content":{"rendered":"<p>O plen\u00e1rio da C\u00e2mara dos Deputados aprovou, nesta quinta-feira (19), o projeto de lei que simplifica a inscri\u00e7\u00e3o autom\u00e1tica de fam\u00edlias de baixa renda entre os benefici\u00e1rios do programa Tarifa Social de Energia El\u00e9trica. A mat\u00e9ria, j\u00e1 aprovado pelo Senado Federal, agora segue para san\u00e7\u00e3o do presidente Jair Bolsonaro (sem partido).<\/p>\n<p>A Tarifa Social concede descontos de at\u00e9 65% no pagamento das contas de energia, dependendo da faixa de consumo. O desconto para quem consome at\u00e9 30 kilowatts-hora (kWh) \u00e9 de 65% do valor total. As resid\u00eancias que consomem entre 31 kWh\/m\u00eas e 100 kWh\/m\u00eas recebem desconto de 40% na conta. J\u00e1 quando o consumo fica entre 101 kWh\/m\u00eas e 220 kWh\/m\u00eas, o desconto concedido \u00e9 de 10%.<\/p>\n<p>Tamb\u00e9m t\u00eam direito as fam\u00edlias que possuam entre seus integrantes quem receba o benef\u00edcio de presta\u00e7\u00e3o continuada da assist\u00eancia social (BPC). Atualmente, cerca de 11 milh\u00f5es de resid\u00eancias s\u00e3o beneficiadas com o programa.<\/p>\n<p>Pela proposta aprovada, obriga-se o Poder Executivo e as concession\u00e1rias, permission\u00e1rias e autorizadas de servi\u00e7o p\u00fablico de distribui\u00e7\u00e3o e energia el\u00e9trica a inscrever, de forma autom\u00e1tica, na Tarifa Social de Energia El\u00e9trica os integrantes do Cadastro \u00danico de programas sociais do governo federal que atendam aos crit\u00e9rios legais. Para isso, o governo dever\u00e1 manter o cadastro atualizado.<\/p>\n<p>A mat\u00e9ria havia sido aprovada pelos deputados em abril de 2020, mas os senadores fizeram modifica\u00e7\u00f5es no projeto. Por causa disso, retornou \u00e0 C\u00e2mara. O relat\u00f3rio de L\u00e9o Moraes rejeitou parte do texto que estendia a tarifa social para moradores de empreendimentos habitacionais de interesse social, como o programa Casa Verde e Amarela ou outros projetos municipais e estaduais. No entanto, o texto do Senado que modificava o in\u00edcio da vig\u00eancia da nova lei para 120 dias ap\u00f3s a data de sua publica\u00e7\u00e3o.<\/p>\n<p>Fonte : R7.<\/p>\n","protected":false},"excerpt":{"rendered":"<p>O plen\u00e1rio da C\u00e2mara dos Deputados aprovou, nesta quinta-feira (19), o projeto de lei que simplifica a inscri\u00e7\u00e3o autom\u00e1tica de fam\u00edlias de baixa renda entre os benefici\u00e1rios do programa Tarifa Social de Energia El\u00e9trica. A mat\u00e9ria, j\u00e1 aprovado pelo Senado Federal, agora segue para san\u00e7\u00e3o do presidente Jair Bolsonaro (sem partido). A Tarifa Social concede [&hellip;]<\/p>\n","protected":false},"author":5,"featured_media":24001,"comment_status":"open","ping_status":"open","sticky":false,"template":"","format":"standard","meta":{"footnotes":""},"categories":[637],"tags":[],"class_list":{"0":"post-24000","1":"post","2":"type-post","3":"status-publish","4":"format-standard","5":"has-post-thumbnail","7":"category-economia"},"yoast_head":"<!-- This site is optimized with the Yoast SEO Premium plugin v24.5 (Yoast SEO v27.5) - https:\/\/yoast.com\/product\/yoast-seo-premium-wordpress\/ -->\n<title>Inscri\u00e7\u00e3o autom\u00e1tica na tarifa social de energia el\u00e9trica vai \u00e0 san\u00e7\u00e3o - P31<\/title>\n<meta name=\"robots\" content=\"index, follow, max-snippet:-1, max-image-preview:large, max-video-preview:-1\" \/>\n<link rel=\"canonical\" href=\"https:\/\/www.p31noticias.com.br\/?p=24000\" \/>\n<meta property=\"og:locale\" content=\"pt_BR\" \/>\n<meta property=\"og:type\" content=\"article\" \/>\n<meta property=\"og:title\" content=\"Inscri\u00e7\u00e3o autom\u00e1tica na tarifa social de energia el\u00e9trica vai \u00e0 san\u00e7\u00e3o\" \/>\n<meta property=\"og:description\" content=\"O plen\u00e1rio da C\u00e2mara dos Deputados aprovou, nesta quinta-feira (19), o projeto de lei que simplifica a inscri\u00e7\u00e3o autom\u00e1tica de fam\u00edlias de baixa renda entre os benefici\u00e1rios do programa Tarifa Social de Energia El\u00e9trica. A mat\u00e9ria, j\u00e1 aprovado pelo Senado Federal, agora segue para san\u00e7\u00e3o do presidente Jair Bolsonaro (sem partido). A Tarifa Social concede [&hellip;]\" \/>\n<meta property=\"og:url\" content=\"https:\/\/www.p31noticias.com.br\/?p=24000\" \/>\n<meta property=\"og:site_name\" content=\"P31\" \/>\n<meta property=\"article:published_time\" content=\"2021-08-20T18:20:56+00:00\" \/>\n<meta property=\"article:modified_time\" content=\"2021-08-20T18:44:58+00:00\" \/>\n<meta property=\"og:image\" content=\"https:\/\/www.p31noticias.com.br\/wp-content\/uploads\/2021\/08\/ibge-ipca-15-maio-inflacao-energia-eletrica-25052021092316760.jpeg\" \/>\n\t<meta property=\"og:image:width\" content=\"442\" \/>\n\t<meta property=\"og:image:height\" content=\"241\" \/>\n\t<meta property=\"og:image:type\" content=\"image\/jpeg\" \/>\n<meta name=\"author\" content=\"Camilly Scheffer\" \/>\n<meta name=\"twitter:card\" content=\"summary_large_image\" \/>\n<meta name=\"twitter:label1\" content=\"Escrito por\" \/>\n\t<meta name=\"twitter:data1\" content=\"Camilly Scheffer\" \/>\n\t<meta name=\"twitter:label2\" content=\"Est. tempo de leitura\" \/>\n\t<meta name=\"twitter:data2\" content=\"2 minutos\" \/>\n<script type=\"application\/ld+json\" class=\"yoast-schema-graph\">{\"@context\":\"https:\\\/\\\/schema.org\",\"@graph\":[{\"@type\":\"Article\",\"@id\":\"https:\\\/\\\/www.p31noticias.com.br\\\/?p=24000#article\",\"isPartOf\":{\"@id\":\"https:\\\/\\\/www.p31noticias.com.br\\\/?p=24000\"},\"author\":{\"name\":\"Camilly Scheffer\",\"@id\":\"https:\\\/\\\/www.p31noticias.com.br\\\/#\\\/schema\\\/person\\\/d1bb0ccbf62b27e19ea4e75696908d43\"},\"headline\":\"Inscri\u00e7\u00e3o autom\u00e1tica na tarifa social de energia el\u00e9trica vai \u00e0 san\u00e7\u00e3o\",\"datePublished\":\"2021-08-20T18:20:56+00:00\",\"dateModified\":\"2021-08-20T18:44:58+00:00\",\"mainEntityOfPage\":{\"@id\":\"https:\\\/\\\/www.p31noticias.com.br\\\/?p=24000\"},\"wordCount\":336,\"commentCount\":0,\"image\":{\"@id\":\"https:\\\/\\\/www.p31noticias.com.br\\\/?p=24000#primaryimage\"},\"thumbnailUrl\":\"https:\\\/\\\/www.p31noticias.com.br\\\/wp-content\\\/uploads\\\/2021\\\/08\\\/ibge-ipca-15-maio-inflacao-energia-eletrica-25052021092316760.jpeg\",\"articleSection\":[\"Economia\"],\"inLanguage\":\"pt-BR\",\"potentialAction\":[{\"@type\":\"CommentAction\",\"name\":\"Comment\",\"target\":[\"https:\\\/\\\/www.p31noticias.com.br\\\/?p=24000#respond\"]}],\"copyrightYear\":\"2021\",\"copyrightHolder\":{\"@id\":\"https:\\\/\\\/www.p31noticias.com.br\\\/#organization\"}},{\"@type\":\"WebPage\",\"@id\":\"https:\\\/\\\/www.p31noticias.com.br\\\/?p=24000\",\"url\":\"https:\\\/\\\/www.p31noticias.com.br\\\/?p=24000\",\"name\":\"Inscri\u00e7\u00e3o autom\u00e1tica na tarifa social de energia el\u00e9trica vai \u00e0 san\u00e7\u00e3o - P31\",\"isPartOf\":{\"@id\":\"https:\\\/\\\/www.p31noticias.com.br\\\/#website\"},\"primaryImageOfPage\":{\"@id\":\"https:\\\/\\\/www.p31noticias.com.br\\\/?p=24000#primaryimage\"},\"image\":{\"@id\":\"https:\\\/\\\/www.p31noticias.com.br\\\/?p=24000#primaryimage\"},\"thumbnailUrl\":\"https:\\\/\\\/www.p31noticias.com.br\\\/wp-content\\\/uploads\\\/2021\\\/08\\\/ibge-ipca-15-maio-inflacao-energia-eletrica-25052021092316760.jpeg\",\"datePublished\":\"2021-08-20T18:20:56+00:00\",\"dateModified\":\"2021-08-20T18:44:58+00:00\",\"author\":{\"@id\":\"https:\\\/\\\/www.p31noticias.com.br\\\/#\\\/schema\\\/person\\\/d1bb0ccbf62b27e19ea4e75696908d43\"},\"breadcrumb\":{\"@id\":\"https:\\\/\\\/www.p31noticias.com.br\\\/?p=24000#breadcrumb\"},\"inLanguage\":\"pt-BR\",\"potentialAction\":[{\"@type\":\"ReadAction\",\"target\":[\"https:\\\/\\\/www.p31noticias.com.br\\\/?p=24000\"]}]},{\"@type\":\"ImageObject\",\"inLanguage\":\"pt-BR\",\"@id\":\"https:\\\/\\\/www.p31noticias.com.br\\\/?p=24000#primaryimage\",\"url\":\"https:\\\/\\\/www.p31noticias.com.br\\\/wp-content\\\/uploads\\\/2021\\\/08\\\/ibge-ipca-15-maio-inflacao-energia-eletrica-25052021092316760.jpeg\",\"contentUrl\":\"https:\\\/\\\/www.p31noticias.com.br\\\/wp-content\\\/uploads\\\/2021\\\/08\\\/ibge-ipca-15-maio-inflacao-energia-eletrica-25052021092316760.jpeg\",\"width\":442,\"height\":241},{\"@type\":\"BreadcrumbList\",\"@id\":\"https:\\\/\\\/www.p31noticias.com.br\\\/?p=24000#breadcrumb\",\"itemListElement\":[{\"@type\":\"ListItem\",\"position\":1,\"name\":\"In\u00edcio\",\"item\":\"https:\\\/\\\/www.p31noticias.com.br\\\/\"},{\"@type\":\"ListItem\",\"position\":2,\"name\":\"Inscri\u00e7\u00e3o autom\u00e1tica na tarifa social de energia el\u00e9trica vai \u00e0 san\u00e7\u00e3o\"}]},{\"@type\":\"WebSite\",\"@id\":\"https:\\\/\\\/www.p31noticias.com.br\\\/#website\",\"url\":\"https:\\\/\\\/www.p31noticias.com.br\\\/\",\"name\":\"P31\",\"description\":\"NOT\u00cdCIAS\",\"potentialAction\":[{\"@type\":\"SearchAction\",\"target\":{\"@type\":\"EntryPoint\",\"urlTemplate\":\"https:\\\/\\\/www.p31noticias.com.br\\\/?s={search_term_string}\"},\"query-input\":{\"@type\":\"PropertyValueSpecification\",\"valueRequired\":true,\"valueName\":\"search_term_string\"}}],\"inLanguage\":\"pt-BR\"},{\"@type\":\"Person\",\"@id\":\"https:\\\/\\\/www.p31noticias.com.br\\\/#\\\/schema\\\/person\\\/d1bb0ccbf62b27e19ea4e75696908d43\",\"name\":\"Camilly Scheffer\",\"image\":{\"@type\":\"ImageObject\",\"inLanguage\":\"pt-BR\",\"@id\":\"https:\\\/\\\/secure.gravatar.com\\\/avatar\\\/06f4704b382d241ec2670712618fccea085b2db24d7b2d3b8691d904bbc1d557?s=96&d=mm&r=g\",\"url\":\"https:\\\/\\\/secure.gravatar.com\\\/avatar\\\/06f4704b382d241ec2670712618fccea085b2db24d7b2d3b8691d904bbc1d557?s=96&d=mm&r=g\",\"contentUrl\":\"https:\\\/\\\/secure.gravatar.com\\\/avatar\\\/06f4704b382d241ec2670712618fccea085b2db24d7b2d3b8691d904bbc1d557?s=96&d=mm&r=g\",\"caption\":\"Camilly Scheffer\"},\"url\":\"https:\\\/\\\/www.p31noticias.com.br\\\/?author=5\"}]}<\/script>\n<!-- \/ Yoast SEO Premium plugin. -->","yoast_head_json":{"title":"Inscri\u00e7\u00e3o autom\u00e1tica na tarifa social de energia el\u00e9trica vai \u00e0 san\u00e7\u00e3o - P31","robots":{"index":"index","follow":"follow","max-snippet":"max-snippet:-1","max-image-preview":"max-image-preview:large","max-video-preview":"max-video-preview:-1"},"canonical":"https:\/\/www.p31noticias.com.br\/?p=24000","og_locale":"pt_BR","og_type":"article","og_title":"Inscri\u00e7\u00e3o autom\u00e1tica na tarifa social de energia el\u00e9trica vai \u00e0 san\u00e7\u00e3o","og_description":"O plen\u00e1rio da C\u00e2mara dos Deputados aprovou, nesta quinta-feira (19), o projeto de lei que simplifica a inscri\u00e7\u00e3o autom\u00e1tica de fam\u00edlias de baixa renda entre os benefici\u00e1rios do programa Tarifa Social de Energia El\u00e9trica. A mat\u00e9ria, j\u00e1 aprovado pelo Senado Federal, agora segue para san\u00e7\u00e3o do presidente Jair Bolsonaro (sem partido). A Tarifa Social concede [&hellip;]","og_url":"https:\/\/www.p31noticias.com.br\/?p=24000","og_site_name":"P31","article_published_time":"2021-08-20T18:20:56+00:00","article_modified_time":"2021-08-20T18:44:58+00:00","og_image":[{"width":442,"height":241,"url":"https:\/\/www.p31noticias.com.br\/wp-content\/uploads\/2021\/08\/ibge-ipca-15-maio-inflacao-energia-eletrica-25052021092316760.jpeg","type":"image\/jpeg"}],"author":"Camilly Scheffer","twitter_card":"summary_large_image","twitter_misc":{"Escrito por":"Camilly Scheffer","Est. tempo de leitura":"2 minutos"},"schema":{"@context":"https:\/\/schema.org","@graph":[{"@type":"Article","@id":"https:\/\/www.p31noticias.com.br\/?p=24000#article","isPartOf":{"@id":"https:\/\/www.p31noticias.com.br\/?p=24000"},"author":{"name":"Camilly Scheffer","@id":"https:\/\/www.p31noticias.com.br\/#\/schema\/person\/d1bb0ccbf62b27e19ea4e75696908d43"},"headline":"Inscri\u00e7\u00e3o autom\u00e1tica na tarifa social de energia el\u00e9trica vai \u00e0 san\u00e7\u00e3o","datePublished":"2021-08-20T18:20:56+00:00","dateModified":"2021-08-20T18:44:58+00:00","mainEntityOfPage":{"@id":"https:\/\/www.p31noticias.com.br\/?p=24000"},"wordCount":336,"commentCount":0,"image":{"@id":"https:\/\/www.p31noticias.com.br\/?p=24000#primaryimage"},"thumbnailUrl":"https:\/\/www.p31noticias.com.br\/wp-content\/uploads\/2021\/08\/ibge-ipca-15-maio-inflacao-energia-eletrica-25052021092316760.jpeg","articleSection":["Economia"],"inLanguage":"pt-BR","potentialAction":[{"@type":"CommentAction","name":"Comment","target":["https:\/\/www.p31noticias.com.br\/?p=24000#respond"]}],"copyrightYear":"2021","copyrightHolder":{"@id":"https:\/\/www.p31noticias.com.br\/#organization"}},{"@type":"WebPage","@id":"https:\/\/www.p31noticias.com.br\/?p=24000","url":"https:\/\/www.p31noticias.com.br\/?p=24000","name":"Inscri\u00e7\u00e3o autom\u00e1tica na tarifa social de energia el\u00e9trica vai \u00e0 san\u00e7\u00e3o - P31","isPartOf":{"@id":"https:\/\/www.p31noticias.com.br\/#website"},"primaryImageOfPage":{"@id":"https:\/\/www.p31noticias.com.br\/?p=24000#primaryimage"},"image":{"@id":"https:\/\/www.p31noticias.com.br\/?p=24000#primaryimage"},"thumbnailUrl":"https:\/\/www.p31noticias.com.br\/wp-content\/uploads\/2021\/08\/ibge-ipca-15-maio-inflacao-energia-eletrica-25052021092316760.jpeg","datePublished":"2021-08-20T18:20:56+00:00","dateModified":"2021-08-20T18:44:58+00:00","author":{"@id":"https:\/\/www.p31noticias.com.br\/#\/schema\/person\/d1bb0ccbf62b27e19ea4e75696908d43"},"breadcrumb":{"@id":"https:\/\/www.p31noticias.com.br\/?p=24000#breadcrumb"},"inLanguage":"pt-BR","potentialAction":[{"@type":"ReadAction","target":["https:\/\/www.p31noticias.com.br\/?p=24000"]}]},{"@type":"ImageObject","inLanguage":"pt-BR","@id":"https:\/\/www.p31noticias.com.br\/?p=24000#primaryimage","url":"https:\/\/www.p31noticias.com.br\/wp-content\/uploads\/2021\/08\/ibge-ipca-15-maio-inflacao-energia-eletrica-25052021092316760.jpeg","contentUrl":"https:\/\/www.p31noticias.com.br\/wp-content\/uploads\/2021\/08\/ibge-ipca-15-maio-inflacao-energia-eletrica-25052021092316760.jpeg","width":442,"height":241},{"@type":"BreadcrumbList","@id":"https:\/\/www.p31noticias.com.br\/?p=24000#breadcrumb","itemListElement":[{"@type":"ListItem","position":1,"name":"In\u00edcio","item":"https:\/\/www.p31noticias.com.br\/"},{"@type":"ListItem","position":2,"name":"Inscri\u00e7\u00e3o autom\u00e1tica na tarifa social de energia el\u00e9trica vai \u00e0 san\u00e7\u00e3o"}]},{"@type":"WebSite","@id":"https:\/\/www.p31noticias.com.br\/#website","url":"https:\/\/www.p31noticias.com.br\/","name":"P31","description":"NOT\u00cdCIAS","potentialAction":[{"@type":"SearchAction","target":{"@type":"EntryPoint","urlTemplate":"https:\/\/www.p31noticias.com.br\/?s={search_term_string}"},"query-input":{"@type":"PropertyValueSpecification","valueRequired":true,"valueName":"search_term_string"}}],"inLanguage":"pt-BR"},{"@type":"Person","@id":"https:\/\/www.p31noticias.com.br\/#\/schema\/person\/d1bb0ccbf62b27e19ea4e75696908d43","name":"Camilly Scheffer","image":{"@type":"ImageObject","inLanguage":"pt-BR","@id":"https:\/\/secure.gravatar.com\/avatar\/06f4704b382d241ec2670712618fccea085b2db24d7b2d3b8691d904bbc1d557?s=96&d=mm&r=g","url":"https:\/\/secure.gravatar.com\/avatar\/06f4704b382d241ec2670712618fccea085b2db24d7b2d3b8691d904bbc1d557?s=96&d=mm&r=g","contentUrl":"https:\/\/secure.gravatar.com\/avatar\/06f4704b382d241ec2670712618fccea085b2db24d7b2d3b8691d904bbc1d557?s=96&d=mm&r=g","caption":"Camilly Scheffer"},"url":"https:\/\/www.p31noticias.com.br\/?author=5"}]}},"amp_enabled":true,"_links":{"self":[{"href":"https:\/\/www.p31noticias.com.br\/index.php?rest_route=\/wp\/v2\/posts\/24000","targetHints":{"allow":["GET"]}}],"collection":[{"href":"https:\/\/www.p31noticias.com.br\/index.php?rest_route=\/wp\/v2\/posts"}],"about":[{"href":"https:\/\/www.p31noticias.com.br\/index.php?rest_route=\/wp\/v2\/types\/post"}],"author":[{"embeddable":true,"href":"https:\/\/www.p31noticias.com.br\/index.php?rest_route=\/wp\/v2\/users\/5"}],"replies":[{"embeddable":true,"href":"https:\/\/www.p31noticias.com.br\/index.php?rest_route=%2Fwp%2Fv2%2Fcomments&post=24000"}],"version-history":[{"count":1,"href":"https:\/\/www.p31noticias.com.br\/index.php?rest_route=\/wp\/v2\/posts\/24000\/revisions"}],"predecessor-version":[{"id":24002,"href":"https:\/\/www.p31noticias.com.br\/index.php?rest_route=\/wp\/v2\/posts\/24000\/revisions\/24002"}],"wp:featuredmedia":[{"embeddable":true,"href":"https:\/\/www.p31noticias.com.br\/index.php?rest_route=\/wp\/v2\/media\/24001"}],"wp:attachment":[{"href":"https:\/\/www.p31noticias.com.br\/index.php?rest_route=%2Fwp%2Fv2%2Fmedia&parent=24000"}],"wp:term":[{"taxonomy":"category","embeddable":true,"href":"https:\/\/www.p31noticias.com.br\/index.php?rest_route=%2Fwp%2Fv2%2Fcategories&post=24000"},{"taxonomy":"post_tag","embeddable":true,"href":"https:\/\/www.p31noticias.com.br\/index.php?rest_route=%2Fwp%2Fv2%2Ftags&post=24000"}],"curies":[{"name":"wp","href":"https:\/\/api.w.org\/{rel}","templated":true}]}}