{"id":23991,"date":"2021-08-20T15:09:24","date_gmt":"2021-08-20T18:09:24","guid":{"rendered":"https:\/\/p31noticias.com.br\/?p=23991"},"modified":"2021-08-20T15:46:07","modified_gmt":"2021-08-20T18:46:07","slug":"astrazeneca-anuncia-avancos-no-tratamento-eficaz-contra-covid-19","status":"publish","type":"post","link":"https:\/\/www.p31noticias.com.br\/?p=23991","title":{"rendered":"AstraZeneca anuncia avan\u00e7os no tratamento eficaz contra covid-19"},"content":{"rendered":"<p>O grupo farmac\u00eautico anglo-sueco AstraZeneca anunciou nesta sexta-feira (20) resultados promissores de um tratamento anticovid-19 que permite de maneira significativa o risco de desenvolver uma forma sintom\u00e1tica da doen\u00e7a em pacientes com condi\u00e7\u00f5es fr\u00e1geis.<\/p>\n<p>Este tratamento com anticorpos (AZD7442) n\u00e3o havia se mostrado eficaz em pessoas j\u00e1 expostas ao v\u00edrus. Mas, ao administr\u00e1-lo em um paciente antes do contato com o v\u00edrus, os resultados apareceram, explica a AstraZeneca em um comunicado.<\/p>\n<p>Neste caso, reduz-se em 77% o risco de desenvolver um forma sintom\u00e1tica, conforme os dados da fase 3, a qual corresponde a testes cl\u00ednicos em grande escala projetados para medir sua seguran\u00e7a e efic\u00e1cia. A AstraZeneca indica, inclusive, que n\u00e3o houve casos graves de covid-19, ou morte.<\/p>\n<p>Destes ensaios, realizados na Espanha, na Fran\u00e7a, na B\u00e9lgica, no Reino Unido e nos Estados Unidos, participaram 5.197 pessoas. Deste universo, 75% apresentavam comorbidades. O tratamento foi administrado por via intramuscular.<\/p>\n<p>&#8220;Com esses resultados tremendos, o AZD7442 pode ser uma ferramenta importante no nosso arsenal para ajudar as pessoas que possam precisar de mais do que uma vacina para recuperar uma vida normal&#8221;, afirmou Myron Levin, professor da Universidade do Colorado, nos Estados Unidos, respons\u00e1vel pelos testes.<\/p>\n<p>Fonte : R7.<\/p>\n","protected":false},"excerpt":{"rendered":"<p>O grupo farmac\u00eautico anglo-sueco AstraZeneca anunciou nesta sexta-feira (20) resultados promissores de um tratamento anticovid-19 que permite de maneira significativa o risco de desenvolver uma forma sintom\u00e1tica da doen\u00e7a em pacientes com condi\u00e7\u00f5es fr\u00e1geis. Este tratamento com anticorpos (AZD7442) n\u00e3o havia se mostrado eficaz em pessoas j\u00e1 expostas ao v\u00edrus. Mas, ao administr\u00e1-lo em um [&hellip;]<\/p>\n","protected":false},"author":5,"featured_media":23992,"comment_status":"open","ping_status":"open","sticky":false,"template":"","format":"standard","meta":{"footnotes":""},"categories":[124],"tags":[],"class_list":{"0":"post-23991","1":"post","2":"type-post","3":"status-publish","4":"format-standard","5":"has-post-thumbnail","7":"category-saude"},"yoast_head":"<!-- This site is optimized with the Yoast SEO Premium plugin v24.5 (Yoast SEO v27.5) - https:\/\/yoast.com\/product\/yoast-seo-premium-wordpress\/ -->\n<title>AstraZeneca anuncia avan\u00e7os no tratamento eficaz contra covid-19 - P31<\/title>\n<meta name=\"robots\" content=\"index, follow, max-snippet:-1, max-image-preview:large, max-video-preview:-1\" \/>\n<link rel=\"canonical\" href=\"https:\/\/www.p31noticias.com.br\/?p=23991\" \/>\n<meta property=\"og:locale\" content=\"pt_BR\" \/>\n<meta property=\"og:type\" content=\"article\" \/>\n<meta property=\"og:title\" content=\"AstraZeneca anuncia avan\u00e7os no tratamento eficaz contra covid-19\" \/>\n<meta property=\"og:description\" content=\"O grupo farmac\u00eautico anglo-sueco AstraZeneca anunciou nesta sexta-feira (20) resultados promissores de um tratamento anticovid-19 que permite de maneira significativa o risco de desenvolver uma forma sintom\u00e1tica da doen\u00e7a em pacientes com condi\u00e7\u00f5es fr\u00e1geis. Este tratamento com anticorpos (AZD7442) n\u00e3o havia se mostrado eficaz em pessoas j\u00e1 expostas ao v\u00edrus. Mas, ao administr\u00e1-lo em um [&hellip;]\" \/>\n<meta property=\"og:url\" content=\"https:\/\/www.p31noticias.com.br\/?p=23991\" \/>\n<meta property=\"og:site_name\" content=\"P31\" \/>\n<meta property=\"article:published_time\" content=\"2021-08-20T18:09:24+00:00\" \/>\n<meta property=\"article:modified_time\" content=\"2021-08-20T18:46:07+00:00\" \/>\n<meta property=\"og:image\" content=\"https:\/\/www.p31noticias.com.br\/wp-content\/uploads\/2021\/08\/astrazeneca-20082021084625842.jpeg\" \/>\n\t<meta property=\"og:image:width\" content=\"771\" \/>\n\t<meta property=\"og:image:height\" content=\"420\" \/>\n\t<meta property=\"og:image:type\" content=\"image\/jpeg\" \/>\n<meta name=\"author\" content=\"Camilly Scheffer\" \/>\n<meta name=\"twitter:card\" content=\"summary_large_image\" \/>\n<meta name=\"twitter:label1\" content=\"Escrito por\" \/>\n\t<meta name=\"twitter:data1\" content=\"Camilly Scheffer\" \/>\n\t<meta name=\"twitter:label2\" content=\"Est. tempo de leitura\" \/>\n\t<meta name=\"twitter:data2\" content=\"1 minuto\" \/>\n<script type=\"application\/ld+json\" class=\"yoast-schema-graph\">{\"@context\":\"https:\\\/\\\/schema.org\",\"@graph\":[{\"@type\":\"Article\",\"@id\":\"https:\\\/\\\/www.p31noticias.com.br\\\/?p=23991#article\",\"isPartOf\":{\"@id\":\"https:\\\/\\\/www.p31noticias.com.br\\\/?p=23991\"},\"author\":{\"name\":\"Camilly Scheffer\",\"@id\":\"https:\\\/\\\/www.p31noticias.com.br\\\/#\\\/schema\\\/person\\\/d1bb0ccbf62b27e19ea4e75696908d43\"},\"headline\":\"AstraZeneca anuncia avan\u00e7os no tratamento eficaz contra covid-19\",\"datePublished\":\"2021-08-20T18:09:24+00:00\",\"dateModified\":\"2021-08-20T18:46:07+00:00\",\"mainEntityOfPage\":{\"@id\":\"https:\\\/\\\/www.p31noticias.com.br\\\/?p=23991\"},\"wordCount\":218,\"commentCount\":0,\"image\":{\"@id\":\"https:\\\/\\\/www.p31noticias.com.br\\\/?p=23991#primaryimage\"},\"thumbnailUrl\":\"https:\\\/\\\/www.p31noticias.com.br\\\/wp-content\\\/uploads\\\/2021\\\/08\\\/astrazeneca-20082021084625842.jpeg\",\"articleSection\":[\"Sa\u00fade\"],\"inLanguage\":\"pt-BR\",\"potentialAction\":[{\"@type\":\"CommentAction\",\"name\":\"Comment\",\"target\":[\"https:\\\/\\\/www.p31noticias.com.br\\\/?p=23991#respond\"]}],\"copyrightYear\":\"2021\",\"copyrightHolder\":{\"@id\":\"https:\\\/\\\/www.p31noticias.com.br\\\/#organization\"}},{\"@type\":\"WebPage\",\"@id\":\"https:\\\/\\\/www.p31noticias.com.br\\\/?p=23991\",\"url\":\"https:\\\/\\\/www.p31noticias.com.br\\\/?p=23991\",\"name\":\"AstraZeneca anuncia avan\u00e7os no tratamento eficaz contra covid-19 - P31\",\"isPartOf\":{\"@id\":\"https:\\\/\\\/www.p31noticias.com.br\\\/#website\"},\"primaryImageOfPage\":{\"@id\":\"https:\\\/\\\/www.p31noticias.com.br\\\/?p=23991#primaryimage\"},\"image\":{\"@id\":\"https:\\\/\\\/www.p31noticias.com.br\\\/?p=23991#primaryimage\"},\"thumbnailUrl\":\"https:\\\/\\\/www.p31noticias.com.br\\\/wp-content\\\/uploads\\\/2021\\\/08\\\/astrazeneca-20082021084625842.jpeg\",\"datePublished\":\"2021-08-20T18:09:24+00:00\",\"dateModified\":\"2021-08-20T18:46:07+00:00\",\"author\":{\"@id\":\"https:\\\/\\\/www.p31noticias.com.br\\\/#\\\/schema\\\/person\\\/d1bb0ccbf62b27e19ea4e75696908d43\"},\"breadcrumb\":{\"@id\":\"https:\\\/\\\/www.p31noticias.com.br\\\/?p=23991#breadcrumb\"},\"inLanguage\":\"pt-BR\",\"potentialAction\":[{\"@type\":\"ReadAction\",\"target\":[\"https:\\\/\\\/www.p31noticias.com.br\\\/?p=23991\"]}]},{\"@type\":\"ImageObject\",\"inLanguage\":\"pt-BR\",\"@id\":\"https:\\\/\\\/www.p31noticias.com.br\\\/?p=23991#primaryimage\",\"url\":\"https:\\\/\\\/www.p31noticias.com.br\\\/wp-content\\\/uploads\\\/2021\\\/08\\\/astrazeneca-20082021084625842.jpeg\",\"contentUrl\":\"https:\\\/\\\/www.p31noticias.com.br\\\/wp-content\\\/uploads\\\/2021\\\/08\\\/astrazeneca-20082021084625842.jpeg\",\"width\":771,\"height\":420},{\"@type\":\"BreadcrumbList\",\"@id\":\"https:\\\/\\\/www.p31noticias.com.br\\\/?p=23991#breadcrumb\",\"itemListElement\":[{\"@type\":\"ListItem\",\"position\":1,\"name\":\"In\u00edcio\",\"item\":\"https:\\\/\\\/www.p31noticias.com.br\\\/\"},{\"@type\":\"ListItem\",\"position\":2,\"name\":\"AstraZeneca anuncia avan\u00e7os no tratamento eficaz contra covid-19\"}]},{\"@type\":\"WebSite\",\"@id\":\"https:\\\/\\\/www.p31noticias.com.br\\\/#website\",\"url\":\"https:\\\/\\\/www.p31noticias.com.br\\\/\",\"name\":\"P31\",\"description\":\"NOT\u00cdCIAS\",\"potentialAction\":[{\"@type\":\"SearchAction\",\"target\":{\"@type\":\"EntryPoint\",\"urlTemplate\":\"https:\\\/\\\/www.p31noticias.com.br\\\/?s={search_term_string}\"},\"query-input\":{\"@type\":\"PropertyValueSpecification\",\"valueRequired\":true,\"valueName\":\"search_term_string\"}}],\"inLanguage\":\"pt-BR\"},{\"@type\":\"Person\",\"@id\":\"https:\\\/\\\/www.p31noticias.com.br\\\/#\\\/schema\\\/person\\\/d1bb0ccbf62b27e19ea4e75696908d43\",\"name\":\"Camilly Scheffer\",\"image\":{\"@type\":\"ImageObject\",\"inLanguage\":\"pt-BR\",\"@id\":\"https:\\\/\\\/secure.gravatar.com\\\/avatar\\\/06f4704b382d241ec2670712618fccea085b2db24d7b2d3b8691d904bbc1d557?s=96&d=mm&r=g\",\"url\":\"https:\\\/\\\/secure.gravatar.com\\\/avatar\\\/06f4704b382d241ec2670712618fccea085b2db24d7b2d3b8691d904bbc1d557?s=96&d=mm&r=g\",\"contentUrl\":\"https:\\\/\\\/secure.gravatar.com\\\/avatar\\\/06f4704b382d241ec2670712618fccea085b2db24d7b2d3b8691d904bbc1d557?s=96&d=mm&r=g\",\"caption\":\"Camilly Scheffer\"},\"url\":\"https:\\\/\\\/www.p31noticias.com.br\\\/?author=5\"}]}<\/script>\n<!-- \/ Yoast SEO Premium plugin. -->","yoast_head_json":{"title":"AstraZeneca anuncia avan\u00e7os no tratamento eficaz contra covid-19 - P31","robots":{"index":"index","follow":"follow","max-snippet":"max-snippet:-1","max-image-preview":"max-image-preview:large","max-video-preview":"max-video-preview:-1"},"canonical":"https:\/\/www.p31noticias.com.br\/?p=23991","og_locale":"pt_BR","og_type":"article","og_title":"AstraZeneca anuncia avan\u00e7os no tratamento eficaz contra covid-19","og_description":"O grupo farmac\u00eautico anglo-sueco AstraZeneca anunciou nesta sexta-feira (20) resultados promissores de um tratamento anticovid-19 que permite de maneira significativa o risco de desenvolver uma forma sintom\u00e1tica da doen\u00e7a em pacientes com condi\u00e7\u00f5es fr\u00e1geis. Este tratamento com anticorpos (AZD7442) n\u00e3o havia se mostrado eficaz em pessoas j\u00e1 expostas ao v\u00edrus. Mas, ao administr\u00e1-lo em um [&hellip;]","og_url":"https:\/\/www.p31noticias.com.br\/?p=23991","og_site_name":"P31","article_published_time":"2021-08-20T18:09:24+00:00","article_modified_time":"2021-08-20T18:46:07+00:00","og_image":[{"width":771,"height":420,"url":"https:\/\/www.p31noticias.com.br\/wp-content\/uploads\/2021\/08\/astrazeneca-20082021084625842.jpeg","type":"image\/jpeg"}],"author":"Camilly Scheffer","twitter_card":"summary_large_image","twitter_misc":{"Escrito por":"Camilly Scheffer","Est. tempo de leitura":"1 minuto"},"schema":{"@context":"https:\/\/schema.org","@graph":[{"@type":"Article","@id":"https:\/\/www.p31noticias.com.br\/?p=23991#article","isPartOf":{"@id":"https:\/\/www.p31noticias.com.br\/?p=23991"},"author":{"name":"Camilly Scheffer","@id":"https:\/\/www.p31noticias.com.br\/#\/schema\/person\/d1bb0ccbf62b27e19ea4e75696908d43"},"headline":"AstraZeneca anuncia avan\u00e7os no tratamento eficaz contra covid-19","datePublished":"2021-08-20T18:09:24+00:00","dateModified":"2021-08-20T18:46:07+00:00","mainEntityOfPage":{"@id":"https:\/\/www.p31noticias.com.br\/?p=23991"},"wordCount":218,"commentCount":0,"image":{"@id":"https:\/\/www.p31noticias.com.br\/?p=23991#primaryimage"},"thumbnailUrl":"https:\/\/www.p31noticias.com.br\/wp-content\/uploads\/2021\/08\/astrazeneca-20082021084625842.jpeg","articleSection":["Sa\u00fade"],"inLanguage":"pt-BR","potentialAction":[{"@type":"CommentAction","name":"Comment","target":["https:\/\/www.p31noticias.com.br\/?p=23991#respond"]}],"copyrightYear":"2021","copyrightHolder":{"@id":"https:\/\/www.p31noticias.com.br\/#organization"}},{"@type":"WebPage","@id":"https:\/\/www.p31noticias.com.br\/?p=23991","url":"https:\/\/www.p31noticias.com.br\/?p=23991","name":"AstraZeneca anuncia avan\u00e7os no tratamento eficaz contra covid-19 - P31","isPartOf":{"@id":"https:\/\/www.p31noticias.com.br\/#website"},"primaryImageOfPage":{"@id":"https:\/\/www.p31noticias.com.br\/?p=23991#primaryimage"},"image":{"@id":"https:\/\/www.p31noticias.com.br\/?p=23991#primaryimage"},"thumbnailUrl":"https:\/\/www.p31noticias.com.br\/wp-content\/uploads\/2021\/08\/astrazeneca-20082021084625842.jpeg","datePublished":"2021-08-20T18:09:24+00:00","dateModified":"2021-08-20T18:46:07+00:00","author":{"@id":"https:\/\/www.p31noticias.com.br\/#\/schema\/person\/d1bb0ccbf62b27e19ea4e75696908d43"},"breadcrumb":{"@id":"https:\/\/www.p31noticias.com.br\/?p=23991#breadcrumb"},"inLanguage":"pt-BR","potentialAction":[{"@type":"ReadAction","target":["https:\/\/www.p31noticias.com.br\/?p=23991"]}]},{"@type":"ImageObject","inLanguage":"pt-BR","@id":"https:\/\/www.p31noticias.com.br\/?p=23991#primaryimage","url":"https:\/\/www.p31noticias.com.br\/wp-content\/uploads\/2021\/08\/astrazeneca-20082021084625842.jpeg","contentUrl":"https:\/\/www.p31noticias.com.br\/wp-content\/uploads\/2021\/08\/astrazeneca-20082021084625842.jpeg","width":771,"height":420},{"@type":"BreadcrumbList","@id":"https:\/\/www.p31noticias.com.br\/?p=23991#breadcrumb","itemListElement":[{"@type":"ListItem","position":1,"name":"In\u00edcio","item":"https:\/\/www.p31noticias.com.br\/"},{"@type":"ListItem","position":2,"name":"AstraZeneca anuncia avan\u00e7os no tratamento eficaz contra covid-19"}]},{"@type":"WebSite","@id":"https:\/\/www.p31noticias.com.br\/#website","url":"https:\/\/www.p31noticias.com.br\/","name":"P31","description":"NOT\u00cdCIAS","potentialAction":[{"@type":"SearchAction","target":{"@type":"EntryPoint","urlTemplate":"https:\/\/www.p31noticias.com.br\/?s={search_term_string}"},"query-input":{"@type":"PropertyValueSpecification","valueRequired":true,"valueName":"search_term_string"}}],"inLanguage":"pt-BR"},{"@type":"Person","@id":"https:\/\/www.p31noticias.com.br\/#\/schema\/person\/d1bb0ccbf62b27e19ea4e75696908d43","name":"Camilly Scheffer","image":{"@type":"ImageObject","inLanguage":"pt-BR","@id":"https:\/\/secure.gravatar.com\/avatar\/06f4704b382d241ec2670712618fccea085b2db24d7b2d3b8691d904bbc1d557?s=96&d=mm&r=g","url":"https:\/\/secure.gravatar.com\/avatar\/06f4704b382d241ec2670712618fccea085b2db24d7b2d3b8691d904bbc1d557?s=96&d=mm&r=g","contentUrl":"https:\/\/secure.gravatar.com\/avatar\/06f4704b382d241ec2670712618fccea085b2db24d7b2d3b8691d904bbc1d557?s=96&d=mm&r=g","caption":"Camilly Scheffer"},"url":"https:\/\/www.p31noticias.com.br\/?author=5"}]}},"amp_enabled":true,"_links":{"self":[{"href":"https:\/\/www.p31noticias.com.br\/index.php?rest_route=\/wp\/v2\/posts\/23991","targetHints":{"allow":["GET"]}}],"collection":[{"href":"https:\/\/www.p31noticias.com.br\/index.php?rest_route=\/wp\/v2\/posts"}],"about":[{"href":"https:\/\/www.p31noticias.com.br\/index.php?rest_route=\/wp\/v2\/types\/post"}],"author":[{"embeddable":true,"href":"https:\/\/www.p31noticias.com.br\/index.php?rest_route=\/wp\/v2\/users\/5"}],"replies":[{"embeddable":true,"href":"https:\/\/www.p31noticias.com.br\/index.php?rest_route=%2Fwp%2Fv2%2Fcomments&post=23991"}],"version-history":[{"count":1,"href":"https:\/\/www.p31noticias.com.br\/index.php?rest_route=\/wp\/v2\/posts\/23991\/revisions"}],"predecessor-version":[{"id":23993,"href":"https:\/\/www.p31noticias.com.br\/index.php?rest_route=\/wp\/v2\/posts\/23991\/revisions\/23993"}],"wp:featuredmedia":[{"embeddable":true,"href":"https:\/\/www.p31noticias.com.br\/index.php?rest_route=\/wp\/v2\/media\/23992"}],"wp:attachment":[{"href":"https:\/\/www.p31noticias.com.br\/index.php?rest_route=%2Fwp%2Fv2%2Fmedia&parent=23991"}],"wp:term":[{"taxonomy":"category","embeddable":true,"href":"https:\/\/www.p31noticias.com.br\/index.php?rest_route=%2Fwp%2Fv2%2Fcategories&post=23991"},{"taxonomy":"post_tag","embeddable":true,"href":"https:\/\/www.p31noticias.com.br\/index.php?rest_route=%2Fwp%2Fv2%2Ftags&post=23991"}],"curies":[{"name":"wp","href":"https:\/\/api.w.org\/{rel}","templated":true}]}}