{"id":23984,"date":"2021-08-20T12:47:39","date_gmt":"2021-08-20T15:47:39","guid":{"rendered":"https:\/\/p31noticias.com.br\/?p=23984"},"modified":"2021-08-20T12:47:39","modified_gmt":"2021-08-20T15:47:39","slug":"homem-suspeito-de-carregar-explosivos-nos-eua-e-detido-pela-policia-do-capitolio","status":"publish","type":"post","link":"https:\/\/www.p31noticias.com.br\/?p=23984","title":{"rendered":"Homem suspeito de carregar explosivos nos EUA \u00e9 detido pela Pol\u00edcia do Capit\u00f3lio"},"content":{"rendered":"<p>A Pol\u00edcia do Capit\u00f3lio dos Estados Unidos (USCP, na sigla em ingl\u00eas) deteve nesta quinta-feira (19) o <span class=\"highlight highlighted\">homem que dizia carregar explosivos perto da Biblioteca do Congresso,<\/span>\u00a0em Washington DC.<\/p>\n<div class=\"wall protected-content\">\n<div class=\"mc-column content-text active-extra-styles \" data-block-type=\"unstyled\" data-block-weight=\"31\" data-block-id=\"3\">\n<p class=\"content-text__container \" data-track-category=\"Link no Texto\" data-track-links=\"\">Ele afirmava que a caminhonete que conduzia \u2013 e que jogou sobre a cal\u00e7ada da biblioteca \u2013 estaria carregado com uma bomba. A pol\u00edcia informou que n\u00e3o havia explosivos no ve\u00edculo.<\/p>\n<p data-track-category=\"Link no Texto\" data-track-links=\"\">Identificado pelas autoridades como Floyd Roy Roseberry, de 49 anos. Ele\u00a0<span class=\"highlight highlighted\">fazia uma transmiss\u00e3o de sua a\u00e7\u00e3o em uma rede social<\/span>, mas o sinal foi cortado ap\u00f3s cerca de meia hora.<\/p>\n<div class=\"mc-column content-text active-extra-styles \" data-block-type=\"unstyled\" data-block-weight=\"28\" data-block-id=\"8\">\n<p class=\"content-text__container \" data-track-category=\"Link no Texto\" data-track-links=\"\">Em seu perfil, Roseberry fazia\u00a0<span class=\"highlight highlighted\">postagens contr\u00e1rias ao governo do presidente Joe Biden<\/span>\u00a0e havia compartilhado um v\u00eddeo recente de Donald Trump Jr. sobre a crise do Afeganist\u00e3o.<\/p>\n<\/div>\n<div class=\"mc-column content-text active-extra-styles \" data-block-type=\"unstyled\" data-block-weight=\"34\" data-block-id=\"9\">\n<p class=\"content-text__container \" data-track-category=\"Link no Texto\" data-track-links=\"\">A identidade do suspeito foi confirmada pela sua ex-mulher, que disse em entrevista \u00e0 ag\u00eancia Reuters, que\u00a0<span class=\"highlight highlighted\">Roseberry teria dist\u00farbios psiqui\u00e1tricos e que j\u00e1 havia tentado mat\u00e1-la<\/span>, h\u00e1 8 anos, com v\u00e1rios tiros.<\/p>\n<\/div>\n<div class=\"mc-column content-text active-extra-styles \" data-block-type=\"unstyled\" data-block-weight=\"17\" data-block-id=\"10\">\n<p class=\"content-text__container \" data-track-category=\"Link no Texto\" data-track-links=\"\">Pr\u00e9dios pr\u00f3ximos ao local foram evacuados e as ruas em volta do complexo do Capit\u00f3lio foram fechadas.<\/p>\n<p data-track-category=\"Link no Texto\" data-track-links=\"\">A Biblioteca do Congresso fica em frente ao Capit\u00f3lio (a sede do Congresso americano) e do lado da Suprema Corte dos EUA.<\/p>\n<div class=\"mc-column content-text active-extra-styles \" data-block-type=\"unstyled\" data-block-weight=\"27\" data-block-id=\"15\">\n<p class=\"content-text__container \" data-track-category=\"Link no Texto\" data-track-links=\"\">Tanto a C\u00e2mara de Representantes quanto o Senado se encontram em recesso no momento, ent\u00e3o n\u00e3o h\u00e1 sess\u00f5es no local, mas funcion\u00e1rios est\u00e3o trabalhando normalmente no complexo.<\/p>\n<\/div>\n<\/div>\n<\/div>\n<div class=\"bs-video-block mc-column  content-media content-video\" data-block-type=\"backstage-video\" data-block-id=\"4\">\n<div class=\"content-media__container\">\n<div class=\"content-video__bigger-player-description-fixer\">\n<article class=\"content-video\">\n<section class=\"content-video__video-container\">\n<div class=\"content-video__video\">\n<div class=\"content-video__placeholder\" data-video-id=\"9783635\">\u00a0Fonte: G1.<\/div>\n<\/div>\n<\/section>\n<\/article>\n<\/div>\n<\/div>\n<\/div>\n<\/div>\n","protected":false},"excerpt":{"rendered":"<p>A Pol\u00edcia do Capit\u00f3lio dos Estados Unidos (USCP, na sigla em ingl\u00eas) deteve nesta quinta-feira (19) o homem que dizia carregar explosivos perto da Biblioteca do Congresso,\u00a0em Washington DC. Ele afirmava que a caminhonete que conduzia \u2013 e que jogou sobre a cal\u00e7ada da biblioteca \u2013 estaria carregado com uma bomba. A pol\u00edcia informou que [&hellip;]<\/p>\n","protected":false},"author":5,"featured_media":23985,"comment_status":"open","ping_status":"open","sticky":false,"template":"","format":"standard","meta":{"footnotes":""},"categories":[1],"tags":[],"class_list":{"0":"post-23984","1":"post","2":"type-post","3":"status-publish","4":"format-standard","5":"has-post-thumbnail","7":"category-outros"},"yoast_head":"<!-- This site is optimized with the Yoast SEO Premium plugin v24.5 (Yoast SEO v27.5) - https:\/\/yoast.com\/product\/yoast-seo-premium-wordpress\/ -->\n<title>Homem suspeito de carregar explosivos nos EUA \u00e9 detido pela Pol\u00edcia do Capit\u00f3lio - P31<\/title>\n<meta name=\"robots\" content=\"index, follow, max-snippet:-1, max-image-preview:large, max-video-preview:-1\" \/>\n<link rel=\"canonical\" href=\"https:\/\/www.p31noticias.com.br\/?p=23984\" \/>\n<meta property=\"og:locale\" content=\"pt_BR\" \/>\n<meta property=\"og:type\" content=\"article\" \/>\n<meta property=\"og:title\" content=\"Homem suspeito de carregar explosivos nos EUA \u00e9 detido pela Pol\u00edcia do Capit\u00f3lio\" \/>\n<meta property=\"og:description\" content=\"A Pol\u00edcia do Capit\u00f3lio dos Estados Unidos (USCP, na sigla em ingl\u00eas) deteve nesta quinta-feira (19) o homem que dizia carregar explosivos perto da Biblioteca do Congresso,\u00a0em Washington DC. Ele afirmava que a caminhonete que conduzia \u2013 e que jogou sobre a cal\u00e7ada da biblioteca \u2013 estaria carregado com uma bomba. A pol\u00edcia informou que [&hellip;]\" \/>\n<meta property=\"og:url\" content=\"https:\/\/www.p31noticias.com.br\/?p=23984\" \/>\n<meta property=\"og:site_name\" content=\"P31\" \/>\n<meta property=\"article:published_time\" content=\"2021-08-20T15:47:39+00:00\" \/>\n<meta property=\"og:image\" content=\"https:\/\/www.p31noticias.com.br\/wp-content\/uploads\/2021\/08\/ap21231538176715-1.jpg\" \/>\n\t<meta property=\"og:image:width\" content=\"1008\" \/>\n\t<meta property=\"og:image:height\" content=\"672\" \/>\n\t<meta property=\"og:image:type\" content=\"image\/jpeg\" \/>\n<meta name=\"author\" content=\"Camilly Scheffer\" \/>\n<meta name=\"twitter:card\" content=\"summary_large_image\" \/>\n<meta name=\"twitter:label1\" content=\"Escrito por\" \/>\n\t<meta name=\"twitter:data1\" content=\"Camilly Scheffer\" \/>\n\t<meta name=\"twitter:label2\" content=\"Est. tempo de leitura\" \/>\n\t<meta name=\"twitter:data2\" content=\"1 minuto\" \/>\n<script type=\"application\/ld+json\" class=\"yoast-schema-graph\">{\"@context\":\"https:\\\/\\\/schema.org\",\"@graph\":[{\"@type\":\"Article\",\"@id\":\"https:\\\/\\\/www.p31noticias.com.br\\\/?p=23984#article\",\"isPartOf\":{\"@id\":\"https:\\\/\\\/www.p31noticias.com.br\\\/?p=23984\"},\"author\":{\"name\":\"Camilly Scheffer\",\"@id\":\"https:\\\/\\\/www.p31noticias.com.br\\\/#\\\/schema\\\/person\\\/d1bb0ccbf62b27e19ea4e75696908d43\"},\"headline\":\"Homem suspeito de carregar explosivos nos EUA \u00e9 detido pela Pol\u00edcia do Capit\u00f3lio\",\"datePublished\":\"2021-08-20T15:47:39+00:00\",\"mainEntityOfPage\":{\"@id\":\"https:\\\/\\\/www.p31noticias.com.br\\\/?p=23984\"},\"wordCount\":257,\"commentCount\":0,\"image\":{\"@id\":\"https:\\\/\\\/www.p31noticias.com.br\\\/?p=23984#primaryimage\"},\"thumbnailUrl\":\"https:\\\/\\\/www.p31noticias.com.br\\\/wp-content\\\/uploads\\\/2021\\\/08\\\/ap21231538176715-1.jpg\",\"articleSection\":[\"Outros\"],\"inLanguage\":\"pt-BR\",\"potentialAction\":[{\"@type\":\"CommentAction\",\"name\":\"Comment\",\"target\":[\"https:\\\/\\\/www.p31noticias.com.br\\\/?p=23984#respond\"]}],\"copyrightYear\":\"2021\",\"copyrightHolder\":{\"@id\":\"https:\\\/\\\/www.p31noticias.com.br\\\/#organization\"}},{\"@type\":\"WebPage\",\"@id\":\"https:\\\/\\\/www.p31noticias.com.br\\\/?p=23984\",\"url\":\"https:\\\/\\\/www.p31noticias.com.br\\\/?p=23984\",\"name\":\"Homem suspeito de carregar explosivos nos EUA \u00e9 detido pela Pol\u00edcia do Capit\u00f3lio - P31\",\"isPartOf\":{\"@id\":\"https:\\\/\\\/www.p31noticias.com.br\\\/#website\"},\"primaryImageOfPage\":{\"@id\":\"https:\\\/\\\/www.p31noticias.com.br\\\/?p=23984#primaryimage\"},\"image\":{\"@id\":\"https:\\\/\\\/www.p31noticias.com.br\\\/?p=23984#primaryimage\"},\"thumbnailUrl\":\"https:\\\/\\\/www.p31noticias.com.br\\\/wp-content\\\/uploads\\\/2021\\\/08\\\/ap21231538176715-1.jpg\",\"datePublished\":\"2021-08-20T15:47:39+00:00\",\"author\":{\"@id\":\"https:\\\/\\\/www.p31noticias.com.br\\\/#\\\/schema\\\/person\\\/d1bb0ccbf62b27e19ea4e75696908d43\"},\"breadcrumb\":{\"@id\":\"https:\\\/\\\/www.p31noticias.com.br\\\/?p=23984#breadcrumb\"},\"inLanguage\":\"pt-BR\",\"potentialAction\":[{\"@type\":\"ReadAction\",\"target\":[\"https:\\\/\\\/www.p31noticias.com.br\\\/?p=23984\"]}]},{\"@type\":\"ImageObject\",\"inLanguage\":\"pt-BR\",\"@id\":\"https:\\\/\\\/www.p31noticias.com.br\\\/?p=23984#primaryimage\",\"url\":\"https:\\\/\\\/www.p31noticias.com.br\\\/wp-content\\\/uploads\\\/2021\\\/08\\\/ap21231538176715-1.jpg\",\"contentUrl\":\"https:\\\/\\\/www.p31noticias.com.br\\\/wp-content\\\/uploads\\\/2021\\\/08\\\/ap21231538176715-1.jpg\",\"width\":1008,\"height\":672},{\"@type\":\"BreadcrumbList\",\"@id\":\"https:\\\/\\\/www.p31noticias.com.br\\\/?p=23984#breadcrumb\",\"itemListElement\":[{\"@type\":\"ListItem\",\"position\":1,\"name\":\"In\u00edcio\",\"item\":\"https:\\\/\\\/www.p31noticias.com.br\\\/\"},{\"@type\":\"ListItem\",\"position\":2,\"name\":\"Homem suspeito de carregar explosivos nos EUA \u00e9 detido pela Pol\u00edcia do Capit\u00f3lio\"}]},{\"@type\":\"WebSite\",\"@id\":\"https:\\\/\\\/www.p31noticias.com.br\\\/#website\",\"url\":\"https:\\\/\\\/www.p31noticias.com.br\\\/\",\"name\":\"P31\",\"description\":\"NOT\u00cdCIAS\",\"potentialAction\":[{\"@type\":\"SearchAction\",\"target\":{\"@type\":\"EntryPoint\",\"urlTemplate\":\"https:\\\/\\\/www.p31noticias.com.br\\\/?s={search_term_string}\"},\"query-input\":{\"@type\":\"PropertyValueSpecification\",\"valueRequired\":true,\"valueName\":\"search_term_string\"}}],\"inLanguage\":\"pt-BR\"},{\"@type\":\"Person\",\"@id\":\"https:\\\/\\\/www.p31noticias.com.br\\\/#\\\/schema\\\/person\\\/d1bb0ccbf62b27e19ea4e75696908d43\",\"name\":\"Camilly Scheffer\",\"image\":{\"@type\":\"ImageObject\",\"inLanguage\":\"pt-BR\",\"@id\":\"https:\\\/\\\/secure.gravatar.com\\\/avatar\\\/06f4704b382d241ec2670712618fccea085b2db24d7b2d3b8691d904bbc1d557?s=96&d=mm&r=g\",\"url\":\"https:\\\/\\\/secure.gravatar.com\\\/avatar\\\/06f4704b382d241ec2670712618fccea085b2db24d7b2d3b8691d904bbc1d557?s=96&d=mm&r=g\",\"contentUrl\":\"https:\\\/\\\/secure.gravatar.com\\\/avatar\\\/06f4704b382d241ec2670712618fccea085b2db24d7b2d3b8691d904bbc1d557?s=96&d=mm&r=g\",\"caption\":\"Camilly Scheffer\"},\"url\":\"https:\\\/\\\/www.p31noticias.com.br\\\/?author=5\"}]}<\/script>\n<!-- \/ Yoast SEO Premium plugin. -->","yoast_head_json":{"title":"Homem suspeito de carregar explosivos nos EUA \u00e9 detido pela Pol\u00edcia do Capit\u00f3lio - P31","robots":{"index":"index","follow":"follow","max-snippet":"max-snippet:-1","max-image-preview":"max-image-preview:large","max-video-preview":"max-video-preview:-1"},"canonical":"https:\/\/www.p31noticias.com.br\/?p=23984","og_locale":"pt_BR","og_type":"article","og_title":"Homem suspeito de carregar explosivos nos EUA \u00e9 detido pela Pol\u00edcia do Capit\u00f3lio","og_description":"A Pol\u00edcia do Capit\u00f3lio dos Estados Unidos (USCP, na sigla em ingl\u00eas) deteve nesta quinta-feira (19) o homem que dizia carregar explosivos perto da Biblioteca do Congresso,\u00a0em Washington DC. Ele afirmava que a caminhonete que conduzia \u2013 e que jogou sobre a cal\u00e7ada da biblioteca \u2013 estaria carregado com uma bomba. A pol\u00edcia informou que [&hellip;]","og_url":"https:\/\/www.p31noticias.com.br\/?p=23984","og_site_name":"P31","article_published_time":"2021-08-20T15:47:39+00:00","og_image":[{"width":1008,"height":672,"url":"https:\/\/www.p31noticias.com.br\/wp-content\/uploads\/2021\/08\/ap21231538176715-1.jpg","type":"image\/jpeg"}],"author":"Camilly Scheffer","twitter_card":"summary_large_image","twitter_misc":{"Escrito por":"Camilly Scheffer","Est. tempo de leitura":"1 minuto"},"schema":{"@context":"https:\/\/schema.org","@graph":[{"@type":"Article","@id":"https:\/\/www.p31noticias.com.br\/?p=23984#article","isPartOf":{"@id":"https:\/\/www.p31noticias.com.br\/?p=23984"},"author":{"name":"Camilly Scheffer","@id":"https:\/\/www.p31noticias.com.br\/#\/schema\/person\/d1bb0ccbf62b27e19ea4e75696908d43"},"headline":"Homem suspeito de carregar explosivos nos EUA \u00e9 detido pela Pol\u00edcia do Capit\u00f3lio","datePublished":"2021-08-20T15:47:39+00:00","mainEntityOfPage":{"@id":"https:\/\/www.p31noticias.com.br\/?p=23984"},"wordCount":257,"commentCount":0,"image":{"@id":"https:\/\/www.p31noticias.com.br\/?p=23984#primaryimage"},"thumbnailUrl":"https:\/\/www.p31noticias.com.br\/wp-content\/uploads\/2021\/08\/ap21231538176715-1.jpg","articleSection":["Outros"],"inLanguage":"pt-BR","potentialAction":[{"@type":"CommentAction","name":"Comment","target":["https:\/\/www.p31noticias.com.br\/?p=23984#respond"]}],"copyrightYear":"2021","copyrightHolder":{"@id":"https:\/\/www.p31noticias.com.br\/#organization"}},{"@type":"WebPage","@id":"https:\/\/www.p31noticias.com.br\/?p=23984","url":"https:\/\/www.p31noticias.com.br\/?p=23984","name":"Homem suspeito de carregar explosivos nos EUA \u00e9 detido pela Pol\u00edcia do Capit\u00f3lio - P31","isPartOf":{"@id":"https:\/\/www.p31noticias.com.br\/#website"},"primaryImageOfPage":{"@id":"https:\/\/www.p31noticias.com.br\/?p=23984#primaryimage"},"image":{"@id":"https:\/\/www.p31noticias.com.br\/?p=23984#primaryimage"},"thumbnailUrl":"https:\/\/www.p31noticias.com.br\/wp-content\/uploads\/2021\/08\/ap21231538176715-1.jpg","datePublished":"2021-08-20T15:47:39+00:00","author":{"@id":"https:\/\/www.p31noticias.com.br\/#\/schema\/person\/d1bb0ccbf62b27e19ea4e75696908d43"},"breadcrumb":{"@id":"https:\/\/www.p31noticias.com.br\/?p=23984#breadcrumb"},"inLanguage":"pt-BR","potentialAction":[{"@type":"ReadAction","target":["https:\/\/www.p31noticias.com.br\/?p=23984"]}]},{"@type":"ImageObject","inLanguage":"pt-BR","@id":"https:\/\/www.p31noticias.com.br\/?p=23984#primaryimage","url":"https:\/\/www.p31noticias.com.br\/wp-content\/uploads\/2021\/08\/ap21231538176715-1.jpg","contentUrl":"https:\/\/www.p31noticias.com.br\/wp-content\/uploads\/2021\/08\/ap21231538176715-1.jpg","width":1008,"height":672},{"@type":"BreadcrumbList","@id":"https:\/\/www.p31noticias.com.br\/?p=23984#breadcrumb","itemListElement":[{"@type":"ListItem","position":1,"name":"In\u00edcio","item":"https:\/\/www.p31noticias.com.br\/"},{"@type":"ListItem","position":2,"name":"Homem suspeito de carregar explosivos nos EUA \u00e9 detido pela Pol\u00edcia do Capit\u00f3lio"}]},{"@type":"WebSite","@id":"https:\/\/www.p31noticias.com.br\/#website","url":"https:\/\/www.p31noticias.com.br\/","name":"P31","description":"NOT\u00cdCIAS","potentialAction":[{"@type":"SearchAction","target":{"@type":"EntryPoint","urlTemplate":"https:\/\/www.p31noticias.com.br\/?s={search_term_string}"},"query-input":{"@type":"PropertyValueSpecification","valueRequired":true,"valueName":"search_term_string"}}],"inLanguage":"pt-BR"},{"@type":"Person","@id":"https:\/\/www.p31noticias.com.br\/#\/schema\/person\/d1bb0ccbf62b27e19ea4e75696908d43","name":"Camilly Scheffer","image":{"@type":"ImageObject","inLanguage":"pt-BR","@id":"https:\/\/secure.gravatar.com\/avatar\/06f4704b382d241ec2670712618fccea085b2db24d7b2d3b8691d904bbc1d557?s=96&d=mm&r=g","url":"https:\/\/secure.gravatar.com\/avatar\/06f4704b382d241ec2670712618fccea085b2db24d7b2d3b8691d904bbc1d557?s=96&d=mm&r=g","contentUrl":"https:\/\/secure.gravatar.com\/avatar\/06f4704b382d241ec2670712618fccea085b2db24d7b2d3b8691d904bbc1d557?s=96&d=mm&r=g","caption":"Camilly Scheffer"},"url":"https:\/\/www.p31noticias.com.br\/?author=5"}]}},"amp_enabled":true,"_links":{"self":[{"href":"https:\/\/www.p31noticias.com.br\/index.php?rest_route=\/wp\/v2\/posts\/23984","targetHints":{"allow":["GET"]}}],"collection":[{"href":"https:\/\/www.p31noticias.com.br\/index.php?rest_route=\/wp\/v2\/posts"}],"about":[{"href":"https:\/\/www.p31noticias.com.br\/index.php?rest_route=\/wp\/v2\/types\/post"}],"author":[{"embeddable":true,"href":"https:\/\/www.p31noticias.com.br\/index.php?rest_route=\/wp\/v2\/users\/5"}],"replies":[{"embeddable":true,"href":"https:\/\/www.p31noticias.com.br\/index.php?rest_route=%2Fwp%2Fv2%2Fcomments&post=23984"}],"version-history":[{"count":1,"href":"https:\/\/www.p31noticias.com.br\/index.php?rest_route=\/wp\/v2\/posts\/23984\/revisions"}],"predecessor-version":[{"id":23986,"href":"https:\/\/www.p31noticias.com.br\/index.php?rest_route=\/wp\/v2\/posts\/23984\/revisions\/23986"}],"wp:featuredmedia":[{"embeddable":true,"href":"https:\/\/www.p31noticias.com.br\/index.php?rest_route=\/wp\/v2\/media\/23985"}],"wp:attachment":[{"href":"https:\/\/www.p31noticias.com.br\/index.php?rest_route=%2Fwp%2Fv2%2Fmedia&parent=23984"}],"wp:term":[{"taxonomy":"category","embeddable":true,"href":"https:\/\/www.p31noticias.com.br\/index.php?rest_route=%2Fwp%2Fv2%2Fcategories&post=23984"},{"taxonomy":"post_tag","embeddable":true,"href":"https:\/\/www.p31noticias.com.br\/index.php?rest_route=%2Fwp%2Fv2%2Ftags&post=23984"}],"curies":[{"name":"wp","href":"https:\/\/api.w.org\/{rel}","templated":true}]}}