{"id":23981,"date":"2021-08-20T12:43:50","date_gmt":"2021-08-20T15:43:50","guid":{"rendered":"https:\/\/p31noticias.com.br\/?p=23981"},"modified":"2021-08-20T12:43:50","modified_gmt":"2021-08-20T15:43:50","slug":"talibas-matam-no-afeganistao-parente-de-jornalista-de-tv-alema","status":"publish","type":"post","link":"https:\/\/www.p31noticias.com.br\/?p=23981","title":{"rendered":"Talib\u00e3s matam no Afeganist\u00e3o parente de jornalista de TV alem\u00e3"},"content":{"rendered":"<div class=\"mc-column content-text active-extra-styles \" data-block-type=\"unstyled\" data-block-weight=\"33\" data-block-id=\"2\">\n<p class=\"content-text__container \" data-track-category=\"Link no Texto\" data-track-links=\"\">Talib\u00e3s mataram a tiros o parente de um jornalista que trabalhava para a Deutsche Welle (DW) no Afeganist\u00e3o e era procurado pelos militantes, informou o canal p\u00fablico de televis\u00e3o alem\u00e3o nesta sexta-feira (20).<\/p>\n<\/div>\n<div class=\"wall protected-content\">\n<div class=\"mc-column content-text active-extra-styles \" data-block-type=\"unstyled\" data-block-weight=\"36\" data-block-id=\"3\">\n<p class=\"content-text__container \" data-track-category=\"Link no Texto\" data-track-links=\"\">Um outro familiar do jornalista ficou gravemente ferido e v\u00e1rios conseguiram fugir, segundo a DW, que n\u00e3o informou a nacionalidade das v\u00edtimas e n\u00e3o relevou a identidade do profissional. Ele atualmente mora e trabalha na Alemanha.<\/p>\n<div class=\"mc-column content-text active-extra-styles \" data-block-type=\"unstyled\" data-block-weight=\"46\" data-block-id=\"8\">\n<p class=\"content-text__container \" data-track-category=\"Link no Texto\" data-track-links=\"\"><span class=\"highlight highlighted\">Alguns jornalistas afeg\u00e3os dizem que foram espancados e tiveram a casa invadida<\/span> desde que o Talib\u00e3 tomou a capital Cabul, no domingo (15), e voltou ao poder ap\u00f3s 20 anos.\u00a0<span class=\"highlight highlighted\">A DW diz que os talib\u00e3s foram \u00e0 resid\u00eancia de pelo menos tr\u00eas jornalistas da emissora<\/span>.<\/p>\n<\/div>\n<div class=\"mc-column content-text active-extra-styles \" data-block-type=\"unstyled\" data-block-weight=\"28\" data-block-id=\"9\">\n<p class=\"content-text__container \" data-track-category=\"Link no Texto\" data-track-links=\"\">Shabnam Dawran, apresentadora de um telejornal local, disse na quinta-feira (19) ter sido barrada na sede da empresa em Cabul e impedida de trabalhar.<\/p>\n<div class=\"mc-column content-text active-extra-styles \" data-block-type=\"unstyled\" data-block-weight=\"35\" data-block-id=\"11\">\n<p class=\"content-text__container \" data-track-category=\"Link no Texto\" data-track-links=\"\">Tamb\u00e9m nesta sexta,\u00a0<span class=\"highlight highlighted\">um civil alem\u00e3o foi baleado a caminho do aeroporto de Cabul<\/span>, mas n\u00e3o corre risco de vida e logo ser\u00e1 evacuado do Afeganist\u00e3o, afirmou uma porta-voz do governo alem\u00e3o.<\/p>\n<\/div>\n<div class=\"mc-column content-text active-extra-styles \" data-block-type=\"unstyled\" data-block-weight=\"35\" data-block-id=\"12\">\n<p class=\"content-text__container \" data-track-category=\"Link no Texto\" data-track-links=\"\">Apesar da tentativa inicial do Talib\u00e3 de tentar passar uma imagem menos radical,\u00a0<span class=\"highlight highlighted\">militantes do grupo extremista t\u00eam intensificando a busca por pessoas casa a casa, aponta documento confidencial da ONU (Organiza\u00e7\u00e3o das Na\u00e7\u00f5es Unidas)<\/span>.<\/p>\n<\/div>\n<div class=\"mc-column content-text active-extra-styles \" data-block-type=\"unstyled\" data-block-weight=\"37\" data-block-id=\"13\">\n<p class=\"content-text__container \" data-track-category=\"Link no Texto\" data-track-links=\"\">Os talib\u00e3s t\u00eam listas com nomes e os alvos s\u00e3o pessoas que trabalharam para for\u00e7as de seguran\u00e7a afeg\u00e3s, americanas e da Otan, al\u00e9m de ve\u00edculos de imprensa e entidades internacionais, segundo o relat\u00f3rio de intelig\u00eancia da ONU.<\/p>\n<\/div>\n<div class=\"mc-column content-text active-extra-styles \" data-block-type=\"unstyled\" data-block-weight=\"36\" data-block-id=\"14\">\n<p class=\"content-text__container \" data-track-category=\"Link no Texto\" data-track-links=\"\"><span class=\"highlight highlighted\">O documento relata amea\u00e7as de matar ou prender familiares caso os alvos n\u00e3o sejam encontrados, exatamente como ocorreu com o parente do jornalista da DW<\/span> \u2014 o que contradiz frontalmente as garantias p\u00fablicas do grupo extremista.<\/p>\n<div class=\"mc-column content-text active-extra-styles\" data-block-type=\"raw\" data-block-weight=\"3\" data-block-id=\"16\">\n<div class=\"content-intertitle\">\n<h2>Promessa durou pouco<\/h2>\n<\/div>\n<\/div>\n<div class=\"mc-column content-text active-extra-styles \" data-block-type=\"unstyled\" data-block-weight=\"38\" data-block-id=\"17\">\n<p class=\"content-text__container \" data-track-category=\"Link no Texto\" data-track-links=\"\">O Talib\u00e3 havia dito na ter\u00e7a-feira (17), em sua primeira entrevista coletiva, que permitiria o trabalho da imprensa e que mulheres poderiam trabalhar, ao contr\u00e1rio do que ocorreu quando o grupo esteve no poder,\u00a0entre 1996 e 2001.<\/p>\n<\/div>\n<div class=\"mc-column content-text active-extra-styles \" data-block-type=\"unstyled\" data-block-weight=\"36\" data-block-id=\"18\">\n<p class=\"content-text__container \" data-track-category=\"Link no Texto\" data-track-links=\"\">Na \u00e9poca, o grupo adotou uma vis\u00e3o extremamente rigorosa da lei isl\u00e2mica (a Sharia), impondo restri\u00e7\u00f5es sobretudo \u00e0s mulheres, que eram impedidas de trabalhar e estudar.\u00a0<span class=\"highlight highlighted\">As vis\u00f5es isl\u00e2micas ultraconservadoras inclu\u00edam apedrejamentos, amputa\u00e7\u00f5es e execu\u00e7\u00f5es p\u00fablicas<\/span>.<\/p>\n<\/div>\n<div class=\"mc-column content-text active-extra-styles \" data-block-type=\"unstyled\" data-block-weight=\"47\" data-block-id=\"19\">\n<p class=\"content-text__container \" data-track-category=\"Link no Texto\" data-track-links=\"\">Mas o Talib\u00e3 declarou na quinta-feira (19) que o pa\u00eds passou a se chamar Emirado Isl\u00e2mico do Afeganist\u00e3o, o mesmo adotado em 1996, e Waheedullah Hashimi, um dos principais comandantes do grupo, afirmou que &#8221;n\u00e3o haver\u00e1 democracia&#8221; no pa\u00eds: &#8221;A lei \u00e9 a Sharia e \u00e9 isso&#8221;.<\/p>\n<p data-track-category=\"Link no Texto\" data-track-links=\"\">Fonte: G1.<\/p>\n<\/div>\n<\/div>\n<\/div>\n<\/div>\n<\/div>\n","protected":false},"excerpt":{"rendered":"<p>Talib\u00e3s mataram a tiros o parente de um jornalista que trabalhava para a Deutsche Welle (DW) no Afeganist\u00e3o e era procurado pelos militantes, informou o canal p\u00fablico de televis\u00e3o alem\u00e3o nesta sexta-feira (20). Um outro familiar do jornalista ficou gravemente ferido e v\u00e1rios conseguiram fugir, segundo a DW, que n\u00e3o informou a nacionalidade das v\u00edtimas [&hellip;]<\/p>\n","protected":false},"author":5,"featured_media":23982,"comment_status":"open","ping_status":"open","sticky":false,"template":"","format":"standard","meta":{"footnotes":""},"categories":[1],"tags":[],"class_list":{"0":"post-23981","1":"post","2":"type-post","3":"status-publish","4":"format-standard","5":"has-post-thumbnail","7":"category-outros"},"yoast_head":"<!-- This site is optimized with the Yoast SEO Premium plugin v24.5 (Yoast SEO v27.5) - https:\/\/yoast.com\/product\/yoast-seo-premium-wordpress\/ -->\n<title>Talib\u00e3s matam no Afeganist\u00e3o parente de jornalista de TV alem\u00e3 - P31<\/title>\n<meta name=\"robots\" content=\"index, follow, max-snippet:-1, max-image-preview:large, max-video-preview:-1\" \/>\n<link rel=\"canonical\" href=\"https:\/\/www.p31noticias.com.br\/?p=23981\" \/>\n<meta property=\"og:locale\" content=\"pt_BR\" \/>\n<meta property=\"og:type\" content=\"article\" \/>\n<meta property=\"og:title\" content=\"Talib\u00e3s matam no Afeganist\u00e3o parente de jornalista de TV alem\u00e3\" \/>\n<meta property=\"og:description\" content=\"Talib\u00e3s mataram a tiros o parente de um jornalista que trabalhava para a Deutsche Welle (DW) no Afeganist\u00e3o e era procurado pelos militantes, informou o canal p\u00fablico de televis\u00e3o alem\u00e3o nesta sexta-feira (20). Um outro familiar do jornalista ficou gravemente ferido e v\u00e1rios conseguiram fugir, segundo a DW, que n\u00e3o informou a nacionalidade das v\u00edtimas [&hellip;]\" \/>\n<meta property=\"og:url\" content=\"https:\/\/www.p31noticias.com.br\/?p=23981\" \/>\n<meta property=\"og:site_name\" content=\"P31\" \/>\n<meta property=\"article:published_time\" content=\"2021-08-20T15:43:50+00:00\" \/>\n<meta property=\"og:image\" content=\"https:\/\/www.p31noticias.com.br\/wp-content\/uploads\/2021\/08\/ap21230579696573.jpg\" \/>\n\t<meta property=\"og:image:width\" content=\"1008\" \/>\n\t<meta property=\"og:image:height\" content=\"672\" \/>\n\t<meta property=\"og:image:type\" content=\"image\/jpeg\" \/>\n<meta name=\"author\" content=\"Camilly Scheffer\" \/>\n<meta name=\"twitter:card\" content=\"summary_large_image\" \/>\n<meta name=\"twitter:label1\" content=\"Escrito por\" \/>\n\t<meta name=\"twitter:data1\" content=\"Camilly Scheffer\" \/>\n\t<meta name=\"twitter:label2\" content=\"Est. tempo de leitura\" \/>\n\t<meta name=\"twitter:data2\" content=\"2 minutos\" \/>\n<script type=\"application\/ld+json\" class=\"yoast-schema-graph\">{\"@context\":\"https:\\\/\\\/schema.org\",\"@graph\":[{\"@type\":\"Article\",\"@id\":\"https:\\\/\\\/www.p31noticias.com.br\\\/?p=23981#article\",\"isPartOf\":{\"@id\":\"https:\\\/\\\/www.p31noticias.com.br\\\/?p=23981\"},\"author\":{\"name\":\"Camilly Scheffer\",\"@id\":\"https:\\\/\\\/www.p31noticias.com.br\\\/#\\\/schema\\\/person\\\/d1bb0ccbf62b27e19ea4e75696908d43\"},\"headline\":\"Talib\u00e3s matam no Afeganist\u00e3o parente de jornalista de TV alem\u00e3\",\"datePublished\":\"2021-08-20T15:43:50+00:00\",\"mainEntityOfPage\":{\"@id\":\"https:\\\/\\\/www.p31noticias.com.br\\\/?p=23981\"},\"wordCount\":455,\"commentCount\":0,\"image\":{\"@id\":\"https:\\\/\\\/www.p31noticias.com.br\\\/?p=23981#primaryimage\"},\"thumbnailUrl\":\"https:\\\/\\\/www.p31noticias.com.br\\\/wp-content\\\/uploads\\\/2021\\\/08\\\/ap21230579696573.jpg\",\"articleSection\":[\"Outros\"],\"inLanguage\":\"pt-BR\",\"potentialAction\":[{\"@type\":\"CommentAction\",\"name\":\"Comment\",\"target\":[\"https:\\\/\\\/www.p31noticias.com.br\\\/?p=23981#respond\"]}],\"copyrightYear\":\"2021\",\"copyrightHolder\":{\"@id\":\"https:\\\/\\\/www.p31noticias.com.br\\\/#organization\"}},{\"@type\":\"WebPage\",\"@id\":\"https:\\\/\\\/www.p31noticias.com.br\\\/?p=23981\",\"url\":\"https:\\\/\\\/www.p31noticias.com.br\\\/?p=23981\",\"name\":\"Talib\u00e3s matam no Afeganist\u00e3o parente de jornalista de TV alem\u00e3 - P31\",\"isPartOf\":{\"@id\":\"https:\\\/\\\/www.p31noticias.com.br\\\/#website\"},\"primaryImageOfPage\":{\"@id\":\"https:\\\/\\\/www.p31noticias.com.br\\\/?p=23981#primaryimage\"},\"image\":{\"@id\":\"https:\\\/\\\/www.p31noticias.com.br\\\/?p=23981#primaryimage\"},\"thumbnailUrl\":\"https:\\\/\\\/www.p31noticias.com.br\\\/wp-content\\\/uploads\\\/2021\\\/08\\\/ap21230579696573.jpg\",\"datePublished\":\"2021-08-20T15:43:50+00:00\",\"author\":{\"@id\":\"https:\\\/\\\/www.p31noticias.com.br\\\/#\\\/schema\\\/person\\\/d1bb0ccbf62b27e19ea4e75696908d43\"},\"breadcrumb\":{\"@id\":\"https:\\\/\\\/www.p31noticias.com.br\\\/?p=23981#breadcrumb\"},\"inLanguage\":\"pt-BR\",\"potentialAction\":[{\"@type\":\"ReadAction\",\"target\":[\"https:\\\/\\\/www.p31noticias.com.br\\\/?p=23981\"]}]},{\"@type\":\"ImageObject\",\"inLanguage\":\"pt-BR\",\"@id\":\"https:\\\/\\\/www.p31noticias.com.br\\\/?p=23981#primaryimage\",\"url\":\"https:\\\/\\\/www.p31noticias.com.br\\\/wp-content\\\/uploads\\\/2021\\\/08\\\/ap21230579696573.jpg\",\"contentUrl\":\"https:\\\/\\\/www.p31noticias.com.br\\\/wp-content\\\/uploads\\\/2021\\\/08\\\/ap21230579696573.jpg\",\"width\":1008,\"height\":672},{\"@type\":\"BreadcrumbList\",\"@id\":\"https:\\\/\\\/www.p31noticias.com.br\\\/?p=23981#breadcrumb\",\"itemListElement\":[{\"@type\":\"ListItem\",\"position\":1,\"name\":\"In\u00edcio\",\"item\":\"https:\\\/\\\/www.p31noticias.com.br\\\/\"},{\"@type\":\"ListItem\",\"position\":2,\"name\":\"Talib\u00e3s matam no Afeganist\u00e3o parente de jornalista de TV alem\u00e3\"}]},{\"@type\":\"WebSite\",\"@id\":\"https:\\\/\\\/www.p31noticias.com.br\\\/#website\",\"url\":\"https:\\\/\\\/www.p31noticias.com.br\\\/\",\"name\":\"P31\",\"description\":\"NOT\u00cdCIAS\",\"potentialAction\":[{\"@type\":\"SearchAction\",\"target\":{\"@type\":\"EntryPoint\",\"urlTemplate\":\"https:\\\/\\\/www.p31noticias.com.br\\\/?s={search_term_string}\"},\"query-input\":{\"@type\":\"PropertyValueSpecification\",\"valueRequired\":true,\"valueName\":\"search_term_string\"}}],\"inLanguage\":\"pt-BR\"},{\"@type\":\"Person\",\"@id\":\"https:\\\/\\\/www.p31noticias.com.br\\\/#\\\/schema\\\/person\\\/d1bb0ccbf62b27e19ea4e75696908d43\",\"name\":\"Camilly Scheffer\",\"image\":{\"@type\":\"ImageObject\",\"inLanguage\":\"pt-BR\",\"@id\":\"https:\\\/\\\/secure.gravatar.com\\\/avatar\\\/06f4704b382d241ec2670712618fccea085b2db24d7b2d3b8691d904bbc1d557?s=96&d=mm&r=g\",\"url\":\"https:\\\/\\\/secure.gravatar.com\\\/avatar\\\/06f4704b382d241ec2670712618fccea085b2db24d7b2d3b8691d904bbc1d557?s=96&d=mm&r=g\",\"contentUrl\":\"https:\\\/\\\/secure.gravatar.com\\\/avatar\\\/06f4704b382d241ec2670712618fccea085b2db24d7b2d3b8691d904bbc1d557?s=96&d=mm&r=g\",\"caption\":\"Camilly Scheffer\"},\"url\":\"https:\\\/\\\/www.p31noticias.com.br\\\/?author=5\"}]}<\/script>\n<!-- \/ Yoast SEO Premium plugin. -->","yoast_head_json":{"title":"Talib\u00e3s matam no Afeganist\u00e3o parente de jornalista de TV alem\u00e3 - P31","robots":{"index":"index","follow":"follow","max-snippet":"max-snippet:-1","max-image-preview":"max-image-preview:large","max-video-preview":"max-video-preview:-1"},"canonical":"https:\/\/www.p31noticias.com.br\/?p=23981","og_locale":"pt_BR","og_type":"article","og_title":"Talib\u00e3s matam no Afeganist\u00e3o parente de jornalista de TV alem\u00e3","og_description":"Talib\u00e3s mataram a tiros o parente de um jornalista que trabalhava para a Deutsche Welle (DW) no Afeganist\u00e3o e era procurado pelos militantes, informou o canal p\u00fablico de televis\u00e3o alem\u00e3o nesta sexta-feira (20). Um outro familiar do jornalista ficou gravemente ferido e v\u00e1rios conseguiram fugir, segundo a DW, que n\u00e3o informou a nacionalidade das v\u00edtimas [&hellip;]","og_url":"https:\/\/www.p31noticias.com.br\/?p=23981","og_site_name":"P31","article_published_time":"2021-08-20T15:43:50+00:00","og_image":[{"width":1008,"height":672,"url":"https:\/\/www.p31noticias.com.br\/wp-content\/uploads\/2021\/08\/ap21230579696573.jpg","type":"image\/jpeg"}],"author":"Camilly Scheffer","twitter_card":"summary_large_image","twitter_misc":{"Escrito por":"Camilly Scheffer","Est. tempo de leitura":"2 minutos"},"schema":{"@context":"https:\/\/schema.org","@graph":[{"@type":"Article","@id":"https:\/\/www.p31noticias.com.br\/?p=23981#article","isPartOf":{"@id":"https:\/\/www.p31noticias.com.br\/?p=23981"},"author":{"name":"Camilly Scheffer","@id":"https:\/\/www.p31noticias.com.br\/#\/schema\/person\/d1bb0ccbf62b27e19ea4e75696908d43"},"headline":"Talib\u00e3s matam no Afeganist\u00e3o parente de jornalista de TV alem\u00e3","datePublished":"2021-08-20T15:43:50+00:00","mainEntityOfPage":{"@id":"https:\/\/www.p31noticias.com.br\/?p=23981"},"wordCount":455,"commentCount":0,"image":{"@id":"https:\/\/www.p31noticias.com.br\/?p=23981#primaryimage"},"thumbnailUrl":"https:\/\/www.p31noticias.com.br\/wp-content\/uploads\/2021\/08\/ap21230579696573.jpg","articleSection":["Outros"],"inLanguage":"pt-BR","potentialAction":[{"@type":"CommentAction","name":"Comment","target":["https:\/\/www.p31noticias.com.br\/?p=23981#respond"]}],"copyrightYear":"2021","copyrightHolder":{"@id":"https:\/\/www.p31noticias.com.br\/#organization"}},{"@type":"WebPage","@id":"https:\/\/www.p31noticias.com.br\/?p=23981","url":"https:\/\/www.p31noticias.com.br\/?p=23981","name":"Talib\u00e3s matam no Afeganist\u00e3o parente de jornalista de TV alem\u00e3 - P31","isPartOf":{"@id":"https:\/\/www.p31noticias.com.br\/#website"},"primaryImageOfPage":{"@id":"https:\/\/www.p31noticias.com.br\/?p=23981#primaryimage"},"image":{"@id":"https:\/\/www.p31noticias.com.br\/?p=23981#primaryimage"},"thumbnailUrl":"https:\/\/www.p31noticias.com.br\/wp-content\/uploads\/2021\/08\/ap21230579696573.jpg","datePublished":"2021-08-20T15:43:50+00:00","author":{"@id":"https:\/\/www.p31noticias.com.br\/#\/schema\/person\/d1bb0ccbf62b27e19ea4e75696908d43"},"breadcrumb":{"@id":"https:\/\/www.p31noticias.com.br\/?p=23981#breadcrumb"},"inLanguage":"pt-BR","potentialAction":[{"@type":"ReadAction","target":["https:\/\/www.p31noticias.com.br\/?p=23981"]}]},{"@type":"ImageObject","inLanguage":"pt-BR","@id":"https:\/\/www.p31noticias.com.br\/?p=23981#primaryimage","url":"https:\/\/www.p31noticias.com.br\/wp-content\/uploads\/2021\/08\/ap21230579696573.jpg","contentUrl":"https:\/\/www.p31noticias.com.br\/wp-content\/uploads\/2021\/08\/ap21230579696573.jpg","width":1008,"height":672},{"@type":"BreadcrumbList","@id":"https:\/\/www.p31noticias.com.br\/?p=23981#breadcrumb","itemListElement":[{"@type":"ListItem","position":1,"name":"In\u00edcio","item":"https:\/\/www.p31noticias.com.br\/"},{"@type":"ListItem","position":2,"name":"Talib\u00e3s matam no Afeganist\u00e3o parente de jornalista de TV alem\u00e3"}]},{"@type":"WebSite","@id":"https:\/\/www.p31noticias.com.br\/#website","url":"https:\/\/www.p31noticias.com.br\/","name":"P31","description":"NOT\u00cdCIAS","potentialAction":[{"@type":"SearchAction","target":{"@type":"EntryPoint","urlTemplate":"https:\/\/www.p31noticias.com.br\/?s={search_term_string}"},"query-input":{"@type":"PropertyValueSpecification","valueRequired":true,"valueName":"search_term_string"}}],"inLanguage":"pt-BR"},{"@type":"Person","@id":"https:\/\/www.p31noticias.com.br\/#\/schema\/person\/d1bb0ccbf62b27e19ea4e75696908d43","name":"Camilly Scheffer","image":{"@type":"ImageObject","inLanguage":"pt-BR","@id":"https:\/\/secure.gravatar.com\/avatar\/06f4704b382d241ec2670712618fccea085b2db24d7b2d3b8691d904bbc1d557?s=96&d=mm&r=g","url":"https:\/\/secure.gravatar.com\/avatar\/06f4704b382d241ec2670712618fccea085b2db24d7b2d3b8691d904bbc1d557?s=96&d=mm&r=g","contentUrl":"https:\/\/secure.gravatar.com\/avatar\/06f4704b382d241ec2670712618fccea085b2db24d7b2d3b8691d904bbc1d557?s=96&d=mm&r=g","caption":"Camilly Scheffer"},"url":"https:\/\/www.p31noticias.com.br\/?author=5"}]}},"amp_enabled":true,"_links":{"self":[{"href":"https:\/\/www.p31noticias.com.br\/index.php?rest_route=\/wp\/v2\/posts\/23981","targetHints":{"allow":["GET"]}}],"collection":[{"href":"https:\/\/www.p31noticias.com.br\/index.php?rest_route=\/wp\/v2\/posts"}],"about":[{"href":"https:\/\/www.p31noticias.com.br\/index.php?rest_route=\/wp\/v2\/types\/post"}],"author":[{"embeddable":true,"href":"https:\/\/www.p31noticias.com.br\/index.php?rest_route=\/wp\/v2\/users\/5"}],"replies":[{"embeddable":true,"href":"https:\/\/www.p31noticias.com.br\/index.php?rest_route=%2Fwp%2Fv2%2Fcomments&post=23981"}],"version-history":[{"count":1,"href":"https:\/\/www.p31noticias.com.br\/index.php?rest_route=\/wp\/v2\/posts\/23981\/revisions"}],"predecessor-version":[{"id":23983,"href":"https:\/\/www.p31noticias.com.br\/index.php?rest_route=\/wp\/v2\/posts\/23981\/revisions\/23983"}],"wp:featuredmedia":[{"embeddable":true,"href":"https:\/\/www.p31noticias.com.br\/index.php?rest_route=\/wp\/v2\/media\/23982"}],"wp:attachment":[{"href":"https:\/\/www.p31noticias.com.br\/index.php?rest_route=%2Fwp%2Fv2%2Fmedia&parent=23981"}],"wp:term":[{"taxonomy":"category","embeddable":true,"href":"https:\/\/www.p31noticias.com.br\/index.php?rest_route=%2Fwp%2Fv2%2Fcategories&post=23981"},{"taxonomy":"post_tag","embeddable":true,"href":"https:\/\/www.p31noticias.com.br\/index.php?rest_route=%2Fwp%2Fv2%2Ftags&post=23981"}],"curies":[{"name":"wp","href":"https:\/\/api.w.org\/{rel}","templated":true}]}}