{"id":23970,"date":"2021-08-19T16:18:17","date_gmt":"2021-08-19T19:18:17","guid":{"rendered":"https:\/\/p31noticias.com.br\/?p=23970"},"modified":"2021-08-19T16:18:17","modified_gmt":"2021-08-19T19:18:17","slug":"caixa-economica-vai-fechar-a-maquina-de-prejuizos-caixa-par","status":"publish","type":"post","link":"https:\/\/www.p31noticias.com.br\/?p=23970","title":{"rendered":"Caixa Econ\u00f4mica vai fechar a &#8220;m\u00e1quina de preju\u00edzos&#8221; Caixa Par"},"content":{"rendered":"<p>A Caixa Economica Federal vai\u00a0<strong>vender participa\u00e7\u00f5es<\/strong>\u00a0detidas por meio da\u00a0<strong>Caixa Par<\/strong>, que ser\u00e1 encerrada, disse hoje (19) o presidente-executivo do banco,\u00a0<strong>Pedro Guimar\u00e3es<\/strong>.<\/p>\n<p>\u201cSe tiver algum investimento, ele ser\u00e1 feito pela pr\u00f3pria Caixa\u201d, disse Guimar\u00e3es em teleconfer\u00eancia com jornalistas sobre os resultados do segundo trimestre. \u201cVamos acabar com essa m\u00e1quina de preju\u00edzos.\u201d<\/p>\n<p>Nos \u00faltimos anos, a Caixa tem se desfeito de neg\u00f3cios como a resseguradora\u00a0<strong>IRB Brasil Re, Banco Pan e a\u00e7\u00f5es da Petrobras<\/strong>, al\u00e9m de neg\u00f3cios menores incluindo corretagem de seguros, capitaliza\u00e7\u00e3o, cons\u00f3rcio, securitiza\u00e7\u00e3o e tecnologia, detidos por meio da Caixa Par.<\/p>\n<p>O banco tamb\u00e9m fez ajustes em rela\u00e7\u00e3o a\u00a0<strong>investimentos feitos entre 2009 a 2015<\/strong>\u00a0por meio do FGTS (Fundo de Garantia por Tempo de Servi\u00e7o), administrado pela Caixa, que geraram R$ 24,4 bilh\u00f5es em perdas, eliminando ressalvas de auditores.<\/p>\n<p data-fetch=\"true\">Guimar\u00e3es disse ainda que o banco estatal pretende devolver ainda neste ano cerca de\u00a0<strong>R$ 7 bilh\u00f5es em empr\u00e9stimos<\/strong>\u00a0tomados com o Tesouro Nacional na \u00faltima d\u00e9cada por meio de IHCD (instrumentos h\u00edbridos de capital e d\u00edvida).<\/p>\n<div class=\"pp-box-adunit pp-ad-loading pp-type-intext\">\n<div class=\"pp-adunit\">\n<div class=\"pp-ad\">\n<div id=\"P_FORBES_INTEXT_02_0\" data-premium=\"\" data-adunit=\"FORBES_INTEXT_02\" data-sizes-mobile=\"[[300,250]]\" data-sizes-desktop=\"[[336,280],[300,250]]\" data-type=\"intext\" data-fetch=\"true\" data-google-query-id=\"CLSV15vmvfICFYuAlQIdNs8Asg\">O executivo reafirmou a disposi\u00e7\u00e3o de listar em bolsa as unidades de cart\u00f5es, de gest\u00e3o de recursos de terceiros e do banco digital, mas esses movimentos devem ficar para a partir de 2022, dado o cen\u00e1rio vol\u00e1til atual do mercado e do foco primeiro na\u00a0<strong>oferta inicial de a\u00e7\u00f5es<\/strong>\u00a0da bandeira\u00a0<strong>Elo<\/strong>.<\/div>\n<\/div>\n<\/div>\n<\/div>\n<div data-premium=\"\" data-adunit=\"FORBES_INTEXT_02\" data-sizes-mobile=\"[[300,250]]\" data-sizes-desktop=\"[[336,280],[300,250]]\" data-type=\"intext\" data-fetch=\"true\" data-google-query-id=\"CLSV15vmvfICFYuAlQIdNs8Asg\"><\/div>\n<div data-premium=\"\" data-adunit=\"FORBES_INTEXT_02\" data-sizes-mobile=\"[[300,250]]\" data-sizes-desktop=\"[[336,280],[300,250]]\" data-type=\"intext\" data-fetch=\"true\" data-google-query-id=\"CLSV15vmvfICFYuAlQIdNs8Asg\">Fonte: Forbes.<\/div>\n","protected":false},"excerpt":{"rendered":"<p>A Caixa Economica Federal vai\u00a0vender participa\u00e7\u00f5es\u00a0detidas por meio da\u00a0Caixa Par, que ser\u00e1 encerrada, disse hoje (19) o presidente-executivo do banco,\u00a0Pedro Guimar\u00e3es. \u201cSe tiver algum investimento, ele ser\u00e1 feito pela pr\u00f3pria Caixa\u201d, disse Guimar\u00e3es em teleconfer\u00eancia com jornalistas sobre os resultados do segundo trimestre. \u201cVamos acabar com essa m\u00e1quina de preju\u00edzos.\u201d Nos \u00faltimos anos, a Caixa [&hellip;]<\/p>\n","protected":false},"author":5,"featured_media":23971,"comment_status":"open","ping_status":"open","sticky":false,"template":"","format":"standard","meta":{"footnotes":""},"categories":[637],"tags":[],"class_list":{"0":"post-23970","1":"post","2":"type-post","3":"status-publish","4":"format-standard","5":"has-post-thumbnail","7":"category-economia"},"yoast_head":"<!-- This site is optimized with the Yoast SEO Premium plugin v24.5 (Yoast SEO v27.5) - https:\/\/yoast.com\/product\/yoast-seo-premium-wordpress\/ -->\n<title>Caixa Econ\u00f4mica vai fechar a &quot;m\u00e1quina de preju\u00edzos&quot; Caixa Par - P31<\/title>\n<meta name=\"robots\" content=\"index, follow, max-snippet:-1, max-image-preview:large, max-video-preview:-1\" \/>\n<link rel=\"canonical\" href=\"https:\/\/www.p31noticias.com.br\/?p=23970\" \/>\n<meta property=\"og:locale\" content=\"pt_BR\" \/>\n<meta property=\"og:type\" content=\"article\" \/>\n<meta property=\"og:title\" content=\"Caixa Econ\u00f4mica vai fechar a &quot;m\u00e1quina de preju\u00edzos&quot; Caixa Par\" \/>\n<meta property=\"og:description\" content=\"A Caixa Economica Federal vai\u00a0vender participa\u00e7\u00f5es\u00a0detidas por meio da\u00a0Caixa Par, que ser\u00e1 encerrada, disse hoje (19) o presidente-executivo do banco,\u00a0Pedro Guimar\u00e3es. \u201cSe tiver algum investimento, ele ser\u00e1 feito pela pr\u00f3pria Caixa\u201d, disse Guimar\u00e3es em teleconfer\u00eancia com jornalistas sobre os resultados do segundo trimestre. \u201cVamos acabar com essa m\u00e1quina de preju\u00edzos.\u201d Nos \u00faltimos anos, a Caixa [&hellip;]\" \/>\n<meta property=\"og:url\" content=\"https:\/\/www.p31noticias.com.br\/?p=23970\" \/>\n<meta property=\"og:site_name\" content=\"P31\" \/>\n<meta property=\"article:published_time\" content=\"2021-08-19T19:18:17+00:00\" \/>\n<meta property=\"og:image\" content=\"https:\/\/www.p31noticias.com.br\/wp-content\/uploads\/2021\/08\/ForbesMoney_Pedro-Guimaraes-1536x1024-1.jpg\" \/>\n\t<meta property=\"og:image:width\" content=\"1536\" \/>\n\t<meta property=\"og:image:height\" content=\"1024\" \/>\n\t<meta property=\"og:image:type\" content=\"image\/jpeg\" \/>\n<meta name=\"author\" content=\"Camilly Scheffer\" \/>\n<meta name=\"twitter:card\" content=\"summary_large_image\" \/>\n<meta name=\"twitter:label1\" content=\"Escrito por\" \/>\n\t<meta name=\"twitter:data1\" content=\"Camilly Scheffer\" \/>\n\t<meta name=\"twitter:label2\" content=\"Est. tempo de leitura\" \/>\n\t<meta name=\"twitter:data2\" content=\"1 minuto\" \/>\n<script type=\"application\/ld+json\" class=\"yoast-schema-graph\">{\"@context\":\"https:\\\/\\\/schema.org\",\"@graph\":[{\"@type\":\"Article\",\"@id\":\"https:\\\/\\\/www.p31noticias.com.br\\\/?p=23970#article\",\"isPartOf\":{\"@id\":\"https:\\\/\\\/www.p31noticias.com.br\\\/?p=23970\"},\"author\":{\"name\":\"Camilly Scheffer\",\"@id\":\"https:\\\/\\\/www.p31noticias.com.br\\\/#\\\/schema\\\/person\\\/d1bb0ccbf62b27e19ea4e75696908d43\"},\"headline\":\"Caixa Econ\u00f4mica vai fechar a &#8220;m\u00e1quina de preju\u00edzos&#8221; Caixa Par\",\"datePublished\":\"2021-08-19T19:18:17+00:00\",\"mainEntityOfPage\":{\"@id\":\"https:\\\/\\\/www.p31noticias.com.br\\\/?p=23970\"},\"wordCount\":262,\"commentCount\":0,\"image\":{\"@id\":\"https:\\\/\\\/www.p31noticias.com.br\\\/?p=23970#primaryimage\"},\"thumbnailUrl\":\"https:\\\/\\\/www.p31noticias.com.br\\\/wp-content\\\/uploads\\\/2021\\\/08\\\/ForbesMoney_Pedro-Guimaraes-1536x1024-1.jpg\",\"articleSection\":[\"Economia\"],\"inLanguage\":\"pt-BR\",\"potentialAction\":[{\"@type\":\"CommentAction\",\"name\":\"Comment\",\"target\":[\"https:\\\/\\\/www.p31noticias.com.br\\\/?p=23970#respond\"]}],\"copyrightYear\":\"2021\",\"copyrightHolder\":{\"@id\":\"https:\\\/\\\/www.p31noticias.com.br\\\/#organization\"}},{\"@type\":\"WebPage\",\"@id\":\"https:\\\/\\\/www.p31noticias.com.br\\\/?p=23970\",\"url\":\"https:\\\/\\\/www.p31noticias.com.br\\\/?p=23970\",\"name\":\"Caixa Econ\u00f4mica vai fechar a \\\"m\u00e1quina de preju\u00edzos\\\" Caixa Par - P31\",\"isPartOf\":{\"@id\":\"https:\\\/\\\/www.p31noticias.com.br\\\/#website\"},\"primaryImageOfPage\":{\"@id\":\"https:\\\/\\\/www.p31noticias.com.br\\\/?p=23970#primaryimage\"},\"image\":{\"@id\":\"https:\\\/\\\/www.p31noticias.com.br\\\/?p=23970#primaryimage\"},\"thumbnailUrl\":\"https:\\\/\\\/www.p31noticias.com.br\\\/wp-content\\\/uploads\\\/2021\\\/08\\\/ForbesMoney_Pedro-Guimaraes-1536x1024-1.jpg\",\"datePublished\":\"2021-08-19T19:18:17+00:00\",\"author\":{\"@id\":\"https:\\\/\\\/www.p31noticias.com.br\\\/#\\\/schema\\\/person\\\/d1bb0ccbf62b27e19ea4e75696908d43\"},\"breadcrumb\":{\"@id\":\"https:\\\/\\\/www.p31noticias.com.br\\\/?p=23970#breadcrumb\"},\"inLanguage\":\"pt-BR\",\"potentialAction\":[{\"@type\":\"ReadAction\",\"target\":[\"https:\\\/\\\/www.p31noticias.com.br\\\/?p=23970\"]}]},{\"@type\":\"ImageObject\",\"inLanguage\":\"pt-BR\",\"@id\":\"https:\\\/\\\/www.p31noticias.com.br\\\/?p=23970#primaryimage\",\"url\":\"https:\\\/\\\/www.p31noticias.com.br\\\/wp-content\\\/uploads\\\/2021\\\/08\\\/ForbesMoney_Pedro-Guimaraes-1536x1024-1.jpg\",\"contentUrl\":\"https:\\\/\\\/www.p31noticias.com.br\\\/wp-content\\\/uploads\\\/2021\\\/08\\\/ForbesMoney_Pedro-Guimaraes-1536x1024-1.jpg\",\"width\":1536,\"height\":1024},{\"@type\":\"BreadcrumbList\",\"@id\":\"https:\\\/\\\/www.p31noticias.com.br\\\/?p=23970#breadcrumb\",\"itemListElement\":[{\"@type\":\"ListItem\",\"position\":1,\"name\":\"In\u00edcio\",\"item\":\"https:\\\/\\\/www.p31noticias.com.br\\\/\"},{\"@type\":\"ListItem\",\"position\":2,\"name\":\"Caixa Econ\u00f4mica vai fechar a &#8220;m\u00e1quina de preju\u00edzos&#8221; Caixa Par\"}]},{\"@type\":\"WebSite\",\"@id\":\"https:\\\/\\\/www.p31noticias.com.br\\\/#website\",\"url\":\"https:\\\/\\\/www.p31noticias.com.br\\\/\",\"name\":\"P31\",\"description\":\"NOT\u00cdCIAS\",\"potentialAction\":[{\"@type\":\"SearchAction\",\"target\":{\"@type\":\"EntryPoint\",\"urlTemplate\":\"https:\\\/\\\/www.p31noticias.com.br\\\/?s={search_term_string}\"},\"query-input\":{\"@type\":\"PropertyValueSpecification\",\"valueRequired\":true,\"valueName\":\"search_term_string\"}}],\"inLanguage\":\"pt-BR\"},{\"@type\":\"Person\",\"@id\":\"https:\\\/\\\/www.p31noticias.com.br\\\/#\\\/schema\\\/person\\\/d1bb0ccbf62b27e19ea4e75696908d43\",\"name\":\"Camilly Scheffer\",\"image\":{\"@type\":\"ImageObject\",\"inLanguage\":\"pt-BR\",\"@id\":\"https:\\\/\\\/secure.gravatar.com\\\/avatar\\\/06f4704b382d241ec2670712618fccea085b2db24d7b2d3b8691d904bbc1d557?s=96&d=mm&r=g\",\"url\":\"https:\\\/\\\/secure.gravatar.com\\\/avatar\\\/06f4704b382d241ec2670712618fccea085b2db24d7b2d3b8691d904bbc1d557?s=96&d=mm&r=g\",\"contentUrl\":\"https:\\\/\\\/secure.gravatar.com\\\/avatar\\\/06f4704b382d241ec2670712618fccea085b2db24d7b2d3b8691d904bbc1d557?s=96&d=mm&r=g\",\"caption\":\"Camilly Scheffer\"},\"url\":\"https:\\\/\\\/www.p31noticias.com.br\\\/?author=5\"}]}<\/script>\n<!-- \/ Yoast SEO Premium plugin. -->","yoast_head_json":{"title":"Caixa Econ\u00f4mica vai fechar a \"m\u00e1quina de preju\u00edzos\" Caixa Par - P31","robots":{"index":"index","follow":"follow","max-snippet":"max-snippet:-1","max-image-preview":"max-image-preview:large","max-video-preview":"max-video-preview:-1"},"canonical":"https:\/\/www.p31noticias.com.br\/?p=23970","og_locale":"pt_BR","og_type":"article","og_title":"Caixa Econ\u00f4mica vai fechar a \"m\u00e1quina de preju\u00edzos\" Caixa Par","og_description":"A Caixa Economica Federal vai\u00a0vender participa\u00e7\u00f5es\u00a0detidas por meio da\u00a0Caixa Par, que ser\u00e1 encerrada, disse hoje (19) o presidente-executivo do banco,\u00a0Pedro Guimar\u00e3es. \u201cSe tiver algum investimento, ele ser\u00e1 feito pela pr\u00f3pria Caixa\u201d, disse Guimar\u00e3es em teleconfer\u00eancia com jornalistas sobre os resultados do segundo trimestre. \u201cVamos acabar com essa m\u00e1quina de preju\u00edzos.\u201d Nos \u00faltimos anos, a Caixa [&hellip;]","og_url":"https:\/\/www.p31noticias.com.br\/?p=23970","og_site_name":"P31","article_published_time":"2021-08-19T19:18:17+00:00","og_image":[{"width":1536,"height":1024,"url":"https:\/\/www.p31noticias.com.br\/wp-content\/uploads\/2021\/08\/ForbesMoney_Pedro-Guimaraes-1536x1024-1.jpg","type":"image\/jpeg"}],"author":"Camilly Scheffer","twitter_card":"summary_large_image","twitter_misc":{"Escrito por":"Camilly Scheffer","Est. tempo de leitura":"1 minuto"},"schema":{"@context":"https:\/\/schema.org","@graph":[{"@type":"Article","@id":"https:\/\/www.p31noticias.com.br\/?p=23970#article","isPartOf":{"@id":"https:\/\/www.p31noticias.com.br\/?p=23970"},"author":{"name":"Camilly Scheffer","@id":"https:\/\/www.p31noticias.com.br\/#\/schema\/person\/d1bb0ccbf62b27e19ea4e75696908d43"},"headline":"Caixa Econ\u00f4mica vai fechar a &#8220;m\u00e1quina de preju\u00edzos&#8221; Caixa Par","datePublished":"2021-08-19T19:18:17+00:00","mainEntityOfPage":{"@id":"https:\/\/www.p31noticias.com.br\/?p=23970"},"wordCount":262,"commentCount":0,"image":{"@id":"https:\/\/www.p31noticias.com.br\/?p=23970#primaryimage"},"thumbnailUrl":"https:\/\/www.p31noticias.com.br\/wp-content\/uploads\/2021\/08\/ForbesMoney_Pedro-Guimaraes-1536x1024-1.jpg","articleSection":["Economia"],"inLanguage":"pt-BR","potentialAction":[{"@type":"CommentAction","name":"Comment","target":["https:\/\/www.p31noticias.com.br\/?p=23970#respond"]}],"copyrightYear":"2021","copyrightHolder":{"@id":"https:\/\/www.p31noticias.com.br\/#organization"}},{"@type":"WebPage","@id":"https:\/\/www.p31noticias.com.br\/?p=23970","url":"https:\/\/www.p31noticias.com.br\/?p=23970","name":"Caixa Econ\u00f4mica vai fechar a \"m\u00e1quina de preju\u00edzos\" Caixa Par - P31","isPartOf":{"@id":"https:\/\/www.p31noticias.com.br\/#website"},"primaryImageOfPage":{"@id":"https:\/\/www.p31noticias.com.br\/?p=23970#primaryimage"},"image":{"@id":"https:\/\/www.p31noticias.com.br\/?p=23970#primaryimage"},"thumbnailUrl":"https:\/\/www.p31noticias.com.br\/wp-content\/uploads\/2021\/08\/ForbesMoney_Pedro-Guimaraes-1536x1024-1.jpg","datePublished":"2021-08-19T19:18:17+00:00","author":{"@id":"https:\/\/www.p31noticias.com.br\/#\/schema\/person\/d1bb0ccbf62b27e19ea4e75696908d43"},"breadcrumb":{"@id":"https:\/\/www.p31noticias.com.br\/?p=23970#breadcrumb"},"inLanguage":"pt-BR","potentialAction":[{"@type":"ReadAction","target":["https:\/\/www.p31noticias.com.br\/?p=23970"]}]},{"@type":"ImageObject","inLanguage":"pt-BR","@id":"https:\/\/www.p31noticias.com.br\/?p=23970#primaryimage","url":"https:\/\/www.p31noticias.com.br\/wp-content\/uploads\/2021\/08\/ForbesMoney_Pedro-Guimaraes-1536x1024-1.jpg","contentUrl":"https:\/\/www.p31noticias.com.br\/wp-content\/uploads\/2021\/08\/ForbesMoney_Pedro-Guimaraes-1536x1024-1.jpg","width":1536,"height":1024},{"@type":"BreadcrumbList","@id":"https:\/\/www.p31noticias.com.br\/?p=23970#breadcrumb","itemListElement":[{"@type":"ListItem","position":1,"name":"In\u00edcio","item":"https:\/\/www.p31noticias.com.br\/"},{"@type":"ListItem","position":2,"name":"Caixa Econ\u00f4mica vai fechar a &#8220;m\u00e1quina de preju\u00edzos&#8221; Caixa Par"}]},{"@type":"WebSite","@id":"https:\/\/www.p31noticias.com.br\/#website","url":"https:\/\/www.p31noticias.com.br\/","name":"P31","description":"NOT\u00cdCIAS","potentialAction":[{"@type":"SearchAction","target":{"@type":"EntryPoint","urlTemplate":"https:\/\/www.p31noticias.com.br\/?s={search_term_string}"},"query-input":{"@type":"PropertyValueSpecification","valueRequired":true,"valueName":"search_term_string"}}],"inLanguage":"pt-BR"},{"@type":"Person","@id":"https:\/\/www.p31noticias.com.br\/#\/schema\/person\/d1bb0ccbf62b27e19ea4e75696908d43","name":"Camilly Scheffer","image":{"@type":"ImageObject","inLanguage":"pt-BR","@id":"https:\/\/secure.gravatar.com\/avatar\/06f4704b382d241ec2670712618fccea085b2db24d7b2d3b8691d904bbc1d557?s=96&d=mm&r=g","url":"https:\/\/secure.gravatar.com\/avatar\/06f4704b382d241ec2670712618fccea085b2db24d7b2d3b8691d904bbc1d557?s=96&d=mm&r=g","contentUrl":"https:\/\/secure.gravatar.com\/avatar\/06f4704b382d241ec2670712618fccea085b2db24d7b2d3b8691d904bbc1d557?s=96&d=mm&r=g","caption":"Camilly Scheffer"},"url":"https:\/\/www.p31noticias.com.br\/?author=5"}]}},"amp_enabled":true,"_links":{"self":[{"href":"https:\/\/www.p31noticias.com.br\/index.php?rest_route=\/wp\/v2\/posts\/23970","targetHints":{"allow":["GET"]}}],"collection":[{"href":"https:\/\/www.p31noticias.com.br\/index.php?rest_route=\/wp\/v2\/posts"}],"about":[{"href":"https:\/\/www.p31noticias.com.br\/index.php?rest_route=\/wp\/v2\/types\/post"}],"author":[{"embeddable":true,"href":"https:\/\/www.p31noticias.com.br\/index.php?rest_route=\/wp\/v2\/users\/5"}],"replies":[{"embeddable":true,"href":"https:\/\/www.p31noticias.com.br\/index.php?rest_route=%2Fwp%2Fv2%2Fcomments&post=23970"}],"version-history":[{"count":1,"href":"https:\/\/www.p31noticias.com.br\/index.php?rest_route=\/wp\/v2\/posts\/23970\/revisions"}],"predecessor-version":[{"id":23972,"href":"https:\/\/www.p31noticias.com.br\/index.php?rest_route=\/wp\/v2\/posts\/23970\/revisions\/23972"}],"wp:featuredmedia":[{"embeddable":true,"href":"https:\/\/www.p31noticias.com.br\/index.php?rest_route=\/wp\/v2\/media\/23971"}],"wp:attachment":[{"href":"https:\/\/www.p31noticias.com.br\/index.php?rest_route=%2Fwp%2Fv2%2Fmedia&parent=23970"}],"wp:term":[{"taxonomy":"category","embeddable":true,"href":"https:\/\/www.p31noticias.com.br\/index.php?rest_route=%2Fwp%2Fv2%2Fcategories&post=23970"},{"taxonomy":"post_tag","embeddable":true,"href":"https:\/\/www.p31noticias.com.br\/index.php?rest_route=%2Fwp%2Fv2%2Ftags&post=23970"}],"curies":[{"name":"wp","href":"https:\/\/api.w.org\/{rel}","templated":true}]}}