{"id":23967,"date":"2021-08-19T16:15:59","date_gmt":"2021-08-19T19:15:59","guid":{"rendered":"https:\/\/p31noticias.com.br\/?p=23967"},"modified":"2021-08-19T16:15:59","modified_gmt":"2021-08-19T19:15:59","slug":"greve-no-metro-dura-4-meses-e-ibaneis-aguarda-tcdf-para-privatizacao","status":"publish","type":"post","link":"https:\/\/www.p31noticias.com.br\/?p=23967","title":{"rendered":"Greve no metr\u00f4 dura 4 meses e Ibaneis aguarda TCDF para privatiza\u00e7\u00e3o"},"content":{"rendered":"<p>A greve dos metrovi\u00e1rios no Distrito Federal completa quatro meses nesta quinta-feira (19\/8) e j\u00e1 \u00e9 a maior de toda a hist\u00f3ria da Companhia do Metropolitano (Metr\u00f4-DF).\u00a0Em paralisa\u00e7\u00e3o desde 19 de abril, os empregados da empresa iniciaram o movimento pedindo a manuten\u00e7\u00e3o dos planos de sa\u00fade, vale-alimenta\u00e7\u00e3o e pagamento da \u201cquebra de caixa\u201d.<\/p>\n<p>Nesta manh\u00e3, durante entrega da revitaliza\u00e7\u00e3o do Setor de R\u00e1dio e TV Sul (SRTVS), o governador Ibaneis Rocha (MDB) afirmou que trata-se de greve pol\u00edtica contra a concess\u00e3o da estatal.<\/p>\n<p>O chefe do Pal\u00e1cio do Buriti tamb\u00e9m afirmou que espera a libera\u00e7\u00e3o do Tribunal de Contas do DF (TCDF) para entregar o metr\u00f4 \u00e0 iniciativa privada.<\/p>\n<p>\u201cInfelizmente, \u00e9 uma greve pol\u00edtica contra a concess\u00e3o. Aguardamos a libera\u00e7\u00e3o pelo Tribunal de Contas para que a gente possa fazer, no modelo de concess\u00e3o, a entrega do metr\u00f4 para a iniciativa privada, trazendo melhoria para a popula\u00e7\u00e3o, que \u00e9 quem mais sofre com essas greves infind\u00e1veis e anuais dos metrovi\u00e1rios no Distrito Federal\u201d, explicou Ibaneis.<\/p>\n<div class=\"m-news-list-content m-related-news\">Fonte: Metr\u00f3poles.<\/div>\n","protected":false},"excerpt":{"rendered":"<p>A greve dos metrovi\u00e1rios no Distrito Federal completa quatro meses nesta quinta-feira (19\/8) e j\u00e1 \u00e9 a maior de toda a hist\u00f3ria da Companhia do Metropolitano (Metr\u00f4-DF).\u00a0Em paralisa\u00e7\u00e3o desde 19 de abril, os empregados da empresa iniciaram o movimento pedindo a manuten\u00e7\u00e3o dos planos de sa\u00fade, vale-alimenta\u00e7\u00e3o e pagamento da \u201cquebra de caixa\u201d. Nesta manh\u00e3, [&hellip;]<\/p>\n","protected":false},"author":5,"featured_media":23968,"comment_status":"open","ping_status":"open","sticky":false,"template":"","format":"standard","meta":{"footnotes":""},"categories":[1],"tags":[],"class_list":{"0":"post-23967","1":"post","2":"type-post","3":"status-publish","4":"format-standard","5":"has-post-thumbnail","7":"category-outros"},"yoast_head":"<!-- This site is optimized with the Yoast SEO Premium plugin v24.5 (Yoast SEO v27.5) - https:\/\/yoast.com\/product\/yoast-seo-premium-wordpress\/ -->\n<title>Greve no metr\u00f4 dura 4 meses e Ibaneis aguarda TCDF para privatiza\u00e7\u00e3o - P31<\/title>\n<meta name=\"robots\" content=\"index, follow, max-snippet:-1, max-image-preview:large, max-video-preview:-1\" \/>\n<link rel=\"canonical\" href=\"https:\/\/www.p31noticias.com.br\/?p=23967\" \/>\n<meta property=\"og:locale\" content=\"pt_BR\" \/>\n<meta property=\"og:type\" content=\"article\" \/>\n<meta property=\"og:title\" content=\"Greve no metr\u00f4 dura 4 meses e Ibaneis aguarda TCDF para privatiza\u00e7\u00e3o\" \/>\n<meta property=\"og:description\" content=\"A greve dos metrovi\u00e1rios no Distrito Federal completa quatro meses nesta quinta-feira (19\/8) e j\u00e1 \u00e9 a maior de toda a hist\u00f3ria da Companhia do Metropolitano (Metr\u00f4-DF).\u00a0Em paralisa\u00e7\u00e3o desde 19 de abril, os empregados da empresa iniciaram o movimento pedindo a manuten\u00e7\u00e3o dos planos de sa\u00fade, vale-alimenta\u00e7\u00e3o e pagamento da \u201cquebra de caixa\u201d. Nesta manh\u00e3, [&hellip;]\" \/>\n<meta property=\"og:url\" content=\"https:\/\/www.p31noticias.com.br\/?p=23967\" \/>\n<meta property=\"og:site_name\" content=\"P31\" \/>\n<meta property=\"article:published_time\" content=\"2021-08-19T19:15:59+00:00\" \/>\n<meta property=\"og:image\" content=\"https:\/\/www.p31noticias.com.br\/wp-content\/uploads\/2021\/08\/9447077_x240.jpg\" \/>\n\t<meta property=\"og:image:width\" content=\"427\" \/>\n\t<meta property=\"og:image:height\" content=\"240\" \/>\n\t<meta property=\"og:image:type\" content=\"image\/jpeg\" \/>\n<meta name=\"author\" content=\"Camilly Scheffer\" \/>\n<meta name=\"twitter:card\" content=\"summary_large_image\" \/>\n<meta name=\"twitter:label1\" content=\"Escrito por\" \/>\n\t<meta name=\"twitter:data1\" content=\"Camilly Scheffer\" \/>\n\t<meta name=\"twitter:label2\" content=\"Est. tempo de leitura\" \/>\n\t<meta name=\"twitter:data2\" content=\"1 minuto\" \/>\n<script type=\"application\/ld+json\" class=\"yoast-schema-graph\">{\"@context\":\"https:\\\/\\\/schema.org\",\"@graph\":[{\"@type\":\"Article\",\"@id\":\"https:\\\/\\\/www.p31noticias.com.br\\\/?p=23967#article\",\"isPartOf\":{\"@id\":\"https:\\\/\\\/www.p31noticias.com.br\\\/?p=23967\"},\"author\":{\"name\":\"Camilly Scheffer\",\"@id\":\"https:\\\/\\\/www.p31noticias.com.br\\\/#\\\/schema\\\/person\\\/d1bb0ccbf62b27e19ea4e75696908d43\"},\"headline\":\"Greve no metr\u00f4 dura 4 meses e Ibaneis aguarda TCDF para privatiza\u00e7\u00e3o\",\"datePublished\":\"2021-08-19T19:15:59+00:00\",\"mainEntityOfPage\":{\"@id\":\"https:\\\/\\\/www.p31noticias.com.br\\\/?p=23967\"},\"wordCount\":196,\"commentCount\":0,\"image\":{\"@id\":\"https:\\\/\\\/www.p31noticias.com.br\\\/?p=23967#primaryimage\"},\"thumbnailUrl\":\"https:\\\/\\\/www.p31noticias.com.br\\\/wp-content\\\/uploads\\\/2021\\\/08\\\/9447077_x240.jpg\",\"articleSection\":[\"Outros\"],\"inLanguage\":\"pt-BR\",\"potentialAction\":[{\"@type\":\"CommentAction\",\"name\":\"Comment\",\"target\":[\"https:\\\/\\\/www.p31noticias.com.br\\\/?p=23967#respond\"]}],\"copyrightYear\":\"2021\",\"copyrightHolder\":{\"@id\":\"https:\\\/\\\/www.p31noticias.com.br\\\/#organization\"}},{\"@type\":\"WebPage\",\"@id\":\"https:\\\/\\\/www.p31noticias.com.br\\\/?p=23967\",\"url\":\"https:\\\/\\\/www.p31noticias.com.br\\\/?p=23967\",\"name\":\"Greve no metr\u00f4 dura 4 meses e Ibaneis aguarda TCDF para privatiza\u00e7\u00e3o - P31\",\"isPartOf\":{\"@id\":\"https:\\\/\\\/www.p31noticias.com.br\\\/#website\"},\"primaryImageOfPage\":{\"@id\":\"https:\\\/\\\/www.p31noticias.com.br\\\/?p=23967#primaryimage\"},\"image\":{\"@id\":\"https:\\\/\\\/www.p31noticias.com.br\\\/?p=23967#primaryimage\"},\"thumbnailUrl\":\"https:\\\/\\\/www.p31noticias.com.br\\\/wp-content\\\/uploads\\\/2021\\\/08\\\/9447077_x240.jpg\",\"datePublished\":\"2021-08-19T19:15:59+00:00\",\"author\":{\"@id\":\"https:\\\/\\\/www.p31noticias.com.br\\\/#\\\/schema\\\/person\\\/d1bb0ccbf62b27e19ea4e75696908d43\"},\"breadcrumb\":{\"@id\":\"https:\\\/\\\/www.p31noticias.com.br\\\/?p=23967#breadcrumb\"},\"inLanguage\":\"pt-BR\",\"potentialAction\":[{\"@type\":\"ReadAction\",\"target\":[\"https:\\\/\\\/www.p31noticias.com.br\\\/?p=23967\"]}]},{\"@type\":\"ImageObject\",\"inLanguage\":\"pt-BR\",\"@id\":\"https:\\\/\\\/www.p31noticias.com.br\\\/?p=23967#primaryimage\",\"url\":\"https:\\\/\\\/www.p31noticias.com.br\\\/wp-content\\\/uploads\\\/2021\\\/08\\\/9447077_x240.jpg\",\"contentUrl\":\"https:\\\/\\\/www.p31noticias.com.br\\\/wp-content\\\/uploads\\\/2021\\\/08\\\/9447077_x240.jpg\",\"width\":427,\"height\":240},{\"@type\":\"BreadcrumbList\",\"@id\":\"https:\\\/\\\/www.p31noticias.com.br\\\/?p=23967#breadcrumb\",\"itemListElement\":[{\"@type\":\"ListItem\",\"position\":1,\"name\":\"In\u00edcio\",\"item\":\"https:\\\/\\\/www.p31noticias.com.br\\\/\"},{\"@type\":\"ListItem\",\"position\":2,\"name\":\"Greve no metr\u00f4 dura 4 meses e Ibaneis aguarda TCDF para privatiza\u00e7\u00e3o\"}]},{\"@type\":\"WebSite\",\"@id\":\"https:\\\/\\\/www.p31noticias.com.br\\\/#website\",\"url\":\"https:\\\/\\\/www.p31noticias.com.br\\\/\",\"name\":\"P31\",\"description\":\"NOT\u00cdCIAS\",\"potentialAction\":[{\"@type\":\"SearchAction\",\"target\":{\"@type\":\"EntryPoint\",\"urlTemplate\":\"https:\\\/\\\/www.p31noticias.com.br\\\/?s={search_term_string}\"},\"query-input\":{\"@type\":\"PropertyValueSpecification\",\"valueRequired\":true,\"valueName\":\"search_term_string\"}}],\"inLanguage\":\"pt-BR\"},{\"@type\":\"Person\",\"@id\":\"https:\\\/\\\/www.p31noticias.com.br\\\/#\\\/schema\\\/person\\\/d1bb0ccbf62b27e19ea4e75696908d43\",\"name\":\"Camilly Scheffer\",\"image\":{\"@type\":\"ImageObject\",\"inLanguage\":\"pt-BR\",\"@id\":\"https:\\\/\\\/secure.gravatar.com\\\/avatar\\\/06f4704b382d241ec2670712618fccea085b2db24d7b2d3b8691d904bbc1d557?s=96&d=mm&r=g\",\"url\":\"https:\\\/\\\/secure.gravatar.com\\\/avatar\\\/06f4704b382d241ec2670712618fccea085b2db24d7b2d3b8691d904bbc1d557?s=96&d=mm&r=g\",\"contentUrl\":\"https:\\\/\\\/secure.gravatar.com\\\/avatar\\\/06f4704b382d241ec2670712618fccea085b2db24d7b2d3b8691d904bbc1d557?s=96&d=mm&r=g\",\"caption\":\"Camilly Scheffer\"},\"url\":\"https:\\\/\\\/www.p31noticias.com.br\\\/?author=5\"}]}<\/script>\n<!-- \/ Yoast SEO Premium plugin. -->","yoast_head_json":{"title":"Greve no metr\u00f4 dura 4 meses e Ibaneis aguarda TCDF para privatiza\u00e7\u00e3o - P31","robots":{"index":"index","follow":"follow","max-snippet":"max-snippet:-1","max-image-preview":"max-image-preview:large","max-video-preview":"max-video-preview:-1"},"canonical":"https:\/\/www.p31noticias.com.br\/?p=23967","og_locale":"pt_BR","og_type":"article","og_title":"Greve no metr\u00f4 dura 4 meses e Ibaneis aguarda TCDF para privatiza\u00e7\u00e3o","og_description":"A greve dos metrovi\u00e1rios no Distrito Federal completa quatro meses nesta quinta-feira (19\/8) e j\u00e1 \u00e9 a maior de toda a hist\u00f3ria da Companhia do Metropolitano (Metr\u00f4-DF).\u00a0Em paralisa\u00e7\u00e3o desde 19 de abril, os empregados da empresa iniciaram o movimento pedindo a manuten\u00e7\u00e3o dos planos de sa\u00fade, vale-alimenta\u00e7\u00e3o e pagamento da \u201cquebra de caixa\u201d. Nesta manh\u00e3, [&hellip;]","og_url":"https:\/\/www.p31noticias.com.br\/?p=23967","og_site_name":"P31","article_published_time":"2021-08-19T19:15:59+00:00","og_image":[{"width":427,"height":240,"url":"https:\/\/www.p31noticias.com.br\/wp-content\/uploads\/2021\/08\/9447077_x240.jpg","type":"image\/jpeg"}],"author":"Camilly Scheffer","twitter_card":"summary_large_image","twitter_misc":{"Escrito por":"Camilly Scheffer","Est. tempo de leitura":"1 minuto"},"schema":{"@context":"https:\/\/schema.org","@graph":[{"@type":"Article","@id":"https:\/\/www.p31noticias.com.br\/?p=23967#article","isPartOf":{"@id":"https:\/\/www.p31noticias.com.br\/?p=23967"},"author":{"name":"Camilly Scheffer","@id":"https:\/\/www.p31noticias.com.br\/#\/schema\/person\/d1bb0ccbf62b27e19ea4e75696908d43"},"headline":"Greve no metr\u00f4 dura 4 meses e Ibaneis aguarda TCDF para privatiza\u00e7\u00e3o","datePublished":"2021-08-19T19:15:59+00:00","mainEntityOfPage":{"@id":"https:\/\/www.p31noticias.com.br\/?p=23967"},"wordCount":196,"commentCount":0,"image":{"@id":"https:\/\/www.p31noticias.com.br\/?p=23967#primaryimage"},"thumbnailUrl":"https:\/\/www.p31noticias.com.br\/wp-content\/uploads\/2021\/08\/9447077_x240.jpg","articleSection":["Outros"],"inLanguage":"pt-BR","potentialAction":[{"@type":"CommentAction","name":"Comment","target":["https:\/\/www.p31noticias.com.br\/?p=23967#respond"]}],"copyrightYear":"2021","copyrightHolder":{"@id":"https:\/\/www.p31noticias.com.br\/#organization"}},{"@type":"WebPage","@id":"https:\/\/www.p31noticias.com.br\/?p=23967","url":"https:\/\/www.p31noticias.com.br\/?p=23967","name":"Greve no metr\u00f4 dura 4 meses e Ibaneis aguarda TCDF para privatiza\u00e7\u00e3o - P31","isPartOf":{"@id":"https:\/\/www.p31noticias.com.br\/#website"},"primaryImageOfPage":{"@id":"https:\/\/www.p31noticias.com.br\/?p=23967#primaryimage"},"image":{"@id":"https:\/\/www.p31noticias.com.br\/?p=23967#primaryimage"},"thumbnailUrl":"https:\/\/www.p31noticias.com.br\/wp-content\/uploads\/2021\/08\/9447077_x240.jpg","datePublished":"2021-08-19T19:15:59+00:00","author":{"@id":"https:\/\/www.p31noticias.com.br\/#\/schema\/person\/d1bb0ccbf62b27e19ea4e75696908d43"},"breadcrumb":{"@id":"https:\/\/www.p31noticias.com.br\/?p=23967#breadcrumb"},"inLanguage":"pt-BR","potentialAction":[{"@type":"ReadAction","target":["https:\/\/www.p31noticias.com.br\/?p=23967"]}]},{"@type":"ImageObject","inLanguage":"pt-BR","@id":"https:\/\/www.p31noticias.com.br\/?p=23967#primaryimage","url":"https:\/\/www.p31noticias.com.br\/wp-content\/uploads\/2021\/08\/9447077_x240.jpg","contentUrl":"https:\/\/www.p31noticias.com.br\/wp-content\/uploads\/2021\/08\/9447077_x240.jpg","width":427,"height":240},{"@type":"BreadcrumbList","@id":"https:\/\/www.p31noticias.com.br\/?p=23967#breadcrumb","itemListElement":[{"@type":"ListItem","position":1,"name":"In\u00edcio","item":"https:\/\/www.p31noticias.com.br\/"},{"@type":"ListItem","position":2,"name":"Greve no metr\u00f4 dura 4 meses e Ibaneis aguarda TCDF para privatiza\u00e7\u00e3o"}]},{"@type":"WebSite","@id":"https:\/\/www.p31noticias.com.br\/#website","url":"https:\/\/www.p31noticias.com.br\/","name":"P31","description":"NOT\u00cdCIAS","potentialAction":[{"@type":"SearchAction","target":{"@type":"EntryPoint","urlTemplate":"https:\/\/www.p31noticias.com.br\/?s={search_term_string}"},"query-input":{"@type":"PropertyValueSpecification","valueRequired":true,"valueName":"search_term_string"}}],"inLanguage":"pt-BR"},{"@type":"Person","@id":"https:\/\/www.p31noticias.com.br\/#\/schema\/person\/d1bb0ccbf62b27e19ea4e75696908d43","name":"Camilly Scheffer","image":{"@type":"ImageObject","inLanguage":"pt-BR","@id":"https:\/\/secure.gravatar.com\/avatar\/06f4704b382d241ec2670712618fccea085b2db24d7b2d3b8691d904bbc1d557?s=96&d=mm&r=g","url":"https:\/\/secure.gravatar.com\/avatar\/06f4704b382d241ec2670712618fccea085b2db24d7b2d3b8691d904bbc1d557?s=96&d=mm&r=g","contentUrl":"https:\/\/secure.gravatar.com\/avatar\/06f4704b382d241ec2670712618fccea085b2db24d7b2d3b8691d904bbc1d557?s=96&d=mm&r=g","caption":"Camilly Scheffer"},"url":"https:\/\/www.p31noticias.com.br\/?author=5"}]}},"amp_enabled":true,"_links":{"self":[{"href":"https:\/\/www.p31noticias.com.br\/index.php?rest_route=\/wp\/v2\/posts\/23967","targetHints":{"allow":["GET"]}}],"collection":[{"href":"https:\/\/www.p31noticias.com.br\/index.php?rest_route=\/wp\/v2\/posts"}],"about":[{"href":"https:\/\/www.p31noticias.com.br\/index.php?rest_route=\/wp\/v2\/types\/post"}],"author":[{"embeddable":true,"href":"https:\/\/www.p31noticias.com.br\/index.php?rest_route=\/wp\/v2\/users\/5"}],"replies":[{"embeddable":true,"href":"https:\/\/www.p31noticias.com.br\/index.php?rest_route=%2Fwp%2Fv2%2Fcomments&post=23967"}],"version-history":[{"count":1,"href":"https:\/\/www.p31noticias.com.br\/index.php?rest_route=\/wp\/v2\/posts\/23967\/revisions"}],"predecessor-version":[{"id":23969,"href":"https:\/\/www.p31noticias.com.br\/index.php?rest_route=\/wp\/v2\/posts\/23967\/revisions\/23969"}],"wp:featuredmedia":[{"embeddable":true,"href":"https:\/\/www.p31noticias.com.br\/index.php?rest_route=\/wp\/v2\/media\/23968"}],"wp:attachment":[{"href":"https:\/\/www.p31noticias.com.br\/index.php?rest_route=%2Fwp%2Fv2%2Fmedia&parent=23967"}],"wp:term":[{"taxonomy":"category","embeddable":true,"href":"https:\/\/www.p31noticias.com.br\/index.php?rest_route=%2Fwp%2Fv2%2Fcategories&post=23967"},{"taxonomy":"post_tag","embeddable":true,"href":"https:\/\/www.p31noticias.com.br\/index.php?rest_route=%2Fwp%2Fv2%2Ftags&post=23967"}],"curies":[{"name":"wp","href":"https:\/\/api.w.org\/{rel}","templated":true}]}}