{"id":23949,"date":"2021-08-19T14:50:15","date_gmt":"2021-08-19T17:50:15","guid":{"rendered":"https:\/\/p31noticias.com.br\/?p=23949"},"modified":"2021-08-19T14:50:15","modified_gmt":"2021-08-19T17:50:15","slug":"ibaneis-assina-decreto-de-nomeacao-para-tres-secretarias-do-df","status":"publish","type":"post","link":"https:\/\/www.p31noticias.com.br\/?p=23949","title":{"rendered":"Ibaneis assina decreto de nomea\u00e7\u00e3o para tr\u00eas secretarias do DF"},"content":{"rendered":"<p>Nesta quinta-feira (19\/8), o governador Ibaneis Rocha assinou decreto de nomea\u00e7\u00e3o de 113 aprovados para as secretarias de Desenvolvimento Social, de Justi\u00e7a e da Mulher. O ato ocorreu no Pal\u00e1cio do Buriti, \u00e0s 10h da manh\u00e3, e foi transmitido nas redes sociais.<\/p>\n<p class=\"texto\">A Secret\u00e1ria da Mulher, Ericka Filippelli, presente no evento, conta que essa nomea\u00e7\u00e3o \u00e9 crucial para o andamento do cuidado com a popula\u00e7\u00e3o do Distrito Federal. \u201cTemos hoje pessoas sendo chamadas para verdadeiramente montarem um ex\u00e9rcito e cuidarem de outras pessoas\u201d, comenta. Para ela, esse \u00e9 o melhor momento da assist\u00eancia social.<\/p>\n<p class=\"texto\">Para Ibaneis, a a\u00e7\u00e3o de trazer novos servidores visa unir esfor\u00e7os para atender as pessoas em situa\u00e7\u00e3o de vulnerabilidade. \u201cA pandemia nos trouxe gastos excessivos para cuidar de muitas obras, mas a nossa maior obra agora \u00e9 cuidar de pessoas, cuidar de quem precisa\u201d, ressalta o governador.<\/p>\n<p>Fonte : Correio Braziliense.<\/p>\n","protected":false},"excerpt":{"rendered":"<p>Nesta quinta-feira (19\/8), o governador Ibaneis Rocha assinou decreto de nomea\u00e7\u00e3o de 113 aprovados para as secretarias de Desenvolvimento Social, de Justi\u00e7a e da Mulher. O ato ocorreu no Pal\u00e1cio do Buriti, \u00e0s 10h da manh\u00e3, e foi transmitido nas redes sociais. A Secret\u00e1ria da Mulher, Ericka Filippelli, presente no evento, conta que essa nomea\u00e7\u00e3o [&hellip;]<\/p>\n","protected":false},"author":5,"featured_media":23950,"comment_status":"open","ping_status":"open","sticky":false,"template":"","format":"standard","meta":{"footnotes":""},"categories":[1],"tags":[],"class_list":{"0":"post-23949","1":"post","2":"type-post","3":"status-publish","4":"format-standard","5":"has-post-thumbnail","7":"category-outros"},"yoast_head":"<!-- This site is optimized with the Yoast SEO Premium plugin v24.5 (Yoast SEO v27.5) - https:\/\/yoast.com\/product\/yoast-seo-premium-wordpress\/ -->\n<title>Ibaneis assina decreto de nomea\u00e7\u00e3o para tr\u00eas secretarias do DF - P31<\/title>\n<meta name=\"robots\" content=\"index, follow, max-snippet:-1, max-image-preview:large, max-video-preview:-1\" \/>\n<link rel=\"canonical\" href=\"https:\/\/www.p31noticias.com.br\/?p=23949\" \/>\n<meta property=\"og:locale\" content=\"pt_BR\" \/>\n<meta property=\"og:type\" content=\"article\" \/>\n<meta property=\"og:title\" content=\"Ibaneis assina decreto de nomea\u00e7\u00e3o para tr\u00eas secretarias do DF\" \/>\n<meta property=\"og:description\" content=\"Nesta quinta-feira (19\/8), o governador Ibaneis Rocha assinou decreto de nomea\u00e7\u00e3o de 113 aprovados para as secretarias de Desenvolvimento Social, de Justi\u00e7a e da Mulher. O ato ocorreu no Pal\u00e1cio do Buriti, \u00e0s 10h da manh\u00e3, e foi transmitido nas redes sociais. A Secret\u00e1ria da Mulher, Ericka Filippelli, presente no evento, conta que essa nomea\u00e7\u00e3o [&hellip;]\" \/>\n<meta property=\"og:url\" content=\"https:\/\/www.p31noticias.com.br\/?p=23949\" \/>\n<meta property=\"og:site_name\" content=\"P31\" \/>\n<meta property=\"article:published_time\" content=\"2021-08-19T17:50:15+00:00\" \/>\n<meta property=\"og:image\" content=\"https:\/\/www.p31noticias.com.br\/wp-content\/uploads\/2021\/08\/WhatsApp-Image-2021-08-19-at-13.36.28-768x533-1.jpeg\" \/>\n\t<meta property=\"og:image:width\" content=\"768\" \/>\n\t<meta property=\"og:image:height\" content=\"533\" \/>\n\t<meta property=\"og:image:type\" content=\"image\/jpeg\" \/>\n<meta name=\"author\" content=\"Camilly Scheffer\" \/>\n<meta name=\"twitter:card\" content=\"summary_large_image\" \/>\n<meta name=\"twitter:label1\" content=\"Escrito por\" \/>\n\t<meta name=\"twitter:data1\" content=\"Camilly Scheffer\" \/>\n\t<meta name=\"twitter:label2\" content=\"Est. tempo de leitura\" \/>\n\t<meta name=\"twitter:data2\" content=\"1 minuto\" \/>\n<script type=\"application\/ld+json\" class=\"yoast-schema-graph\">{\"@context\":\"https:\\\/\\\/schema.org\",\"@graph\":[{\"@type\":\"Article\",\"@id\":\"https:\\\/\\\/www.p31noticias.com.br\\\/?p=23949#article\",\"isPartOf\":{\"@id\":\"https:\\\/\\\/www.p31noticias.com.br\\\/?p=23949\"},\"author\":{\"name\":\"Camilly Scheffer\",\"@id\":\"https:\\\/\\\/www.p31noticias.com.br\\\/#\\\/schema\\\/person\\\/d1bb0ccbf62b27e19ea4e75696908d43\"},\"headline\":\"Ibaneis assina decreto de nomea\u00e7\u00e3o para tr\u00eas secretarias do DF\",\"datePublished\":\"2021-08-19T17:50:15+00:00\",\"mainEntityOfPage\":{\"@id\":\"https:\\\/\\\/www.p31noticias.com.br\\\/?p=23949\"},\"wordCount\":162,\"commentCount\":0,\"image\":{\"@id\":\"https:\\\/\\\/www.p31noticias.com.br\\\/?p=23949#primaryimage\"},\"thumbnailUrl\":\"https:\\\/\\\/www.p31noticias.com.br\\\/wp-content\\\/uploads\\\/2021\\\/08\\\/WhatsApp-Image-2021-08-19-at-13.36.28-768x533-1.jpeg\",\"articleSection\":[\"Outros\"],\"inLanguage\":\"pt-BR\",\"potentialAction\":[{\"@type\":\"CommentAction\",\"name\":\"Comment\",\"target\":[\"https:\\\/\\\/www.p31noticias.com.br\\\/?p=23949#respond\"]}],\"copyrightYear\":\"2021\",\"copyrightHolder\":{\"@id\":\"https:\\\/\\\/www.p31noticias.com.br\\\/#organization\"}},{\"@type\":\"WebPage\",\"@id\":\"https:\\\/\\\/www.p31noticias.com.br\\\/?p=23949\",\"url\":\"https:\\\/\\\/www.p31noticias.com.br\\\/?p=23949\",\"name\":\"Ibaneis assina decreto de nomea\u00e7\u00e3o para tr\u00eas secretarias do DF - P31\",\"isPartOf\":{\"@id\":\"https:\\\/\\\/www.p31noticias.com.br\\\/#website\"},\"primaryImageOfPage\":{\"@id\":\"https:\\\/\\\/www.p31noticias.com.br\\\/?p=23949#primaryimage\"},\"image\":{\"@id\":\"https:\\\/\\\/www.p31noticias.com.br\\\/?p=23949#primaryimage\"},\"thumbnailUrl\":\"https:\\\/\\\/www.p31noticias.com.br\\\/wp-content\\\/uploads\\\/2021\\\/08\\\/WhatsApp-Image-2021-08-19-at-13.36.28-768x533-1.jpeg\",\"datePublished\":\"2021-08-19T17:50:15+00:00\",\"author\":{\"@id\":\"https:\\\/\\\/www.p31noticias.com.br\\\/#\\\/schema\\\/person\\\/d1bb0ccbf62b27e19ea4e75696908d43\"},\"breadcrumb\":{\"@id\":\"https:\\\/\\\/www.p31noticias.com.br\\\/?p=23949#breadcrumb\"},\"inLanguage\":\"pt-BR\",\"potentialAction\":[{\"@type\":\"ReadAction\",\"target\":[\"https:\\\/\\\/www.p31noticias.com.br\\\/?p=23949\"]}]},{\"@type\":\"ImageObject\",\"inLanguage\":\"pt-BR\",\"@id\":\"https:\\\/\\\/www.p31noticias.com.br\\\/?p=23949#primaryimage\",\"url\":\"https:\\\/\\\/www.p31noticias.com.br\\\/wp-content\\\/uploads\\\/2021\\\/08\\\/WhatsApp-Image-2021-08-19-at-13.36.28-768x533-1.jpeg\",\"contentUrl\":\"https:\\\/\\\/www.p31noticias.com.br\\\/wp-content\\\/uploads\\\/2021\\\/08\\\/WhatsApp-Image-2021-08-19-at-13.36.28-768x533-1.jpeg\",\"width\":768,\"height\":533},{\"@type\":\"BreadcrumbList\",\"@id\":\"https:\\\/\\\/www.p31noticias.com.br\\\/?p=23949#breadcrumb\",\"itemListElement\":[{\"@type\":\"ListItem\",\"position\":1,\"name\":\"In\u00edcio\",\"item\":\"https:\\\/\\\/www.p31noticias.com.br\\\/\"},{\"@type\":\"ListItem\",\"position\":2,\"name\":\"Ibaneis assina decreto de nomea\u00e7\u00e3o para tr\u00eas secretarias do DF\"}]},{\"@type\":\"WebSite\",\"@id\":\"https:\\\/\\\/www.p31noticias.com.br\\\/#website\",\"url\":\"https:\\\/\\\/www.p31noticias.com.br\\\/\",\"name\":\"P31\",\"description\":\"NOT\u00cdCIAS\",\"potentialAction\":[{\"@type\":\"SearchAction\",\"target\":{\"@type\":\"EntryPoint\",\"urlTemplate\":\"https:\\\/\\\/www.p31noticias.com.br\\\/?s={search_term_string}\"},\"query-input\":{\"@type\":\"PropertyValueSpecification\",\"valueRequired\":true,\"valueName\":\"search_term_string\"}}],\"inLanguage\":\"pt-BR\"},{\"@type\":\"Person\",\"@id\":\"https:\\\/\\\/www.p31noticias.com.br\\\/#\\\/schema\\\/person\\\/d1bb0ccbf62b27e19ea4e75696908d43\",\"name\":\"Camilly Scheffer\",\"image\":{\"@type\":\"ImageObject\",\"inLanguage\":\"pt-BR\",\"@id\":\"https:\\\/\\\/secure.gravatar.com\\\/avatar\\\/06f4704b382d241ec2670712618fccea085b2db24d7b2d3b8691d904bbc1d557?s=96&d=mm&r=g\",\"url\":\"https:\\\/\\\/secure.gravatar.com\\\/avatar\\\/06f4704b382d241ec2670712618fccea085b2db24d7b2d3b8691d904bbc1d557?s=96&d=mm&r=g\",\"contentUrl\":\"https:\\\/\\\/secure.gravatar.com\\\/avatar\\\/06f4704b382d241ec2670712618fccea085b2db24d7b2d3b8691d904bbc1d557?s=96&d=mm&r=g\",\"caption\":\"Camilly Scheffer\"},\"url\":\"https:\\\/\\\/www.p31noticias.com.br\\\/?author=5\"}]}<\/script>\n<!-- \/ Yoast SEO Premium plugin. -->","yoast_head_json":{"title":"Ibaneis assina decreto de nomea\u00e7\u00e3o para tr\u00eas secretarias do DF - P31","robots":{"index":"index","follow":"follow","max-snippet":"max-snippet:-1","max-image-preview":"max-image-preview:large","max-video-preview":"max-video-preview:-1"},"canonical":"https:\/\/www.p31noticias.com.br\/?p=23949","og_locale":"pt_BR","og_type":"article","og_title":"Ibaneis assina decreto de nomea\u00e7\u00e3o para tr\u00eas secretarias do DF","og_description":"Nesta quinta-feira (19\/8), o governador Ibaneis Rocha assinou decreto de nomea\u00e7\u00e3o de 113 aprovados para as secretarias de Desenvolvimento Social, de Justi\u00e7a e da Mulher. O ato ocorreu no Pal\u00e1cio do Buriti, \u00e0s 10h da manh\u00e3, e foi transmitido nas redes sociais. A Secret\u00e1ria da Mulher, Ericka Filippelli, presente no evento, conta que essa nomea\u00e7\u00e3o [&hellip;]","og_url":"https:\/\/www.p31noticias.com.br\/?p=23949","og_site_name":"P31","article_published_time":"2021-08-19T17:50:15+00:00","og_image":[{"width":768,"height":533,"url":"https:\/\/www.p31noticias.com.br\/wp-content\/uploads\/2021\/08\/WhatsApp-Image-2021-08-19-at-13.36.28-768x533-1.jpeg","type":"image\/jpeg"}],"author":"Camilly Scheffer","twitter_card":"summary_large_image","twitter_misc":{"Escrito por":"Camilly Scheffer","Est. tempo de leitura":"1 minuto"},"schema":{"@context":"https:\/\/schema.org","@graph":[{"@type":"Article","@id":"https:\/\/www.p31noticias.com.br\/?p=23949#article","isPartOf":{"@id":"https:\/\/www.p31noticias.com.br\/?p=23949"},"author":{"name":"Camilly Scheffer","@id":"https:\/\/www.p31noticias.com.br\/#\/schema\/person\/d1bb0ccbf62b27e19ea4e75696908d43"},"headline":"Ibaneis assina decreto de nomea\u00e7\u00e3o para tr\u00eas secretarias do DF","datePublished":"2021-08-19T17:50:15+00:00","mainEntityOfPage":{"@id":"https:\/\/www.p31noticias.com.br\/?p=23949"},"wordCount":162,"commentCount":0,"image":{"@id":"https:\/\/www.p31noticias.com.br\/?p=23949#primaryimage"},"thumbnailUrl":"https:\/\/www.p31noticias.com.br\/wp-content\/uploads\/2021\/08\/WhatsApp-Image-2021-08-19-at-13.36.28-768x533-1.jpeg","articleSection":["Outros"],"inLanguage":"pt-BR","potentialAction":[{"@type":"CommentAction","name":"Comment","target":["https:\/\/www.p31noticias.com.br\/?p=23949#respond"]}],"copyrightYear":"2021","copyrightHolder":{"@id":"https:\/\/www.p31noticias.com.br\/#organization"}},{"@type":"WebPage","@id":"https:\/\/www.p31noticias.com.br\/?p=23949","url":"https:\/\/www.p31noticias.com.br\/?p=23949","name":"Ibaneis assina decreto de nomea\u00e7\u00e3o para tr\u00eas secretarias do DF - P31","isPartOf":{"@id":"https:\/\/www.p31noticias.com.br\/#website"},"primaryImageOfPage":{"@id":"https:\/\/www.p31noticias.com.br\/?p=23949#primaryimage"},"image":{"@id":"https:\/\/www.p31noticias.com.br\/?p=23949#primaryimage"},"thumbnailUrl":"https:\/\/www.p31noticias.com.br\/wp-content\/uploads\/2021\/08\/WhatsApp-Image-2021-08-19-at-13.36.28-768x533-1.jpeg","datePublished":"2021-08-19T17:50:15+00:00","author":{"@id":"https:\/\/www.p31noticias.com.br\/#\/schema\/person\/d1bb0ccbf62b27e19ea4e75696908d43"},"breadcrumb":{"@id":"https:\/\/www.p31noticias.com.br\/?p=23949#breadcrumb"},"inLanguage":"pt-BR","potentialAction":[{"@type":"ReadAction","target":["https:\/\/www.p31noticias.com.br\/?p=23949"]}]},{"@type":"ImageObject","inLanguage":"pt-BR","@id":"https:\/\/www.p31noticias.com.br\/?p=23949#primaryimage","url":"https:\/\/www.p31noticias.com.br\/wp-content\/uploads\/2021\/08\/WhatsApp-Image-2021-08-19-at-13.36.28-768x533-1.jpeg","contentUrl":"https:\/\/www.p31noticias.com.br\/wp-content\/uploads\/2021\/08\/WhatsApp-Image-2021-08-19-at-13.36.28-768x533-1.jpeg","width":768,"height":533},{"@type":"BreadcrumbList","@id":"https:\/\/www.p31noticias.com.br\/?p=23949#breadcrumb","itemListElement":[{"@type":"ListItem","position":1,"name":"In\u00edcio","item":"https:\/\/www.p31noticias.com.br\/"},{"@type":"ListItem","position":2,"name":"Ibaneis assina decreto de nomea\u00e7\u00e3o para tr\u00eas secretarias do DF"}]},{"@type":"WebSite","@id":"https:\/\/www.p31noticias.com.br\/#website","url":"https:\/\/www.p31noticias.com.br\/","name":"P31","description":"NOT\u00cdCIAS","potentialAction":[{"@type":"SearchAction","target":{"@type":"EntryPoint","urlTemplate":"https:\/\/www.p31noticias.com.br\/?s={search_term_string}"},"query-input":{"@type":"PropertyValueSpecification","valueRequired":true,"valueName":"search_term_string"}}],"inLanguage":"pt-BR"},{"@type":"Person","@id":"https:\/\/www.p31noticias.com.br\/#\/schema\/person\/d1bb0ccbf62b27e19ea4e75696908d43","name":"Camilly Scheffer","image":{"@type":"ImageObject","inLanguage":"pt-BR","@id":"https:\/\/secure.gravatar.com\/avatar\/06f4704b382d241ec2670712618fccea085b2db24d7b2d3b8691d904bbc1d557?s=96&d=mm&r=g","url":"https:\/\/secure.gravatar.com\/avatar\/06f4704b382d241ec2670712618fccea085b2db24d7b2d3b8691d904bbc1d557?s=96&d=mm&r=g","contentUrl":"https:\/\/secure.gravatar.com\/avatar\/06f4704b382d241ec2670712618fccea085b2db24d7b2d3b8691d904bbc1d557?s=96&d=mm&r=g","caption":"Camilly Scheffer"},"url":"https:\/\/www.p31noticias.com.br\/?author=5"}]}},"amp_enabled":true,"_links":{"self":[{"href":"https:\/\/www.p31noticias.com.br\/index.php?rest_route=\/wp\/v2\/posts\/23949","targetHints":{"allow":["GET"]}}],"collection":[{"href":"https:\/\/www.p31noticias.com.br\/index.php?rest_route=\/wp\/v2\/posts"}],"about":[{"href":"https:\/\/www.p31noticias.com.br\/index.php?rest_route=\/wp\/v2\/types\/post"}],"author":[{"embeddable":true,"href":"https:\/\/www.p31noticias.com.br\/index.php?rest_route=\/wp\/v2\/users\/5"}],"replies":[{"embeddable":true,"href":"https:\/\/www.p31noticias.com.br\/index.php?rest_route=%2Fwp%2Fv2%2Fcomments&post=23949"}],"version-history":[{"count":1,"href":"https:\/\/www.p31noticias.com.br\/index.php?rest_route=\/wp\/v2\/posts\/23949\/revisions"}],"predecessor-version":[{"id":23951,"href":"https:\/\/www.p31noticias.com.br\/index.php?rest_route=\/wp\/v2\/posts\/23949\/revisions\/23951"}],"wp:featuredmedia":[{"embeddable":true,"href":"https:\/\/www.p31noticias.com.br\/index.php?rest_route=\/wp\/v2\/media\/23950"}],"wp:attachment":[{"href":"https:\/\/www.p31noticias.com.br\/index.php?rest_route=%2Fwp%2Fv2%2Fmedia&parent=23949"}],"wp:term":[{"taxonomy":"category","embeddable":true,"href":"https:\/\/www.p31noticias.com.br\/index.php?rest_route=%2Fwp%2Fv2%2Fcategories&post=23949"},{"taxonomy":"post_tag","embeddable":true,"href":"https:\/\/www.p31noticias.com.br\/index.php?rest_route=%2Fwp%2Fv2%2Ftags&post=23949"}],"curies":[{"name":"wp","href":"https:\/\/api.w.org\/{rel}","templated":true}]}}