{"id":23774,"date":"2021-08-12T13:54:32","date_gmt":"2021-08-12T16:54:32","guid":{"rendered":"https:\/\/p31noticias.com.br\/?p=23774"},"modified":"2021-08-12T13:54:32","modified_gmt":"2021-08-12T16:54:32","slug":"aeroporto-de-brasilia-testa-embarque-com-reconhecimento-facial","status":"publish","type":"post","link":"https:\/\/www.p31noticias.com.br\/?p=23774","title":{"rendered":"Aeroporto de Bras\u00edlia testa embarque com reconhecimento facial"},"content":{"rendered":"<p>Na manh\u00e3 desta quinta-feira (12\/8), o Aeroporto Internacional de Bras\u00edlia tornou-se o primeiro da Regi\u00e3o Centro-Oeste e o sexto do pa\u00eds a testar o Embarque + Seguro, programa do governo federal de embarque a\u00e9reo por meio de reconhecimento biom\u00e9trico facial.<\/p>\n<p>O objetivo do programa \u00e9 tornar mais eficiente, \u00e1gil e seguro o processo de embarque nos aeroportos.<\/p>\n<p>A solu\u00e7\u00e3o foi idealizada pelo Minist\u00e9rio da Infraestrutura e desenvolvida pelo Servi\u00e7o Federal de Processamento de Dados (Serpro), empresa de tecnologia do governo federal, em parceria com a Secretaria Especial de Desburocratiza\u00e7\u00e3o, Gest\u00e3o e Governo Digital do Minist\u00e9rio da Economia.<\/p>\n<p>No local, o teste ocorre em tr\u00eas etapas: no check-in, onde os passageiros convidados pelas empresas a\u00e9reas Latam e Gol ter\u00e3o os dados validados com as bases governamentais; no sagu\u00e3o de desembarque, pr\u00f3ximo \u00e0s escadas rolantes, onde foi apresentado um balan\u00e7o sobre o projeto-piloto nos outros aeroportos; e nos port\u00f5es 27, 28, 29 e 30, onde ocorre o reconhecimento facial dos passageiros.<\/p>\n<p>O secret\u00e1rio-executivo do MInfra, Marcelo Sampaio, o secret\u00e1rio Nacional de Avia\u00e7\u00e3o Civil, Ronei Glanzmann, o secret\u00e1rio Especial de Desburocratiza\u00e7\u00e3o, Gest\u00e3o e Governo Digital, Caio Paes de Andrade, o presidente do Serpro, Gileno Barreto, e o presidente da Inframerica, Jorge Arruda, acompanharam os primeiros momentos de testes do Embarque + Seguro.<\/p>\n<p>Para realizar os testes, o Serpro desenvolveu um aplicativo que permite o cadastramento da foto do passageiro, ficando vinculada ao CPF. A verifica\u00e7\u00e3o da identifica\u00e7\u00e3o biom\u00e9trica \u00e9 feita por checagem no banco de dados na Carteira Nacional de Habilita\u00e7\u00e3o (CNH), que tem cerca de 56 milh\u00f5es de registros ativos.<\/p>\n<p>O presidente do Serpro, Gileno Barreto, explicou que, com o programa, os passageiros poder\u00e3o acessar as salas de embarque sem qualquer interfer\u00eancia humana. \u201cO n\u00edvel de seguran\u00e7a \u00e9 considerado elevad\u00edssimo e no padr\u00e3o internacional de seguran\u00e7a biom\u00e9trica\u201d, assegurou.<\/p>\n<p>O secret\u00e1rio Nacional de Avia\u00e7\u00e3o Civil, Ronei Glanzmann, informou que, na fase de testes, foram processados mais de 150 voos e mais de 2,6 mil passageiros que tiveram a experi\u00eancia de embarcar com o reconhecimento facial.<\/p>\n<h3>Seguran\u00e7a<\/h3>\n<p>O Embarque + Seguro, al\u00e9m de comprovar a identidade de quem est\u00e1 embarcando, garantindo mais seguran\u00e7a aos passageiros, vai reduzir o tempo de espera em filas. O viajante tamb\u00e9m poder\u00e1 ter uma experi\u00eancia de viagem personalizada, sendo avisado sobre quanto tempo falta para a sa\u00edda do v\u00f4o e, ainda, qual a rota mais r\u00e1pida para chegar at\u00e9 o port\u00e3o de embarque, por exemplo.<\/p>\n<p>O programa foi testado em cinco aeroportos: Florian\u00f3polis (SC), Salvador (BA), Santos Dumont (RJ), Belo Horizonte (Confins) e Congonhas (SP).<\/p>\n<p>\u201cOs testes do Embarque + Seguro come\u00e7aram em outubro do ano passado e ser\u00e3o encerrados no pr\u00f3ximo m\u00eas de setembro. Em Congonhas, Santos Dumont e Confins, o programa permanece em execu\u00e7\u00e3o e, em Salvador e Florian\u00f3polis, a tecnologia est\u00e1 sendo atualizada. Ap\u00f3s esse per\u00edodo, vamos focar nas tratativas para a implanta\u00e7\u00e3o definitiva nos principais aeroportos do pa\u00eds\u201d, anuncia o secret\u00e1rio-executivo do MInfra, Marcelo Sampaio.<\/p>\n<p>Fonte: Metr\u00f3poles.<\/p>\n","protected":false},"excerpt":{"rendered":"<p>Na manh\u00e3 desta quinta-feira (12\/8), o Aeroporto Internacional de Bras\u00edlia tornou-se o primeiro da Regi\u00e3o Centro-Oeste e o sexto do pa\u00eds a testar o Embarque + Seguro, programa do governo federal de embarque a\u00e9reo por meio de reconhecimento biom\u00e9trico facial. O objetivo do programa \u00e9 tornar mais eficiente, \u00e1gil e seguro o processo de embarque [&hellip;]<\/p>\n","protected":false},"author":5,"featured_media":23775,"comment_status":"open","ping_status":"open","sticky":false,"template":"","format":"standard","meta":{"footnotes":""},"categories":[1],"tags":[],"class_list":{"0":"post-23774","1":"post","2":"type-post","3":"status-publish","4":"format-standard","5":"has-post-thumbnail","7":"category-outros"},"yoast_head":"<!-- This site is optimized with the Yoast SEO Premium plugin v24.5 (Yoast SEO v27.5) - https:\/\/yoast.com\/product\/yoast-seo-premium-wordpress\/ -->\n<title>Aeroporto de Bras\u00edlia testa embarque com reconhecimento facial - P31<\/title>\n<meta name=\"robots\" content=\"index, follow, max-snippet:-1, max-image-preview:large, max-video-preview:-1\" \/>\n<link rel=\"canonical\" href=\"https:\/\/www.p31noticias.com.br\/?p=23774\" \/>\n<meta property=\"og:locale\" content=\"pt_BR\" \/>\n<meta property=\"og:type\" content=\"article\" \/>\n<meta property=\"og:title\" content=\"Aeroporto de Bras\u00edlia testa embarque com reconhecimento facial\" \/>\n<meta property=\"og:description\" content=\"Na manh\u00e3 desta quinta-feira (12\/8), o Aeroporto Internacional de Bras\u00edlia tornou-se o primeiro da Regi\u00e3o Centro-Oeste e o sexto do pa\u00eds a testar o Embarque + Seguro, programa do governo federal de embarque a\u00e9reo por meio de reconhecimento biom\u00e9trico facial. O objetivo do programa \u00e9 tornar mais eficiente, \u00e1gil e seguro o processo de embarque [&hellip;]\" \/>\n<meta property=\"og:url\" content=\"https:\/\/www.p31noticias.com.br\/?p=23774\" \/>\n<meta property=\"og:site_name\" content=\"P31\" \/>\n<meta property=\"article:published_time\" content=\"2021-08-12T16:54:32+00:00\" \/>\n<meta property=\"og:image\" content=\"https:\/\/www.p31noticias.com.br\/wp-content\/uploads\/2021\/08\/passageirodeprimeira.com-aeroporto-de-brasilia-realiza-hoje-teste-de-embarque-com-reconhecimento-facial-capa-bsb.jpg\" \/>\n\t<meta property=\"og:image:width\" content=\"1200\" \/>\n\t<meta property=\"og:image:height\" content=\"627\" \/>\n\t<meta property=\"og:image:type\" content=\"image\/jpeg\" \/>\n<meta name=\"author\" content=\"Camilly Scheffer\" \/>\n<meta name=\"twitter:card\" content=\"summary_large_image\" \/>\n<meta name=\"twitter:label1\" content=\"Escrito por\" \/>\n\t<meta name=\"twitter:data1\" content=\"Camilly Scheffer\" \/>\n\t<meta name=\"twitter:label2\" content=\"Est. tempo de leitura\" \/>\n\t<meta name=\"twitter:data2\" content=\"3 minutos\" \/>\n<script type=\"application\/ld+json\" class=\"yoast-schema-graph\">{\"@context\":\"https:\\\/\\\/schema.org\",\"@graph\":[{\"@type\":\"Article\",\"@id\":\"https:\\\/\\\/www.p31noticias.com.br\\\/?p=23774#article\",\"isPartOf\":{\"@id\":\"https:\\\/\\\/www.p31noticias.com.br\\\/?p=23774\"},\"author\":{\"name\":\"Camilly Scheffer\",\"@id\":\"https:\\\/\\\/www.p31noticias.com.br\\\/#\\\/schema\\\/person\\\/d1bb0ccbf62b27e19ea4e75696908d43\"},\"headline\":\"Aeroporto de Bras\u00edlia testa embarque com reconhecimento facial\",\"datePublished\":\"2021-08-12T16:54:32+00:00\",\"mainEntityOfPage\":{\"@id\":\"https:\\\/\\\/www.p31noticias.com.br\\\/?p=23774\"},\"wordCount\":538,\"commentCount\":0,\"image\":{\"@id\":\"https:\\\/\\\/www.p31noticias.com.br\\\/?p=23774#primaryimage\"},\"thumbnailUrl\":\"https:\\\/\\\/www.p31noticias.com.br\\\/wp-content\\\/uploads\\\/2021\\\/08\\\/passageirodeprimeira.com-aeroporto-de-brasilia-realiza-hoje-teste-de-embarque-com-reconhecimento-facial-capa-bsb.jpg\",\"articleSection\":[\"Outros\"],\"inLanguage\":\"pt-BR\",\"potentialAction\":[{\"@type\":\"CommentAction\",\"name\":\"Comment\",\"target\":[\"https:\\\/\\\/www.p31noticias.com.br\\\/?p=23774#respond\"]}],\"copyrightYear\":\"2021\",\"copyrightHolder\":{\"@id\":\"https:\\\/\\\/www.p31noticias.com.br\\\/#organization\"}},{\"@type\":\"WebPage\",\"@id\":\"https:\\\/\\\/www.p31noticias.com.br\\\/?p=23774\",\"url\":\"https:\\\/\\\/www.p31noticias.com.br\\\/?p=23774\",\"name\":\"Aeroporto de Bras\u00edlia testa embarque com reconhecimento facial - P31\",\"isPartOf\":{\"@id\":\"https:\\\/\\\/www.p31noticias.com.br\\\/#website\"},\"primaryImageOfPage\":{\"@id\":\"https:\\\/\\\/www.p31noticias.com.br\\\/?p=23774#primaryimage\"},\"image\":{\"@id\":\"https:\\\/\\\/www.p31noticias.com.br\\\/?p=23774#primaryimage\"},\"thumbnailUrl\":\"https:\\\/\\\/www.p31noticias.com.br\\\/wp-content\\\/uploads\\\/2021\\\/08\\\/passageirodeprimeira.com-aeroporto-de-brasilia-realiza-hoje-teste-de-embarque-com-reconhecimento-facial-capa-bsb.jpg\",\"datePublished\":\"2021-08-12T16:54:32+00:00\",\"author\":{\"@id\":\"https:\\\/\\\/www.p31noticias.com.br\\\/#\\\/schema\\\/person\\\/d1bb0ccbf62b27e19ea4e75696908d43\"},\"breadcrumb\":{\"@id\":\"https:\\\/\\\/www.p31noticias.com.br\\\/?p=23774#breadcrumb\"},\"inLanguage\":\"pt-BR\",\"potentialAction\":[{\"@type\":\"ReadAction\",\"target\":[\"https:\\\/\\\/www.p31noticias.com.br\\\/?p=23774\"]}]},{\"@type\":\"ImageObject\",\"inLanguage\":\"pt-BR\",\"@id\":\"https:\\\/\\\/www.p31noticias.com.br\\\/?p=23774#primaryimage\",\"url\":\"https:\\\/\\\/www.p31noticias.com.br\\\/wp-content\\\/uploads\\\/2021\\\/08\\\/passageirodeprimeira.com-aeroporto-de-brasilia-realiza-hoje-teste-de-embarque-com-reconhecimento-facial-capa-bsb.jpg\",\"contentUrl\":\"https:\\\/\\\/www.p31noticias.com.br\\\/wp-content\\\/uploads\\\/2021\\\/08\\\/passageirodeprimeira.com-aeroporto-de-brasilia-realiza-hoje-teste-de-embarque-com-reconhecimento-facial-capa-bsb.jpg\",\"width\":1200,\"height\":627},{\"@type\":\"BreadcrumbList\",\"@id\":\"https:\\\/\\\/www.p31noticias.com.br\\\/?p=23774#breadcrumb\",\"itemListElement\":[{\"@type\":\"ListItem\",\"position\":1,\"name\":\"In\u00edcio\",\"item\":\"https:\\\/\\\/www.p31noticias.com.br\\\/\"},{\"@type\":\"ListItem\",\"position\":2,\"name\":\"Aeroporto de Bras\u00edlia testa embarque com reconhecimento facial\"}]},{\"@type\":\"WebSite\",\"@id\":\"https:\\\/\\\/www.p31noticias.com.br\\\/#website\",\"url\":\"https:\\\/\\\/www.p31noticias.com.br\\\/\",\"name\":\"P31\",\"description\":\"NOT\u00cdCIAS\",\"potentialAction\":[{\"@type\":\"SearchAction\",\"target\":{\"@type\":\"EntryPoint\",\"urlTemplate\":\"https:\\\/\\\/www.p31noticias.com.br\\\/?s={search_term_string}\"},\"query-input\":{\"@type\":\"PropertyValueSpecification\",\"valueRequired\":true,\"valueName\":\"search_term_string\"}}],\"inLanguage\":\"pt-BR\"},{\"@type\":\"Person\",\"@id\":\"https:\\\/\\\/www.p31noticias.com.br\\\/#\\\/schema\\\/person\\\/d1bb0ccbf62b27e19ea4e75696908d43\",\"name\":\"Camilly Scheffer\",\"image\":{\"@type\":\"ImageObject\",\"inLanguage\":\"pt-BR\",\"@id\":\"https:\\\/\\\/secure.gravatar.com\\\/avatar\\\/06f4704b382d241ec2670712618fccea085b2db24d7b2d3b8691d904bbc1d557?s=96&d=mm&r=g\",\"url\":\"https:\\\/\\\/secure.gravatar.com\\\/avatar\\\/06f4704b382d241ec2670712618fccea085b2db24d7b2d3b8691d904bbc1d557?s=96&d=mm&r=g\",\"contentUrl\":\"https:\\\/\\\/secure.gravatar.com\\\/avatar\\\/06f4704b382d241ec2670712618fccea085b2db24d7b2d3b8691d904bbc1d557?s=96&d=mm&r=g\",\"caption\":\"Camilly Scheffer\"},\"url\":\"https:\\\/\\\/www.p31noticias.com.br\\\/?author=5\"}]}<\/script>\n<!-- \/ Yoast SEO Premium plugin. -->","yoast_head_json":{"title":"Aeroporto de Bras\u00edlia testa embarque com reconhecimento facial - P31","robots":{"index":"index","follow":"follow","max-snippet":"max-snippet:-1","max-image-preview":"max-image-preview:large","max-video-preview":"max-video-preview:-1"},"canonical":"https:\/\/www.p31noticias.com.br\/?p=23774","og_locale":"pt_BR","og_type":"article","og_title":"Aeroporto de Bras\u00edlia testa embarque com reconhecimento facial","og_description":"Na manh\u00e3 desta quinta-feira (12\/8), o Aeroporto Internacional de Bras\u00edlia tornou-se o primeiro da Regi\u00e3o Centro-Oeste e o sexto do pa\u00eds a testar o Embarque + Seguro, programa do governo federal de embarque a\u00e9reo por meio de reconhecimento biom\u00e9trico facial. O objetivo do programa \u00e9 tornar mais eficiente, \u00e1gil e seguro o processo de embarque [&hellip;]","og_url":"https:\/\/www.p31noticias.com.br\/?p=23774","og_site_name":"P31","article_published_time":"2021-08-12T16:54:32+00:00","og_image":[{"width":1200,"height":627,"url":"https:\/\/www.p31noticias.com.br\/wp-content\/uploads\/2021\/08\/passageirodeprimeira.com-aeroporto-de-brasilia-realiza-hoje-teste-de-embarque-com-reconhecimento-facial-capa-bsb.jpg","type":"image\/jpeg"}],"author":"Camilly Scheffer","twitter_card":"summary_large_image","twitter_misc":{"Escrito por":"Camilly Scheffer","Est. tempo de leitura":"3 minutos"},"schema":{"@context":"https:\/\/schema.org","@graph":[{"@type":"Article","@id":"https:\/\/www.p31noticias.com.br\/?p=23774#article","isPartOf":{"@id":"https:\/\/www.p31noticias.com.br\/?p=23774"},"author":{"name":"Camilly Scheffer","@id":"https:\/\/www.p31noticias.com.br\/#\/schema\/person\/d1bb0ccbf62b27e19ea4e75696908d43"},"headline":"Aeroporto de Bras\u00edlia testa embarque com reconhecimento facial","datePublished":"2021-08-12T16:54:32+00:00","mainEntityOfPage":{"@id":"https:\/\/www.p31noticias.com.br\/?p=23774"},"wordCount":538,"commentCount":0,"image":{"@id":"https:\/\/www.p31noticias.com.br\/?p=23774#primaryimage"},"thumbnailUrl":"https:\/\/www.p31noticias.com.br\/wp-content\/uploads\/2021\/08\/passageirodeprimeira.com-aeroporto-de-brasilia-realiza-hoje-teste-de-embarque-com-reconhecimento-facial-capa-bsb.jpg","articleSection":["Outros"],"inLanguage":"pt-BR","potentialAction":[{"@type":"CommentAction","name":"Comment","target":["https:\/\/www.p31noticias.com.br\/?p=23774#respond"]}],"copyrightYear":"2021","copyrightHolder":{"@id":"https:\/\/www.p31noticias.com.br\/#organization"}},{"@type":"WebPage","@id":"https:\/\/www.p31noticias.com.br\/?p=23774","url":"https:\/\/www.p31noticias.com.br\/?p=23774","name":"Aeroporto de Bras\u00edlia testa embarque com reconhecimento facial - P31","isPartOf":{"@id":"https:\/\/www.p31noticias.com.br\/#website"},"primaryImageOfPage":{"@id":"https:\/\/www.p31noticias.com.br\/?p=23774#primaryimage"},"image":{"@id":"https:\/\/www.p31noticias.com.br\/?p=23774#primaryimage"},"thumbnailUrl":"https:\/\/www.p31noticias.com.br\/wp-content\/uploads\/2021\/08\/passageirodeprimeira.com-aeroporto-de-brasilia-realiza-hoje-teste-de-embarque-com-reconhecimento-facial-capa-bsb.jpg","datePublished":"2021-08-12T16:54:32+00:00","author":{"@id":"https:\/\/www.p31noticias.com.br\/#\/schema\/person\/d1bb0ccbf62b27e19ea4e75696908d43"},"breadcrumb":{"@id":"https:\/\/www.p31noticias.com.br\/?p=23774#breadcrumb"},"inLanguage":"pt-BR","potentialAction":[{"@type":"ReadAction","target":["https:\/\/www.p31noticias.com.br\/?p=23774"]}]},{"@type":"ImageObject","inLanguage":"pt-BR","@id":"https:\/\/www.p31noticias.com.br\/?p=23774#primaryimage","url":"https:\/\/www.p31noticias.com.br\/wp-content\/uploads\/2021\/08\/passageirodeprimeira.com-aeroporto-de-brasilia-realiza-hoje-teste-de-embarque-com-reconhecimento-facial-capa-bsb.jpg","contentUrl":"https:\/\/www.p31noticias.com.br\/wp-content\/uploads\/2021\/08\/passageirodeprimeira.com-aeroporto-de-brasilia-realiza-hoje-teste-de-embarque-com-reconhecimento-facial-capa-bsb.jpg","width":1200,"height":627},{"@type":"BreadcrumbList","@id":"https:\/\/www.p31noticias.com.br\/?p=23774#breadcrumb","itemListElement":[{"@type":"ListItem","position":1,"name":"In\u00edcio","item":"https:\/\/www.p31noticias.com.br\/"},{"@type":"ListItem","position":2,"name":"Aeroporto de Bras\u00edlia testa embarque com reconhecimento facial"}]},{"@type":"WebSite","@id":"https:\/\/www.p31noticias.com.br\/#website","url":"https:\/\/www.p31noticias.com.br\/","name":"P31","description":"NOT\u00cdCIAS","potentialAction":[{"@type":"SearchAction","target":{"@type":"EntryPoint","urlTemplate":"https:\/\/www.p31noticias.com.br\/?s={search_term_string}"},"query-input":{"@type":"PropertyValueSpecification","valueRequired":true,"valueName":"search_term_string"}}],"inLanguage":"pt-BR"},{"@type":"Person","@id":"https:\/\/www.p31noticias.com.br\/#\/schema\/person\/d1bb0ccbf62b27e19ea4e75696908d43","name":"Camilly Scheffer","image":{"@type":"ImageObject","inLanguage":"pt-BR","@id":"https:\/\/secure.gravatar.com\/avatar\/06f4704b382d241ec2670712618fccea085b2db24d7b2d3b8691d904bbc1d557?s=96&d=mm&r=g","url":"https:\/\/secure.gravatar.com\/avatar\/06f4704b382d241ec2670712618fccea085b2db24d7b2d3b8691d904bbc1d557?s=96&d=mm&r=g","contentUrl":"https:\/\/secure.gravatar.com\/avatar\/06f4704b382d241ec2670712618fccea085b2db24d7b2d3b8691d904bbc1d557?s=96&d=mm&r=g","caption":"Camilly Scheffer"},"url":"https:\/\/www.p31noticias.com.br\/?author=5"}]}},"amp_enabled":true,"_links":{"self":[{"href":"https:\/\/www.p31noticias.com.br\/index.php?rest_route=\/wp\/v2\/posts\/23774","targetHints":{"allow":["GET"]}}],"collection":[{"href":"https:\/\/www.p31noticias.com.br\/index.php?rest_route=\/wp\/v2\/posts"}],"about":[{"href":"https:\/\/www.p31noticias.com.br\/index.php?rest_route=\/wp\/v2\/types\/post"}],"author":[{"embeddable":true,"href":"https:\/\/www.p31noticias.com.br\/index.php?rest_route=\/wp\/v2\/users\/5"}],"replies":[{"embeddable":true,"href":"https:\/\/www.p31noticias.com.br\/index.php?rest_route=%2Fwp%2Fv2%2Fcomments&post=23774"}],"version-history":[{"count":1,"href":"https:\/\/www.p31noticias.com.br\/index.php?rest_route=\/wp\/v2\/posts\/23774\/revisions"}],"predecessor-version":[{"id":23776,"href":"https:\/\/www.p31noticias.com.br\/index.php?rest_route=\/wp\/v2\/posts\/23774\/revisions\/23776"}],"wp:featuredmedia":[{"embeddable":true,"href":"https:\/\/www.p31noticias.com.br\/index.php?rest_route=\/wp\/v2\/media\/23775"}],"wp:attachment":[{"href":"https:\/\/www.p31noticias.com.br\/index.php?rest_route=%2Fwp%2Fv2%2Fmedia&parent=23774"}],"wp:term":[{"taxonomy":"category","embeddable":true,"href":"https:\/\/www.p31noticias.com.br\/index.php?rest_route=%2Fwp%2Fv2%2Fcategories&post=23774"},{"taxonomy":"post_tag","embeddable":true,"href":"https:\/\/www.p31noticias.com.br\/index.php?rest_route=%2Fwp%2Fv2%2Ftags&post=23774"}],"curies":[{"name":"wp","href":"https:\/\/api.w.org\/{rel}","templated":true}]}}