{"id":23770,"date":"2021-08-10T16:18:24","date_gmt":"2021-08-10T19:18:24","guid":{"rendered":"https:\/\/p31noticias.com.br\/?p=23770"},"modified":"2021-08-10T16:18:24","modified_gmt":"2021-08-10T19:18:24","slug":"homem-e-procurado-suspeito-de-forcar-criancas-a-filmarem-estupro-em-motel","status":"publish","type":"post","link":"https:\/\/www.p31noticias.com.br\/?p=23770","title":{"rendered":"Homem \u00e9 procurado suspeito de for\u00e7ar crian\u00e7as a filmarem estupro em motel"},"content":{"rendered":"<p>A Pol\u00edcia Civil de Miracema, no Noroeste Fluminense, faz buscas para prender Mois\u00e9s Alves de Matos, de 44 anos, acusado de estupro de vulner\u00e1vel contra duas crian\u00e7as: uma menina de 11 anos e um menino de 8. O homem ocupava cargo comissionado de tesoureiro da C\u00e2mara Municipal. Ele foi exonerado ontem, acusado de levar duas meninas a um motel da cidade e de compartilhar imagens do estupro.<\/p>\n<p>Segundo o delegado G\u00e9sner C\u00e9sar Bruno, titular da 137\u00aa DP, as investiga\u00e7\u00f5es tiveram in\u00edcio ap\u00f3s uma das v\u00edtimas ter filmado o ato sexual &#8211; a pedido de Mois\u00e9s Matos &#8211; e ter postado o v\u00eddeo, acidentalmente, nas redes sociais. Apesar do suspeito ter apagado rapidamente, populares viram as imagens\u00a0e levaram at\u00e9 a delegacia.<\/p>\n<p>&#8220;Agora que o v\u00eddeo j\u00e1 est\u00e1 nas m\u00e3os da pol\u00edcia, ningu\u00e9m pode guardar, sob pena de estar cometendo crime. Pedimos que todos apaguem e n\u00e3o mais compartilhem. Agrade\u00e7o a ajuda dos populares&#8221;, alertou G\u00e9sner Bruno.<\/p>\n<p>O crime aconteceu na noite da \u00faltima sexta-feira (06), entre 20h e 21h, quando Mois\u00e9s Matos ofereceu dinheiro \u00e0s v\u00edtimas e as estuprou elas em um motel da cidade, segundo a pol\u00edcia. A pris\u00e3o foi decretada pela Justi\u00e7a e ele j\u00e1 \u00e9 considerado foragido.<\/p>\n<p>Para embasar o inqu\u00e9rito da Pol\u00edcia Civil, os agentes foram at\u00e9 o motel e, atrav\u00e9s de imagens de c\u00e2meras de seguran\u00e7a, confirmaram que Mois\u00e9s Matos esteve no local. Os agentes tiraram fotos do quarto onde os tr\u00eas estiveram e realizaram uma an\u00e1lise comparativa com o v\u00eddeo comprovando o que foi dito pelas v\u00edtimas na delegacia.<\/p>\n<p>&#8220;As investiga\u00e7\u00f5es apontam que este n\u00e3o foi um fato isolado e que outras crian\u00e7as teriam sido v\u00edtimas do indiciado em outras ocasi\u00f5es. Pedimos que os respons\u00e1veis procurem a delegacia em caso de suspeita, sendo que a intimidade dos pais e das crian\u00e7as ser\u00e1 preservada&#8221;, acrescentou o delegado.<\/p>\n<p>Em depoimento, as crian\u00e7as contaram que no momento em que chegaram ao motel Mois\u00e9s Matos pediu para que elas se abaixassem no banco de tr\u00e1s do ve\u00edculo. O Conselho Tutelar acompanha as investiga\u00e7\u00f5es.<\/p>\n<p>A C\u00e2mara Municipal de Miracema publicou um comunicado oficial exonerando Mois\u00e9s Alves de Matos do cargo em comiss\u00e3o de tesoureiro.<\/p>\n<p>Os agentes estiveram na casa do suspeito cumprindo mandado de busca e apreens\u00e3o. Um computador foi levado e passar\u00e1 por uma per\u00edcia. A pol\u00edcia pede para quem tiver informa\u00e7\u00f5es sobre o paradeiro de Mois\u00e9s Matos entrar em contato pelo telefone (22) 3852-1977.<\/p>\n<p>Fonte: Uol Not\u00edcias.<\/p>\n","protected":false},"excerpt":{"rendered":"<p>A Pol\u00edcia Civil de Miracema, no Noroeste Fluminense, faz buscas para prender Mois\u00e9s Alves de Matos, de 44 anos, acusado de estupro de vulner\u00e1vel contra duas crian\u00e7as: uma menina de 11 anos e um menino de 8. O homem ocupava cargo comissionado de tesoureiro da C\u00e2mara Municipal. Ele foi exonerado ontem, acusado de levar duas [&hellip;]<\/p>\n","protected":false},"author":5,"featured_media":23771,"comment_status":"open","ping_status":"open","sticky":false,"template":"","format":"standard","meta":{"footnotes":""},"categories":[68],"tags":[],"class_list":{"0":"post-23770","1":"post","2":"type-post","3":"status-publish","4":"format-standard","5":"has-post-thumbnail","7":"category-brasil"},"yoast_head":"<!-- This site is optimized with the Yoast SEO Premium plugin v24.5 (Yoast SEO v27.5) - https:\/\/yoast.com\/product\/yoast-seo-premium-wordpress\/ -->\n<title>Homem \u00e9 procurado suspeito de for\u00e7ar crian\u00e7as a filmarem estupro em motel - P31<\/title>\n<meta name=\"robots\" content=\"index, follow, max-snippet:-1, max-image-preview:large, max-video-preview:-1\" \/>\n<link rel=\"canonical\" href=\"https:\/\/www.p31noticias.com.br\/?p=23770\" \/>\n<meta property=\"og:locale\" content=\"pt_BR\" \/>\n<meta property=\"og:type\" content=\"article\" \/>\n<meta property=\"og:title\" content=\"Homem \u00e9 procurado suspeito de for\u00e7ar crian\u00e7as a filmarem estupro em motel\" \/>\n<meta property=\"og:description\" content=\"A Pol\u00edcia Civil de Miracema, no Noroeste Fluminense, faz buscas para prender Mois\u00e9s Alves de Matos, de 44 anos, acusado de estupro de vulner\u00e1vel contra duas crian\u00e7as: uma menina de 11 anos e um menino de 8. O homem ocupava cargo comissionado de tesoureiro da C\u00e2mara Municipal. Ele foi exonerado ontem, acusado de levar duas [&hellip;]\" \/>\n<meta property=\"og:url\" content=\"https:\/\/www.p31noticias.com.br\/?p=23770\" \/>\n<meta property=\"og:site_name\" content=\"P31\" \/>\n<meta property=\"article:published_time\" content=\"2021-08-10T19:18:24+00:00\" \/>\n<meta property=\"og:image\" content=\"https:\/\/www.p31noticias.com.br\/wp-content\/uploads\/2021\/08\/moises-alves-de-matos-de-44-anos-e-acusado-de-estupro-de-vulneravel-contra-duas-criancas-1628616349139_v2_450x450.png\" \/>\n\t<meta property=\"og:image:width\" content=\"450\" \/>\n\t<meta property=\"og:image:height\" content=\"450\" \/>\n\t<meta property=\"og:image:type\" content=\"image\/png\" \/>\n<meta name=\"author\" content=\"Camilly Scheffer\" \/>\n<meta name=\"twitter:card\" content=\"summary_large_image\" \/>\n<meta name=\"twitter:label1\" content=\"Escrito por\" \/>\n\t<meta name=\"twitter:data1\" content=\"Camilly Scheffer\" \/>\n\t<meta name=\"twitter:label2\" content=\"Est. tempo de leitura\" \/>\n\t<meta name=\"twitter:data2\" content=\"2 minutos\" \/>\n<script type=\"application\/ld+json\" class=\"yoast-schema-graph\">{\"@context\":\"https:\\\/\\\/schema.org\",\"@graph\":[{\"@type\":\"Article\",\"@id\":\"https:\\\/\\\/www.p31noticias.com.br\\\/?p=23770#article\",\"isPartOf\":{\"@id\":\"https:\\\/\\\/www.p31noticias.com.br\\\/?p=23770\"},\"author\":{\"name\":\"Camilly Scheffer\",\"@id\":\"https:\\\/\\\/www.p31noticias.com.br\\\/#\\\/schema\\\/person\\\/d1bb0ccbf62b27e19ea4e75696908d43\"},\"headline\":\"Homem \u00e9 procurado suspeito de for\u00e7ar crian\u00e7as a filmarem estupro em motel\",\"datePublished\":\"2021-08-10T19:18:24+00:00\",\"mainEntityOfPage\":{\"@id\":\"https:\\\/\\\/www.p31noticias.com.br\\\/?p=23770\"},\"wordCount\":462,\"commentCount\":0,\"image\":{\"@id\":\"https:\\\/\\\/www.p31noticias.com.br\\\/?p=23770#primaryimage\"},\"thumbnailUrl\":\"https:\\\/\\\/www.p31noticias.com.br\\\/wp-content\\\/uploads\\\/2021\\\/08\\\/moises-alves-de-matos-de-44-anos-e-acusado-de-estupro-de-vulneravel-contra-duas-criancas-1628616349139_v2_450x450.png\",\"articleSection\":[\"Brasil\"],\"inLanguage\":\"pt-BR\",\"potentialAction\":[{\"@type\":\"CommentAction\",\"name\":\"Comment\",\"target\":[\"https:\\\/\\\/www.p31noticias.com.br\\\/?p=23770#respond\"]}],\"copyrightYear\":\"2021\",\"copyrightHolder\":{\"@id\":\"https:\\\/\\\/www.p31noticias.com.br\\\/#organization\"}},{\"@type\":\"WebPage\",\"@id\":\"https:\\\/\\\/www.p31noticias.com.br\\\/?p=23770\",\"url\":\"https:\\\/\\\/www.p31noticias.com.br\\\/?p=23770\",\"name\":\"Homem \u00e9 procurado suspeito de for\u00e7ar crian\u00e7as a filmarem estupro em motel - P31\",\"isPartOf\":{\"@id\":\"https:\\\/\\\/www.p31noticias.com.br\\\/#website\"},\"primaryImageOfPage\":{\"@id\":\"https:\\\/\\\/www.p31noticias.com.br\\\/?p=23770#primaryimage\"},\"image\":{\"@id\":\"https:\\\/\\\/www.p31noticias.com.br\\\/?p=23770#primaryimage\"},\"thumbnailUrl\":\"https:\\\/\\\/www.p31noticias.com.br\\\/wp-content\\\/uploads\\\/2021\\\/08\\\/moises-alves-de-matos-de-44-anos-e-acusado-de-estupro-de-vulneravel-contra-duas-criancas-1628616349139_v2_450x450.png\",\"datePublished\":\"2021-08-10T19:18:24+00:00\",\"author\":{\"@id\":\"https:\\\/\\\/www.p31noticias.com.br\\\/#\\\/schema\\\/person\\\/d1bb0ccbf62b27e19ea4e75696908d43\"},\"breadcrumb\":{\"@id\":\"https:\\\/\\\/www.p31noticias.com.br\\\/?p=23770#breadcrumb\"},\"inLanguage\":\"pt-BR\",\"potentialAction\":[{\"@type\":\"ReadAction\",\"target\":[\"https:\\\/\\\/www.p31noticias.com.br\\\/?p=23770\"]}]},{\"@type\":\"ImageObject\",\"inLanguage\":\"pt-BR\",\"@id\":\"https:\\\/\\\/www.p31noticias.com.br\\\/?p=23770#primaryimage\",\"url\":\"https:\\\/\\\/www.p31noticias.com.br\\\/wp-content\\\/uploads\\\/2021\\\/08\\\/moises-alves-de-matos-de-44-anos-e-acusado-de-estupro-de-vulneravel-contra-duas-criancas-1628616349139_v2_450x450.png\",\"contentUrl\":\"https:\\\/\\\/www.p31noticias.com.br\\\/wp-content\\\/uploads\\\/2021\\\/08\\\/moises-alves-de-matos-de-44-anos-e-acusado-de-estupro-de-vulneravel-contra-duas-criancas-1628616349139_v2_450x450.png\",\"width\":450,\"height\":450},{\"@type\":\"BreadcrumbList\",\"@id\":\"https:\\\/\\\/www.p31noticias.com.br\\\/?p=23770#breadcrumb\",\"itemListElement\":[{\"@type\":\"ListItem\",\"position\":1,\"name\":\"In\u00edcio\",\"item\":\"https:\\\/\\\/www.p31noticias.com.br\\\/\"},{\"@type\":\"ListItem\",\"position\":2,\"name\":\"Homem \u00e9 procurado suspeito de for\u00e7ar crian\u00e7as a filmarem estupro em motel\"}]},{\"@type\":\"WebSite\",\"@id\":\"https:\\\/\\\/www.p31noticias.com.br\\\/#website\",\"url\":\"https:\\\/\\\/www.p31noticias.com.br\\\/\",\"name\":\"P31\",\"description\":\"NOT\u00cdCIAS\",\"potentialAction\":[{\"@type\":\"SearchAction\",\"target\":{\"@type\":\"EntryPoint\",\"urlTemplate\":\"https:\\\/\\\/www.p31noticias.com.br\\\/?s={search_term_string}\"},\"query-input\":{\"@type\":\"PropertyValueSpecification\",\"valueRequired\":true,\"valueName\":\"search_term_string\"}}],\"inLanguage\":\"pt-BR\"},{\"@type\":\"Person\",\"@id\":\"https:\\\/\\\/www.p31noticias.com.br\\\/#\\\/schema\\\/person\\\/d1bb0ccbf62b27e19ea4e75696908d43\",\"name\":\"Camilly Scheffer\",\"image\":{\"@type\":\"ImageObject\",\"inLanguage\":\"pt-BR\",\"@id\":\"https:\\\/\\\/secure.gravatar.com\\\/avatar\\\/06f4704b382d241ec2670712618fccea085b2db24d7b2d3b8691d904bbc1d557?s=96&d=mm&r=g\",\"url\":\"https:\\\/\\\/secure.gravatar.com\\\/avatar\\\/06f4704b382d241ec2670712618fccea085b2db24d7b2d3b8691d904bbc1d557?s=96&d=mm&r=g\",\"contentUrl\":\"https:\\\/\\\/secure.gravatar.com\\\/avatar\\\/06f4704b382d241ec2670712618fccea085b2db24d7b2d3b8691d904bbc1d557?s=96&d=mm&r=g\",\"caption\":\"Camilly Scheffer\"},\"url\":\"https:\\\/\\\/www.p31noticias.com.br\\\/?author=5\"}]}<\/script>\n<!-- \/ Yoast SEO Premium plugin. -->","yoast_head_json":{"title":"Homem \u00e9 procurado suspeito de for\u00e7ar crian\u00e7as a filmarem estupro em motel - P31","robots":{"index":"index","follow":"follow","max-snippet":"max-snippet:-1","max-image-preview":"max-image-preview:large","max-video-preview":"max-video-preview:-1"},"canonical":"https:\/\/www.p31noticias.com.br\/?p=23770","og_locale":"pt_BR","og_type":"article","og_title":"Homem \u00e9 procurado suspeito de for\u00e7ar crian\u00e7as a filmarem estupro em motel","og_description":"A Pol\u00edcia Civil de Miracema, no Noroeste Fluminense, faz buscas para prender Mois\u00e9s Alves de Matos, de 44 anos, acusado de estupro de vulner\u00e1vel contra duas crian\u00e7as: uma menina de 11 anos e um menino de 8. O homem ocupava cargo comissionado de tesoureiro da C\u00e2mara Municipal. Ele foi exonerado ontem, acusado de levar duas [&hellip;]","og_url":"https:\/\/www.p31noticias.com.br\/?p=23770","og_site_name":"P31","article_published_time":"2021-08-10T19:18:24+00:00","og_image":[{"width":450,"height":450,"url":"https:\/\/www.p31noticias.com.br\/wp-content\/uploads\/2021\/08\/moises-alves-de-matos-de-44-anos-e-acusado-de-estupro-de-vulneravel-contra-duas-criancas-1628616349139_v2_450x450.png","type":"image\/png"}],"author":"Camilly Scheffer","twitter_card":"summary_large_image","twitter_misc":{"Escrito por":"Camilly Scheffer","Est. tempo de leitura":"2 minutos"},"schema":{"@context":"https:\/\/schema.org","@graph":[{"@type":"Article","@id":"https:\/\/www.p31noticias.com.br\/?p=23770#article","isPartOf":{"@id":"https:\/\/www.p31noticias.com.br\/?p=23770"},"author":{"name":"Camilly Scheffer","@id":"https:\/\/www.p31noticias.com.br\/#\/schema\/person\/d1bb0ccbf62b27e19ea4e75696908d43"},"headline":"Homem \u00e9 procurado suspeito de for\u00e7ar crian\u00e7as a filmarem estupro em motel","datePublished":"2021-08-10T19:18:24+00:00","mainEntityOfPage":{"@id":"https:\/\/www.p31noticias.com.br\/?p=23770"},"wordCount":462,"commentCount":0,"image":{"@id":"https:\/\/www.p31noticias.com.br\/?p=23770#primaryimage"},"thumbnailUrl":"https:\/\/www.p31noticias.com.br\/wp-content\/uploads\/2021\/08\/moises-alves-de-matos-de-44-anos-e-acusado-de-estupro-de-vulneravel-contra-duas-criancas-1628616349139_v2_450x450.png","articleSection":["Brasil"],"inLanguage":"pt-BR","potentialAction":[{"@type":"CommentAction","name":"Comment","target":["https:\/\/www.p31noticias.com.br\/?p=23770#respond"]}],"copyrightYear":"2021","copyrightHolder":{"@id":"https:\/\/www.p31noticias.com.br\/#organization"}},{"@type":"WebPage","@id":"https:\/\/www.p31noticias.com.br\/?p=23770","url":"https:\/\/www.p31noticias.com.br\/?p=23770","name":"Homem \u00e9 procurado suspeito de for\u00e7ar crian\u00e7as a filmarem estupro em motel - P31","isPartOf":{"@id":"https:\/\/www.p31noticias.com.br\/#website"},"primaryImageOfPage":{"@id":"https:\/\/www.p31noticias.com.br\/?p=23770#primaryimage"},"image":{"@id":"https:\/\/www.p31noticias.com.br\/?p=23770#primaryimage"},"thumbnailUrl":"https:\/\/www.p31noticias.com.br\/wp-content\/uploads\/2021\/08\/moises-alves-de-matos-de-44-anos-e-acusado-de-estupro-de-vulneravel-contra-duas-criancas-1628616349139_v2_450x450.png","datePublished":"2021-08-10T19:18:24+00:00","author":{"@id":"https:\/\/www.p31noticias.com.br\/#\/schema\/person\/d1bb0ccbf62b27e19ea4e75696908d43"},"breadcrumb":{"@id":"https:\/\/www.p31noticias.com.br\/?p=23770#breadcrumb"},"inLanguage":"pt-BR","potentialAction":[{"@type":"ReadAction","target":["https:\/\/www.p31noticias.com.br\/?p=23770"]}]},{"@type":"ImageObject","inLanguage":"pt-BR","@id":"https:\/\/www.p31noticias.com.br\/?p=23770#primaryimage","url":"https:\/\/www.p31noticias.com.br\/wp-content\/uploads\/2021\/08\/moises-alves-de-matos-de-44-anos-e-acusado-de-estupro-de-vulneravel-contra-duas-criancas-1628616349139_v2_450x450.png","contentUrl":"https:\/\/www.p31noticias.com.br\/wp-content\/uploads\/2021\/08\/moises-alves-de-matos-de-44-anos-e-acusado-de-estupro-de-vulneravel-contra-duas-criancas-1628616349139_v2_450x450.png","width":450,"height":450},{"@type":"BreadcrumbList","@id":"https:\/\/www.p31noticias.com.br\/?p=23770#breadcrumb","itemListElement":[{"@type":"ListItem","position":1,"name":"In\u00edcio","item":"https:\/\/www.p31noticias.com.br\/"},{"@type":"ListItem","position":2,"name":"Homem \u00e9 procurado suspeito de for\u00e7ar crian\u00e7as a filmarem estupro em motel"}]},{"@type":"WebSite","@id":"https:\/\/www.p31noticias.com.br\/#website","url":"https:\/\/www.p31noticias.com.br\/","name":"P31","description":"NOT\u00cdCIAS","potentialAction":[{"@type":"SearchAction","target":{"@type":"EntryPoint","urlTemplate":"https:\/\/www.p31noticias.com.br\/?s={search_term_string}"},"query-input":{"@type":"PropertyValueSpecification","valueRequired":true,"valueName":"search_term_string"}}],"inLanguage":"pt-BR"},{"@type":"Person","@id":"https:\/\/www.p31noticias.com.br\/#\/schema\/person\/d1bb0ccbf62b27e19ea4e75696908d43","name":"Camilly Scheffer","image":{"@type":"ImageObject","inLanguage":"pt-BR","@id":"https:\/\/secure.gravatar.com\/avatar\/06f4704b382d241ec2670712618fccea085b2db24d7b2d3b8691d904bbc1d557?s=96&d=mm&r=g","url":"https:\/\/secure.gravatar.com\/avatar\/06f4704b382d241ec2670712618fccea085b2db24d7b2d3b8691d904bbc1d557?s=96&d=mm&r=g","contentUrl":"https:\/\/secure.gravatar.com\/avatar\/06f4704b382d241ec2670712618fccea085b2db24d7b2d3b8691d904bbc1d557?s=96&d=mm&r=g","caption":"Camilly Scheffer"},"url":"https:\/\/www.p31noticias.com.br\/?author=5"}]}},"amp_enabled":true,"_links":{"self":[{"href":"https:\/\/www.p31noticias.com.br\/index.php?rest_route=\/wp\/v2\/posts\/23770","targetHints":{"allow":["GET"]}}],"collection":[{"href":"https:\/\/www.p31noticias.com.br\/index.php?rest_route=\/wp\/v2\/posts"}],"about":[{"href":"https:\/\/www.p31noticias.com.br\/index.php?rest_route=\/wp\/v2\/types\/post"}],"author":[{"embeddable":true,"href":"https:\/\/www.p31noticias.com.br\/index.php?rest_route=\/wp\/v2\/users\/5"}],"replies":[{"embeddable":true,"href":"https:\/\/www.p31noticias.com.br\/index.php?rest_route=%2Fwp%2Fv2%2Fcomments&post=23770"}],"version-history":[{"count":1,"href":"https:\/\/www.p31noticias.com.br\/index.php?rest_route=\/wp\/v2\/posts\/23770\/revisions"}],"predecessor-version":[{"id":23772,"href":"https:\/\/www.p31noticias.com.br\/index.php?rest_route=\/wp\/v2\/posts\/23770\/revisions\/23772"}],"wp:featuredmedia":[{"embeddable":true,"href":"https:\/\/www.p31noticias.com.br\/index.php?rest_route=\/wp\/v2\/media\/23771"}],"wp:attachment":[{"href":"https:\/\/www.p31noticias.com.br\/index.php?rest_route=%2Fwp%2Fv2%2Fmedia&parent=23770"}],"wp:term":[{"taxonomy":"category","embeddable":true,"href":"https:\/\/www.p31noticias.com.br\/index.php?rest_route=%2Fwp%2Fv2%2Fcategories&post=23770"},{"taxonomy":"post_tag","embeddable":true,"href":"https:\/\/www.p31noticias.com.br\/index.php?rest_route=%2Fwp%2Fv2%2Ftags&post=23770"}],"curies":[{"name":"wp","href":"https:\/\/api.w.org\/{rel}","templated":true}]}}