{"id":23737,"date":"2021-08-09T14:45:49","date_gmt":"2021-08-09T17:45:49","guid":{"rendered":"https:\/\/p31noticias.com.br\/?p=23737"},"modified":"2021-08-09T14:45:49","modified_gmt":"2021-08-09T17:45:49","slug":"mercado-ve-alta-nos-precos-do-cafe-ate-o-final-do-ano","status":"publish","type":"post","link":"https:\/\/www.p31noticias.com.br\/?p=23737","title":{"rendered":"Mercado v\u00ea alta nos pre\u00e7os do caf\u00e9 at\u00e9 o final do ano"},"content":{"rendered":"<p>Os pre\u00e7os do\u00a0<strong>caf\u00e9 ar\u00e1bica<\/strong>\u00a0encerrar\u00e3o o ano<strong>\u00a013% acima dos n\u00edveis atuais<\/strong>, em quase\u00a0<strong>US$ 2 por libra-peso<\/strong>\u00a0\u2014 logo abaixo da m\u00e1xima recente de cerca de sete anos \u2014 ap\u00f3s\u00a0<strong>geadas<\/strong>\u00a0e uma\u00a0<strong>seca<\/strong>\u00a0no maior produtor brasileiro, apontou uma pesquisa da Reuters com 11 traders e analistas hoje (9).<\/p>\n<p>O caf\u00e9 ar\u00e1bica na ICE atingir\u00e1 US$ 1,9850 por libra no final de 2021, representando um\u00a0<strong>aumento de 55% em rela\u00e7\u00e3o aos n\u00edveis vistos no final do ano passado<\/strong>, com base na previs\u00e3o mediana dos participantes da pesquisa.<\/p>\n<p>\u201cA geada foi apenas a banda de abertura. As chuvas sazonais ser\u00e3o ato principal. Com uma grande chance de retorno de La Ni\u00f1a, o \u2018clima normal\u2019 est\u00e1 longe de ser certo\u201d, disse um operador europeu de um grande comerciante de caf\u00e9.<\/p>\n<p>Os\u00a0<strong>pre\u00e7os do ar\u00e1bica subiram cerca de 35% no ano at\u00e9 agora<\/strong>, atingindo picos de quase sete anos acima de US$ 2 por libra no m\u00eas passado, depois que as piores geadas em quase 30 anos atingiram cerca de 11% da regi\u00e3o de cultivo do ar\u00e1bica no Brasil.<\/p>\n<p>As geadas devem prejudicar a produ\u00e7\u00e3o nas pr\u00f3ximas duas safras e foram precedidas pela pior seca em mais de 90 anos, o que tamb\u00e9m deve impactar a pr\u00f3xima safra.<\/p>\n<p data-fetch=\"true\">Os participantes da pesquisa esperam que o Brasil produza uma safra de apenas 64,12 milh\u00f5es de sacas de 60 kg em 2022\/23, ano de alta do ciclo bienal do ar\u00e1bica, abaixo da estimativa da Organiza\u00e7\u00e3o Internacional do Caf\u00e9 de 69 milh\u00f5es de sacas em 2020\/21, o ano de alta produtividade anterior.<\/p>\n<div class=\"pp-box-adunit pp-ad-loading pp-type-intext\">\n<div class=\"pp-adunit\">\n<div class=\"pp-ad\">\n<div id=\"P_FORBES_INTEXT_02_0\" data-premium=\"\" data-adunit=\"FORBES_INTEXT_02\" data-sizes-mobile=\"[[300,250]]\" data-sizes-desktop=\"[[336,280],[300,250]]\" data-type=\"intext\" data-fetch=\"true\" data-google-query-id=\"CPLY2O--pPICFbYzuQYd7swNdw\">\n<p>Os traders veem o Brasil produzindo uma\u00a0<strong>safra de 54,20 milh\u00f5es de sacas no per\u00edodo de baixa 2021\/22,<\/strong>\u00a0deixando o mercado global de ar\u00e1bica com um\u00a0<strong>d\u00e9ficit de 8,8 milh\u00f5es de sacas<\/strong>\u00a0em compara\u00e7\u00e3o com um super\u00e1vit esperado de 6,9 \u200b\u200bmilh\u00f5es de sacas em 2020\/21.<\/p>\n<p>Os pre\u00e7os do caf\u00e9 robusta, usado principalmente para caf\u00e9 instant\u00e2neo ou adicionado a \u201cblends\u201d de ar\u00e1bica, encerrar\u00e3o o ano em US$ 1.983 a tonelada, alta de 13% em rela\u00e7\u00e3o ao fechamento da \u00faltima sexta-feira (6) e 43,1% acima do fechamento do mercado no final de 2020.<\/p>\n<p>Os participantes da pesquisa esperam que o mercado global de robusta atinja um d\u00e9ficit de 150.000 sacas na temporada 2021\/22, conforme a demanda aumenta devido \u00e0 menor oferta de ar\u00e1bica. O d\u00e9ficit segue uma previs\u00e3o de super\u00e1vit de 200 mil sacas em 2020\/21.<\/p>\n<p>A produ\u00e7\u00e3o do Vietn\u00e3, maior produtor mundial de robusta, est\u00e1 prevista em 30,50 milh\u00f5es de sacas em 2021\/22, contra 28,60 milh\u00f5es de sacas em 2020\/21.<\/p>\n<p>Fonte: Forbes.<\/p>\n<\/div>\n<\/div>\n<\/div>\n<\/div>\n","protected":false},"excerpt":{"rendered":"<p>Os pre\u00e7os do\u00a0caf\u00e9 ar\u00e1bica\u00a0encerrar\u00e3o o ano\u00a013% acima dos n\u00edveis atuais, em quase\u00a0US$ 2 por libra-peso\u00a0\u2014 logo abaixo da m\u00e1xima recente de cerca de sete anos \u2014 ap\u00f3s\u00a0geadas\u00a0e uma\u00a0seca\u00a0no maior produtor brasileiro, apontou uma pesquisa da Reuters com 11 traders e analistas hoje (9). O caf\u00e9 ar\u00e1bica na ICE atingir\u00e1 US$ 1,9850 por libra no final [&hellip;]<\/p>\n","protected":false},"author":5,"featured_media":23738,"comment_status":"open","ping_status":"open","sticky":false,"template":"","format":"standard","meta":{"footnotes":""},"categories":[637],"tags":[],"class_list":{"0":"post-23737","1":"post","2":"type-post","3":"status-publish","4":"format-standard","5":"has-post-thumbnail","7":"category-economia"},"yoast_head":"<!-- This site is optimized with the Yoast SEO Premium plugin v24.5 (Yoast SEO v27.5) - https:\/\/yoast.com\/product\/yoast-seo-premium-wordpress\/ -->\n<title>Mercado v\u00ea alta nos pre\u00e7os do caf\u00e9 at\u00e9 o final do ano - P31<\/title>\n<meta name=\"robots\" content=\"index, follow, max-snippet:-1, max-image-preview:large, max-video-preview:-1\" \/>\n<link rel=\"canonical\" href=\"https:\/\/www.p31noticias.com.br\/?p=23737\" \/>\n<meta property=\"og:locale\" content=\"pt_BR\" \/>\n<meta property=\"og:type\" content=\"article\" \/>\n<meta property=\"og:title\" content=\"Mercado v\u00ea alta nos pre\u00e7os do caf\u00e9 at\u00e9 o final do ano\" \/>\n<meta property=\"og:description\" content=\"Os pre\u00e7os do\u00a0caf\u00e9 ar\u00e1bica\u00a0encerrar\u00e3o o ano\u00a013% acima dos n\u00edveis atuais, em quase\u00a0US$ 2 por libra-peso\u00a0\u2014 logo abaixo da m\u00e1xima recente de cerca de sete anos \u2014 ap\u00f3s\u00a0geadas\u00a0e uma\u00a0seca\u00a0no maior produtor brasileiro, apontou uma pesquisa da Reuters com 11 traders e analistas hoje (9). O caf\u00e9 ar\u00e1bica na ICE atingir\u00e1 US$ 1,9850 por libra no final [&hellip;]\" \/>\n<meta property=\"og:url\" content=\"https:\/\/www.p31noticias.com.br\/?p=23737\" \/>\n<meta property=\"og:site_name\" content=\"P31\" \/>\n<meta property=\"article:published_time\" content=\"2021-08-09T17:45:49+00:00\" \/>\n<meta property=\"og:image\" content=\"https:\/\/www.p31noticias.com.br\/wp-content\/uploads\/2021\/08\/ForbesAgro_Cafe_9agosto2021_Luisa-Gonzalez_Reuters-1024x683-1.png\" \/>\n\t<meta property=\"og:image:width\" content=\"1024\" \/>\n\t<meta property=\"og:image:height\" content=\"683\" \/>\n\t<meta property=\"og:image:type\" content=\"image\/png\" \/>\n<meta name=\"author\" content=\"Camilly Scheffer\" \/>\n<meta name=\"twitter:card\" content=\"summary_large_image\" \/>\n<meta name=\"twitter:label1\" content=\"Escrito por\" \/>\n\t<meta name=\"twitter:data1\" content=\"Camilly Scheffer\" \/>\n\t<meta name=\"twitter:label2\" content=\"Est. tempo de leitura\" \/>\n\t<meta name=\"twitter:data2\" content=\"2 minutos\" \/>\n<script type=\"application\/ld+json\" class=\"yoast-schema-graph\">{\"@context\":\"https:\\\/\\\/schema.org\",\"@graph\":[{\"@type\":\"Article\",\"@id\":\"https:\\\/\\\/www.p31noticias.com.br\\\/?p=23737#article\",\"isPartOf\":{\"@id\":\"https:\\\/\\\/www.p31noticias.com.br\\\/?p=23737\"},\"author\":{\"name\":\"Camilly Scheffer\",\"@id\":\"https:\\\/\\\/www.p31noticias.com.br\\\/#\\\/schema\\\/person\\\/d1bb0ccbf62b27e19ea4e75696908d43\"},\"headline\":\"Mercado v\u00ea alta nos pre\u00e7os do caf\u00e9 at\u00e9 o final do ano\",\"datePublished\":\"2021-08-09T17:45:49+00:00\",\"mainEntityOfPage\":{\"@id\":\"https:\\\/\\\/www.p31noticias.com.br\\\/?p=23737\"},\"wordCount\":441,\"commentCount\":0,\"image\":{\"@id\":\"https:\\\/\\\/www.p31noticias.com.br\\\/?p=23737#primaryimage\"},\"thumbnailUrl\":\"https:\\\/\\\/www.p31noticias.com.br\\\/wp-content\\\/uploads\\\/2021\\\/08\\\/ForbesAgro_Cafe_9agosto2021_Luisa-Gonzalez_Reuters-1024x683-1.png\",\"articleSection\":[\"Economia\"],\"inLanguage\":\"pt-BR\",\"potentialAction\":[{\"@type\":\"CommentAction\",\"name\":\"Comment\",\"target\":[\"https:\\\/\\\/www.p31noticias.com.br\\\/?p=23737#respond\"]}],\"copyrightYear\":\"2021\",\"copyrightHolder\":{\"@id\":\"https:\\\/\\\/www.p31noticias.com.br\\\/#organization\"}},{\"@type\":\"WebPage\",\"@id\":\"https:\\\/\\\/www.p31noticias.com.br\\\/?p=23737\",\"url\":\"https:\\\/\\\/www.p31noticias.com.br\\\/?p=23737\",\"name\":\"Mercado v\u00ea alta nos pre\u00e7os do caf\u00e9 at\u00e9 o final do ano - P31\",\"isPartOf\":{\"@id\":\"https:\\\/\\\/www.p31noticias.com.br\\\/#website\"},\"primaryImageOfPage\":{\"@id\":\"https:\\\/\\\/www.p31noticias.com.br\\\/?p=23737#primaryimage\"},\"image\":{\"@id\":\"https:\\\/\\\/www.p31noticias.com.br\\\/?p=23737#primaryimage\"},\"thumbnailUrl\":\"https:\\\/\\\/www.p31noticias.com.br\\\/wp-content\\\/uploads\\\/2021\\\/08\\\/ForbesAgro_Cafe_9agosto2021_Luisa-Gonzalez_Reuters-1024x683-1.png\",\"datePublished\":\"2021-08-09T17:45:49+00:00\",\"author\":{\"@id\":\"https:\\\/\\\/www.p31noticias.com.br\\\/#\\\/schema\\\/person\\\/d1bb0ccbf62b27e19ea4e75696908d43\"},\"breadcrumb\":{\"@id\":\"https:\\\/\\\/www.p31noticias.com.br\\\/?p=23737#breadcrumb\"},\"inLanguage\":\"pt-BR\",\"potentialAction\":[{\"@type\":\"ReadAction\",\"target\":[\"https:\\\/\\\/www.p31noticias.com.br\\\/?p=23737\"]}]},{\"@type\":\"ImageObject\",\"inLanguage\":\"pt-BR\",\"@id\":\"https:\\\/\\\/www.p31noticias.com.br\\\/?p=23737#primaryimage\",\"url\":\"https:\\\/\\\/www.p31noticias.com.br\\\/wp-content\\\/uploads\\\/2021\\\/08\\\/ForbesAgro_Cafe_9agosto2021_Luisa-Gonzalez_Reuters-1024x683-1.png\",\"contentUrl\":\"https:\\\/\\\/www.p31noticias.com.br\\\/wp-content\\\/uploads\\\/2021\\\/08\\\/ForbesAgro_Cafe_9agosto2021_Luisa-Gonzalez_Reuters-1024x683-1.png\",\"width\":1024,\"height\":683},{\"@type\":\"BreadcrumbList\",\"@id\":\"https:\\\/\\\/www.p31noticias.com.br\\\/?p=23737#breadcrumb\",\"itemListElement\":[{\"@type\":\"ListItem\",\"position\":1,\"name\":\"In\u00edcio\",\"item\":\"https:\\\/\\\/www.p31noticias.com.br\\\/\"},{\"@type\":\"ListItem\",\"position\":2,\"name\":\"Mercado v\u00ea alta nos pre\u00e7os do caf\u00e9 at\u00e9 o final do ano\"}]},{\"@type\":\"WebSite\",\"@id\":\"https:\\\/\\\/www.p31noticias.com.br\\\/#website\",\"url\":\"https:\\\/\\\/www.p31noticias.com.br\\\/\",\"name\":\"P31\",\"description\":\"NOT\u00cdCIAS\",\"potentialAction\":[{\"@type\":\"SearchAction\",\"target\":{\"@type\":\"EntryPoint\",\"urlTemplate\":\"https:\\\/\\\/www.p31noticias.com.br\\\/?s={search_term_string}\"},\"query-input\":{\"@type\":\"PropertyValueSpecification\",\"valueRequired\":true,\"valueName\":\"search_term_string\"}}],\"inLanguage\":\"pt-BR\"},{\"@type\":\"Person\",\"@id\":\"https:\\\/\\\/www.p31noticias.com.br\\\/#\\\/schema\\\/person\\\/d1bb0ccbf62b27e19ea4e75696908d43\",\"name\":\"Camilly Scheffer\",\"image\":{\"@type\":\"ImageObject\",\"inLanguage\":\"pt-BR\",\"@id\":\"https:\\\/\\\/secure.gravatar.com\\\/avatar\\\/06f4704b382d241ec2670712618fccea085b2db24d7b2d3b8691d904bbc1d557?s=96&d=mm&r=g\",\"url\":\"https:\\\/\\\/secure.gravatar.com\\\/avatar\\\/06f4704b382d241ec2670712618fccea085b2db24d7b2d3b8691d904bbc1d557?s=96&d=mm&r=g\",\"contentUrl\":\"https:\\\/\\\/secure.gravatar.com\\\/avatar\\\/06f4704b382d241ec2670712618fccea085b2db24d7b2d3b8691d904bbc1d557?s=96&d=mm&r=g\",\"caption\":\"Camilly Scheffer\"},\"url\":\"https:\\\/\\\/www.p31noticias.com.br\\\/?author=5\"}]}<\/script>\n<!-- \/ Yoast SEO Premium plugin. -->","yoast_head_json":{"title":"Mercado v\u00ea alta nos pre\u00e7os do caf\u00e9 at\u00e9 o final do ano - P31","robots":{"index":"index","follow":"follow","max-snippet":"max-snippet:-1","max-image-preview":"max-image-preview:large","max-video-preview":"max-video-preview:-1"},"canonical":"https:\/\/www.p31noticias.com.br\/?p=23737","og_locale":"pt_BR","og_type":"article","og_title":"Mercado v\u00ea alta nos pre\u00e7os do caf\u00e9 at\u00e9 o final do ano","og_description":"Os pre\u00e7os do\u00a0caf\u00e9 ar\u00e1bica\u00a0encerrar\u00e3o o ano\u00a013% acima dos n\u00edveis atuais, em quase\u00a0US$ 2 por libra-peso\u00a0\u2014 logo abaixo da m\u00e1xima recente de cerca de sete anos \u2014 ap\u00f3s\u00a0geadas\u00a0e uma\u00a0seca\u00a0no maior produtor brasileiro, apontou uma pesquisa da Reuters com 11 traders e analistas hoje (9). O caf\u00e9 ar\u00e1bica na ICE atingir\u00e1 US$ 1,9850 por libra no final [&hellip;]","og_url":"https:\/\/www.p31noticias.com.br\/?p=23737","og_site_name":"P31","article_published_time":"2021-08-09T17:45:49+00:00","og_image":[{"width":1024,"height":683,"url":"https:\/\/www.p31noticias.com.br\/wp-content\/uploads\/2021\/08\/ForbesAgro_Cafe_9agosto2021_Luisa-Gonzalez_Reuters-1024x683-1.png","type":"image\/png"}],"author":"Camilly Scheffer","twitter_card":"summary_large_image","twitter_misc":{"Escrito por":"Camilly Scheffer","Est. tempo de leitura":"2 minutos"},"schema":{"@context":"https:\/\/schema.org","@graph":[{"@type":"Article","@id":"https:\/\/www.p31noticias.com.br\/?p=23737#article","isPartOf":{"@id":"https:\/\/www.p31noticias.com.br\/?p=23737"},"author":{"name":"Camilly Scheffer","@id":"https:\/\/www.p31noticias.com.br\/#\/schema\/person\/d1bb0ccbf62b27e19ea4e75696908d43"},"headline":"Mercado v\u00ea alta nos pre\u00e7os do caf\u00e9 at\u00e9 o final do ano","datePublished":"2021-08-09T17:45:49+00:00","mainEntityOfPage":{"@id":"https:\/\/www.p31noticias.com.br\/?p=23737"},"wordCount":441,"commentCount":0,"image":{"@id":"https:\/\/www.p31noticias.com.br\/?p=23737#primaryimage"},"thumbnailUrl":"https:\/\/www.p31noticias.com.br\/wp-content\/uploads\/2021\/08\/ForbesAgro_Cafe_9agosto2021_Luisa-Gonzalez_Reuters-1024x683-1.png","articleSection":["Economia"],"inLanguage":"pt-BR","potentialAction":[{"@type":"CommentAction","name":"Comment","target":["https:\/\/www.p31noticias.com.br\/?p=23737#respond"]}],"copyrightYear":"2021","copyrightHolder":{"@id":"https:\/\/www.p31noticias.com.br\/#organization"}},{"@type":"WebPage","@id":"https:\/\/www.p31noticias.com.br\/?p=23737","url":"https:\/\/www.p31noticias.com.br\/?p=23737","name":"Mercado v\u00ea alta nos pre\u00e7os do caf\u00e9 at\u00e9 o final do ano - P31","isPartOf":{"@id":"https:\/\/www.p31noticias.com.br\/#website"},"primaryImageOfPage":{"@id":"https:\/\/www.p31noticias.com.br\/?p=23737#primaryimage"},"image":{"@id":"https:\/\/www.p31noticias.com.br\/?p=23737#primaryimage"},"thumbnailUrl":"https:\/\/www.p31noticias.com.br\/wp-content\/uploads\/2021\/08\/ForbesAgro_Cafe_9agosto2021_Luisa-Gonzalez_Reuters-1024x683-1.png","datePublished":"2021-08-09T17:45:49+00:00","author":{"@id":"https:\/\/www.p31noticias.com.br\/#\/schema\/person\/d1bb0ccbf62b27e19ea4e75696908d43"},"breadcrumb":{"@id":"https:\/\/www.p31noticias.com.br\/?p=23737#breadcrumb"},"inLanguage":"pt-BR","potentialAction":[{"@type":"ReadAction","target":["https:\/\/www.p31noticias.com.br\/?p=23737"]}]},{"@type":"ImageObject","inLanguage":"pt-BR","@id":"https:\/\/www.p31noticias.com.br\/?p=23737#primaryimage","url":"https:\/\/www.p31noticias.com.br\/wp-content\/uploads\/2021\/08\/ForbesAgro_Cafe_9agosto2021_Luisa-Gonzalez_Reuters-1024x683-1.png","contentUrl":"https:\/\/www.p31noticias.com.br\/wp-content\/uploads\/2021\/08\/ForbesAgro_Cafe_9agosto2021_Luisa-Gonzalez_Reuters-1024x683-1.png","width":1024,"height":683},{"@type":"BreadcrumbList","@id":"https:\/\/www.p31noticias.com.br\/?p=23737#breadcrumb","itemListElement":[{"@type":"ListItem","position":1,"name":"In\u00edcio","item":"https:\/\/www.p31noticias.com.br\/"},{"@type":"ListItem","position":2,"name":"Mercado v\u00ea alta nos pre\u00e7os do caf\u00e9 at\u00e9 o final do ano"}]},{"@type":"WebSite","@id":"https:\/\/www.p31noticias.com.br\/#website","url":"https:\/\/www.p31noticias.com.br\/","name":"P31","description":"NOT\u00cdCIAS","potentialAction":[{"@type":"SearchAction","target":{"@type":"EntryPoint","urlTemplate":"https:\/\/www.p31noticias.com.br\/?s={search_term_string}"},"query-input":{"@type":"PropertyValueSpecification","valueRequired":true,"valueName":"search_term_string"}}],"inLanguage":"pt-BR"},{"@type":"Person","@id":"https:\/\/www.p31noticias.com.br\/#\/schema\/person\/d1bb0ccbf62b27e19ea4e75696908d43","name":"Camilly Scheffer","image":{"@type":"ImageObject","inLanguage":"pt-BR","@id":"https:\/\/secure.gravatar.com\/avatar\/06f4704b382d241ec2670712618fccea085b2db24d7b2d3b8691d904bbc1d557?s=96&d=mm&r=g","url":"https:\/\/secure.gravatar.com\/avatar\/06f4704b382d241ec2670712618fccea085b2db24d7b2d3b8691d904bbc1d557?s=96&d=mm&r=g","contentUrl":"https:\/\/secure.gravatar.com\/avatar\/06f4704b382d241ec2670712618fccea085b2db24d7b2d3b8691d904bbc1d557?s=96&d=mm&r=g","caption":"Camilly Scheffer"},"url":"https:\/\/www.p31noticias.com.br\/?author=5"}]}},"amp_enabled":true,"_links":{"self":[{"href":"https:\/\/www.p31noticias.com.br\/index.php?rest_route=\/wp\/v2\/posts\/23737","targetHints":{"allow":["GET"]}}],"collection":[{"href":"https:\/\/www.p31noticias.com.br\/index.php?rest_route=\/wp\/v2\/posts"}],"about":[{"href":"https:\/\/www.p31noticias.com.br\/index.php?rest_route=\/wp\/v2\/types\/post"}],"author":[{"embeddable":true,"href":"https:\/\/www.p31noticias.com.br\/index.php?rest_route=\/wp\/v2\/users\/5"}],"replies":[{"embeddable":true,"href":"https:\/\/www.p31noticias.com.br\/index.php?rest_route=%2Fwp%2Fv2%2Fcomments&post=23737"}],"version-history":[{"count":1,"href":"https:\/\/www.p31noticias.com.br\/index.php?rest_route=\/wp\/v2\/posts\/23737\/revisions"}],"predecessor-version":[{"id":23739,"href":"https:\/\/www.p31noticias.com.br\/index.php?rest_route=\/wp\/v2\/posts\/23737\/revisions\/23739"}],"wp:featuredmedia":[{"embeddable":true,"href":"https:\/\/www.p31noticias.com.br\/index.php?rest_route=\/wp\/v2\/media\/23738"}],"wp:attachment":[{"href":"https:\/\/www.p31noticias.com.br\/index.php?rest_route=%2Fwp%2Fv2%2Fmedia&parent=23737"}],"wp:term":[{"taxonomy":"category","embeddable":true,"href":"https:\/\/www.p31noticias.com.br\/index.php?rest_route=%2Fwp%2Fv2%2Fcategories&post=23737"},{"taxonomy":"post_tag","embeddable":true,"href":"https:\/\/www.p31noticias.com.br\/index.php?rest_route=%2Fwp%2Fv2%2Ftags&post=23737"}],"curies":[{"name":"wp","href":"https:\/\/api.w.org\/{rel}","templated":true}]}}