{"id":23731,"date":"2021-08-09T14:40:42","date_gmt":"2021-08-09T17:40:42","guid":{"rendered":"https:\/\/p31noticias.com.br\/?p=23731"},"modified":"2021-08-09T14:40:42","modified_gmt":"2021-08-09T17:40:42","slug":"vice-presidente-da-samsung-recebe-liberdade-condicional-e-deve-deixar-prisao-na-sexta-feira","status":"publish","type":"post","link":"https:\/\/www.p31noticias.com.br\/?p=23731","title":{"rendered":"Vice-presidente da Samsung recebe liberdade condicional e deve deixar pris\u00e3o na sexta-feira"},"content":{"rendered":"<p data-fetch=\"true\">O vice-presidente do conselho de administra\u00e7\u00e3o da Samsung Electronics,\u00a0<strong>Jay Y. Lee<\/strong>, que foi preso ap\u00f3s condena\u00e7\u00f5es que envolveram suborno, fraude e outras acusa\u00e7\u00f5es, se qualificou para receber liberdade condicional e deve\u00a0<strong>deixar a pris\u00e3o<\/strong>\u00a0na sexta-feira, informou o Minist\u00e9rio da Justi\u00e7a da Coreia do Sul.<\/p>\n<div class=\"pp-box-adunit pp-ad-loading pp-type-intext\">\n<div class=\"pp-adunit\">\n<div class=\"pp-ad\">\n<div id=\"P_FORBES_INTEXT_01_0\" data-premium=\"\" data-adunit=\"FORBES_INTEXT_01\" data-sizes-mobile=\"[[300,250]]\" data-sizes-desktop=\"[[336,280],[300,250]]\" data-type=\"intext\" data-fetch=\"true\" data-google-query-id=\"CKymzaC6pPICFYQ3uQYdmkAGZw\">\n<p>\u201cA decis\u00e3o de conceder liberdade condicional ao vice-presidente do conselho da Samsung Electronics, Jay Y. Lee, foi o resultado de uma revis\u00e3o abrangente de v\u00e1rios fatores, como sentimento p\u00fablico e bom comportamento durante a deten\u00e7\u00e3o\u201d, disse o minist\u00e9rio em um comunicado nesta segunda-feira.<\/p>\n<p>Condenado por subornar um amigo da ex-presidente da Coreia do Sul\u00a0<strong>Park Geun-hye<\/strong>, Lee, de 53 anos, cumpriu 18 meses de uma senten\u00e7a revisada de 30 meses.<\/p>\n<p>O apoio \u00e0 sua liberdade condicional, tanto pol\u00edtico quanto p\u00fablico e da comunidade empresarial mais ampla, cresceu em meio \u00e0 ansiedade de que importantes decis\u00f5es estrat\u00e9gicas n\u00e3o est\u00e3o sendo tomadas na gigante sul-coreana de tecnologia.<\/p>\n<p>Lee ainda precisa que o Ministro da Justi\u00e7a aprove seu retorno ao trabalho, j\u00e1 que a lei sul-coreana pro\u00edbe pessoas com certas condena\u00e7\u00f5es de trabalhar para empresas relacionadas a estas por cinco anos.<\/p>\n<p data-fetch=\"true\">\u00c9 prov\u00e1vel que ele consiga voltar \u00e0 Samsung, dizem especialistas jur\u00eddicos, devido \u00e0s circunst\u00e2ncias como o reembolso do valor considerado\u00a0<strong>desviado<\/strong>.<\/p>\n<div class=\"pp-box-adunit pp-ad-loading pp-type-intext\">\n<div class=\"pp-adunit\">\n<div class=\"pp-ad\">\n<div id=\"P_FORBES_INTEXT_02_0\" data-premium=\"\" data-adunit=\"FORBES_INTEXT_02\" data-sizes-mobile=\"[[300,250]]\" data-sizes-desktop=\"[[336,280],[300,250]]\" data-type=\"intext\" data-fetch=\"true\" data-google-query-id=\"CNf2q6G6pPICFXEzuQYdcegKgQ\">Fonte: Forbes.<\/div>\n<\/div>\n<\/div>\n<\/div>\n<\/div>\n<\/div>\n<\/div>\n<\/div>\n","protected":false},"excerpt":{"rendered":"<p>O vice-presidente do conselho de administra\u00e7\u00e3o da Samsung Electronics,\u00a0Jay Y. Lee, que foi preso ap\u00f3s condena\u00e7\u00f5es que envolveram suborno, fraude e outras acusa\u00e7\u00f5es, se qualificou para receber liberdade condicional e deve\u00a0deixar a pris\u00e3o\u00a0na sexta-feira, informou o Minist\u00e9rio da Justi\u00e7a da Coreia do Sul. \u201cA decis\u00e3o de conceder liberdade condicional ao vice-presidente do conselho da Samsung [&hellip;]<\/p>\n","protected":false},"author":5,"featured_media":23732,"comment_status":"open","ping_status":"open","sticky":false,"template":"","format":"standard","meta":{"footnotes":""},"categories":[637],"tags":[],"class_list":{"0":"post-23731","1":"post","2":"type-post","3":"status-publish","4":"format-standard","5":"has-post-thumbnail","7":"category-economia"},"yoast_head":"<!-- This site is optimized with the Yoast SEO Premium plugin v24.5 (Yoast SEO v27.5) - https:\/\/yoast.com\/product\/yoast-seo-premium-wordpress\/ -->\n<title>Vice-presidente da Samsung recebe liberdade condicional e deve deixar pris\u00e3o na sexta-feira - P31<\/title>\n<meta name=\"robots\" content=\"index, follow, max-snippet:-1, max-image-preview:large, max-video-preview:-1\" \/>\n<link rel=\"canonical\" href=\"https:\/\/www.p31noticias.com.br\/?p=23731\" \/>\n<meta property=\"og:locale\" content=\"pt_BR\" \/>\n<meta property=\"og:type\" content=\"article\" \/>\n<meta property=\"og:title\" content=\"Vice-presidente da Samsung recebe liberdade condicional e deve deixar pris\u00e3o na sexta-feira\" \/>\n<meta property=\"og:description\" content=\"O vice-presidente do conselho de administra\u00e7\u00e3o da Samsung Electronics,\u00a0Jay Y. Lee, que foi preso ap\u00f3s condena\u00e7\u00f5es que envolveram suborno, fraude e outras acusa\u00e7\u00f5es, se qualificou para receber liberdade condicional e deve\u00a0deixar a pris\u00e3o\u00a0na sexta-feira, informou o Minist\u00e9rio da Justi\u00e7a da Coreia do Sul. \u201cA decis\u00e3o de conceder liberdade condicional ao vice-presidente do conselho da Samsung [&hellip;]\" \/>\n<meta property=\"og:url\" content=\"https:\/\/www.p31noticias.com.br\/?p=23731\" \/>\n<meta property=\"og:site_name\" content=\"P31\" \/>\n<meta property=\"article:published_time\" content=\"2021-08-09T17:40:42+00:00\" \/>\n<meta property=\"og:image\" content=\"https:\/\/www.p31noticias.com.br\/wp-content\/uploads\/2021\/08\/ForbesMoney_Jay-Y.-Lee-1024x683-1.jpg\" \/>\n\t<meta property=\"og:image:width\" content=\"1024\" \/>\n\t<meta property=\"og:image:height\" content=\"683\" \/>\n\t<meta property=\"og:image:type\" content=\"image\/jpeg\" \/>\n<meta name=\"author\" content=\"Camilly Scheffer\" \/>\n<meta name=\"twitter:card\" content=\"summary_large_image\" \/>\n<meta name=\"twitter:label1\" content=\"Escrito por\" \/>\n\t<meta name=\"twitter:data1\" content=\"Camilly Scheffer\" \/>\n\t<meta name=\"twitter:label2\" content=\"Est. tempo de leitura\" \/>\n\t<meta name=\"twitter:data2\" content=\"1 minuto\" \/>\n<script type=\"application\/ld+json\" class=\"yoast-schema-graph\">{\"@context\":\"https:\\\/\\\/schema.org\",\"@graph\":[{\"@type\":\"Article\",\"@id\":\"https:\\\/\\\/www.p31noticias.com.br\\\/?p=23731#article\",\"isPartOf\":{\"@id\":\"https:\\\/\\\/www.p31noticias.com.br\\\/?p=23731\"},\"author\":{\"name\":\"Camilly Scheffer\",\"@id\":\"https:\\\/\\\/www.p31noticias.com.br\\\/#\\\/schema\\\/person\\\/d1bb0ccbf62b27e19ea4e75696908d43\"},\"headline\":\"Vice-presidente da Samsung recebe liberdade condicional e deve deixar pris\u00e3o na sexta-feira\",\"datePublished\":\"2021-08-09T17:40:42+00:00\",\"mainEntityOfPage\":{\"@id\":\"https:\\\/\\\/www.p31noticias.com.br\\\/?p=23731\"},\"wordCount\":239,\"commentCount\":0,\"image\":{\"@id\":\"https:\\\/\\\/www.p31noticias.com.br\\\/?p=23731#primaryimage\"},\"thumbnailUrl\":\"https:\\\/\\\/www.p31noticias.com.br\\\/wp-content\\\/uploads\\\/2021\\\/08\\\/ForbesMoney_Jay-Y.-Lee-1024x683-1.jpg\",\"articleSection\":[\"Economia\"],\"inLanguage\":\"pt-BR\",\"potentialAction\":[{\"@type\":\"CommentAction\",\"name\":\"Comment\",\"target\":[\"https:\\\/\\\/www.p31noticias.com.br\\\/?p=23731#respond\"]}],\"copyrightYear\":\"2021\",\"copyrightHolder\":{\"@id\":\"https:\\\/\\\/www.p31noticias.com.br\\\/#organization\"}},{\"@type\":\"WebPage\",\"@id\":\"https:\\\/\\\/www.p31noticias.com.br\\\/?p=23731\",\"url\":\"https:\\\/\\\/www.p31noticias.com.br\\\/?p=23731\",\"name\":\"Vice-presidente da Samsung recebe liberdade condicional e deve deixar pris\u00e3o na sexta-feira - P31\",\"isPartOf\":{\"@id\":\"https:\\\/\\\/www.p31noticias.com.br\\\/#website\"},\"primaryImageOfPage\":{\"@id\":\"https:\\\/\\\/www.p31noticias.com.br\\\/?p=23731#primaryimage\"},\"image\":{\"@id\":\"https:\\\/\\\/www.p31noticias.com.br\\\/?p=23731#primaryimage\"},\"thumbnailUrl\":\"https:\\\/\\\/www.p31noticias.com.br\\\/wp-content\\\/uploads\\\/2021\\\/08\\\/ForbesMoney_Jay-Y.-Lee-1024x683-1.jpg\",\"datePublished\":\"2021-08-09T17:40:42+00:00\",\"author\":{\"@id\":\"https:\\\/\\\/www.p31noticias.com.br\\\/#\\\/schema\\\/person\\\/d1bb0ccbf62b27e19ea4e75696908d43\"},\"breadcrumb\":{\"@id\":\"https:\\\/\\\/www.p31noticias.com.br\\\/?p=23731#breadcrumb\"},\"inLanguage\":\"pt-BR\",\"potentialAction\":[{\"@type\":\"ReadAction\",\"target\":[\"https:\\\/\\\/www.p31noticias.com.br\\\/?p=23731\"]}]},{\"@type\":\"ImageObject\",\"inLanguage\":\"pt-BR\",\"@id\":\"https:\\\/\\\/www.p31noticias.com.br\\\/?p=23731#primaryimage\",\"url\":\"https:\\\/\\\/www.p31noticias.com.br\\\/wp-content\\\/uploads\\\/2021\\\/08\\\/ForbesMoney_Jay-Y.-Lee-1024x683-1.jpg\",\"contentUrl\":\"https:\\\/\\\/www.p31noticias.com.br\\\/wp-content\\\/uploads\\\/2021\\\/08\\\/ForbesMoney_Jay-Y.-Lee-1024x683-1.jpg\",\"width\":1024,\"height\":683},{\"@type\":\"BreadcrumbList\",\"@id\":\"https:\\\/\\\/www.p31noticias.com.br\\\/?p=23731#breadcrumb\",\"itemListElement\":[{\"@type\":\"ListItem\",\"position\":1,\"name\":\"In\u00edcio\",\"item\":\"https:\\\/\\\/www.p31noticias.com.br\\\/\"},{\"@type\":\"ListItem\",\"position\":2,\"name\":\"Vice-presidente da Samsung recebe liberdade condicional e deve deixar pris\u00e3o na sexta-feira\"}]},{\"@type\":\"WebSite\",\"@id\":\"https:\\\/\\\/www.p31noticias.com.br\\\/#website\",\"url\":\"https:\\\/\\\/www.p31noticias.com.br\\\/\",\"name\":\"P31\",\"description\":\"NOT\u00cdCIAS\",\"potentialAction\":[{\"@type\":\"SearchAction\",\"target\":{\"@type\":\"EntryPoint\",\"urlTemplate\":\"https:\\\/\\\/www.p31noticias.com.br\\\/?s={search_term_string}\"},\"query-input\":{\"@type\":\"PropertyValueSpecification\",\"valueRequired\":true,\"valueName\":\"search_term_string\"}}],\"inLanguage\":\"pt-BR\"},{\"@type\":\"Person\",\"@id\":\"https:\\\/\\\/www.p31noticias.com.br\\\/#\\\/schema\\\/person\\\/d1bb0ccbf62b27e19ea4e75696908d43\",\"name\":\"Camilly Scheffer\",\"image\":{\"@type\":\"ImageObject\",\"inLanguage\":\"pt-BR\",\"@id\":\"https:\\\/\\\/secure.gravatar.com\\\/avatar\\\/06f4704b382d241ec2670712618fccea085b2db24d7b2d3b8691d904bbc1d557?s=96&d=mm&r=g\",\"url\":\"https:\\\/\\\/secure.gravatar.com\\\/avatar\\\/06f4704b382d241ec2670712618fccea085b2db24d7b2d3b8691d904bbc1d557?s=96&d=mm&r=g\",\"contentUrl\":\"https:\\\/\\\/secure.gravatar.com\\\/avatar\\\/06f4704b382d241ec2670712618fccea085b2db24d7b2d3b8691d904bbc1d557?s=96&d=mm&r=g\",\"caption\":\"Camilly Scheffer\"},\"url\":\"https:\\\/\\\/www.p31noticias.com.br\\\/?author=5\"}]}<\/script>\n<!-- \/ Yoast SEO Premium plugin. -->","yoast_head_json":{"title":"Vice-presidente da Samsung recebe liberdade condicional e deve deixar pris\u00e3o na sexta-feira - P31","robots":{"index":"index","follow":"follow","max-snippet":"max-snippet:-1","max-image-preview":"max-image-preview:large","max-video-preview":"max-video-preview:-1"},"canonical":"https:\/\/www.p31noticias.com.br\/?p=23731","og_locale":"pt_BR","og_type":"article","og_title":"Vice-presidente da Samsung recebe liberdade condicional e deve deixar pris\u00e3o na sexta-feira","og_description":"O vice-presidente do conselho de administra\u00e7\u00e3o da Samsung Electronics,\u00a0Jay Y. Lee, que foi preso ap\u00f3s condena\u00e7\u00f5es que envolveram suborno, fraude e outras acusa\u00e7\u00f5es, se qualificou para receber liberdade condicional e deve\u00a0deixar a pris\u00e3o\u00a0na sexta-feira, informou o Minist\u00e9rio da Justi\u00e7a da Coreia do Sul. \u201cA decis\u00e3o de conceder liberdade condicional ao vice-presidente do conselho da Samsung [&hellip;]","og_url":"https:\/\/www.p31noticias.com.br\/?p=23731","og_site_name":"P31","article_published_time":"2021-08-09T17:40:42+00:00","og_image":[{"width":1024,"height":683,"url":"https:\/\/www.p31noticias.com.br\/wp-content\/uploads\/2021\/08\/ForbesMoney_Jay-Y.-Lee-1024x683-1.jpg","type":"image\/jpeg"}],"author":"Camilly Scheffer","twitter_card":"summary_large_image","twitter_misc":{"Escrito por":"Camilly Scheffer","Est. tempo de leitura":"1 minuto"},"schema":{"@context":"https:\/\/schema.org","@graph":[{"@type":"Article","@id":"https:\/\/www.p31noticias.com.br\/?p=23731#article","isPartOf":{"@id":"https:\/\/www.p31noticias.com.br\/?p=23731"},"author":{"name":"Camilly Scheffer","@id":"https:\/\/www.p31noticias.com.br\/#\/schema\/person\/d1bb0ccbf62b27e19ea4e75696908d43"},"headline":"Vice-presidente da Samsung recebe liberdade condicional e deve deixar pris\u00e3o na sexta-feira","datePublished":"2021-08-09T17:40:42+00:00","mainEntityOfPage":{"@id":"https:\/\/www.p31noticias.com.br\/?p=23731"},"wordCount":239,"commentCount":0,"image":{"@id":"https:\/\/www.p31noticias.com.br\/?p=23731#primaryimage"},"thumbnailUrl":"https:\/\/www.p31noticias.com.br\/wp-content\/uploads\/2021\/08\/ForbesMoney_Jay-Y.-Lee-1024x683-1.jpg","articleSection":["Economia"],"inLanguage":"pt-BR","potentialAction":[{"@type":"CommentAction","name":"Comment","target":["https:\/\/www.p31noticias.com.br\/?p=23731#respond"]}],"copyrightYear":"2021","copyrightHolder":{"@id":"https:\/\/www.p31noticias.com.br\/#organization"}},{"@type":"WebPage","@id":"https:\/\/www.p31noticias.com.br\/?p=23731","url":"https:\/\/www.p31noticias.com.br\/?p=23731","name":"Vice-presidente da Samsung recebe liberdade condicional e deve deixar pris\u00e3o na sexta-feira - P31","isPartOf":{"@id":"https:\/\/www.p31noticias.com.br\/#website"},"primaryImageOfPage":{"@id":"https:\/\/www.p31noticias.com.br\/?p=23731#primaryimage"},"image":{"@id":"https:\/\/www.p31noticias.com.br\/?p=23731#primaryimage"},"thumbnailUrl":"https:\/\/www.p31noticias.com.br\/wp-content\/uploads\/2021\/08\/ForbesMoney_Jay-Y.-Lee-1024x683-1.jpg","datePublished":"2021-08-09T17:40:42+00:00","author":{"@id":"https:\/\/www.p31noticias.com.br\/#\/schema\/person\/d1bb0ccbf62b27e19ea4e75696908d43"},"breadcrumb":{"@id":"https:\/\/www.p31noticias.com.br\/?p=23731#breadcrumb"},"inLanguage":"pt-BR","potentialAction":[{"@type":"ReadAction","target":["https:\/\/www.p31noticias.com.br\/?p=23731"]}]},{"@type":"ImageObject","inLanguage":"pt-BR","@id":"https:\/\/www.p31noticias.com.br\/?p=23731#primaryimage","url":"https:\/\/www.p31noticias.com.br\/wp-content\/uploads\/2021\/08\/ForbesMoney_Jay-Y.-Lee-1024x683-1.jpg","contentUrl":"https:\/\/www.p31noticias.com.br\/wp-content\/uploads\/2021\/08\/ForbesMoney_Jay-Y.-Lee-1024x683-1.jpg","width":1024,"height":683},{"@type":"BreadcrumbList","@id":"https:\/\/www.p31noticias.com.br\/?p=23731#breadcrumb","itemListElement":[{"@type":"ListItem","position":1,"name":"In\u00edcio","item":"https:\/\/www.p31noticias.com.br\/"},{"@type":"ListItem","position":2,"name":"Vice-presidente da Samsung recebe liberdade condicional e deve deixar pris\u00e3o na sexta-feira"}]},{"@type":"WebSite","@id":"https:\/\/www.p31noticias.com.br\/#website","url":"https:\/\/www.p31noticias.com.br\/","name":"P31","description":"NOT\u00cdCIAS","potentialAction":[{"@type":"SearchAction","target":{"@type":"EntryPoint","urlTemplate":"https:\/\/www.p31noticias.com.br\/?s={search_term_string}"},"query-input":{"@type":"PropertyValueSpecification","valueRequired":true,"valueName":"search_term_string"}}],"inLanguage":"pt-BR"},{"@type":"Person","@id":"https:\/\/www.p31noticias.com.br\/#\/schema\/person\/d1bb0ccbf62b27e19ea4e75696908d43","name":"Camilly Scheffer","image":{"@type":"ImageObject","inLanguage":"pt-BR","@id":"https:\/\/secure.gravatar.com\/avatar\/06f4704b382d241ec2670712618fccea085b2db24d7b2d3b8691d904bbc1d557?s=96&d=mm&r=g","url":"https:\/\/secure.gravatar.com\/avatar\/06f4704b382d241ec2670712618fccea085b2db24d7b2d3b8691d904bbc1d557?s=96&d=mm&r=g","contentUrl":"https:\/\/secure.gravatar.com\/avatar\/06f4704b382d241ec2670712618fccea085b2db24d7b2d3b8691d904bbc1d557?s=96&d=mm&r=g","caption":"Camilly Scheffer"},"url":"https:\/\/www.p31noticias.com.br\/?author=5"}]}},"amp_enabled":true,"_links":{"self":[{"href":"https:\/\/www.p31noticias.com.br\/index.php?rest_route=\/wp\/v2\/posts\/23731","targetHints":{"allow":["GET"]}}],"collection":[{"href":"https:\/\/www.p31noticias.com.br\/index.php?rest_route=\/wp\/v2\/posts"}],"about":[{"href":"https:\/\/www.p31noticias.com.br\/index.php?rest_route=\/wp\/v2\/types\/post"}],"author":[{"embeddable":true,"href":"https:\/\/www.p31noticias.com.br\/index.php?rest_route=\/wp\/v2\/users\/5"}],"replies":[{"embeddable":true,"href":"https:\/\/www.p31noticias.com.br\/index.php?rest_route=%2Fwp%2Fv2%2Fcomments&post=23731"}],"version-history":[{"count":1,"href":"https:\/\/www.p31noticias.com.br\/index.php?rest_route=\/wp\/v2\/posts\/23731\/revisions"}],"predecessor-version":[{"id":23733,"href":"https:\/\/www.p31noticias.com.br\/index.php?rest_route=\/wp\/v2\/posts\/23731\/revisions\/23733"}],"wp:featuredmedia":[{"embeddable":true,"href":"https:\/\/www.p31noticias.com.br\/index.php?rest_route=\/wp\/v2\/media\/23732"}],"wp:attachment":[{"href":"https:\/\/www.p31noticias.com.br\/index.php?rest_route=%2Fwp%2Fv2%2Fmedia&parent=23731"}],"wp:term":[{"taxonomy":"category","embeddable":true,"href":"https:\/\/www.p31noticias.com.br\/index.php?rest_route=%2Fwp%2Fv2%2Fcategories&post=23731"},{"taxonomy":"post_tag","embeddable":true,"href":"https:\/\/www.p31noticias.com.br\/index.php?rest_route=%2Fwp%2Fv2%2Ftags&post=23731"}],"curies":[{"name":"wp","href":"https:\/\/api.w.org\/{rel}","templated":true}]}}