{"id":23638,"date":"2021-08-04T15:53:15","date_gmt":"2021-08-04T18:53:15","guid":{"rendered":"https:\/\/p31noticias.com.br\/?p=23638"},"modified":"2021-08-04T15:53:15","modified_gmt":"2021-08-04T18:53:15","slug":"doria-afirma-que-governo-federal-entregou-so-metade-de-lote-de-vacinas-da-pfizer-previsto-para-sp","status":"publish","type":"post","link":"https:\/\/www.p31noticias.com.br\/?p=23638","title":{"rendered":"Doria afirma que governo federal entregou s\u00f3 metade de lote de vacinas da Pfizer previsto para SP"},"content":{"rendered":"<div class=\"mc-column content-text active-extra-styles \" data-block-type=\"unstyled\" data-block-weight=\"36\" data-block-id=\"2\">\n<p class=\"content-text__container \" data-track-category=\"Link no Texto\" data-track-links=\"\">O governador de S\u00e3o Paulo,\u00a0Jo\u00e3o Doria (PSDB), afirmou nesta quarta-feira (4) que o Minist\u00e9rio da Sa\u00fade\u00a0<span class=\"highlight highlighted\">entregou ao estado apenas metade do previsto no lote mais recente de vacinas da Pfizer<\/span>\u00a0contra a Covid.<\/p>\n<\/div>\n<div class=\"wall protected-content\">\n<div class=\"mc-column content-text active-extra-styles \" data-block-type=\"unstyled\" data-block-weight=\"48\" data-block-id=\"3\">\n<p class=\"content-text__container \" data-track-category=\"Link no Texto\" data-track-links=\"\">Segundo a gest\u00e3o estadual, foram repassadas 228 mil doses de um total de 456 mil\u00a0a que SP teria direito na divis\u00e3o proporcional os estados (o crit\u00e9rio \u00e9 o tamanho da popula\u00e7\u00e3o). Isso\u00a0<span class=\"highlight\">poderia comprometer o\u00a0calend\u00e1rio j\u00e1 anunciado<\/span><span class=\"highlight\">, especialmente na imuniza\u00e7\u00e3o de adolescentes<\/span><\/p>\n<p data-track-category=\"Link no Texto\" data-track-links=\"\">O secret\u00e1rio estadual da Sa\u00fade, Jean Gorinchteyn, protocolou um of\u00edcio junto ao Minist\u00e9rio da Sa\u00fade solicitando que as outras 228.150 doses que estavam previstas inicialmente sejam entregues em at\u00e9 24 horas.<\/p>\n<div class=\"mc-column content-text active-extra-styles \" data-block-type=\"unstyled\" data-block-weight=\"45\" data-block-id=\"10\">\n<p class=\"content-text__container \" data-track-category=\"Link no Texto\" data-track-links=\"\">&#8220;O plano nacional de imuniza\u00e7\u00e3o \u00e9 seguido de uma forma \u00e9tica e planejada pelo governo do estado de S\u00e3o Paulo. O estado n\u00e3o poderia ter sido surpreendido por uma medida t\u00e3o descabida. S\u00e3o 230 mil pessoas que passam a deixar de serem imunizadas&#8221;, disse Gorinchteyn.<\/p>\n<\/div>\n<div class=\"mc-column content-text active-extra-styles \" data-block-type=\"unstyled\" data-block-weight=\"18\" data-block-id=\"11\">\n<p class=\"content-text__container \" data-track-category=\"Link no Texto\" data-track-links=\"\">Doria ainda disse que S\u00e3o Paulo seguir\u00e1 entregando ao governo federal as vacinas da CoronaVac previstas em contrato.<\/p>\n<\/div>\n<div class=\"mc-column content-text active-extra-styles \" data-block-type=\"unstyled\" data-block-weight=\"48\" data-block-id=\"12\">\n<p class=\"content-text__container \" data-track-category=\"Link no Texto\" data-track-links=\"\">&#8220;Quero informar ao ministro Marcelo Queiroga que n\u00f3s n\u00e3o faremos retalia\u00e7\u00e3o com o seu minist\u00e9rio. Hoje entregamos 2 milh\u00f5es de doses da vacina do Butantan para o Minist\u00e9rio da Sa\u00fade pra vacina\u00e7\u00e3o de 2 milh\u00f5es de brasileiros. Continuaremos a entregar a vacina do Butantan dentro dos prazos previstos.&#8221;<\/p>\n<p data-track-category=\"Link no Texto\" data-track-links=\"\">Fonte : G1.<\/p>\n<\/div>\n<\/div>\n<\/div>\n","protected":false},"excerpt":{"rendered":"<p>O governador de S\u00e3o Paulo,\u00a0Jo\u00e3o Doria (PSDB), afirmou nesta quarta-feira (4) que o Minist\u00e9rio da Sa\u00fade\u00a0entregou ao estado apenas metade do previsto no lote mais recente de vacinas da Pfizer\u00a0contra a Covid. Segundo a gest\u00e3o estadual, foram repassadas 228 mil doses de um total de 456 mil\u00a0a que SP teria direito na divis\u00e3o proporcional os [&hellip;]<\/p>\n","protected":false},"author":5,"featured_media":23639,"comment_status":"open","ping_status":"open","sticky":false,"template":"","format":"standard","meta":{"footnotes":""},"categories":[124],"tags":[],"class_list":{"0":"post-23638","1":"post","2":"type-post","3":"status-publish","4":"format-standard","5":"has-post-thumbnail","7":"category-saude"},"yoast_head":"<!-- This site is optimized with the Yoast SEO Premium plugin v24.5 (Yoast SEO v27.5) - https:\/\/yoast.com\/product\/yoast-seo-premium-wordpress\/ -->\n<title>Doria afirma que governo federal entregou s\u00f3 metade de lote de vacinas da Pfizer previsto para SP - P31<\/title>\n<meta name=\"robots\" content=\"index, follow, max-snippet:-1, max-image-preview:large, max-video-preview:-1\" \/>\n<link rel=\"canonical\" href=\"https:\/\/www.p31noticias.com.br\/?p=23638\" \/>\n<meta property=\"og:locale\" content=\"pt_BR\" \/>\n<meta property=\"og:type\" content=\"article\" \/>\n<meta property=\"og:title\" content=\"Doria afirma que governo federal entregou s\u00f3 metade de lote de vacinas da Pfizer previsto para SP\" \/>\n<meta property=\"og:description\" content=\"O governador de S\u00e3o Paulo,\u00a0Jo\u00e3o Doria (PSDB), afirmou nesta quarta-feira (4) que o Minist\u00e9rio da Sa\u00fade\u00a0entregou ao estado apenas metade do previsto no lote mais recente de vacinas da Pfizer\u00a0contra a Covid. Segundo a gest\u00e3o estadual, foram repassadas 228 mil doses de um total de 456 mil\u00a0a que SP teria direito na divis\u00e3o proporcional os [&hellip;]\" \/>\n<meta property=\"og:url\" content=\"https:\/\/www.p31noticias.com.br\/?p=23638\" \/>\n<meta property=\"og:site_name\" content=\"P31\" \/>\n<meta property=\"article:published_time\" content=\"2021-08-04T18:53:15+00:00\" \/>\n<meta property=\"og:image\" content=\"https:\/\/www.p31noticias.com.br\/wp-content\/uploads\/2021\/08\/dori.jpg\" \/>\n\t<meta property=\"og:image:width\" content=\"984\" \/>\n\t<meta property=\"og:image:height\" content=\"687\" \/>\n\t<meta property=\"og:image:type\" content=\"image\/jpeg\" \/>\n<meta name=\"author\" content=\"Camilly Scheffer\" \/>\n<meta name=\"twitter:card\" content=\"summary_large_image\" \/>\n<meta name=\"twitter:label1\" content=\"Escrito por\" \/>\n\t<meta name=\"twitter:data1\" content=\"Camilly Scheffer\" \/>\n\t<meta name=\"twitter:label2\" content=\"Est. tempo de leitura\" \/>\n\t<meta name=\"twitter:data2\" content=\"1 minuto\" \/>\n<script type=\"application\/ld+json\" class=\"yoast-schema-graph\">{\"@context\":\"https:\\\/\\\/schema.org\",\"@graph\":[{\"@type\":\"Article\",\"@id\":\"https:\\\/\\\/www.p31noticias.com.br\\\/?p=23638#article\",\"isPartOf\":{\"@id\":\"https:\\\/\\\/www.p31noticias.com.br\\\/?p=23638\"},\"author\":{\"name\":\"Camilly Scheffer\",\"@id\":\"https:\\\/\\\/www.p31noticias.com.br\\\/#\\\/schema\\\/person\\\/d1bb0ccbf62b27e19ea4e75696908d43\"},\"headline\":\"Doria afirma que governo federal entregou s\u00f3 metade de lote de vacinas da Pfizer previsto para SP\",\"datePublished\":\"2021-08-04T18:53:15+00:00\",\"mainEntityOfPage\":{\"@id\":\"https:\\\/\\\/www.p31noticias.com.br\\\/?p=23638\"},\"wordCount\":260,\"commentCount\":0,\"image\":{\"@id\":\"https:\\\/\\\/www.p31noticias.com.br\\\/?p=23638#primaryimage\"},\"thumbnailUrl\":\"https:\\\/\\\/www.p31noticias.com.br\\\/wp-content\\\/uploads\\\/2021\\\/08\\\/dori.jpg\",\"articleSection\":[\"Sa\u00fade\"],\"inLanguage\":\"pt-BR\",\"potentialAction\":[{\"@type\":\"CommentAction\",\"name\":\"Comment\",\"target\":[\"https:\\\/\\\/www.p31noticias.com.br\\\/?p=23638#respond\"]}],\"copyrightYear\":\"2021\",\"copyrightHolder\":{\"@id\":\"https:\\\/\\\/www.p31noticias.com.br\\\/#organization\"}},{\"@type\":\"WebPage\",\"@id\":\"https:\\\/\\\/www.p31noticias.com.br\\\/?p=23638\",\"url\":\"https:\\\/\\\/www.p31noticias.com.br\\\/?p=23638\",\"name\":\"Doria afirma que governo federal entregou s\u00f3 metade de lote de vacinas da Pfizer previsto para SP - P31\",\"isPartOf\":{\"@id\":\"https:\\\/\\\/www.p31noticias.com.br\\\/#website\"},\"primaryImageOfPage\":{\"@id\":\"https:\\\/\\\/www.p31noticias.com.br\\\/?p=23638#primaryimage\"},\"image\":{\"@id\":\"https:\\\/\\\/www.p31noticias.com.br\\\/?p=23638#primaryimage\"},\"thumbnailUrl\":\"https:\\\/\\\/www.p31noticias.com.br\\\/wp-content\\\/uploads\\\/2021\\\/08\\\/dori.jpg\",\"datePublished\":\"2021-08-04T18:53:15+00:00\",\"author\":{\"@id\":\"https:\\\/\\\/www.p31noticias.com.br\\\/#\\\/schema\\\/person\\\/d1bb0ccbf62b27e19ea4e75696908d43\"},\"breadcrumb\":{\"@id\":\"https:\\\/\\\/www.p31noticias.com.br\\\/?p=23638#breadcrumb\"},\"inLanguage\":\"pt-BR\",\"potentialAction\":[{\"@type\":\"ReadAction\",\"target\":[\"https:\\\/\\\/www.p31noticias.com.br\\\/?p=23638\"]}]},{\"@type\":\"ImageObject\",\"inLanguage\":\"pt-BR\",\"@id\":\"https:\\\/\\\/www.p31noticias.com.br\\\/?p=23638#primaryimage\",\"url\":\"https:\\\/\\\/www.p31noticias.com.br\\\/wp-content\\\/uploads\\\/2021\\\/08\\\/dori.jpg\",\"contentUrl\":\"https:\\\/\\\/www.p31noticias.com.br\\\/wp-content\\\/uploads\\\/2021\\\/08\\\/dori.jpg\",\"width\":984,\"height\":687},{\"@type\":\"BreadcrumbList\",\"@id\":\"https:\\\/\\\/www.p31noticias.com.br\\\/?p=23638#breadcrumb\",\"itemListElement\":[{\"@type\":\"ListItem\",\"position\":1,\"name\":\"In\u00edcio\",\"item\":\"https:\\\/\\\/www.p31noticias.com.br\\\/\"},{\"@type\":\"ListItem\",\"position\":2,\"name\":\"Doria afirma que governo federal entregou s\u00f3 metade de lote de vacinas da Pfizer previsto para SP\"}]},{\"@type\":\"WebSite\",\"@id\":\"https:\\\/\\\/www.p31noticias.com.br\\\/#website\",\"url\":\"https:\\\/\\\/www.p31noticias.com.br\\\/\",\"name\":\"P31\",\"description\":\"NOT\u00cdCIAS\",\"potentialAction\":[{\"@type\":\"SearchAction\",\"target\":{\"@type\":\"EntryPoint\",\"urlTemplate\":\"https:\\\/\\\/www.p31noticias.com.br\\\/?s={search_term_string}\"},\"query-input\":{\"@type\":\"PropertyValueSpecification\",\"valueRequired\":true,\"valueName\":\"search_term_string\"}}],\"inLanguage\":\"pt-BR\"},{\"@type\":\"Person\",\"@id\":\"https:\\\/\\\/www.p31noticias.com.br\\\/#\\\/schema\\\/person\\\/d1bb0ccbf62b27e19ea4e75696908d43\",\"name\":\"Camilly Scheffer\",\"image\":{\"@type\":\"ImageObject\",\"inLanguage\":\"pt-BR\",\"@id\":\"https:\\\/\\\/secure.gravatar.com\\\/avatar\\\/06f4704b382d241ec2670712618fccea085b2db24d7b2d3b8691d904bbc1d557?s=96&d=mm&r=g\",\"url\":\"https:\\\/\\\/secure.gravatar.com\\\/avatar\\\/06f4704b382d241ec2670712618fccea085b2db24d7b2d3b8691d904bbc1d557?s=96&d=mm&r=g\",\"contentUrl\":\"https:\\\/\\\/secure.gravatar.com\\\/avatar\\\/06f4704b382d241ec2670712618fccea085b2db24d7b2d3b8691d904bbc1d557?s=96&d=mm&r=g\",\"caption\":\"Camilly Scheffer\"},\"url\":\"https:\\\/\\\/www.p31noticias.com.br\\\/?author=5\"}]}<\/script>\n<!-- \/ Yoast SEO Premium plugin. -->","yoast_head_json":{"title":"Doria afirma que governo federal entregou s\u00f3 metade de lote de vacinas da Pfizer previsto para SP - P31","robots":{"index":"index","follow":"follow","max-snippet":"max-snippet:-1","max-image-preview":"max-image-preview:large","max-video-preview":"max-video-preview:-1"},"canonical":"https:\/\/www.p31noticias.com.br\/?p=23638","og_locale":"pt_BR","og_type":"article","og_title":"Doria afirma que governo federal entregou s\u00f3 metade de lote de vacinas da Pfizer previsto para SP","og_description":"O governador de S\u00e3o Paulo,\u00a0Jo\u00e3o Doria (PSDB), afirmou nesta quarta-feira (4) que o Minist\u00e9rio da Sa\u00fade\u00a0entregou ao estado apenas metade do previsto no lote mais recente de vacinas da Pfizer\u00a0contra a Covid. Segundo a gest\u00e3o estadual, foram repassadas 228 mil doses de um total de 456 mil\u00a0a que SP teria direito na divis\u00e3o proporcional os [&hellip;]","og_url":"https:\/\/www.p31noticias.com.br\/?p=23638","og_site_name":"P31","article_published_time":"2021-08-04T18:53:15+00:00","og_image":[{"width":984,"height":687,"url":"https:\/\/www.p31noticias.com.br\/wp-content\/uploads\/2021\/08\/dori.jpg","type":"image\/jpeg"}],"author":"Camilly Scheffer","twitter_card":"summary_large_image","twitter_misc":{"Escrito por":"Camilly Scheffer","Est. tempo de leitura":"1 minuto"},"schema":{"@context":"https:\/\/schema.org","@graph":[{"@type":"Article","@id":"https:\/\/www.p31noticias.com.br\/?p=23638#article","isPartOf":{"@id":"https:\/\/www.p31noticias.com.br\/?p=23638"},"author":{"name":"Camilly Scheffer","@id":"https:\/\/www.p31noticias.com.br\/#\/schema\/person\/d1bb0ccbf62b27e19ea4e75696908d43"},"headline":"Doria afirma que governo federal entregou s\u00f3 metade de lote de vacinas da Pfizer previsto para SP","datePublished":"2021-08-04T18:53:15+00:00","mainEntityOfPage":{"@id":"https:\/\/www.p31noticias.com.br\/?p=23638"},"wordCount":260,"commentCount":0,"image":{"@id":"https:\/\/www.p31noticias.com.br\/?p=23638#primaryimage"},"thumbnailUrl":"https:\/\/www.p31noticias.com.br\/wp-content\/uploads\/2021\/08\/dori.jpg","articleSection":["Sa\u00fade"],"inLanguage":"pt-BR","potentialAction":[{"@type":"CommentAction","name":"Comment","target":["https:\/\/www.p31noticias.com.br\/?p=23638#respond"]}],"copyrightYear":"2021","copyrightHolder":{"@id":"https:\/\/www.p31noticias.com.br\/#organization"}},{"@type":"WebPage","@id":"https:\/\/www.p31noticias.com.br\/?p=23638","url":"https:\/\/www.p31noticias.com.br\/?p=23638","name":"Doria afirma que governo federal entregou s\u00f3 metade de lote de vacinas da Pfizer previsto para SP - P31","isPartOf":{"@id":"https:\/\/www.p31noticias.com.br\/#website"},"primaryImageOfPage":{"@id":"https:\/\/www.p31noticias.com.br\/?p=23638#primaryimage"},"image":{"@id":"https:\/\/www.p31noticias.com.br\/?p=23638#primaryimage"},"thumbnailUrl":"https:\/\/www.p31noticias.com.br\/wp-content\/uploads\/2021\/08\/dori.jpg","datePublished":"2021-08-04T18:53:15+00:00","author":{"@id":"https:\/\/www.p31noticias.com.br\/#\/schema\/person\/d1bb0ccbf62b27e19ea4e75696908d43"},"breadcrumb":{"@id":"https:\/\/www.p31noticias.com.br\/?p=23638#breadcrumb"},"inLanguage":"pt-BR","potentialAction":[{"@type":"ReadAction","target":["https:\/\/www.p31noticias.com.br\/?p=23638"]}]},{"@type":"ImageObject","inLanguage":"pt-BR","@id":"https:\/\/www.p31noticias.com.br\/?p=23638#primaryimage","url":"https:\/\/www.p31noticias.com.br\/wp-content\/uploads\/2021\/08\/dori.jpg","contentUrl":"https:\/\/www.p31noticias.com.br\/wp-content\/uploads\/2021\/08\/dori.jpg","width":984,"height":687},{"@type":"BreadcrumbList","@id":"https:\/\/www.p31noticias.com.br\/?p=23638#breadcrumb","itemListElement":[{"@type":"ListItem","position":1,"name":"In\u00edcio","item":"https:\/\/www.p31noticias.com.br\/"},{"@type":"ListItem","position":2,"name":"Doria afirma que governo federal entregou s\u00f3 metade de lote de vacinas da Pfizer previsto para SP"}]},{"@type":"WebSite","@id":"https:\/\/www.p31noticias.com.br\/#website","url":"https:\/\/www.p31noticias.com.br\/","name":"P31","description":"NOT\u00cdCIAS","potentialAction":[{"@type":"SearchAction","target":{"@type":"EntryPoint","urlTemplate":"https:\/\/www.p31noticias.com.br\/?s={search_term_string}"},"query-input":{"@type":"PropertyValueSpecification","valueRequired":true,"valueName":"search_term_string"}}],"inLanguage":"pt-BR"},{"@type":"Person","@id":"https:\/\/www.p31noticias.com.br\/#\/schema\/person\/d1bb0ccbf62b27e19ea4e75696908d43","name":"Camilly Scheffer","image":{"@type":"ImageObject","inLanguage":"pt-BR","@id":"https:\/\/secure.gravatar.com\/avatar\/06f4704b382d241ec2670712618fccea085b2db24d7b2d3b8691d904bbc1d557?s=96&d=mm&r=g","url":"https:\/\/secure.gravatar.com\/avatar\/06f4704b382d241ec2670712618fccea085b2db24d7b2d3b8691d904bbc1d557?s=96&d=mm&r=g","contentUrl":"https:\/\/secure.gravatar.com\/avatar\/06f4704b382d241ec2670712618fccea085b2db24d7b2d3b8691d904bbc1d557?s=96&d=mm&r=g","caption":"Camilly Scheffer"},"url":"https:\/\/www.p31noticias.com.br\/?author=5"}]}},"amp_enabled":true,"_links":{"self":[{"href":"https:\/\/www.p31noticias.com.br\/index.php?rest_route=\/wp\/v2\/posts\/23638","targetHints":{"allow":["GET"]}}],"collection":[{"href":"https:\/\/www.p31noticias.com.br\/index.php?rest_route=\/wp\/v2\/posts"}],"about":[{"href":"https:\/\/www.p31noticias.com.br\/index.php?rest_route=\/wp\/v2\/types\/post"}],"author":[{"embeddable":true,"href":"https:\/\/www.p31noticias.com.br\/index.php?rest_route=\/wp\/v2\/users\/5"}],"replies":[{"embeddable":true,"href":"https:\/\/www.p31noticias.com.br\/index.php?rest_route=%2Fwp%2Fv2%2Fcomments&post=23638"}],"version-history":[{"count":1,"href":"https:\/\/www.p31noticias.com.br\/index.php?rest_route=\/wp\/v2\/posts\/23638\/revisions"}],"predecessor-version":[{"id":23640,"href":"https:\/\/www.p31noticias.com.br\/index.php?rest_route=\/wp\/v2\/posts\/23638\/revisions\/23640"}],"wp:featuredmedia":[{"embeddable":true,"href":"https:\/\/www.p31noticias.com.br\/index.php?rest_route=\/wp\/v2\/media\/23639"}],"wp:attachment":[{"href":"https:\/\/www.p31noticias.com.br\/index.php?rest_route=%2Fwp%2Fv2%2Fmedia&parent=23638"}],"wp:term":[{"taxonomy":"category","embeddable":true,"href":"https:\/\/www.p31noticias.com.br\/index.php?rest_route=%2Fwp%2Fv2%2Fcategories&post=23638"},{"taxonomy":"post_tag","embeddable":true,"href":"https:\/\/www.p31noticias.com.br\/index.php?rest_route=%2Fwp%2Fv2%2Ftags&post=23638"}],"curies":[{"name":"wp","href":"https:\/\/api.w.org\/{rel}","templated":true}]}}