{"id":23635,"date":"2021-08-04T15:48:27","date_gmt":"2021-08-04T18:48:27","guid":{"rendered":"https:\/\/p31noticias.com.br\/?p=23635"},"modified":"2021-08-04T15:48:27","modified_gmt":"2021-08-04T18:48:27","slug":"menino-morto-pela-mae-em-imbe-era-obrigado-a-escrever-frases-ofensivas-em-caderno-diz-policia","status":"publish","type":"post","link":"https:\/\/www.p31noticias.com.br\/?p=23635","title":{"rendered":"Menino morto pela m\u00e3e em Imb\u00e9 era obrigado a escrever frases ofensivas em caderno, diz pol\u00edcia"},"content":{"rendered":"<p>A Pol\u00edcia Civil apreendeu, na noite de ter\u00e7a-feira (3),\u00a0<span class=\"highlight highlighted\">cadernos com frases ofensivas<\/span>, que segundo a investiga\u00e7\u00e3o eram copiadas por Miguel dos Santos Rodrigues, de 7 anos. A m\u00e3e da crian\u00e7a, Yasmin Rodrigues, de 26 anos, est\u00e1 presa ap\u00f3s confessar ter matado a crian\u00e7a.<\/p>\n<p>Segundo o delegado Antonio Carlos Ractz, Miguel era obrigado a copiar frases como &#8220;eu sou um idiota&#8221;, &#8220;n\u00e3o mere\u00e7o a mam\u00e3e que eu tenho&#8221;, &#8220;eu sou ladr\u00e3o, &#8220;eu sou ruim&#8221; e &#8220;eu sou um filho horr\u00edvel&#8221;.<\/p>\n<div class=\"mc-column content-text active-extra-styles \" data-block-type=\"unstyled\" data-block-weight=\"42\" data-block-id=\"7\">\n<p class=\"content-text__container \" data-track-category=\"Link no Texto\" data-track-links=\"\">A pol\u00edcia fez buscas em dois apartamentos onde Miguel morou com a m\u00e3e, no Balne\u00e1rio de Santa Terezinha e outro no centro de Imb\u00e9. Al\u00e9m dos cadernos, a pol\u00edcia tamb\u00e9m localizou uma corrente, que seria utilizada para manter a crian\u00e7a presa.<\/p>\n<\/div>\n<div class=\"mc-column content-text active-extra-styles \" data-block-type=\"unstyled\" data-block-weight=\"49\" data-block-id=\"8\">\n<p class=\"content-text__container \" data-track-category=\"Link no Texto\" data-track-links=\"\">Conversas divulgadas pela pol\u00edcia \u00a0mostram a m\u00e3e e a madrasta de Miguel, Bruna Nathieli Porto da Rosa<a href=\"https:\/\/g1.globo.com\/rs\/rio-grande-do-sul\/noticia\/2021\/08\/02\/video-divulgado-pela-policia-mostra-conversa-entre-madrasta-e-menino-morto-em-imbe-mae-esta-presa-por-suspeita-do-crime.ghtml\">,<\/a>\u00a0conversando sobre a compra da corrente. Bruna tamb\u00e9m est\u00e1 presa. Ela e Yasmin foram transferidas do Pres\u00eddio de Torres para a Penitenci\u00e1ria Feminina de Gua\u00edba, na Regi\u00e3o Metropolitana de Porto Alegre.<\/p>\n<\/div>\n<div class=\"mc-column content-text active-extra-styles \" data-block-type=\"unstyled\" data-block-weight=\"37\" data-block-id=\"9\">\n<p class=\"content-text__container \" data-track-category=\"Link no Texto\" data-track-links=\"\">O\u00a0<strong>G1<\/strong>\u00a0tenta localizar a defesa de Yasmin. A advogada que defende Bruna, Josiane Trist\u00e3o Silvano, afirma que analisa o inqu\u00e9rito e as provas produzidas, e que ir\u00e1 emitir posicionamento assim que conversar com a investigada.<\/p>\n<\/div>\n<div class=\"mc-column content-text active-extra-styles \" data-block-type=\"unstyled\" data-block-weight=\"14\" data-block-id=\"10\">\n<p class=\"content-text__container \" data-track-category=\"Link no Texto\" data-track-links=\"\">A per\u00edcia criminal tamb\u00e9m esteve nos apartamentos e coletou material gen\u00e9tico, informou o delegado.<\/p>\n<p data-track-category=\"Link no Texto\" data-track-links=\"\">Fonte : G1.<\/p>\n<\/div>\n","protected":false},"excerpt":{"rendered":"<p>A Pol\u00edcia Civil apreendeu, na noite de ter\u00e7a-feira (3),\u00a0cadernos com frases ofensivas, que segundo a investiga\u00e7\u00e3o eram copiadas por Miguel dos Santos Rodrigues, de 7 anos. A m\u00e3e da crian\u00e7a, Yasmin Rodrigues, de 26 anos, est\u00e1 presa ap\u00f3s confessar ter matado a crian\u00e7a. Segundo o delegado Antonio Carlos Ractz, Miguel era obrigado a copiar frases [&hellip;]<\/p>\n","protected":false},"author":5,"featured_media":23636,"comment_status":"open","ping_status":"open","sticky":false,"template":"","format":"standard","meta":{"footnotes":""},"categories":[1],"tags":[],"class_list":{"0":"post-23635","1":"post","2":"type-post","3":"status-publish","4":"format-standard","5":"has-post-thumbnail","7":"category-outros"},"yoast_head":"<!-- This site is optimized with the Yoast SEO Premium plugin v24.5 (Yoast SEO v27.5) - https:\/\/yoast.com\/product\/yoast-seo-premium-wordpress\/ -->\n<title>Menino morto pela m\u00e3e em Imb\u00e9 era obrigado a escrever frases ofensivas em caderno, diz pol\u00edcia - P31<\/title>\n<meta name=\"robots\" content=\"index, follow, max-snippet:-1, max-image-preview:large, max-video-preview:-1\" \/>\n<link rel=\"canonical\" href=\"https:\/\/www.p31noticias.com.br\/?p=23635\" \/>\n<meta property=\"og:locale\" content=\"pt_BR\" \/>\n<meta property=\"og:type\" content=\"article\" \/>\n<meta property=\"og:title\" content=\"Menino morto pela m\u00e3e em Imb\u00e9 era obrigado a escrever frases ofensivas em caderno, diz pol\u00edcia\" \/>\n<meta property=\"og:description\" content=\"A Pol\u00edcia Civil apreendeu, na noite de ter\u00e7a-feira (3),\u00a0cadernos com frases ofensivas, que segundo a investiga\u00e7\u00e3o eram copiadas por Miguel dos Santos Rodrigues, de 7 anos. A m\u00e3e da crian\u00e7a, Yasmin Rodrigues, de 26 anos, est\u00e1 presa ap\u00f3s confessar ter matado a crian\u00e7a. Segundo o delegado Antonio Carlos Ractz, Miguel era obrigado a copiar frases [&hellip;]\" \/>\n<meta property=\"og:url\" content=\"https:\/\/www.p31noticias.com.br\/?p=23635\" \/>\n<meta property=\"og:site_name\" content=\"P31\" \/>\n<meta property=\"article:published_time\" content=\"2021-08-04T18:48:27+00:00\" \/>\n<meta property=\"og:image\" content=\"https:\/\/www.p31noticias.com.br\/wp-content\/uploads\/2021\/08\/whatsapp-image-2021-08-04-at-08.04.52.jpeg\" \/>\n\t<meta property=\"og:image:width\" content=\"984\" \/>\n\t<meta property=\"og:image:height\" content=\"553\" \/>\n\t<meta property=\"og:image:type\" content=\"image\/jpeg\" \/>\n<meta name=\"author\" content=\"Camilly Scheffer\" \/>\n<meta name=\"twitter:card\" content=\"summary_large_image\" \/>\n<meta name=\"twitter:label1\" content=\"Escrito por\" \/>\n\t<meta name=\"twitter:data1\" content=\"Camilly Scheffer\" \/>\n\t<meta name=\"twitter:label2\" content=\"Est. tempo de leitura\" \/>\n\t<meta name=\"twitter:data2\" content=\"1 minuto\" \/>\n<script type=\"application\/ld+json\" class=\"yoast-schema-graph\">{\"@context\":\"https:\\\/\\\/schema.org\",\"@graph\":[{\"@type\":\"Article\",\"@id\":\"https:\\\/\\\/www.p31noticias.com.br\\\/?p=23635#article\",\"isPartOf\":{\"@id\":\"https:\\\/\\\/www.p31noticias.com.br\\\/?p=23635\"},\"author\":{\"name\":\"Camilly Scheffer\",\"@id\":\"https:\\\/\\\/www.p31noticias.com.br\\\/#\\\/schema\\\/person\\\/d1bb0ccbf62b27e19ea4e75696908d43\"},\"headline\":\"Menino morto pela m\u00e3e em Imb\u00e9 era obrigado a escrever frases ofensivas em caderno, diz pol\u00edcia\",\"datePublished\":\"2021-08-04T18:48:27+00:00\",\"mainEntityOfPage\":{\"@id\":\"https:\\\/\\\/www.p31noticias.com.br\\\/?p=23635\"},\"wordCount\":267,\"commentCount\":0,\"image\":{\"@id\":\"https:\\\/\\\/www.p31noticias.com.br\\\/?p=23635#primaryimage\"},\"thumbnailUrl\":\"https:\\\/\\\/www.p31noticias.com.br\\\/wp-content\\\/uploads\\\/2021\\\/08\\\/whatsapp-image-2021-08-04-at-08.04.52.jpeg\",\"articleSection\":[\"Outros\"],\"inLanguage\":\"pt-BR\",\"potentialAction\":[{\"@type\":\"CommentAction\",\"name\":\"Comment\",\"target\":[\"https:\\\/\\\/www.p31noticias.com.br\\\/?p=23635#respond\"]}],\"copyrightYear\":\"2021\",\"copyrightHolder\":{\"@id\":\"https:\\\/\\\/www.p31noticias.com.br\\\/#organization\"}},{\"@type\":\"WebPage\",\"@id\":\"https:\\\/\\\/www.p31noticias.com.br\\\/?p=23635\",\"url\":\"https:\\\/\\\/www.p31noticias.com.br\\\/?p=23635\",\"name\":\"Menino morto pela m\u00e3e em Imb\u00e9 era obrigado a escrever frases ofensivas em caderno, diz pol\u00edcia - P31\",\"isPartOf\":{\"@id\":\"https:\\\/\\\/www.p31noticias.com.br\\\/#website\"},\"primaryImageOfPage\":{\"@id\":\"https:\\\/\\\/www.p31noticias.com.br\\\/?p=23635#primaryimage\"},\"image\":{\"@id\":\"https:\\\/\\\/www.p31noticias.com.br\\\/?p=23635#primaryimage\"},\"thumbnailUrl\":\"https:\\\/\\\/www.p31noticias.com.br\\\/wp-content\\\/uploads\\\/2021\\\/08\\\/whatsapp-image-2021-08-04-at-08.04.52.jpeg\",\"datePublished\":\"2021-08-04T18:48:27+00:00\",\"author\":{\"@id\":\"https:\\\/\\\/www.p31noticias.com.br\\\/#\\\/schema\\\/person\\\/d1bb0ccbf62b27e19ea4e75696908d43\"},\"breadcrumb\":{\"@id\":\"https:\\\/\\\/www.p31noticias.com.br\\\/?p=23635#breadcrumb\"},\"inLanguage\":\"pt-BR\",\"potentialAction\":[{\"@type\":\"ReadAction\",\"target\":[\"https:\\\/\\\/www.p31noticias.com.br\\\/?p=23635\"]}]},{\"@type\":\"ImageObject\",\"inLanguage\":\"pt-BR\",\"@id\":\"https:\\\/\\\/www.p31noticias.com.br\\\/?p=23635#primaryimage\",\"url\":\"https:\\\/\\\/www.p31noticias.com.br\\\/wp-content\\\/uploads\\\/2021\\\/08\\\/whatsapp-image-2021-08-04-at-08.04.52.jpeg\",\"contentUrl\":\"https:\\\/\\\/www.p31noticias.com.br\\\/wp-content\\\/uploads\\\/2021\\\/08\\\/whatsapp-image-2021-08-04-at-08.04.52.jpeg\",\"width\":984,\"height\":553},{\"@type\":\"BreadcrumbList\",\"@id\":\"https:\\\/\\\/www.p31noticias.com.br\\\/?p=23635#breadcrumb\",\"itemListElement\":[{\"@type\":\"ListItem\",\"position\":1,\"name\":\"In\u00edcio\",\"item\":\"https:\\\/\\\/www.p31noticias.com.br\\\/\"},{\"@type\":\"ListItem\",\"position\":2,\"name\":\"Menino morto pela m\u00e3e em Imb\u00e9 era obrigado a escrever frases ofensivas em caderno, diz pol\u00edcia\"}]},{\"@type\":\"WebSite\",\"@id\":\"https:\\\/\\\/www.p31noticias.com.br\\\/#website\",\"url\":\"https:\\\/\\\/www.p31noticias.com.br\\\/\",\"name\":\"P31\",\"description\":\"NOT\u00cdCIAS\",\"potentialAction\":[{\"@type\":\"SearchAction\",\"target\":{\"@type\":\"EntryPoint\",\"urlTemplate\":\"https:\\\/\\\/www.p31noticias.com.br\\\/?s={search_term_string}\"},\"query-input\":{\"@type\":\"PropertyValueSpecification\",\"valueRequired\":true,\"valueName\":\"search_term_string\"}}],\"inLanguage\":\"pt-BR\"},{\"@type\":\"Person\",\"@id\":\"https:\\\/\\\/www.p31noticias.com.br\\\/#\\\/schema\\\/person\\\/d1bb0ccbf62b27e19ea4e75696908d43\",\"name\":\"Camilly Scheffer\",\"image\":{\"@type\":\"ImageObject\",\"inLanguage\":\"pt-BR\",\"@id\":\"https:\\\/\\\/secure.gravatar.com\\\/avatar\\\/06f4704b382d241ec2670712618fccea085b2db24d7b2d3b8691d904bbc1d557?s=96&d=mm&r=g\",\"url\":\"https:\\\/\\\/secure.gravatar.com\\\/avatar\\\/06f4704b382d241ec2670712618fccea085b2db24d7b2d3b8691d904bbc1d557?s=96&d=mm&r=g\",\"contentUrl\":\"https:\\\/\\\/secure.gravatar.com\\\/avatar\\\/06f4704b382d241ec2670712618fccea085b2db24d7b2d3b8691d904bbc1d557?s=96&d=mm&r=g\",\"caption\":\"Camilly Scheffer\"},\"url\":\"https:\\\/\\\/www.p31noticias.com.br\\\/?author=5\"}]}<\/script>\n<!-- \/ Yoast SEO Premium plugin. -->","yoast_head_json":{"title":"Menino morto pela m\u00e3e em Imb\u00e9 era obrigado a escrever frases ofensivas em caderno, diz pol\u00edcia - P31","robots":{"index":"index","follow":"follow","max-snippet":"max-snippet:-1","max-image-preview":"max-image-preview:large","max-video-preview":"max-video-preview:-1"},"canonical":"https:\/\/www.p31noticias.com.br\/?p=23635","og_locale":"pt_BR","og_type":"article","og_title":"Menino morto pela m\u00e3e em Imb\u00e9 era obrigado a escrever frases ofensivas em caderno, diz pol\u00edcia","og_description":"A Pol\u00edcia Civil apreendeu, na noite de ter\u00e7a-feira (3),\u00a0cadernos com frases ofensivas, que segundo a investiga\u00e7\u00e3o eram copiadas por Miguel dos Santos Rodrigues, de 7 anos. A m\u00e3e da crian\u00e7a, Yasmin Rodrigues, de 26 anos, est\u00e1 presa ap\u00f3s confessar ter matado a crian\u00e7a. Segundo o delegado Antonio Carlos Ractz, Miguel era obrigado a copiar frases [&hellip;]","og_url":"https:\/\/www.p31noticias.com.br\/?p=23635","og_site_name":"P31","article_published_time":"2021-08-04T18:48:27+00:00","og_image":[{"width":984,"height":553,"url":"https:\/\/www.p31noticias.com.br\/wp-content\/uploads\/2021\/08\/whatsapp-image-2021-08-04-at-08.04.52.jpeg","type":"image\/jpeg"}],"author":"Camilly Scheffer","twitter_card":"summary_large_image","twitter_misc":{"Escrito por":"Camilly Scheffer","Est. tempo de leitura":"1 minuto"},"schema":{"@context":"https:\/\/schema.org","@graph":[{"@type":"Article","@id":"https:\/\/www.p31noticias.com.br\/?p=23635#article","isPartOf":{"@id":"https:\/\/www.p31noticias.com.br\/?p=23635"},"author":{"name":"Camilly Scheffer","@id":"https:\/\/www.p31noticias.com.br\/#\/schema\/person\/d1bb0ccbf62b27e19ea4e75696908d43"},"headline":"Menino morto pela m\u00e3e em Imb\u00e9 era obrigado a escrever frases ofensivas em caderno, diz pol\u00edcia","datePublished":"2021-08-04T18:48:27+00:00","mainEntityOfPage":{"@id":"https:\/\/www.p31noticias.com.br\/?p=23635"},"wordCount":267,"commentCount":0,"image":{"@id":"https:\/\/www.p31noticias.com.br\/?p=23635#primaryimage"},"thumbnailUrl":"https:\/\/www.p31noticias.com.br\/wp-content\/uploads\/2021\/08\/whatsapp-image-2021-08-04-at-08.04.52.jpeg","articleSection":["Outros"],"inLanguage":"pt-BR","potentialAction":[{"@type":"CommentAction","name":"Comment","target":["https:\/\/www.p31noticias.com.br\/?p=23635#respond"]}],"copyrightYear":"2021","copyrightHolder":{"@id":"https:\/\/www.p31noticias.com.br\/#organization"}},{"@type":"WebPage","@id":"https:\/\/www.p31noticias.com.br\/?p=23635","url":"https:\/\/www.p31noticias.com.br\/?p=23635","name":"Menino morto pela m\u00e3e em Imb\u00e9 era obrigado a escrever frases ofensivas em caderno, diz pol\u00edcia - P31","isPartOf":{"@id":"https:\/\/www.p31noticias.com.br\/#website"},"primaryImageOfPage":{"@id":"https:\/\/www.p31noticias.com.br\/?p=23635#primaryimage"},"image":{"@id":"https:\/\/www.p31noticias.com.br\/?p=23635#primaryimage"},"thumbnailUrl":"https:\/\/www.p31noticias.com.br\/wp-content\/uploads\/2021\/08\/whatsapp-image-2021-08-04-at-08.04.52.jpeg","datePublished":"2021-08-04T18:48:27+00:00","author":{"@id":"https:\/\/www.p31noticias.com.br\/#\/schema\/person\/d1bb0ccbf62b27e19ea4e75696908d43"},"breadcrumb":{"@id":"https:\/\/www.p31noticias.com.br\/?p=23635#breadcrumb"},"inLanguage":"pt-BR","potentialAction":[{"@type":"ReadAction","target":["https:\/\/www.p31noticias.com.br\/?p=23635"]}]},{"@type":"ImageObject","inLanguage":"pt-BR","@id":"https:\/\/www.p31noticias.com.br\/?p=23635#primaryimage","url":"https:\/\/www.p31noticias.com.br\/wp-content\/uploads\/2021\/08\/whatsapp-image-2021-08-04-at-08.04.52.jpeg","contentUrl":"https:\/\/www.p31noticias.com.br\/wp-content\/uploads\/2021\/08\/whatsapp-image-2021-08-04-at-08.04.52.jpeg","width":984,"height":553},{"@type":"BreadcrumbList","@id":"https:\/\/www.p31noticias.com.br\/?p=23635#breadcrumb","itemListElement":[{"@type":"ListItem","position":1,"name":"In\u00edcio","item":"https:\/\/www.p31noticias.com.br\/"},{"@type":"ListItem","position":2,"name":"Menino morto pela m\u00e3e em Imb\u00e9 era obrigado a escrever frases ofensivas em caderno, diz pol\u00edcia"}]},{"@type":"WebSite","@id":"https:\/\/www.p31noticias.com.br\/#website","url":"https:\/\/www.p31noticias.com.br\/","name":"P31","description":"NOT\u00cdCIAS","potentialAction":[{"@type":"SearchAction","target":{"@type":"EntryPoint","urlTemplate":"https:\/\/www.p31noticias.com.br\/?s={search_term_string}"},"query-input":{"@type":"PropertyValueSpecification","valueRequired":true,"valueName":"search_term_string"}}],"inLanguage":"pt-BR"},{"@type":"Person","@id":"https:\/\/www.p31noticias.com.br\/#\/schema\/person\/d1bb0ccbf62b27e19ea4e75696908d43","name":"Camilly Scheffer","image":{"@type":"ImageObject","inLanguage":"pt-BR","@id":"https:\/\/secure.gravatar.com\/avatar\/06f4704b382d241ec2670712618fccea085b2db24d7b2d3b8691d904bbc1d557?s=96&d=mm&r=g","url":"https:\/\/secure.gravatar.com\/avatar\/06f4704b382d241ec2670712618fccea085b2db24d7b2d3b8691d904bbc1d557?s=96&d=mm&r=g","contentUrl":"https:\/\/secure.gravatar.com\/avatar\/06f4704b382d241ec2670712618fccea085b2db24d7b2d3b8691d904bbc1d557?s=96&d=mm&r=g","caption":"Camilly Scheffer"},"url":"https:\/\/www.p31noticias.com.br\/?author=5"}]}},"amp_enabled":true,"_links":{"self":[{"href":"https:\/\/www.p31noticias.com.br\/index.php?rest_route=\/wp\/v2\/posts\/23635","targetHints":{"allow":["GET"]}}],"collection":[{"href":"https:\/\/www.p31noticias.com.br\/index.php?rest_route=\/wp\/v2\/posts"}],"about":[{"href":"https:\/\/www.p31noticias.com.br\/index.php?rest_route=\/wp\/v2\/types\/post"}],"author":[{"embeddable":true,"href":"https:\/\/www.p31noticias.com.br\/index.php?rest_route=\/wp\/v2\/users\/5"}],"replies":[{"embeddable":true,"href":"https:\/\/www.p31noticias.com.br\/index.php?rest_route=%2Fwp%2Fv2%2Fcomments&post=23635"}],"version-history":[{"count":1,"href":"https:\/\/www.p31noticias.com.br\/index.php?rest_route=\/wp\/v2\/posts\/23635\/revisions"}],"predecessor-version":[{"id":23637,"href":"https:\/\/www.p31noticias.com.br\/index.php?rest_route=\/wp\/v2\/posts\/23635\/revisions\/23637"}],"wp:featuredmedia":[{"embeddable":true,"href":"https:\/\/www.p31noticias.com.br\/index.php?rest_route=\/wp\/v2\/media\/23636"}],"wp:attachment":[{"href":"https:\/\/www.p31noticias.com.br\/index.php?rest_route=%2Fwp%2Fv2%2Fmedia&parent=23635"}],"wp:term":[{"taxonomy":"category","embeddable":true,"href":"https:\/\/www.p31noticias.com.br\/index.php?rest_route=%2Fwp%2Fv2%2Fcategories&post=23635"},{"taxonomy":"post_tag","embeddable":true,"href":"https:\/\/www.p31noticias.com.br\/index.php?rest_route=%2Fwp%2Fv2%2Ftags&post=23635"}],"curies":[{"name":"wp","href":"https:\/\/api.w.org\/{rel}","templated":true}]}}