{"id":23623,"date":"2021-08-04T14:59:51","date_gmt":"2021-08-04T17:59:51","guid":{"rendered":"https:\/\/p31noticias.com.br\/?p=23623"},"modified":"2021-08-04T15:11:44","modified_gmt":"2021-08-04T18:11:44","slug":"df-recebera-mais-de-53-mil-doses-de-vacina","status":"publish","type":"post","link":"https:\/\/www.p31noticias.com.br\/?p=23623","title":{"rendered":"MPDFT investiga elo entre policial do DF e helic\u00f3ptero com 300 kg de coca\u00edna"},"content":{"rendered":"<p>O Minist\u00e9rio P\u00fablico (MPDFT) abriu, na ter\u00e7a-feira (3), uma investiga\u00e7\u00e3o para apurar o caso do helic\u00f3ptero que caiu em Pocon\u00e9-MT no domingo (1\u00ba) com cerca de 300 kg de coca\u00edna. A aeronave est\u00e1 no nome do papiloscopista Ronney Jos\u00e9 Barbosa, da Pol\u00edcia Civil do Distrito Federal (PCDF).<\/p>\n<p>O MPDFT quer saber se Ronney tem liga\u00e7\u00e3o com a droga encontrada. O helic\u00f3ptero foi encontrado pela Pol\u00edcia Federal, que apura suposta situa\u00e7\u00e3o de tr\u00e1fico internacional de drogas. O policial chegou a afirmar ao site G1 que havia vendido a aeronave, mas ela ainda est\u00e1 registrado no nome dele, de acordo com a Ag\u00eancia Nacional de Avia\u00e7\u00e3o Civil (Anac). H\u00e1 ainda conflito com as datas de compra e venda.<\/p>\n<p>A droga, que pesou 278,5 kg, avaliada em quase R$ 7 milh\u00f5es, estava acondicionada em malotes que ficaram espalhados ao redor do aparelho acidentado. Na queda, o helic\u00f3ptero tombou. Agentes da PF, com apoio da Pol\u00edcia Militar do Mato Grosso, vasculharam um raio de 10 km e n\u00e3o encontraram o piloto do helic\u00f3ptero ou outros suspeitos do tr\u00e1fico. Tamb\u00e9m n\u00e3o foram achados vest\u00edgios de pessoas feridas.<\/p>\n<p>O aparelho, com capacidade para quatro pessoas, incluindo o piloto, \u00e9 avaliado em R$ 425 mil.<\/p>\n<p>Fonte: Jornal de Bras\u00edlia.<\/p>\n","protected":false},"excerpt":{"rendered":"<p>O Minist\u00e9rio P\u00fablico (MPDFT) abriu, na ter\u00e7a-feira (3), uma investiga\u00e7\u00e3o para apurar o caso do helic\u00f3ptero que caiu em Pocon\u00e9-MT no domingo (1\u00ba) com cerca de 300 kg de coca\u00edna. A aeronave est\u00e1 no nome do papiloscopista Ronney Jos\u00e9 Barbosa, da Pol\u00edcia Civil do Distrito Federal (PCDF). O MPDFT quer saber se Ronney tem liga\u00e7\u00e3o [&hellip;]<\/p>\n","protected":false},"author":5,"featured_media":23633,"comment_status":"open","ping_status":"open","sticky":false,"template":"","format":"standard","meta":{"footnotes":""},"categories":[21],"tags":[],"class_list":{"0":"post-23623","1":"post","2":"type-post","3":"status-publish","4":"format-standard","5":"has-post-thumbnail","7":"category-brasilia"},"yoast_head":"<!-- This site is optimized with the Yoast SEO Premium plugin v24.5 (Yoast SEO v27.5) - https:\/\/yoast.com\/product\/yoast-seo-premium-wordpress\/ -->\n<title>MPDFT investiga elo entre policial do DF e helic\u00f3ptero com 300 kg de coca\u00edna - P31<\/title>\n<meta name=\"robots\" content=\"index, follow, max-snippet:-1, max-image-preview:large, max-video-preview:-1\" \/>\n<link rel=\"canonical\" href=\"https:\/\/www.p31noticias.com.br\/?p=23623\" \/>\n<meta property=\"og:locale\" content=\"pt_BR\" \/>\n<meta property=\"og:type\" content=\"article\" \/>\n<meta property=\"og:title\" content=\"MPDFT investiga elo entre policial do DF e helic\u00f3ptero com 300 kg de coca\u00edna\" \/>\n<meta property=\"og:description\" content=\"O Minist\u00e9rio P\u00fablico (MPDFT) abriu, na ter\u00e7a-feira (3), uma investiga\u00e7\u00e3o para apurar o caso do helic\u00f3ptero que caiu em Pocon\u00e9-MT no domingo (1\u00ba) com cerca de 300 kg de coca\u00edna. A aeronave est\u00e1 no nome do papiloscopista Ronney Jos\u00e9 Barbosa, da Pol\u00edcia Civil do Distrito Federal (PCDF). O MPDFT quer saber se Ronney tem liga\u00e7\u00e3o [&hellip;]\" \/>\n<meta property=\"og:url\" content=\"https:\/\/www.p31noticias.com.br\/?p=23623\" \/>\n<meta property=\"og:site_name\" content=\"P31\" \/>\n<meta property=\"article:published_time\" content=\"2021-08-04T17:59:51+00:00\" \/>\n<meta property=\"article:modified_time\" content=\"2021-08-04T18:11:44+00:00\" \/>\n<meta property=\"og:image\" content=\"https:\/\/www.p31noticias.com.br\/wp-content\/uploads\/2021\/08\/helicoptero-cocaina.jpeg\" \/>\n\t<meta property=\"og:image:width\" content=\"1000\" \/>\n\t<meta property=\"og:image:height\" content=\"750\" \/>\n\t<meta property=\"og:image:type\" content=\"image\/jpeg\" \/>\n<meta name=\"author\" content=\"Camilly Scheffer\" \/>\n<meta name=\"twitter:card\" content=\"summary_large_image\" \/>\n<meta name=\"twitter:label1\" content=\"Escrito por\" \/>\n\t<meta name=\"twitter:data1\" content=\"Camilly Scheffer\" \/>\n\t<meta name=\"twitter:label2\" content=\"Est. tempo de leitura\" \/>\n\t<meta name=\"twitter:data2\" content=\"1 minuto\" \/>\n<script type=\"application\/ld+json\" class=\"yoast-schema-graph\">{\"@context\":\"https:\\\/\\\/schema.org\",\"@graph\":[{\"@type\":\"Article\",\"@id\":\"https:\\\/\\\/www.p31noticias.com.br\\\/?p=23623#article\",\"isPartOf\":{\"@id\":\"https:\\\/\\\/www.p31noticias.com.br\\\/?p=23623\"},\"author\":{\"name\":\"Camilly Scheffer\",\"@id\":\"https:\\\/\\\/www.p31noticias.com.br\\\/#\\\/schema\\\/person\\\/d1bb0ccbf62b27e19ea4e75696908d43\"},\"headline\":\"MPDFT investiga elo entre policial do DF e helic\u00f3ptero com 300 kg de coca\u00edna\",\"datePublished\":\"2021-08-04T17:59:51+00:00\",\"dateModified\":\"2021-08-04T18:11:44+00:00\",\"mainEntityOfPage\":{\"@id\":\"https:\\\/\\\/www.p31noticias.com.br\\\/?p=23623\"},\"wordCount\":234,\"commentCount\":0,\"image\":{\"@id\":\"https:\\\/\\\/www.p31noticias.com.br\\\/?p=23623#primaryimage\"},\"thumbnailUrl\":\"https:\\\/\\\/www.p31noticias.com.br\\\/wp-content\\\/uploads\\\/2021\\\/08\\\/helicoptero-cocaina.jpeg\",\"articleSection\":[\"Bras\u00edlia\"],\"inLanguage\":\"pt-BR\",\"potentialAction\":[{\"@type\":\"CommentAction\",\"name\":\"Comment\",\"target\":[\"https:\\\/\\\/www.p31noticias.com.br\\\/?p=23623#respond\"]}],\"copyrightYear\":\"2021\",\"copyrightHolder\":{\"@id\":\"https:\\\/\\\/www.p31noticias.com.br\\\/#organization\"}},{\"@type\":\"WebPage\",\"@id\":\"https:\\\/\\\/www.p31noticias.com.br\\\/?p=23623\",\"url\":\"https:\\\/\\\/www.p31noticias.com.br\\\/?p=23623\",\"name\":\"MPDFT investiga elo entre policial do DF e helic\u00f3ptero com 300 kg de coca\u00edna - P31\",\"isPartOf\":{\"@id\":\"https:\\\/\\\/www.p31noticias.com.br\\\/#website\"},\"primaryImageOfPage\":{\"@id\":\"https:\\\/\\\/www.p31noticias.com.br\\\/?p=23623#primaryimage\"},\"image\":{\"@id\":\"https:\\\/\\\/www.p31noticias.com.br\\\/?p=23623#primaryimage\"},\"thumbnailUrl\":\"https:\\\/\\\/www.p31noticias.com.br\\\/wp-content\\\/uploads\\\/2021\\\/08\\\/helicoptero-cocaina.jpeg\",\"datePublished\":\"2021-08-04T17:59:51+00:00\",\"dateModified\":\"2021-08-04T18:11:44+00:00\",\"author\":{\"@id\":\"https:\\\/\\\/www.p31noticias.com.br\\\/#\\\/schema\\\/person\\\/d1bb0ccbf62b27e19ea4e75696908d43\"},\"breadcrumb\":{\"@id\":\"https:\\\/\\\/www.p31noticias.com.br\\\/?p=23623#breadcrumb\"},\"inLanguage\":\"pt-BR\",\"potentialAction\":[{\"@type\":\"ReadAction\",\"target\":[\"https:\\\/\\\/www.p31noticias.com.br\\\/?p=23623\"]}]},{\"@type\":\"ImageObject\",\"inLanguage\":\"pt-BR\",\"@id\":\"https:\\\/\\\/www.p31noticias.com.br\\\/?p=23623#primaryimage\",\"url\":\"https:\\\/\\\/www.p31noticias.com.br\\\/wp-content\\\/uploads\\\/2021\\\/08\\\/helicoptero-cocaina.jpeg\",\"contentUrl\":\"https:\\\/\\\/www.p31noticias.com.br\\\/wp-content\\\/uploads\\\/2021\\\/08\\\/helicoptero-cocaina.jpeg\",\"width\":1000,\"height\":750},{\"@type\":\"BreadcrumbList\",\"@id\":\"https:\\\/\\\/www.p31noticias.com.br\\\/?p=23623#breadcrumb\",\"itemListElement\":[{\"@type\":\"ListItem\",\"position\":1,\"name\":\"In\u00edcio\",\"item\":\"https:\\\/\\\/www.p31noticias.com.br\\\/\"},{\"@type\":\"ListItem\",\"position\":2,\"name\":\"MPDFT investiga elo entre policial do DF e helic\u00f3ptero com 300 kg de coca\u00edna\"}]},{\"@type\":\"WebSite\",\"@id\":\"https:\\\/\\\/www.p31noticias.com.br\\\/#website\",\"url\":\"https:\\\/\\\/www.p31noticias.com.br\\\/\",\"name\":\"P31\",\"description\":\"NOT\u00cdCIAS\",\"potentialAction\":[{\"@type\":\"SearchAction\",\"target\":{\"@type\":\"EntryPoint\",\"urlTemplate\":\"https:\\\/\\\/www.p31noticias.com.br\\\/?s={search_term_string}\"},\"query-input\":{\"@type\":\"PropertyValueSpecification\",\"valueRequired\":true,\"valueName\":\"search_term_string\"}}],\"inLanguage\":\"pt-BR\"},{\"@type\":\"Person\",\"@id\":\"https:\\\/\\\/www.p31noticias.com.br\\\/#\\\/schema\\\/person\\\/d1bb0ccbf62b27e19ea4e75696908d43\",\"name\":\"Camilly Scheffer\",\"image\":{\"@type\":\"ImageObject\",\"inLanguage\":\"pt-BR\",\"@id\":\"https:\\\/\\\/secure.gravatar.com\\\/avatar\\\/06f4704b382d241ec2670712618fccea085b2db24d7b2d3b8691d904bbc1d557?s=96&d=mm&r=g\",\"url\":\"https:\\\/\\\/secure.gravatar.com\\\/avatar\\\/06f4704b382d241ec2670712618fccea085b2db24d7b2d3b8691d904bbc1d557?s=96&d=mm&r=g\",\"contentUrl\":\"https:\\\/\\\/secure.gravatar.com\\\/avatar\\\/06f4704b382d241ec2670712618fccea085b2db24d7b2d3b8691d904bbc1d557?s=96&d=mm&r=g\",\"caption\":\"Camilly Scheffer\"},\"url\":\"https:\\\/\\\/www.p31noticias.com.br\\\/?author=5\"}]}<\/script>\n<!-- \/ Yoast SEO Premium plugin. -->","yoast_head_json":{"title":"MPDFT investiga elo entre policial do DF e helic\u00f3ptero com 300 kg de coca\u00edna - P31","robots":{"index":"index","follow":"follow","max-snippet":"max-snippet:-1","max-image-preview":"max-image-preview:large","max-video-preview":"max-video-preview:-1"},"canonical":"https:\/\/www.p31noticias.com.br\/?p=23623","og_locale":"pt_BR","og_type":"article","og_title":"MPDFT investiga elo entre policial do DF e helic\u00f3ptero com 300 kg de coca\u00edna","og_description":"O Minist\u00e9rio P\u00fablico (MPDFT) abriu, na ter\u00e7a-feira (3), uma investiga\u00e7\u00e3o para apurar o caso do helic\u00f3ptero que caiu em Pocon\u00e9-MT no domingo (1\u00ba) com cerca de 300 kg de coca\u00edna. A aeronave est\u00e1 no nome do papiloscopista Ronney Jos\u00e9 Barbosa, da Pol\u00edcia Civil do Distrito Federal (PCDF). O MPDFT quer saber se Ronney tem liga\u00e7\u00e3o [&hellip;]","og_url":"https:\/\/www.p31noticias.com.br\/?p=23623","og_site_name":"P31","article_published_time":"2021-08-04T17:59:51+00:00","article_modified_time":"2021-08-04T18:11:44+00:00","og_image":[{"width":1000,"height":750,"url":"https:\/\/www.p31noticias.com.br\/wp-content\/uploads\/2021\/08\/helicoptero-cocaina.jpeg","type":"image\/jpeg"}],"author":"Camilly Scheffer","twitter_card":"summary_large_image","twitter_misc":{"Escrito por":"Camilly Scheffer","Est. tempo de leitura":"1 minuto"},"schema":{"@context":"https:\/\/schema.org","@graph":[{"@type":"Article","@id":"https:\/\/www.p31noticias.com.br\/?p=23623#article","isPartOf":{"@id":"https:\/\/www.p31noticias.com.br\/?p=23623"},"author":{"name":"Camilly Scheffer","@id":"https:\/\/www.p31noticias.com.br\/#\/schema\/person\/d1bb0ccbf62b27e19ea4e75696908d43"},"headline":"MPDFT investiga elo entre policial do DF e helic\u00f3ptero com 300 kg de coca\u00edna","datePublished":"2021-08-04T17:59:51+00:00","dateModified":"2021-08-04T18:11:44+00:00","mainEntityOfPage":{"@id":"https:\/\/www.p31noticias.com.br\/?p=23623"},"wordCount":234,"commentCount":0,"image":{"@id":"https:\/\/www.p31noticias.com.br\/?p=23623#primaryimage"},"thumbnailUrl":"https:\/\/www.p31noticias.com.br\/wp-content\/uploads\/2021\/08\/helicoptero-cocaina.jpeg","articleSection":["Bras\u00edlia"],"inLanguage":"pt-BR","potentialAction":[{"@type":"CommentAction","name":"Comment","target":["https:\/\/www.p31noticias.com.br\/?p=23623#respond"]}],"copyrightYear":"2021","copyrightHolder":{"@id":"https:\/\/www.p31noticias.com.br\/#organization"}},{"@type":"WebPage","@id":"https:\/\/www.p31noticias.com.br\/?p=23623","url":"https:\/\/www.p31noticias.com.br\/?p=23623","name":"MPDFT investiga elo entre policial do DF e helic\u00f3ptero com 300 kg de coca\u00edna - P31","isPartOf":{"@id":"https:\/\/www.p31noticias.com.br\/#website"},"primaryImageOfPage":{"@id":"https:\/\/www.p31noticias.com.br\/?p=23623#primaryimage"},"image":{"@id":"https:\/\/www.p31noticias.com.br\/?p=23623#primaryimage"},"thumbnailUrl":"https:\/\/www.p31noticias.com.br\/wp-content\/uploads\/2021\/08\/helicoptero-cocaina.jpeg","datePublished":"2021-08-04T17:59:51+00:00","dateModified":"2021-08-04T18:11:44+00:00","author":{"@id":"https:\/\/www.p31noticias.com.br\/#\/schema\/person\/d1bb0ccbf62b27e19ea4e75696908d43"},"breadcrumb":{"@id":"https:\/\/www.p31noticias.com.br\/?p=23623#breadcrumb"},"inLanguage":"pt-BR","potentialAction":[{"@type":"ReadAction","target":["https:\/\/www.p31noticias.com.br\/?p=23623"]}]},{"@type":"ImageObject","inLanguage":"pt-BR","@id":"https:\/\/www.p31noticias.com.br\/?p=23623#primaryimage","url":"https:\/\/www.p31noticias.com.br\/wp-content\/uploads\/2021\/08\/helicoptero-cocaina.jpeg","contentUrl":"https:\/\/www.p31noticias.com.br\/wp-content\/uploads\/2021\/08\/helicoptero-cocaina.jpeg","width":1000,"height":750},{"@type":"BreadcrumbList","@id":"https:\/\/www.p31noticias.com.br\/?p=23623#breadcrumb","itemListElement":[{"@type":"ListItem","position":1,"name":"In\u00edcio","item":"https:\/\/www.p31noticias.com.br\/"},{"@type":"ListItem","position":2,"name":"MPDFT investiga elo entre policial do DF e helic\u00f3ptero com 300 kg de coca\u00edna"}]},{"@type":"WebSite","@id":"https:\/\/www.p31noticias.com.br\/#website","url":"https:\/\/www.p31noticias.com.br\/","name":"P31","description":"NOT\u00cdCIAS","potentialAction":[{"@type":"SearchAction","target":{"@type":"EntryPoint","urlTemplate":"https:\/\/www.p31noticias.com.br\/?s={search_term_string}"},"query-input":{"@type":"PropertyValueSpecification","valueRequired":true,"valueName":"search_term_string"}}],"inLanguage":"pt-BR"},{"@type":"Person","@id":"https:\/\/www.p31noticias.com.br\/#\/schema\/person\/d1bb0ccbf62b27e19ea4e75696908d43","name":"Camilly Scheffer","image":{"@type":"ImageObject","inLanguage":"pt-BR","@id":"https:\/\/secure.gravatar.com\/avatar\/06f4704b382d241ec2670712618fccea085b2db24d7b2d3b8691d904bbc1d557?s=96&d=mm&r=g","url":"https:\/\/secure.gravatar.com\/avatar\/06f4704b382d241ec2670712618fccea085b2db24d7b2d3b8691d904bbc1d557?s=96&d=mm&r=g","contentUrl":"https:\/\/secure.gravatar.com\/avatar\/06f4704b382d241ec2670712618fccea085b2db24d7b2d3b8691d904bbc1d557?s=96&d=mm&r=g","caption":"Camilly Scheffer"},"url":"https:\/\/www.p31noticias.com.br\/?author=5"}]}},"amp_enabled":true,"_links":{"self":[{"href":"https:\/\/www.p31noticias.com.br\/index.php?rest_route=\/wp\/v2\/posts\/23623","targetHints":{"allow":["GET"]}}],"collection":[{"href":"https:\/\/www.p31noticias.com.br\/index.php?rest_route=\/wp\/v2\/posts"}],"about":[{"href":"https:\/\/www.p31noticias.com.br\/index.php?rest_route=\/wp\/v2\/types\/post"}],"author":[{"embeddable":true,"href":"https:\/\/www.p31noticias.com.br\/index.php?rest_route=\/wp\/v2\/users\/5"}],"replies":[{"embeddable":true,"href":"https:\/\/www.p31noticias.com.br\/index.php?rest_route=%2Fwp%2Fv2%2Fcomments&post=23623"}],"version-history":[{"count":6,"href":"https:\/\/www.p31noticias.com.br\/index.php?rest_route=\/wp\/v2\/posts\/23623\/revisions"}],"predecessor-version":[{"id":23634,"href":"https:\/\/www.p31noticias.com.br\/index.php?rest_route=\/wp\/v2\/posts\/23623\/revisions\/23634"}],"wp:featuredmedia":[{"embeddable":true,"href":"https:\/\/www.p31noticias.com.br\/index.php?rest_route=\/wp\/v2\/media\/23633"}],"wp:attachment":[{"href":"https:\/\/www.p31noticias.com.br\/index.php?rest_route=%2Fwp%2Fv2%2Fmedia&parent=23623"}],"wp:term":[{"taxonomy":"category","embeddable":true,"href":"https:\/\/www.p31noticias.com.br\/index.php?rest_route=%2Fwp%2Fv2%2Fcategories&post=23623"},{"taxonomy":"post_tag","embeddable":true,"href":"https:\/\/www.p31noticias.com.br\/index.php?rest_route=%2Fwp%2Fv2%2Ftags&post=23623"}],"curies":[{"name":"wp","href":"https:\/\/api.w.org\/{rel}","templated":true}]}}