{"id":23614,"date":"2021-08-03T16:28:37","date_gmt":"2021-08-03T19:28:37","guid":{"rendered":"https:\/\/p31noticias.com.br\/?p=23614"},"modified":"2021-08-03T16:28:37","modified_gmt":"2021-08-03T19:28:37","slug":"covid-19-df-registra-mais-14-mortes-ceilandia-passa-de-15-mil-vitimas-da-doenca","status":"publish","type":"post","link":"https:\/\/www.p31noticias.com.br\/?p=23614","title":{"rendered":"Covid-19: DF registra mais 14 mortes; Ceil\u00e2ndia passa de 1,5 mil v\u00edtimas da doen\u00e7a"},"content":{"rendered":"<div class=\"mc-column content-text active-extra-styles \" data-block-type=\"unstyled\" data-block-weight=\"50\" data-block-id=\"2\">\n<p class=\"content-text__container \" data-track-category=\"Link no Texto\" data-track-links=\"\">O Distrito Federal registrou mais 14 mortes e 705 novos casos de Covid-19 nesta segunda-feira (2), de acordo com os dados da Secretaria de Sa\u00fade do DF (SES-DF). O total de \u00f3bitos, desde o in\u00edcio da pandemia, chega a 9.644<em>.<\/em> J\u00e1 os infectados somam 451.570<strong>\u00a0<\/strong>sendo que 96,2% est\u00e3o recuperados.<\/p>\n<\/div>\n<div class=\"wall protected-content\">\n<div class=\"mc-column content-text active-extra-styles \" data-block-type=\"unstyled\" data-block-weight=\"22\" data-block-id=\"3\">\n<p class=\"content-text__container \" data-track-category=\"Link no Texto\" data-track-links=\"\">Ceil\u00e2ndia \u00e9 a regi\u00e3o com maior n\u00famero de casos e mortes por coronav\u00edrus. Foram 1.501 \u00f3bitos e 49.770 infectados.<\/p>\n<\/div>\n<div class=\"mc-column content-text active-extra-styles \" data-block-type=\"unstyled\" data-block-weight=\"46\" data-block-id=\"4\">\n<p class=\"content-text__container \" data-track-category=\"Link no Texto\" data-track-links=\"\">O n\u00famero de casos registrados aumentou 0,8% em rela\u00e7\u00e3o ao boletim de domingo (2), que mostrou 699 novos contaminados. Na mesma compara\u00e7\u00e3o, foram 4 mortes a mais \u2013 o balan\u00e7o anterior confirmou 10 v\u00edtimas. Entre as \u00faltimas mortes, uma tinha entre 20 e 29 anos.<\/p>\n<p data-track-category=\"Link no Texto\" data-track-links=\"\">Fonte: G1.<\/p>\n<\/div>\n<\/div>\n","protected":false},"excerpt":{"rendered":"<p>O Distrito Federal registrou mais 14 mortes e 705 novos casos de Covid-19 nesta segunda-feira (2), de acordo com os dados da Secretaria de Sa\u00fade do DF (SES-DF). O total de \u00f3bitos, desde o in\u00edcio da pandemia, chega a 9.644. J\u00e1 os infectados somam 451.570\u00a0sendo que 96,2% est\u00e3o recuperados. Ceil\u00e2ndia \u00e9 a regi\u00e3o com maior [&hellip;]<\/p>\n","protected":false},"author":5,"featured_media":23616,"comment_status":"open","ping_status":"open","sticky":false,"template":"","format":"standard","meta":{"footnotes":""},"categories":[1],"tags":[],"class_list":{"0":"post-23614","1":"post","2":"type-post","3":"status-publish","4":"format-standard","5":"has-post-thumbnail","7":"category-outros"},"yoast_head":"<!-- This site is optimized with the Yoast SEO Premium plugin v24.5 (Yoast SEO v27.5) - https:\/\/yoast.com\/product\/yoast-seo-premium-wordpress\/ -->\n<title>Covid-19: DF registra mais 14 mortes; Ceil\u00e2ndia passa de 1,5 mil v\u00edtimas da doen\u00e7a - P31<\/title>\n<meta name=\"robots\" content=\"index, follow, max-snippet:-1, max-image-preview:large, max-video-preview:-1\" \/>\n<link rel=\"canonical\" href=\"https:\/\/www.p31noticias.com.br\/?p=23614\" \/>\n<meta property=\"og:locale\" content=\"pt_BR\" \/>\n<meta property=\"og:type\" content=\"article\" \/>\n<meta property=\"og:title\" content=\"Covid-19: DF registra mais 14 mortes; Ceil\u00e2ndia passa de 1,5 mil v\u00edtimas da doen\u00e7a\" \/>\n<meta property=\"og:description\" content=\"O Distrito Federal registrou mais 14 mortes e 705 novos casos de Covid-19 nesta segunda-feira (2), de acordo com os dados da Secretaria de Sa\u00fade do DF (SES-DF). O total de \u00f3bitos, desde o in\u00edcio da pandemia, chega a 9.644. J\u00e1 os infectados somam 451.570\u00a0sendo que 96,2% est\u00e3o recuperados. Ceil\u00e2ndia \u00e9 a regi\u00e3o com maior [&hellip;]\" \/>\n<meta property=\"og:url\" content=\"https:\/\/www.p31noticias.com.br\/?p=23614\" \/>\n<meta property=\"og:site_name\" content=\"P31\" \/>\n<meta property=\"article:published_time\" content=\"2021-08-03T19:28:37+00:00\" \/>\n<meta property=\"og:image\" content=\"https:\/\/www.p31noticias.com.br\/wp-content\/uploads\/2021\/08\/20200714-covid.jpg\" \/>\n\t<meta property=\"og:image:width\" content=\"984\" \/>\n\t<meta property=\"og:image:height\" content=\"793\" \/>\n\t<meta property=\"og:image:type\" content=\"image\/jpeg\" \/>\n<meta name=\"author\" content=\"Camilly Scheffer\" \/>\n<meta name=\"twitter:card\" content=\"summary_large_image\" \/>\n<meta name=\"twitter:label1\" content=\"Escrito por\" \/>\n\t<meta name=\"twitter:data1\" content=\"Camilly Scheffer\" \/>\n\t<meta name=\"twitter:label2\" content=\"Est. tempo de leitura\" \/>\n\t<meta name=\"twitter:data2\" content=\"1 minuto\" \/>\n<script type=\"application\/ld+json\" class=\"yoast-schema-graph\">{\"@context\":\"https:\\\/\\\/schema.org\",\"@graph\":[{\"@type\":\"Article\",\"@id\":\"https:\\\/\\\/www.p31noticias.com.br\\\/?p=23614#article\",\"isPartOf\":{\"@id\":\"https:\\\/\\\/www.p31noticias.com.br\\\/?p=23614\"},\"author\":{\"name\":\"Camilly Scheffer\",\"@id\":\"https:\\\/\\\/www.p31noticias.com.br\\\/#\\\/schema\\\/person\\\/d1bb0ccbf62b27e19ea4e75696908d43\"},\"headline\":\"Covid-19: DF registra mais 14 mortes; Ceil\u00e2ndia passa de 1,5 mil v\u00edtimas da doen\u00e7a\",\"datePublished\":\"2021-08-03T19:28:37+00:00\",\"mainEntityOfPage\":{\"@id\":\"https:\\\/\\\/www.p31noticias.com.br\\\/?p=23614\"},\"wordCount\":126,\"commentCount\":0,\"image\":{\"@id\":\"https:\\\/\\\/www.p31noticias.com.br\\\/?p=23614#primaryimage\"},\"thumbnailUrl\":\"https:\\\/\\\/www.p31noticias.com.br\\\/wp-content\\\/uploads\\\/2021\\\/08\\\/20200714-covid.jpg\",\"articleSection\":[\"Outros\"],\"inLanguage\":\"pt-BR\",\"potentialAction\":[{\"@type\":\"CommentAction\",\"name\":\"Comment\",\"target\":[\"https:\\\/\\\/www.p31noticias.com.br\\\/?p=23614#respond\"]}],\"copyrightYear\":\"2021\",\"copyrightHolder\":{\"@id\":\"https:\\\/\\\/www.p31noticias.com.br\\\/#organization\"}},{\"@type\":\"WebPage\",\"@id\":\"https:\\\/\\\/www.p31noticias.com.br\\\/?p=23614\",\"url\":\"https:\\\/\\\/www.p31noticias.com.br\\\/?p=23614\",\"name\":\"Covid-19: DF registra mais 14 mortes; Ceil\u00e2ndia passa de 1,5 mil v\u00edtimas da doen\u00e7a - P31\",\"isPartOf\":{\"@id\":\"https:\\\/\\\/www.p31noticias.com.br\\\/#website\"},\"primaryImageOfPage\":{\"@id\":\"https:\\\/\\\/www.p31noticias.com.br\\\/?p=23614#primaryimage\"},\"image\":{\"@id\":\"https:\\\/\\\/www.p31noticias.com.br\\\/?p=23614#primaryimage\"},\"thumbnailUrl\":\"https:\\\/\\\/www.p31noticias.com.br\\\/wp-content\\\/uploads\\\/2021\\\/08\\\/20200714-covid.jpg\",\"datePublished\":\"2021-08-03T19:28:37+00:00\",\"author\":{\"@id\":\"https:\\\/\\\/www.p31noticias.com.br\\\/#\\\/schema\\\/person\\\/d1bb0ccbf62b27e19ea4e75696908d43\"},\"breadcrumb\":{\"@id\":\"https:\\\/\\\/www.p31noticias.com.br\\\/?p=23614#breadcrumb\"},\"inLanguage\":\"pt-BR\",\"potentialAction\":[{\"@type\":\"ReadAction\",\"target\":[\"https:\\\/\\\/www.p31noticias.com.br\\\/?p=23614\"]}]},{\"@type\":\"ImageObject\",\"inLanguage\":\"pt-BR\",\"@id\":\"https:\\\/\\\/www.p31noticias.com.br\\\/?p=23614#primaryimage\",\"url\":\"https:\\\/\\\/www.p31noticias.com.br\\\/wp-content\\\/uploads\\\/2021\\\/08\\\/20200714-covid.jpg\",\"contentUrl\":\"https:\\\/\\\/www.p31noticias.com.br\\\/wp-content\\\/uploads\\\/2021\\\/08\\\/20200714-covid.jpg\",\"width\":984,\"height\":793},{\"@type\":\"BreadcrumbList\",\"@id\":\"https:\\\/\\\/www.p31noticias.com.br\\\/?p=23614#breadcrumb\",\"itemListElement\":[{\"@type\":\"ListItem\",\"position\":1,\"name\":\"In\u00edcio\",\"item\":\"https:\\\/\\\/www.p31noticias.com.br\\\/\"},{\"@type\":\"ListItem\",\"position\":2,\"name\":\"Covid-19: DF registra mais 14 mortes; Ceil\u00e2ndia passa de 1,5 mil v\u00edtimas da doen\u00e7a\"}]},{\"@type\":\"WebSite\",\"@id\":\"https:\\\/\\\/www.p31noticias.com.br\\\/#website\",\"url\":\"https:\\\/\\\/www.p31noticias.com.br\\\/\",\"name\":\"P31\",\"description\":\"NOT\u00cdCIAS\",\"potentialAction\":[{\"@type\":\"SearchAction\",\"target\":{\"@type\":\"EntryPoint\",\"urlTemplate\":\"https:\\\/\\\/www.p31noticias.com.br\\\/?s={search_term_string}\"},\"query-input\":{\"@type\":\"PropertyValueSpecification\",\"valueRequired\":true,\"valueName\":\"search_term_string\"}}],\"inLanguage\":\"pt-BR\"},{\"@type\":\"Person\",\"@id\":\"https:\\\/\\\/www.p31noticias.com.br\\\/#\\\/schema\\\/person\\\/d1bb0ccbf62b27e19ea4e75696908d43\",\"name\":\"Camilly Scheffer\",\"image\":{\"@type\":\"ImageObject\",\"inLanguage\":\"pt-BR\",\"@id\":\"https:\\\/\\\/secure.gravatar.com\\\/avatar\\\/06f4704b382d241ec2670712618fccea085b2db24d7b2d3b8691d904bbc1d557?s=96&d=mm&r=g\",\"url\":\"https:\\\/\\\/secure.gravatar.com\\\/avatar\\\/06f4704b382d241ec2670712618fccea085b2db24d7b2d3b8691d904bbc1d557?s=96&d=mm&r=g\",\"contentUrl\":\"https:\\\/\\\/secure.gravatar.com\\\/avatar\\\/06f4704b382d241ec2670712618fccea085b2db24d7b2d3b8691d904bbc1d557?s=96&d=mm&r=g\",\"caption\":\"Camilly Scheffer\"},\"url\":\"https:\\\/\\\/www.p31noticias.com.br\\\/?author=5\"}]}<\/script>\n<!-- \/ Yoast SEO Premium plugin. -->","yoast_head_json":{"title":"Covid-19: DF registra mais 14 mortes; Ceil\u00e2ndia passa de 1,5 mil v\u00edtimas da doen\u00e7a - P31","robots":{"index":"index","follow":"follow","max-snippet":"max-snippet:-1","max-image-preview":"max-image-preview:large","max-video-preview":"max-video-preview:-1"},"canonical":"https:\/\/www.p31noticias.com.br\/?p=23614","og_locale":"pt_BR","og_type":"article","og_title":"Covid-19: DF registra mais 14 mortes; Ceil\u00e2ndia passa de 1,5 mil v\u00edtimas da doen\u00e7a","og_description":"O Distrito Federal registrou mais 14 mortes e 705 novos casos de Covid-19 nesta segunda-feira (2), de acordo com os dados da Secretaria de Sa\u00fade do DF (SES-DF). O total de \u00f3bitos, desde o in\u00edcio da pandemia, chega a 9.644. J\u00e1 os infectados somam 451.570\u00a0sendo que 96,2% est\u00e3o recuperados. Ceil\u00e2ndia \u00e9 a regi\u00e3o com maior [&hellip;]","og_url":"https:\/\/www.p31noticias.com.br\/?p=23614","og_site_name":"P31","article_published_time":"2021-08-03T19:28:37+00:00","og_image":[{"width":984,"height":793,"url":"https:\/\/www.p31noticias.com.br\/wp-content\/uploads\/2021\/08\/20200714-covid.jpg","type":"image\/jpeg"}],"author":"Camilly Scheffer","twitter_card":"summary_large_image","twitter_misc":{"Escrito por":"Camilly Scheffer","Est. tempo de leitura":"1 minuto"},"schema":{"@context":"https:\/\/schema.org","@graph":[{"@type":"Article","@id":"https:\/\/www.p31noticias.com.br\/?p=23614#article","isPartOf":{"@id":"https:\/\/www.p31noticias.com.br\/?p=23614"},"author":{"name":"Camilly Scheffer","@id":"https:\/\/www.p31noticias.com.br\/#\/schema\/person\/d1bb0ccbf62b27e19ea4e75696908d43"},"headline":"Covid-19: DF registra mais 14 mortes; Ceil\u00e2ndia passa de 1,5 mil v\u00edtimas da doen\u00e7a","datePublished":"2021-08-03T19:28:37+00:00","mainEntityOfPage":{"@id":"https:\/\/www.p31noticias.com.br\/?p=23614"},"wordCount":126,"commentCount":0,"image":{"@id":"https:\/\/www.p31noticias.com.br\/?p=23614#primaryimage"},"thumbnailUrl":"https:\/\/www.p31noticias.com.br\/wp-content\/uploads\/2021\/08\/20200714-covid.jpg","articleSection":["Outros"],"inLanguage":"pt-BR","potentialAction":[{"@type":"CommentAction","name":"Comment","target":["https:\/\/www.p31noticias.com.br\/?p=23614#respond"]}],"copyrightYear":"2021","copyrightHolder":{"@id":"https:\/\/www.p31noticias.com.br\/#organization"}},{"@type":"WebPage","@id":"https:\/\/www.p31noticias.com.br\/?p=23614","url":"https:\/\/www.p31noticias.com.br\/?p=23614","name":"Covid-19: DF registra mais 14 mortes; Ceil\u00e2ndia passa de 1,5 mil v\u00edtimas da doen\u00e7a - P31","isPartOf":{"@id":"https:\/\/www.p31noticias.com.br\/#website"},"primaryImageOfPage":{"@id":"https:\/\/www.p31noticias.com.br\/?p=23614#primaryimage"},"image":{"@id":"https:\/\/www.p31noticias.com.br\/?p=23614#primaryimage"},"thumbnailUrl":"https:\/\/www.p31noticias.com.br\/wp-content\/uploads\/2021\/08\/20200714-covid.jpg","datePublished":"2021-08-03T19:28:37+00:00","author":{"@id":"https:\/\/www.p31noticias.com.br\/#\/schema\/person\/d1bb0ccbf62b27e19ea4e75696908d43"},"breadcrumb":{"@id":"https:\/\/www.p31noticias.com.br\/?p=23614#breadcrumb"},"inLanguage":"pt-BR","potentialAction":[{"@type":"ReadAction","target":["https:\/\/www.p31noticias.com.br\/?p=23614"]}]},{"@type":"ImageObject","inLanguage":"pt-BR","@id":"https:\/\/www.p31noticias.com.br\/?p=23614#primaryimage","url":"https:\/\/www.p31noticias.com.br\/wp-content\/uploads\/2021\/08\/20200714-covid.jpg","contentUrl":"https:\/\/www.p31noticias.com.br\/wp-content\/uploads\/2021\/08\/20200714-covid.jpg","width":984,"height":793},{"@type":"BreadcrumbList","@id":"https:\/\/www.p31noticias.com.br\/?p=23614#breadcrumb","itemListElement":[{"@type":"ListItem","position":1,"name":"In\u00edcio","item":"https:\/\/www.p31noticias.com.br\/"},{"@type":"ListItem","position":2,"name":"Covid-19: DF registra mais 14 mortes; Ceil\u00e2ndia passa de 1,5 mil v\u00edtimas da doen\u00e7a"}]},{"@type":"WebSite","@id":"https:\/\/www.p31noticias.com.br\/#website","url":"https:\/\/www.p31noticias.com.br\/","name":"P31","description":"NOT\u00cdCIAS","potentialAction":[{"@type":"SearchAction","target":{"@type":"EntryPoint","urlTemplate":"https:\/\/www.p31noticias.com.br\/?s={search_term_string}"},"query-input":{"@type":"PropertyValueSpecification","valueRequired":true,"valueName":"search_term_string"}}],"inLanguage":"pt-BR"},{"@type":"Person","@id":"https:\/\/www.p31noticias.com.br\/#\/schema\/person\/d1bb0ccbf62b27e19ea4e75696908d43","name":"Camilly Scheffer","image":{"@type":"ImageObject","inLanguage":"pt-BR","@id":"https:\/\/secure.gravatar.com\/avatar\/06f4704b382d241ec2670712618fccea085b2db24d7b2d3b8691d904bbc1d557?s=96&d=mm&r=g","url":"https:\/\/secure.gravatar.com\/avatar\/06f4704b382d241ec2670712618fccea085b2db24d7b2d3b8691d904bbc1d557?s=96&d=mm&r=g","contentUrl":"https:\/\/secure.gravatar.com\/avatar\/06f4704b382d241ec2670712618fccea085b2db24d7b2d3b8691d904bbc1d557?s=96&d=mm&r=g","caption":"Camilly Scheffer"},"url":"https:\/\/www.p31noticias.com.br\/?author=5"}]}},"amp_enabled":true,"_links":{"self":[{"href":"https:\/\/www.p31noticias.com.br\/index.php?rest_route=\/wp\/v2\/posts\/23614","targetHints":{"allow":["GET"]}}],"collection":[{"href":"https:\/\/www.p31noticias.com.br\/index.php?rest_route=\/wp\/v2\/posts"}],"about":[{"href":"https:\/\/www.p31noticias.com.br\/index.php?rest_route=\/wp\/v2\/types\/post"}],"author":[{"embeddable":true,"href":"https:\/\/www.p31noticias.com.br\/index.php?rest_route=\/wp\/v2\/users\/5"}],"replies":[{"embeddable":true,"href":"https:\/\/www.p31noticias.com.br\/index.php?rest_route=%2Fwp%2Fv2%2Fcomments&post=23614"}],"version-history":[{"count":1,"href":"https:\/\/www.p31noticias.com.br\/index.php?rest_route=\/wp\/v2\/posts\/23614\/revisions"}],"predecessor-version":[{"id":23615,"href":"https:\/\/www.p31noticias.com.br\/index.php?rest_route=\/wp\/v2\/posts\/23614\/revisions\/23615"}],"wp:featuredmedia":[{"embeddable":true,"href":"https:\/\/www.p31noticias.com.br\/index.php?rest_route=\/wp\/v2\/media\/23616"}],"wp:attachment":[{"href":"https:\/\/www.p31noticias.com.br\/index.php?rest_route=%2Fwp%2Fv2%2Fmedia&parent=23614"}],"wp:term":[{"taxonomy":"category","embeddable":true,"href":"https:\/\/www.p31noticias.com.br\/index.php?rest_route=%2Fwp%2Fv2%2Fcategories&post=23614"},{"taxonomy":"post_tag","embeddable":true,"href":"https:\/\/www.p31noticias.com.br\/index.php?rest_route=%2Fwp%2Fv2%2Ftags&post=23614"}],"curies":[{"name":"wp","href":"https:\/\/api.w.org\/{rel}","templated":true}]}}