{"id":23552,"date":"2021-07-29T12:05:20","date_gmt":"2021-07-29T15:05:20","guid":{"rendered":"https:\/\/p31noticias.com.br\/?p=23552"},"modified":"2021-07-29T12:05:20","modified_gmt":"2021-07-29T15:05:20","slug":"agora-e-lei-catadores-passam-a-ter-prioridade-na-coleta-de-residuos-solidos-no-df","status":"publish","type":"post","link":"https:\/\/www.p31noticias.com.br\/?p=23552","title":{"rendered":"Agora \u00e9 Lei: Catadores passam a ter prioridade na coleta de res\u00edduos s\u00f3lidos no DF"},"content":{"rendered":"<p>As associa\u00e7\u00f5es e cooperativas de catadores de materiais recicl\u00e1veis agora t\u00eam prioridade na coleta de res\u00edduos s\u00f3lidos nos condom\u00ednios horizontais do Distrito Federal. A prerrogativa foi estabelecida pela Lei 6.907\/2021, publicada nesta segunda-feira (19\/7) no Di\u00e1rio Oficial do DF. Para o autor da proposi\u00e7\u00e3o, deputado Jo\u00e3o Cardoso (Avante), a nova lei ir\u00e1 favorecer a inclus\u00e3o social, com gera\u00e7\u00e3o de renda para fam\u00edlias em situa\u00e7\u00e3o de vulnerabilidade.<\/p>\n<p>Ainda segundo o distrital, a iniciativa atende reivindica\u00e7\u00f5es dos representantes da categoria e dos condom\u00ednios. &#8220;A coleta seletiva inclusiva compreende a coleta dos res\u00edduos que s\u00e3o destinados a uma \u00e1rea de triagem, onde os catadores selecionam os materiais com potencial de reciclagem para serem comercializados, gerando, assim, renda para fam\u00edlias carentes e preserva\u00e7\u00e3o do meio ambiente&#8221;, explicou.<\/p>\n<p>Em conformidade com a Pol\u00edtica Nacional de Res\u00edduos S\u00f3lidos, a proposta alterou a lei 6.615\/2020, que trata da coleta de res\u00edduos s\u00f3lidos nos condom\u00ednios horizontais pelo Servi\u00e7o de Limpeza Urbana. O projeto de lei foi protocolado na C\u00e2mara Legislativa na Semana do Meio Ambiente, quando Jo\u00e3o Cardoso, que \u00e9 servidor do Instituto Bras\u00edlia Ambiental (Ibram), discursou em plen\u00e1rio sobre a import\u00e2ncia desses profissionais na preserva\u00e7\u00e3o da biodiversidade.<\/p>\n<p>*Com informa\u00e7\u00e3o da assessoria da Ag\u00eancia CLDF<\/p>\n","protected":false},"excerpt":{"rendered":"<p>As associa\u00e7\u00f5es e cooperativas de catadores de materiais recicl\u00e1veis agora t\u00eam prioridade na coleta de res\u00edduos s\u00f3lidos nos condom\u00ednios horizontais do Distrito Federal. A prerrogativa foi estabelecida pela Lei 6.907\/2021, publicada nesta segunda-feira (19\/7) no Di\u00e1rio Oficial do DF. Para o autor da proposi\u00e7\u00e3o, deputado Jo\u00e3o Cardoso (Avante), a nova lei ir\u00e1 favorecer a inclus\u00e3o [&hellip;]<\/p>\n","protected":false},"author":18,"featured_media":23553,"comment_status":"open","ping_status":"open","sticky":false,"template":"","format":"standard","meta":{"footnotes":""},"categories":[21],"tags":[],"class_list":{"0":"post-23552","1":"post","2":"type-post","3":"status-publish","4":"format-standard","5":"has-post-thumbnail","7":"category-brasilia"},"yoast_head":"<!-- This site is optimized with the Yoast SEO Premium plugin v24.5 (Yoast SEO v27.5) - https:\/\/yoast.com\/product\/yoast-seo-premium-wordpress\/ -->\n<title>Agora \u00e9 Lei: Catadores passam a ter prioridade na coleta de res\u00edduos s\u00f3lidos no DF - P31<\/title>\n<meta name=\"robots\" content=\"index, follow, max-snippet:-1, max-image-preview:large, max-video-preview:-1\" \/>\n<link rel=\"canonical\" href=\"https:\/\/www.p31noticias.com.br\/?p=23552\" \/>\n<meta property=\"og:locale\" content=\"pt_BR\" \/>\n<meta property=\"og:type\" content=\"article\" \/>\n<meta property=\"og:title\" content=\"Agora \u00e9 Lei: Catadores passam a ter prioridade na coleta de res\u00edduos s\u00f3lidos no DF\" \/>\n<meta property=\"og:description\" content=\"As associa\u00e7\u00f5es e cooperativas de catadores de materiais recicl\u00e1veis agora t\u00eam prioridade na coleta de res\u00edduos s\u00f3lidos nos condom\u00ednios horizontais do Distrito Federal. A prerrogativa foi estabelecida pela Lei 6.907\/2021, publicada nesta segunda-feira (19\/7) no Di\u00e1rio Oficial do DF. Para o autor da proposi\u00e7\u00e3o, deputado Jo\u00e3o Cardoso (Avante), a nova lei ir\u00e1 favorecer a inclus\u00e3o [&hellip;]\" \/>\n<meta property=\"og:url\" content=\"https:\/\/www.p31noticias.com.br\/?p=23552\" \/>\n<meta property=\"og:site_name\" content=\"P31\" \/>\n<meta property=\"article:published_time\" content=\"2021-07-29T15:05:20+00:00\" \/>\n<meta property=\"og:image\" content=\"https:\/\/www.p31noticias.com.br\/wp-content\/uploads\/2021\/07\/Edilson-RodriguesAg\u00eancia-Senado.jpg\" \/>\n\t<meta property=\"og:image:width\" content=\"860\" \/>\n\t<meta property=\"og:image:height\" content=\"570\" \/>\n\t<meta property=\"og:image:type\" content=\"image\/jpeg\" \/>\n<meta name=\"author\" content=\"Reda\u00e7\u00e3o JBN\" \/>\n<meta name=\"twitter:card\" content=\"summary_large_image\" \/>\n<meta name=\"twitter:label1\" content=\"Escrito por\" \/>\n\t<meta name=\"twitter:data1\" content=\"Reda\u00e7\u00e3o JBN\" \/>\n\t<meta name=\"twitter:label2\" content=\"Est. tempo de leitura\" \/>\n\t<meta name=\"twitter:data2\" content=\"1 minuto\" \/>\n<script type=\"application\/ld+json\" class=\"yoast-schema-graph\">{\"@context\":\"https:\\\/\\\/schema.org\",\"@graph\":[{\"@type\":\"Article\",\"@id\":\"https:\\\/\\\/www.p31noticias.com.br\\\/?p=23552#article\",\"isPartOf\":{\"@id\":\"https:\\\/\\\/www.p31noticias.com.br\\\/?p=23552\"},\"author\":{\"name\":\"Reda\u00e7\u00e3o JBN\",\"@id\":\"https:\\\/\\\/www.p31noticias.com.br\\\/#\\\/schema\\\/person\\\/77d6b186c710ac38937c6ec204fdd387\"},\"headline\":\"Agora \u00e9 Lei: Catadores passam a ter prioridade na coleta de res\u00edduos s\u00f3lidos no DF\",\"datePublished\":\"2021-07-29T15:05:20+00:00\",\"mainEntityOfPage\":{\"@id\":\"https:\\\/\\\/www.p31noticias.com.br\\\/?p=23552\"},\"wordCount\":243,\"commentCount\":0,\"image\":{\"@id\":\"https:\\\/\\\/www.p31noticias.com.br\\\/?p=23552#primaryimage\"},\"thumbnailUrl\":\"https:\\\/\\\/www.p31noticias.com.br\\\/wp-content\\\/uploads\\\/2021\\\/07\\\/Edilson-RodriguesAg\u00eancia-Senado.jpg\",\"articleSection\":[\"Bras\u00edlia\"],\"inLanguage\":\"pt-BR\",\"potentialAction\":[{\"@type\":\"CommentAction\",\"name\":\"Comment\",\"target\":[\"https:\\\/\\\/www.p31noticias.com.br\\\/?p=23552#respond\"]}],\"copyrightYear\":\"2021\",\"copyrightHolder\":{\"@id\":\"https:\\\/\\\/www.p31noticias.com.br\\\/#organization\"}},{\"@type\":\"WebPage\",\"@id\":\"https:\\\/\\\/www.p31noticias.com.br\\\/?p=23552\",\"url\":\"https:\\\/\\\/www.p31noticias.com.br\\\/?p=23552\",\"name\":\"Agora \u00e9 Lei: Catadores passam a ter prioridade na coleta de res\u00edduos s\u00f3lidos no DF - P31\",\"isPartOf\":{\"@id\":\"https:\\\/\\\/www.p31noticias.com.br\\\/#website\"},\"primaryImageOfPage\":{\"@id\":\"https:\\\/\\\/www.p31noticias.com.br\\\/?p=23552#primaryimage\"},\"image\":{\"@id\":\"https:\\\/\\\/www.p31noticias.com.br\\\/?p=23552#primaryimage\"},\"thumbnailUrl\":\"https:\\\/\\\/www.p31noticias.com.br\\\/wp-content\\\/uploads\\\/2021\\\/07\\\/Edilson-RodriguesAg\u00eancia-Senado.jpg\",\"datePublished\":\"2021-07-29T15:05:20+00:00\",\"author\":{\"@id\":\"https:\\\/\\\/www.p31noticias.com.br\\\/#\\\/schema\\\/person\\\/77d6b186c710ac38937c6ec204fdd387\"},\"breadcrumb\":{\"@id\":\"https:\\\/\\\/www.p31noticias.com.br\\\/?p=23552#breadcrumb\"},\"inLanguage\":\"pt-BR\",\"potentialAction\":[{\"@type\":\"ReadAction\",\"target\":[\"https:\\\/\\\/www.p31noticias.com.br\\\/?p=23552\"]}]},{\"@type\":\"ImageObject\",\"inLanguage\":\"pt-BR\",\"@id\":\"https:\\\/\\\/www.p31noticias.com.br\\\/?p=23552#primaryimage\",\"url\":\"https:\\\/\\\/www.p31noticias.com.br\\\/wp-content\\\/uploads\\\/2021\\\/07\\\/Edilson-RodriguesAg\u00eancia-Senado.jpg\",\"contentUrl\":\"https:\\\/\\\/www.p31noticias.com.br\\\/wp-content\\\/uploads\\\/2021\\\/07\\\/Edilson-RodriguesAg\u00eancia-Senado.jpg\",\"width\":860,\"height\":570,\"caption\":\"BIE - Banco de Imagens Externas. Lix\u00e3o da Estrutural. Os munic\u00edpios poder\u00e3o ter mais dois anos e contar com recursos federais para se adaptarem \u00e0 Pol\u00edtica Nacional de Res\u00edduos S\u00f3lidos, a lei que, entre outras mudan\u00e7as, prev\u00ea o fim dos lix\u00f5es. A decis\u00e3o foi anunciada pelo senador Romero Juc\u00e1 (PMDB-RR) durante o debate da MP 651\\\/2014. Foto: Edilson Rodrigues\\\/Ag\u00eancia Senado\"},{\"@type\":\"BreadcrumbList\",\"@id\":\"https:\\\/\\\/www.p31noticias.com.br\\\/?p=23552#breadcrumb\",\"itemListElement\":[{\"@type\":\"ListItem\",\"position\":1,\"name\":\"In\u00edcio\",\"item\":\"https:\\\/\\\/www.p31noticias.com.br\\\/\"},{\"@type\":\"ListItem\",\"position\":2,\"name\":\"Agora \u00e9 Lei: Catadores passam a ter prioridade na coleta de res\u00edduos s\u00f3lidos no DF\"}]},{\"@type\":\"WebSite\",\"@id\":\"https:\\\/\\\/www.p31noticias.com.br\\\/#website\",\"url\":\"https:\\\/\\\/www.p31noticias.com.br\\\/\",\"name\":\"P31\",\"description\":\"NOT\u00cdCIAS\",\"potentialAction\":[{\"@type\":\"SearchAction\",\"target\":{\"@type\":\"EntryPoint\",\"urlTemplate\":\"https:\\\/\\\/www.p31noticias.com.br\\\/?s={search_term_string}\"},\"query-input\":{\"@type\":\"PropertyValueSpecification\",\"valueRequired\":true,\"valueName\":\"search_term_string\"}}],\"inLanguage\":\"pt-BR\"},{\"@type\":\"Person\",\"@id\":\"https:\\\/\\\/www.p31noticias.com.br\\\/#\\\/schema\\\/person\\\/77d6b186c710ac38937c6ec204fdd387\",\"name\":\"Reda\u00e7\u00e3o JBN\",\"image\":{\"@type\":\"ImageObject\",\"inLanguage\":\"pt-BR\",\"@id\":\"https:\\\/\\\/secure.gravatar.com\\\/avatar\\\/10fcdb93211f98cce3d64c0795b0915a9a4a21dc0f279238995a3dbfafcad090?s=96&d=mm&r=g\",\"url\":\"https:\\\/\\\/secure.gravatar.com\\\/avatar\\\/10fcdb93211f98cce3d64c0795b0915a9a4a21dc0f279238995a3dbfafcad090?s=96&d=mm&r=g\",\"contentUrl\":\"https:\\\/\\\/secure.gravatar.com\\\/avatar\\\/10fcdb93211f98cce3d64c0795b0915a9a4a21dc0f279238995a3dbfafcad090?s=96&d=mm&r=g\",\"caption\":\"Reda\u00e7\u00e3o JBN\"},\"sameAs\":[\"https:\\\/\\\/p31noticias.com.br\"],\"url\":\"https:\\\/\\\/www.p31noticias.com.br\\\/?author=18\"}]}<\/script>\n<!-- \/ Yoast SEO Premium plugin. -->","yoast_head_json":{"title":"Agora \u00e9 Lei: Catadores passam a ter prioridade na coleta de res\u00edduos s\u00f3lidos no DF - P31","robots":{"index":"index","follow":"follow","max-snippet":"max-snippet:-1","max-image-preview":"max-image-preview:large","max-video-preview":"max-video-preview:-1"},"canonical":"https:\/\/www.p31noticias.com.br\/?p=23552","og_locale":"pt_BR","og_type":"article","og_title":"Agora \u00e9 Lei: Catadores passam a ter prioridade na coleta de res\u00edduos s\u00f3lidos no DF","og_description":"As associa\u00e7\u00f5es e cooperativas de catadores de materiais recicl\u00e1veis agora t\u00eam prioridade na coleta de res\u00edduos s\u00f3lidos nos condom\u00ednios horizontais do Distrito Federal. A prerrogativa foi estabelecida pela Lei 6.907\/2021, publicada nesta segunda-feira (19\/7) no Di\u00e1rio Oficial do DF. Para o autor da proposi\u00e7\u00e3o, deputado Jo\u00e3o Cardoso (Avante), a nova lei ir\u00e1 favorecer a inclus\u00e3o [&hellip;]","og_url":"https:\/\/www.p31noticias.com.br\/?p=23552","og_site_name":"P31","article_published_time":"2021-07-29T15:05:20+00:00","og_image":[{"width":860,"height":570,"url":"https:\/\/www.p31noticias.com.br\/wp-content\/uploads\/2021\/07\/Edilson-RodriguesAg\u00eancia-Senado.jpg","type":"image\/jpeg"}],"author":"Reda\u00e7\u00e3o JBN","twitter_card":"summary_large_image","twitter_misc":{"Escrito por":"Reda\u00e7\u00e3o JBN","Est. tempo de leitura":"1 minuto"},"schema":{"@context":"https:\/\/schema.org","@graph":[{"@type":"Article","@id":"https:\/\/www.p31noticias.com.br\/?p=23552#article","isPartOf":{"@id":"https:\/\/www.p31noticias.com.br\/?p=23552"},"author":{"name":"Reda\u00e7\u00e3o JBN","@id":"https:\/\/www.p31noticias.com.br\/#\/schema\/person\/77d6b186c710ac38937c6ec204fdd387"},"headline":"Agora \u00e9 Lei: Catadores passam a ter prioridade na coleta de res\u00edduos s\u00f3lidos no DF","datePublished":"2021-07-29T15:05:20+00:00","mainEntityOfPage":{"@id":"https:\/\/www.p31noticias.com.br\/?p=23552"},"wordCount":243,"commentCount":0,"image":{"@id":"https:\/\/www.p31noticias.com.br\/?p=23552#primaryimage"},"thumbnailUrl":"https:\/\/www.p31noticias.com.br\/wp-content\/uploads\/2021\/07\/Edilson-RodriguesAg\u00eancia-Senado.jpg","articleSection":["Bras\u00edlia"],"inLanguage":"pt-BR","potentialAction":[{"@type":"CommentAction","name":"Comment","target":["https:\/\/www.p31noticias.com.br\/?p=23552#respond"]}],"copyrightYear":"2021","copyrightHolder":{"@id":"https:\/\/www.p31noticias.com.br\/#organization"}},{"@type":"WebPage","@id":"https:\/\/www.p31noticias.com.br\/?p=23552","url":"https:\/\/www.p31noticias.com.br\/?p=23552","name":"Agora \u00e9 Lei: Catadores passam a ter prioridade na coleta de res\u00edduos s\u00f3lidos no DF - P31","isPartOf":{"@id":"https:\/\/www.p31noticias.com.br\/#website"},"primaryImageOfPage":{"@id":"https:\/\/www.p31noticias.com.br\/?p=23552#primaryimage"},"image":{"@id":"https:\/\/www.p31noticias.com.br\/?p=23552#primaryimage"},"thumbnailUrl":"https:\/\/www.p31noticias.com.br\/wp-content\/uploads\/2021\/07\/Edilson-RodriguesAg\u00eancia-Senado.jpg","datePublished":"2021-07-29T15:05:20+00:00","author":{"@id":"https:\/\/www.p31noticias.com.br\/#\/schema\/person\/77d6b186c710ac38937c6ec204fdd387"},"breadcrumb":{"@id":"https:\/\/www.p31noticias.com.br\/?p=23552#breadcrumb"},"inLanguage":"pt-BR","potentialAction":[{"@type":"ReadAction","target":["https:\/\/www.p31noticias.com.br\/?p=23552"]}]},{"@type":"ImageObject","inLanguage":"pt-BR","@id":"https:\/\/www.p31noticias.com.br\/?p=23552#primaryimage","url":"https:\/\/www.p31noticias.com.br\/wp-content\/uploads\/2021\/07\/Edilson-RodriguesAg\u00eancia-Senado.jpg","contentUrl":"https:\/\/www.p31noticias.com.br\/wp-content\/uploads\/2021\/07\/Edilson-RodriguesAg\u00eancia-Senado.jpg","width":860,"height":570,"caption":"BIE - Banco de Imagens Externas. Lix\u00e3o da Estrutural. Os munic\u00edpios poder\u00e3o ter mais dois anos e contar com recursos federais para se adaptarem \u00e0 Pol\u00edtica Nacional de Res\u00edduos S\u00f3lidos, a lei que, entre outras mudan\u00e7as, prev\u00ea o fim dos lix\u00f5es. A decis\u00e3o foi anunciada pelo senador Romero Juc\u00e1 (PMDB-RR) durante o debate da MP 651\/2014. Foto: Edilson Rodrigues\/Ag\u00eancia Senado"},{"@type":"BreadcrumbList","@id":"https:\/\/www.p31noticias.com.br\/?p=23552#breadcrumb","itemListElement":[{"@type":"ListItem","position":1,"name":"In\u00edcio","item":"https:\/\/www.p31noticias.com.br\/"},{"@type":"ListItem","position":2,"name":"Agora \u00e9 Lei: Catadores passam a ter prioridade na coleta de res\u00edduos s\u00f3lidos no DF"}]},{"@type":"WebSite","@id":"https:\/\/www.p31noticias.com.br\/#website","url":"https:\/\/www.p31noticias.com.br\/","name":"P31","description":"NOT\u00cdCIAS","potentialAction":[{"@type":"SearchAction","target":{"@type":"EntryPoint","urlTemplate":"https:\/\/www.p31noticias.com.br\/?s={search_term_string}"},"query-input":{"@type":"PropertyValueSpecification","valueRequired":true,"valueName":"search_term_string"}}],"inLanguage":"pt-BR"},{"@type":"Person","@id":"https:\/\/www.p31noticias.com.br\/#\/schema\/person\/77d6b186c710ac38937c6ec204fdd387","name":"Reda\u00e7\u00e3o JBN","image":{"@type":"ImageObject","inLanguage":"pt-BR","@id":"https:\/\/secure.gravatar.com\/avatar\/10fcdb93211f98cce3d64c0795b0915a9a4a21dc0f279238995a3dbfafcad090?s=96&d=mm&r=g","url":"https:\/\/secure.gravatar.com\/avatar\/10fcdb93211f98cce3d64c0795b0915a9a4a21dc0f279238995a3dbfafcad090?s=96&d=mm&r=g","contentUrl":"https:\/\/secure.gravatar.com\/avatar\/10fcdb93211f98cce3d64c0795b0915a9a4a21dc0f279238995a3dbfafcad090?s=96&d=mm&r=g","caption":"Reda\u00e7\u00e3o JBN"},"sameAs":["https:\/\/p31noticias.com.br"],"url":"https:\/\/www.p31noticias.com.br\/?author=18"}]}},"amp_enabled":true,"_links":{"self":[{"href":"https:\/\/www.p31noticias.com.br\/index.php?rest_route=\/wp\/v2\/posts\/23552","targetHints":{"allow":["GET"]}}],"collection":[{"href":"https:\/\/www.p31noticias.com.br\/index.php?rest_route=\/wp\/v2\/posts"}],"about":[{"href":"https:\/\/www.p31noticias.com.br\/index.php?rest_route=\/wp\/v2\/types\/post"}],"author":[{"embeddable":true,"href":"https:\/\/www.p31noticias.com.br\/index.php?rest_route=\/wp\/v2\/users\/18"}],"replies":[{"embeddable":true,"href":"https:\/\/www.p31noticias.com.br\/index.php?rest_route=%2Fwp%2Fv2%2Fcomments&post=23552"}],"version-history":[{"count":1,"href":"https:\/\/www.p31noticias.com.br\/index.php?rest_route=\/wp\/v2\/posts\/23552\/revisions"}],"predecessor-version":[{"id":23554,"href":"https:\/\/www.p31noticias.com.br\/index.php?rest_route=\/wp\/v2\/posts\/23552\/revisions\/23554"}],"wp:featuredmedia":[{"embeddable":true,"href":"https:\/\/www.p31noticias.com.br\/index.php?rest_route=\/wp\/v2\/media\/23553"}],"wp:attachment":[{"href":"https:\/\/www.p31noticias.com.br\/index.php?rest_route=%2Fwp%2Fv2%2Fmedia&parent=23552"}],"wp:term":[{"taxonomy":"category","embeddable":true,"href":"https:\/\/www.p31noticias.com.br\/index.php?rest_route=%2Fwp%2Fv2%2Fcategories&post=23552"},{"taxonomy":"post_tag","embeddable":true,"href":"https:\/\/www.p31noticias.com.br\/index.php?rest_route=%2Fwp%2Fv2%2Ftags&post=23552"}],"curies":[{"name":"wp","href":"https:\/\/api.w.org\/{rel}","templated":true}]}}