{"id":23549,"date":"2021-07-29T11:50:02","date_gmt":"2021-07-29T14:50:02","guid":{"rendered":"https:\/\/p31noticias.com.br\/?p=23549"},"modified":"2021-07-29T11:50:02","modified_gmt":"2021-07-29T14:50:02","slug":"rebeca-andrade-faz-historia-e-leva-a-prata-no-individual-geral-dos-jogos-olimpicos-de-toquio","status":"publish","type":"post","link":"https:\/\/www.p31noticias.com.br\/?p=23549","title":{"rendered":"Rebeca Andrade faz hist\u00f3ria e leva a prata no individual geral dos Jogos Ol\u00edmpicos de T\u00f3quio"},"content":{"rendered":"<p>Hist\u00f3rico! A ginasta Rebeca Andrade levou o &#8216;Baile de Favela&#8217; novamente para o gin\u00e1sio e conquistou, nesta quinta-feira, medalha de prata nos Jogos Ol\u00edmpicos de T\u00f3quio, no individual geral. Com o feito, a paulista de Guarulhos e de 22 anos se tornou a primeira brasileira a faturar um p\u00f3dio no esporte na Olimp\u00edada. Ela somou 57,298 pontos. A americana Sunisa Lee ficou com o ouro, ap\u00f3s fazer 57,433, enquanto o bronze foi da russa Angelina Melinkova: 57, 199.<\/p>\n<p>A final n\u00e3o contou com a presen\u00e7a da americana Simone Biles, que era favorit\u00edssima ao ouro, se classificou com a melhor nota, mas desistiu de competir por problemas psicol\u00f3gicos. Ela ainda n\u00e3o informou se vai competir nas finais individuais por aparelho.\u00a0<\/p>\n<p>Outra brasileira em T\u00f3quio, Fl\u00e1via Saraiva se machucou durante as qualificat\u00f3rias, mas beliscou vaga na decis\u00e3o da trave. Rebeca disputar\u00e1 tamb\u00e9m as finais no solo e no salto.\u00a0<\/p>\n<p>Quadro de medalhas e pr\u00f3ximos eventos<\/p>\n<p>Antes da final desta quinta-feira, a gin\u00e1stica art\u00edstica tinha dado outras tr\u00eas medalhas de ouro: o Comit\u00ea Ol\u00edmpico Russo ficou com o primeiro lugar na competi\u00e7\u00e3o por equipes masculinas e femininas. J\u00e1 no individua geral feminino, o topo foi do japon\u00eas Daiki Hashimoto.\u00a0A gin\u00e1stica agora ter\u00e1 dois dias de folga e volta no domingo, com finais individuais em dois aparelhos para homens e dois para mulheres.\u00a0<\/p>\n<p>Fonte: Lance!<\/p>\n","protected":false},"excerpt":{"rendered":"<p>Hist\u00f3rico! A ginasta Rebeca Andrade levou o &#8216;Baile de Favela&#8217; novamente para o gin\u00e1sio e conquistou, nesta quinta-feira, medalha de prata nos Jogos Ol\u00edmpicos de T\u00f3quio, no individual geral. Com o feito, a paulista de Guarulhos e de 22 anos se tornou a primeira brasileira a faturar um p\u00f3dio no esporte na Olimp\u00edada. Ela somou [&hellip;]<\/p>\n","protected":false},"author":18,"featured_media":23550,"comment_status":"open","ping_status":"open","sticky":false,"template":"","format":"standard","meta":{"footnotes":""},"categories":[1],"tags":[],"class_list":{"0":"post-23549","1":"post","2":"type-post","3":"status-publish","4":"format-standard","5":"has-post-thumbnail","7":"category-outros"},"yoast_head":"<!-- This site is optimized with the Yoast SEO Premium plugin v24.5 (Yoast SEO v27.5) - https:\/\/yoast.com\/product\/yoast-seo-premium-wordpress\/ -->\n<title>Rebeca Andrade faz hist\u00f3ria e leva a prata no individual geral dos Jogos Ol\u00edmpicos de T\u00f3quio - P31<\/title>\n<meta name=\"robots\" content=\"index, follow, max-snippet:-1, max-image-preview:large, max-video-preview:-1\" \/>\n<link rel=\"canonical\" href=\"https:\/\/www.p31noticias.com.br\/?p=23549\" \/>\n<meta property=\"og:locale\" content=\"pt_BR\" \/>\n<meta property=\"og:type\" content=\"article\" \/>\n<meta property=\"og:title\" content=\"Rebeca Andrade faz hist\u00f3ria e leva a prata no individual geral dos Jogos Ol\u00edmpicos de T\u00f3quio\" \/>\n<meta property=\"og:description\" content=\"Hist\u00f3rico! A ginasta Rebeca Andrade levou o &#8216;Baile de Favela&#8217; novamente para o gin\u00e1sio e conquistou, nesta quinta-feira, medalha de prata nos Jogos Ol\u00edmpicos de T\u00f3quio, no individual geral. Com o feito, a paulista de Guarulhos e de 22 anos se tornou a primeira brasileira a faturar um p\u00f3dio no esporte na Olimp\u00edada. Ela somou [&hellip;]\" \/>\n<meta property=\"og:url\" content=\"https:\/\/www.p31noticias.com.br\/?p=23549\" \/>\n<meta property=\"og:site_name\" content=\"P31\" \/>\n<meta property=\"article:published_time\" content=\"2021-07-29T14:50:02+00:00\" \/>\n<meta property=\"og:image\" content=\"https:\/\/www.p31noticias.com.br\/wp-content\/uploads\/2021\/07\/6102ae0be5ec5.jpeg\" \/>\n\t<meta property=\"og:image:width\" content=\"846\" \/>\n\t<meta property=\"og:image:height\" content=\"475\" \/>\n\t<meta property=\"og:image:type\" content=\"image\/jpeg\" \/>\n<meta name=\"author\" content=\"Reda\u00e7\u00e3o JBN\" \/>\n<meta name=\"twitter:card\" content=\"summary_large_image\" \/>\n<meta name=\"twitter:label1\" content=\"Escrito por\" \/>\n\t<meta name=\"twitter:data1\" content=\"Reda\u00e7\u00e3o JBN\" \/>\n\t<meta name=\"twitter:label2\" content=\"Est. tempo de leitura\" \/>\n\t<meta name=\"twitter:data2\" content=\"1 minuto\" \/>\n<script type=\"application\/ld+json\" class=\"yoast-schema-graph\">{\"@context\":\"https:\\\/\\\/schema.org\",\"@graph\":[{\"@type\":\"Article\",\"@id\":\"https:\\\/\\\/www.p31noticias.com.br\\\/?p=23549#article\",\"isPartOf\":{\"@id\":\"https:\\\/\\\/www.p31noticias.com.br\\\/?p=23549\"},\"author\":{\"name\":\"Reda\u00e7\u00e3o JBN\",\"@id\":\"https:\\\/\\\/www.p31noticias.com.br\\\/#\\\/schema\\\/person\\\/77d6b186c710ac38937c6ec204fdd387\"},\"headline\":\"Rebeca Andrade faz hist\u00f3ria e leva a prata no individual geral dos Jogos Ol\u00edmpicos de T\u00f3quio\",\"datePublished\":\"2021-07-29T14:50:02+00:00\",\"mainEntityOfPage\":{\"@id\":\"https:\\\/\\\/www.p31noticias.com.br\\\/?p=23549\"},\"wordCount\":261,\"commentCount\":0,\"image\":{\"@id\":\"https:\\\/\\\/www.p31noticias.com.br\\\/?p=23549#primaryimage\"},\"thumbnailUrl\":\"https:\\\/\\\/www.p31noticias.com.br\\\/wp-content\\\/uploads\\\/2021\\\/07\\\/6102ae0be5ec5.jpeg\",\"articleSection\":[\"Outros\"],\"inLanguage\":\"pt-BR\",\"potentialAction\":[{\"@type\":\"CommentAction\",\"name\":\"Comment\",\"target\":[\"https:\\\/\\\/www.p31noticias.com.br\\\/?p=23549#respond\"]}],\"copyrightYear\":\"2021\",\"copyrightHolder\":{\"@id\":\"https:\\\/\\\/www.p31noticias.com.br\\\/#organization\"}},{\"@type\":\"WebPage\",\"@id\":\"https:\\\/\\\/www.p31noticias.com.br\\\/?p=23549\",\"url\":\"https:\\\/\\\/www.p31noticias.com.br\\\/?p=23549\",\"name\":\"Rebeca Andrade faz hist\u00f3ria e leva a prata no individual geral dos Jogos Ol\u00edmpicos de T\u00f3quio - P31\",\"isPartOf\":{\"@id\":\"https:\\\/\\\/www.p31noticias.com.br\\\/#website\"},\"primaryImageOfPage\":{\"@id\":\"https:\\\/\\\/www.p31noticias.com.br\\\/?p=23549#primaryimage\"},\"image\":{\"@id\":\"https:\\\/\\\/www.p31noticias.com.br\\\/?p=23549#primaryimage\"},\"thumbnailUrl\":\"https:\\\/\\\/www.p31noticias.com.br\\\/wp-content\\\/uploads\\\/2021\\\/07\\\/6102ae0be5ec5.jpeg\",\"datePublished\":\"2021-07-29T14:50:02+00:00\",\"author\":{\"@id\":\"https:\\\/\\\/www.p31noticias.com.br\\\/#\\\/schema\\\/person\\\/77d6b186c710ac38937c6ec204fdd387\"},\"breadcrumb\":{\"@id\":\"https:\\\/\\\/www.p31noticias.com.br\\\/?p=23549#breadcrumb\"},\"inLanguage\":\"pt-BR\",\"potentialAction\":[{\"@type\":\"ReadAction\",\"target\":[\"https:\\\/\\\/www.p31noticias.com.br\\\/?p=23549\"]}]},{\"@type\":\"ImageObject\",\"inLanguage\":\"pt-BR\",\"@id\":\"https:\\\/\\\/www.p31noticias.com.br\\\/?p=23549#primaryimage\",\"url\":\"https:\\\/\\\/www.p31noticias.com.br\\\/wp-content\\\/uploads\\\/2021\\\/07\\\/6102ae0be5ec5.jpeg\",\"contentUrl\":\"https:\\\/\\\/www.p31noticias.com.br\\\/wp-content\\\/uploads\\\/2021\\\/07\\\/6102ae0be5ec5.jpeg\",\"width\":846,\"height\":475},{\"@type\":\"BreadcrumbList\",\"@id\":\"https:\\\/\\\/www.p31noticias.com.br\\\/?p=23549#breadcrumb\",\"itemListElement\":[{\"@type\":\"ListItem\",\"position\":1,\"name\":\"In\u00edcio\",\"item\":\"https:\\\/\\\/www.p31noticias.com.br\\\/\"},{\"@type\":\"ListItem\",\"position\":2,\"name\":\"Rebeca Andrade faz hist\u00f3ria e leva a prata no individual geral dos Jogos Ol\u00edmpicos de T\u00f3quio\"}]},{\"@type\":\"WebSite\",\"@id\":\"https:\\\/\\\/www.p31noticias.com.br\\\/#website\",\"url\":\"https:\\\/\\\/www.p31noticias.com.br\\\/\",\"name\":\"P31\",\"description\":\"NOT\u00cdCIAS\",\"potentialAction\":[{\"@type\":\"SearchAction\",\"target\":{\"@type\":\"EntryPoint\",\"urlTemplate\":\"https:\\\/\\\/www.p31noticias.com.br\\\/?s={search_term_string}\"},\"query-input\":{\"@type\":\"PropertyValueSpecification\",\"valueRequired\":true,\"valueName\":\"search_term_string\"}}],\"inLanguage\":\"pt-BR\"},{\"@type\":\"Person\",\"@id\":\"https:\\\/\\\/www.p31noticias.com.br\\\/#\\\/schema\\\/person\\\/77d6b186c710ac38937c6ec204fdd387\",\"name\":\"Reda\u00e7\u00e3o JBN\",\"image\":{\"@type\":\"ImageObject\",\"inLanguage\":\"pt-BR\",\"@id\":\"https:\\\/\\\/secure.gravatar.com\\\/avatar\\\/10fcdb93211f98cce3d64c0795b0915a9a4a21dc0f279238995a3dbfafcad090?s=96&d=mm&r=g\",\"url\":\"https:\\\/\\\/secure.gravatar.com\\\/avatar\\\/10fcdb93211f98cce3d64c0795b0915a9a4a21dc0f279238995a3dbfafcad090?s=96&d=mm&r=g\",\"contentUrl\":\"https:\\\/\\\/secure.gravatar.com\\\/avatar\\\/10fcdb93211f98cce3d64c0795b0915a9a4a21dc0f279238995a3dbfafcad090?s=96&d=mm&r=g\",\"caption\":\"Reda\u00e7\u00e3o JBN\"},\"sameAs\":[\"https:\\\/\\\/p31noticias.com.br\"],\"url\":\"https:\\\/\\\/www.p31noticias.com.br\\\/?author=18\"}]}<\/script>\n<!-- \/ Yoast SEO Premium plugin. -->","yoast_head_json":{"title":"Rebeca Andrade faz hist\u00f3ria e leva a prata no individual geral dos Jogos Ol\u00edmpicos de T\u00f3quio - P31","robots":{"index":"index","follow":"follow","max-snippet":"max-snippet:-1","max-image-preview":"max-image-preview:large","max-video-preview":"max-video-preview:-1"},"canonical":"https:\/\/www.p31noticias.com.br\/?p=23549","og_locale":"pt_BR","og_type":"article","og_title":"Rebeca Andrade faz hist\u00f3ria e leva a prata no individual geral dos Jogos Ol\u00edmpicos de T\u00f3quio","og_description":"Hist\u00f3rico! A ginasta Rebeca Andrade levou o &#8216;Baile de Favela&#8217; novamente para o gin\u00e1sio e conquistou, nesta quinta-feira, medalha de prata nos Jogos Ol\u00edmpicos de T\u00f3quio, no individual geral. Com o feito, a paulista de Guarulhos e de 22 anos se tornou a primeira brasileira a faturar um p\u00f3dio no esporte na Olimp\u00edada. Ela somou [&hellip;]","og_url":"https:\/\/www.p31noticias.com.br\/?p=23549","og_site_name":"P31","article_published_time":"2021-07-29T14:50:02+00:00","og_image":[{"width":846,"height":475,"url":"https:\/\/www.p31noticias.com.br\/wp-content\/uploads\/2021\/07\/6102ae0be5ec5.jpeg","type":"image\/jpeg"}],"author":"Reda\u00e7\u00e3o JBN","twitter_card":"summary_large_image","twitter_misc":{"Escrito por":"Reda\u00e7\u00e3o JBN","Est. tempo de leitura":"1 minuto"},"schema":{"@context":"https:\/\/schema.org","@graph":[{"@type":"Article","@id":"https:\/\/www.p31noticias.com.br\/?p=23549#article","isPartOf":{"@id":"https:\/\/www.p31noticias.com.br\/?p=23549"},"author":{"name":"Reda\u00e7\u00e3o JBN","@id":"https:\/\/www.p31noticias.com.br\/#\/schema\/person\/77d6b186c710ac38937c6ec204fdd387"},"headline":"Rebeca Andrade faz hist\u00f3ria e leva a prata no individual geral dos Jogos Ol\u00edmpicos de T\u00f3quio","datePublished":"2021-07-29T14:50:02+00:00","mainEntityOfPage":{"@id":"https:\/\/www.p31noticias.com.br\/?p=23549"},"wordCount":261,"commentCount":0,"image":{"@id":"https:\/\/www.p31noticias.com.br\/?p=23549#primaryimage"},"thumbnailUrl":"https:\/\/www.p31noticias.com.br\/wp-content\/uploads\/2021\/07\/6102ae0be5ec5.jpeg","articleSection":["Outros"],"inLanguage":"pt-BR","potentialAction":[{"@type":"CommentAction","name":"Comment","target":["https:\/\/www.p31noticias.com.br\/?p=23549#respond"]}],"copyrightYear":"2021","copyrightHolder":{"@id":"https:\/\/www.p31noticias.com.br\/#organization"}},{"@type":"WebPage","@id":"https:\/\/www.p31noticias.com.br\/?p=23549","url":"https:\/\/www.p31noticias.com.br\/?p=23549","name":"Rebeca Andrade faz hist\u00f3ria e leva a prata no individual geral dos Jogos Ol\u00edmpicos de T\u00f3quio - P31","isPartOf":{"@id":"https:\/\/www.p31noticias.com.br\/#website"},"primaryImageOfPage":{"@id":"https:\/\/www.p31noticias.com.br\/?p=23549#primaryimage"},"image":{"@id":"https:\/\/www.p31noticias.com.br\/?p=23549#primaryimage"},"thumbnailUrl":"https:\/\/www.p31noticias.com.br\/wp-content\/uploads\/2021\/07\/6102ae0be5ec5.jpeg","datePublished":"2021-07-29T14:50:02+00:00","author":{"@id":"https:\/\/www.p31noticias.com.br\/#\/schema\/person\/77d6b186c710ac38937c6ec204fdd387"},"breadcrumb":{"@id":"https:\/\/www.p31noticias.com.br\/?p=23549#breadcrumb"},"inLanguage":"pt-BR","potentialAction":[{"@type":"ReadAction","target":["https:\/\/www.p31noticias.com.br\/?p=23549"]}]},{"@type":"ImageObject","inLanguage":"pt-BR","@id":"https:\/\/www.p31noticias.com.br\/?p=23549#primaryimage","url":"https:\/\/www.p31noticias.com.br\/wp-content\/uploads\/2021\/07\/6102ae0be5ec5.jpeg","contentUrl":"https:\/\/www.p31noticias.com.br\/wp-content\/uploads\/2021\/07\/6102ae0be5ec5.jpeg","width":846,"height":475},{"@type":"BreadcrumbList","@id":"https:\/\/www.p31noticias.com.br\/?p=23549#breadcrumb","itemListElement":[{"@type":"ListItem","position":1,"name":"In\u00edcio","item":"https:\/\/www.p31noticias.com.br\/"},{"@type":"ListItem","position":2,"name":"Rebeca Andrade faz hist\u00f3ria e leva a prata no individual geral dos Jogos Ol\u00edmpicos de T\u00f3quio"}]},{"@type":"WebSite","@id":"https:\/\/www.p31noticias.com.br\/#website","url":"https:\/\/www.p31noticias.com.br\/","name":"P31","description":"NOT\u00cdCIAS","potentialAction":[{"@type":"SearchAction","target":{"@type":"EntryPoint","urlTemplate":"https:\/\/www.p31noticias.com.br\/?s={search_term_string}"},"query-input":{"@type":"PropertyValueSpecification","valueRequired":true,"valueName":"search_term_string"}}],"inLanguage":"pt-BR"},{"@type":"Person","@id":"https:\/\/www.p31noticias.com.br\/#\/schema\/person\/77d6b186c710ac38937c6ec204fdd387","name":"Reda\u00e7\u00e3o JBN","image":{"@type":"ImageObject","inLanguage":"pt-BR","@id":"https:\/\/secure.gravatar.com\/avatar\/10fcdb93211f98cce3d64c0795b0915a9a4a21dc0f279238995a3dbfafcad090?s=96&d=mm&r=g","url":"https:\/\/secure.gravatar.com\/avatar\/10fcdb93211f98cce3d64c0795b0915a9a4a21dc0f279238995a3dbfafcad090?s=96&d=mm&r=g","contentUrl":"https:\/\/secure.gravatar.com\/avatar\/10fcdb93211f98cce3d64c0795b0915a9a4a21dc0f279238995a3dbfafcad090?s=96&d=mm&r=g","caption":"Reda\u00e7\u00e3o JBN"},"sameAs":["https:\/\/p31noticias.com.br"],"url":"https:\/\/www.p31noticias.com.br\/?author=18"}]}},"amp_enabled":true,"_links":{"self":[{"href":"https:\/\/www.p31noticias.com.br\/index.php?rest_route=\/wp\/v2\/posts\/23549","targetHints":{"allow":["GET"]}}],"collection":[{"href":"https:\/\/www.p31noticias.com.br\/index.php?rest_route=\/wp\/v2\/posts"}],"about":[{"href":"https:\/\/www.p31noticias.com.br\/index.php?rest_route=\/wp\/v2\/types\/post"}],"author":[{"embeddable":true,"href":"https:\/\/www.p31noticias.com.br\/index.php?rest_route=\/wp\/v2\/users\/18"}],"replies":[{"embeddable":true,"href":"https:\/\/www.p31noticias.com.br\/index.php?rest_route=%2Fwp%2Fv2%2Fcomments&post=23549"}],"version-history":[{"count":1,"href":"https:\/\/www.p31noticias.com.br\/index.php?rest_route=\/wp\/v2\/posts\/23549\/revisions"}],"predecessor-version":[{"id":23551,"href":"https:\/\/www.p31noticias.com.br\/index.php?rest_route=\/wp\/v2\/posts\/23549\/revisions\/23551"}],"wp:featuredmedia":[{"embeddable":true,"href":"https:\/\/www.p31noticias.com.br\/index.php?rest_route=\/wp\/v2\/media\/23550"}],"wp:attachment":[{"href":"https:\/\/www.p31noticias.com.br\/index.php?rest_route=%2Fwp%2Fv2%2Fmedia&parent=23549"}],"wp:term":[{"taxonomy":"category","embeddable":true,"href":"https:\/\/www.p31noticias.com.br\/index.php?rest_route=%2Fwp%2Fv2%2Fcategories&post=23549"},{"taxonomy":"post_tag","embeddable":true,"href":"https:\/\/www.p31noticias.com.br\/index.php?rest_route=%2Fwp%2Fv2%2Ftags&post=23549"}],"curies":[{"name":"wp","href":"https:\/\/api.w.org\/{rel}","templated":true}]}}