{"id":23543,"date":"2021-07-29T11:09:18","date_gmt":"2021-07-29T14:09:18","guid":{"rendered":"https:\/\/p31noticias.com.br\/?p=23543"},"modified":"2021-07-29T11:09:18","modified_gmt":"2021-07-29T14:09:18","slug":"chegou-a-vez-de-quem-tem-35-anos-se-vacinar-contra-a-covid-19-mutirao-em-61-pontos-no-df","status":"publish","type":"post","link":"https:\/\/www.p31noticias.com.br\/?p=23543","title":{"rendered":"Chegou a vez de quem tem 35 anos se vacinar contra a Covid-19. Mutir\u00e3o em 61 pontos no DF."},"content":{"rendered":"<p>A vacina\u00e7\u00e3o contra a covid-19 avan\u00e7a no Distrito Federal e, a partir desta quinta-feira (29), pessoas com 35 anos ou mais poder\u00e3o ser vacinadas em 61 locais em todo o DF. Al\u00e9m disso, gestantes e pu\u00e9rperas a partir dos 18 anos tamb\u00e9m ser\u00e3o vacinadas em 28 pontos espec\u00edficos tanto para primeira quanto segunda dose. O atendimento ao p\u00fablico ser\u00e1 iniciado \u00e0s 8h nas unidades b\u00e1sicas de sa\u00fade e \u00e0s 9h ser\u00e3o os drive-thrus. Todos funcionar\u00e3o at\u00e9 as 17h.<\/p>\n<p>Para avan\u00e7ar na vacina\u00e7\u00e3o, a Secretaria de Sa\u00fade recebeu, na \u00faltima ter\u00e7a-feira (27), 55,8 mil doses da vacina CoronaVac, sendo 27,9 mil para a primeira dose. E nesta quarta-feira (28) foi entregue ao DF uma remessa de 30.420 doses da Pfizer-BioNTech, sendo 15.210 para primeira dose.<\/p>\n<p>O secret\u00e1rio de Sa\u00fade, Osnei Okumoto, destacou a import\u00e2ncia de o Distrito Federal avan\u00e7ar em duas faixas et\u00e1rias no processo de vacina\u00e7\u00e3o. \u201cPrecisamos fazer a vacina\u00e7\u00e3o do p\u00fablico por idade o mais rapidamente poss\u00edvel e isso est\u00e1 sendo alcan\u00e7ado gra\u00e7as ao trabalho dos profissionais de sa\u00fade e dos parceiros e volunt\u00e1rios, que est\u00e3o plenamente dedicados a essa miss\u00e3o\u201d, acrescentou Okumoto.<\/p>\n<p>Gestantes e pu\u00e9rperas Para as gestantes e pu\u00e9rperas (at\u00e9 45 dias p\u00f3s-parto) que receberam a primeira dose da vacina AstraZeneca e que est\u00e3o no prazo para tomar a segunda dose, o Minist\u00e9rio da Sa\u00fade autorizou a intercambialidade da vacina\u00e7\u00e3o contra a covid-19. Isso quer dizer que elas poder\u00e3o tomar a dose de refor\u00e7o da Pfizer-BioNTech ou CoronaVac.<\/p>\n<p>A partir desta quinta-feira (29), a Secretaria de Sa\u00fade passa a disponibilizar a segunda dose para esse p\u00fablico seguindo a recomenda\u00e7\u00e3o federal. A segunda dose ser\u00e1 aplicada na data prevista no cart\u00e3o de vacina.\u00a0<\/p>\n<p>*Com informa\u00e7\u00f5es da Secretaria de Sa\u00fade<\/p>\n","protected":false},"excerpt":{"rendered":"<p>A vacina\u00e7\u00e3o contra a covid-19 avan\u00e7a no Distrito Federal e, a partir desta quinta-feira (29), pessoas com 35 anos ou mais poder\u00e3o ser vacinadas em 61 locais em todo o DF. Al\u00e9m disso, gestantes e pu\u00e9rperas a partir dos 18 anos tamb\u00e9m ser\u00e3o vacinadas em 28 pontos espec\u00edficos tanto para primeira quanto segunda dose. O [&hellip;]<\/p>\n","protected":false},"author":18,"featured_media":23544,"comment_status":"open","ping_status":"open","sticky":false,"template":"","format":"standard","meta":{"footnotes":""},"categories":[21,124],"tags":[],"class_list":{"0":"post-23543","1":"post","2":"type-post","3":"status-publish","4":"format-standard","5":"has-post-thumbnail","7":"category-brasilia","8":"category-saude"},"yoast_head":"<!-- This site is optimized with the Yoast SEO Premium plugin v24.5 (Yoast SEO v27.5) - https:\/\/yoast.com\/product\/yoast-seo-premium-wordpress\/ -->\n<title>Chegou a vez de quem tem 35 anos se vacinar contra a Covid-19. Mutir\u00e3o em 61 pontos no DF. - P31<\/title>\n<meta name=\"robots\" content=\"index, follow, max-snippet:-1, max-image-preview:large, max-video-preview:-1\" \/>\n<link rel=\"canonical\" href=\"https:\/\/www.p31noticias.com.br\/?p=23543\" \/>\n<meta property=\"og:locale\" content=\"pt_BR\" \/>\n<meta property=\"og:type\" content=\"article\" \/>\n<meta property=\"og:title\" content=\"Chegou a vez de quem tem 35 anos se vacinar contra a Covid-19. Mutir\u00e3o em 61 pontos no DF.\" \/>\n<meta property=\"og:description\" content=\"A vacina\u00e7\u00e3o contra a covid-19 avan\u00e7a no Distrito Federal e, a partir desta quinta-feira (29), pessoas com 35 anos ou mais poder\u00e3o ser vacinadas em 61 locais em todo o DF. Al\u00e9m disso, gestantes e pu\u00e9rperas a partir dos 18 anos tamb\u00e9m ser\u00e3o vacinadas em 28 pontos espec\u00edficos tanto para primeira quanto segunda dose. O [&hellip;]\" \/>\n<meta property=\"og:url\" content=\"https:\/\/www.p31noticias.com.br\/?p=23543\" \/>\n<meta property=\"og:site_name\" content=\"P31\" \/>\n<meta property=\"article:published_time\" content=\"2021-07-29T14:09:18+00:00\" \/>\n<meta property=\"og:image\" content=\"https:\/\/www.p31noticias.com.br\/wp-content\/uploads\/2021\/07\/WhatsApp-Image-2021-07-28-at-18.57.07.jpeg\" \/>\n\t<meta property=\"og:image:width\" content=\"1280\" \/>\n\t<meta property=\"og:image:height\" content=\"853\" \/>\n\t<meta property=\"og:image:type\" content=\"image\/jpeg\" \/>\n<meta name=\"author\" content=\"Reda\u00e7\u00e3o JBN\" \/>\n<meta name=\"twitter:card\" content=\"summary_large_image\" \/>\n<meta name=\"twitter:label1\" content=\"Escrito por\" \/>\n\t<meta name=\"twitter:data1\" content=\"Reda\u00e7\u00e3o JBN\" \/>\n\t<meta name=\"twitter:label2\" content=\"Est. tempo de leitura\" \/>\n\t<meta name=\"twitter:data2\" content=\"2 minutos\" \/>\n<script type=\"application\/ld+json\" class=\"yoast-schema-graph\">{\"@context\":\"https:\\\/\\\/schema.org\",\"@graph\":[{\"@type\":\"Article\",\"@id\":\"https:\\\/\\\/www.p31noticias.com.br\\\/?p=23543#article\",\"isPartOf\":{\"@id\":\"https:\\\/\\\/www.p31noticias.com.br\\\/?p=23543\"},\"author\":{\"name\":\"Reda\u00e7\u00e3o JBN\",\"@id\":\"https:\\\/\\\/www.p31noticias.com.br\\\/#\\\/schema\\\/person\\\/77d6b186c710ac38937c6ec204fdd387\"},\"headline\":\"Chegou a vez de quem tem 35 anos se vacinar contra a Covid-19. Mutir\u00e3o em 61 pontos no DF.\",\"datePublished\":\"2021-07-29T14:09:18+00:00\",\"mainEntityOfPage\":{\"@id\":\"https:\\\/\\\/www.p31noticias.com.br\\\/?p=23543\"},\"wordCount\":333,\"commentCount\":0,\"image\":{\"@id\":\"https:\\\/\\\/www.p31noticias.com.br\\\/?p=23543#primaryimage\"},\"thumbnailUrl\":\"https:\\\/\\\/www.p31noticias.com.br\\\/wp-content\\\/uploads\\\/2021\\\/07\\\/WhatsApp-Image-2021-07-28-at-18.57.07.jpeg\",\"articleSection\":[\"Bras\u00edlia\",\"Sa\u00fade\"],\"inLanguage\":\"pt-BR\",\"potentialAction\":[{\"@type\":\"CommentAction\",\"name\":\"Comment\",\"target\":[\"https:\\\/\\\/www.p31noticias.com.br\\\/?p=23543#respond\"]}],\"copyrightYear\":\"2021\",\"copyrightHolder\":{\"@id\":\"https:\\\/\\\/www.p31noticias.com.br\\\/#organization\"}},{\"@type\":\"WebPage\",\"@id\":\"https:\\\/\\\/www.p31noticias.com.br\\\/?p=23543\",\"url\":\"https:\\\/\\\/www.p31noticias.com.br\\\/?p=23543\",\"name\":\"Chegou a vez de quem tem 35 anos se vacinar contra a Covid-19. Mutir\u00e3o em 61 pontos no DF. - P31\",\"isPartOf\":{\"@id\":\"https:\\\/\\\/www.p31noticias.com.br\\\/#website\"},\"primaryImageOfPage\":{\"@id\":\"https:\\\/\\\/www.p31noticias.com.br\\\/?p=23543#primaryimage\"},\"image\":{\"@id\":\"https:\\\/\\\/www.p31noticias.com.br\\\/?p=23543#primaryimage\"},\"thumbnailUrl\":\"https:\\\/\\\/www.p31noticias.com.br\\\/wp-content\\\/uploads\\\/2021\\\/07\\\/WhatsApp-Image-2021-07-28-at-18.57.07.jpeg\",\"datePublished\":\"2021-07-29T14:09:18+00:00\",\"author\":{\"@id\":\"https:\\\/\\\/www.p31noticias.com.br\\\/#\\\/schema\\\/person\\\/77d6b186c710ac38937c6ec204fdd387\"},\"breadcrumb\":{\"@id\":\"https:\\\/\\\/www.p31noticias.com.br\\\/?p=23543#breadcrumb\"},\"inLanguage\":\"pt-BR\",\"potentialAction\":[{\"@type\":\"ReadAction\",\"target\":[\"https:\\\/\\\/www.p31noticias.com.br\\\/?p=23543\"]}]},{\"@type\":\"ImageObject\",\"inLanguage\":\"pt-BR\",\"@id\":\"https:\\\/\\\/www.p31noticias.com.br\\\/?p=23543#primaryimage\",\"url\":\"https:\\\/\\\/www.p31noticias.com.br\\\/wp-content\\\/uploads\\\/2021\\\/07\\\/WhatsApp-Image-2021-07-28-at-18.57.07.jpeg\",\"contentUrl\":\"https:\\\/\\\/www.p31noticias.com.br\\\/wp-content\\\/uploads\\\/2021\\\/07\\\/WhatsApp-Image-2021-07-28-at-18.57.07.jpeg\",\"width\":1280,\"height\":853},{\"@type\":\"BreadcrumbList\",\"@id\":\"https:\\\/\\\/www.p31noticias.com.br\\\/?p=23543#breadcrumb\",\"itemListElement\":[{\"@type\":\"ListItem\",\"position\":1,\"name\":\"In\u00edcio\",\"item\":\"https:\\\/\\\/www.p31noticias.com.br\\\/\"},{\"@type\":\"ListItem\",\"position\":2,\"name\":\"Chegou a vez de quem tem 35 anos se vacinar contra a Covid-19. Mutir\u00e3o em 61 pontos no DF.\"}]},{\"@type\":\"WebSite\",\"@id\":\"https:\\\/\\\/www.p31noticias.com.br\\\/#website\",\"url\":\"https:\\\/\\\/www.p31noticias.com.br\\\/\",\"name\":\"P31\",\"description\":\"NOT\u00cdCIAS\",\"potentialAction\":[{\"@type\":\"SearchAction\",\"target\":{\"@type\":\"EntryPoint\",\"urlTemplate\":\"https:\\\/\\\/www.p31noticias.com.br\\\/?s={search_term_string}\"},\"query-input\":{\"@type\":\"PropertyValueSpecification\",\"valueRequired\":true,\"valueName\":\"search_term_string\"}}],\"inLanguage\":\"pt-BR\"},{\"@type\":\"Person\",\"@id\":\"https:\\\/\\\/www.p31noticias.com.br\\\/#\\\/schema\\\/person\\\/77d6b186c710ac38937c6ec204fdd387\",\"name\":\"Reda\u00e7\u00e3o JBN\",\"image\":{\"@type\":\"ImageObject\",\"inLanguage\":\"pt-BR\",\"@id\":\"https:\\\/\\\/secure.gravatar.com\\\/avatar\\\/10fcdb93211f98cce3d64c0795b0915a9a4a21dc0f279238995a3dbfafcad090?s=96&d=mm&r=g\",\"url\":\"https:\\\/\\\/secure.gravatar.com\\\/avatar\\\/10fcdb93211f98cce3d64c0795b0915a9a4a21dc0f279238995a3dbfafcad090?s=96&d=mm&r=g\",\"contentUrl\":\"https:\\\/\\\/secure.gravatar.com\\\/avatar\\\/10fcdb93211f98cce3d64c0795b0915a9a4a21dc0f279238995a3dbfafcad090?s=96&d=mm&r=g\",\"caption\":\"Reda\u00e7\u00e3o JBN\"},\"sameAs\":[\"https:\\\/\\\/p31noticias.com.br\"],\"url\":\"https:\\\/\\\/www.p31noticias.com.br\\\/?author=18\"}]}<\/script>\n<!-- \/ Yoast SEO Premium plugin. -->","yoast_head_json":{"title":"Chegou a vez de quem tem 35 anos se vacinar contra a Covid-19. Mutir\u00e3o em 61 pontos no DF. - P31","robots":{"index":"index","follow":"follow","max-snippet":"max-snippet:-1","max-image-preview":"max-image-preview:large","max-video-preview":"max-video-preview:-1"},"canonical":"https:\/\/www.p31noticias.com.br\/?p=23543","og_locale":"pt_BR","og_type":"article","og_title":"Chegou a vez de quem tem 35 anos se vacinar contra a Covid-19. Mutir\u00e3o em 61 pontos no DF.","og_description":"A vacina\u00e7\u00e3o contra a covid-19 avan\u00e7a no Distrito Federal e, a partir desta quinta-feira (29), pessoas com 35 anos ou mais poder\u00e3o ser vacinadas em 61 locais em todo o DF. Al\u00e9m disso, gestantes e pu\u00e9rperas a partir dos 18 anos tamb\u00e9m ser\u00e3o vacinadas em 28 pontos espec\u00edficos tanto para primeira quanto segunda dose. O [&hellip;]","og_url":"https:\/\/www.p31noticias.com.br\/?p=23543","og_site_name":"P31","article_published_time":"2021-07-29T14:09:18+00:00","og_image":[{"width":1280,"height":853,"url":"https:\/\/www.p31noticias.com.br\/wp-content\/uploads\/2021\/07\/WhatsApp-Image-2021-07-28-at-18.57.07.jpeg","type":"image\/jpeg"}],"author":"Reda\u00e7\u00e3o JBN","twitter_card":"summary_large_image","twitter_misc":{"Escrito por":"Reda\u00e7\u00e3o JBN","Est. tempo de leitura":"2 minutos"},"schema":{"@context":"https:\/\/schema.org","@graph":[{"@type":"Article","@id":"https:\/\/www.p31noticias.com.br\/?p=23543#article","isPartOf":{"@id":"https:\/\/www.p31noticias.com.br\/?p=23543"},"author":{"name":"Reda\u00e7\u00e3o JBN","@id":"https:\/\/www.p31noticias.com.br\/#\/schema\/person\/77d6b186c710ac38937c6ec204fdd387"},"headline":"Chegou a vez de quem tem 35 anos se vacinar contra a Covid-19. Mutir\u00e3o em 61 pontos no DF.","datePublished":"2021-07-29T14:09:18+00:00","mainEntityOfPage":{"@id":"https:\/\/www.p31noticias.com.br\/?p=23543"},"wordCount":333,"commentCount":0,"image":{"@id":"https:\/\/www.p31noticias.com.br\/?p=23543#primaryimage"},"thumbnailUrl":"https:\/\/www.p31noticias.com.br\/wp-content\/uploads\/2021\/07\/WhatsApp-Image-2021-07-28-at-18.57.07.jpeg","articleSection":["Bras\u00edlia","Sa\u00fade"],"inLanguage":"pt-BR","potentialAction":[{"@type":"CommentAction","name":"Comment","target":["https:\/\/www.p31noticias.com.br\/?p=23543#respond"]}],"copyrightYear":"2021","copyrightHolder":{"@id":"https:\/\/www.p31noticias.com.br\/#organization"}},{"@type":"WebPage","@id":"https:\/\/www.p31noticias.com.br\/?p=23543","url":"https:\/\/www.p31noticias.com.br\/?p=23543","name":"Chegou a vez de quem tem 35 anos se vacinar contra a Covid-19. Mutir\u00e3o em 61 pontos no DF. - P31","isPartOf":{"@id":"https:\/\/www.p31noticias.com.br\/#website"},"primaryImageOfPage":{"@id":"https:\/\/www.p31noticias.com.br\/?p=23543#primaryimage"},"image":{"@id":"https:\/\/www.p31noticias.com.br\/?p=23543#primaryimage"},"thumbnailUrl":"https:\/\/www.p31noticias.com.br\/wp-content\/uploads\/2021\/07\/WhatsApp-Image-2021-07-28-at-18.57.07.jpeg","datePublished":"2021-07-29T14:09:18+00:00","author":{"@id":"https:\/\/www.p31noticias.com.br\/#\/schema\/person\/77d6b186c710ac38937c6ec204fdd387"},"breadcrumb":{"@id":"https:\/\/www.p31noticias.com.br\/?p=23543#breadcrumb"},"inLanguage":"pt-BR","potentialAction":[{"@type":"ReadAction","target":["https:\/\/www.p31noticias.com.br\/?p=23543"]}]},{"@type":"ImageObject","inLanguage":"pt-BR","@id":"https:\/\/www.p31noticias.com.br\/?p=23543#primaryimage","url":"https:\/\/www.p31noticias.com.br\/wp-content\/uploads\/2021\/07\/WhatsApp-Image-2021-07-28-at-18.57.07.jpeg","contentUrl":"https:\/\/www.p31noticias.com.br\/wp-content\/uploads\/2021\/07\/WhatsApp-Image-2021-07-28-at-18.57.07.jpeg","width":1280,"height":853},{"@type":"BreadcrumbList","@id":"https:\/\/www.p31noticias.com.br\/?p=23543#breadcrumb","itemListElement":[{"@type":"ListItem","position":1,"name":"In\u00edcio","item":"https:\/\/www.p31noticias.com.br\/"},{"@type":"ListItem","position":2,"name":"Chegou a vez de quem tem 35 anos se vacinar contra a Covid-19. Mutir\u00e3o em 61 pontos no DF."}]},{"@type":"WebSite","@id":"https:\/\/www.p31noticias.com.br\/#website","url":"https:\/\/www.p31noticias.com.br\/","name":"P31","description":"NOT\u00cdCIAS","potentialAction":[{"@type":"SearchAction","target":{"@type":"EntryPoint","urlTemplate":"https:\/\/www.p31noticias.com.br\/?s={search_term_string}"},"query-input":{"@type":"PropertyValueSpecification","valueRequired":true,"valueName":"search_term_string"}}],"inLanguage":"pt-BR"},{"@type":"Person","@id":"https:\/\/www.p31noticias.com.br\/#\/schema\/person\/77d6b186c710ac38937c6ec204fdd387","name":"Reda\u00e7\u00e3o JBN","image":{"@type":"ImageObject","inLanguage":"pt-BR","@id":"https:\/\/secure.gravatar.com\/avatar\/10fcdb93211f98cce3d64c0795b0915a9a4a21dc0f279238995a3dbfafcad090?s=96&d=mm&r=g","url":"https:\/\/secure.gravatar.com\/avatar\/10fcdb93211f98cce3d64c0795b0915a9a4a21dc0f279238995a3dbfafcad090?s=96&d=mm&r=g","contentUrl":"https:\/\/secure.gravatar.com\/avatar\/10fcdb93211f98cce3d64c0795b0915a9a4a21dc0f279238995a3dbfafcad090?s=96&d=mm&r=g","caption":"Reda\u00e7\u00e3o JBN"},"sameAs":["https:\/\/p31noticias.com.br"],"url":"https:\/\/www.p31noticias.com.br\/?author=18"}]}},"amp_enabled":true,"_links":{"self":[{"href":"https:\/\/www.p31noticias.com.br\/index.php?rest_route=\/wp\/v2\/posts\/23543","targetHints":{"allow":["GET"]}}],"collection":[{"href":"https:\/\/www.p31noticias.com.br\/index.php?rest_route=\/wp\/v2\/posts"}],"about":[{"href":"https:\/\/www.p31noticias.com.br\/index.php?rest_route=\/wp\/v2\/types\/post"}],"author":[{"embeddable":true,"href":"https:\/\/www.p31noticias.com.br\/index.php?rest_route=\/wp\/v2\/users\/18"}],"replies":[{"embeddable":true,"href":"https:\/\/www.p31noticias.com.br\/index.php?rest_route=%2Fwp%2Fv2%2Fcomments&post=23543"}],"version-history":[{"count":1,"href":"https:\/\/www.p31noticias.com.br\/index.php?rest_route=\/wp\/v2\/posts\/23543\/revisions"}],"predecessor-version":[{"id":23545,"href":"https:\/\/www.p31noticias.com.br\/index.php?rest_route=\/wp\/v2\/posts\/23543\/revisions\/23545"}],"wp:featuredmedia":[{"embeddable":true,"href":"https:\/\/www.p31noticias.com.br\/index.php?rest_route=\/wp\/v2\/media\/23544"}],"wp:attachment":[{"href":"https:\/\/www.p31noticias.com.br\/index.php?rest_route=%2Fwp%2Fv2%2Fmedia&parent=23543"}],"wp:term":[{"taxonomy":"category","embeddable":true,"href":"https:\/\/www.p31noticias.com.br\/index.php?rest_route=%2Fwp%2Fv2%2Fcategories&post=23543"},{"taxonomy":"post_tag","embeddable":true,"href":"https:\/\/www.p31noticias.com.br\/index.php?rest_route=%2Fwp%2Fv2%2Ftags&post=23543"}],"curies":[{"name":"wp","href":"https:\/\/api.w.org\/{rel}","templated":true}]}}