{"id":23540,"date":"2021-07-28T17:33:13","date_gmt":"2021-07-28T20:33:13","guid":{"rendered":"https:\/\/p31noticias.com.br\/?p=23540"},"modified":"2021-07-28T17:33:13","modified_gmt":"2021-07-28T20:33:13","slug":"procura-dos-consumidores-por-credito-cresce-26-no-primeiro-semestre","status":"publish","type":"post","link":"https:\/\/www.p31noticias.com.br\/?p=23540","title":{"rendered":"Procura dos consumidores por cr\u00e9dito cresce 26% no primeiro semestre"},"content":{"rendered":"<p>A procura dos consumidores por cr\u00e9dito cresceu 26,2% no primeiro semestre em rela\u00e7\u00e3o ao mesmo per\u00edodo de 2020, segundo levantamento da Serasa Experian. Na compara\u00e7\u00e3o entre junho e o mesmo m\u00eas do ano passado, o crescimento na demanda por cr\u00e9dito ficou em 23,7%.<\/p>\n<p>O maior crescimento foi na faixa de renda de at\u00e9 R$ 500 por m\u00eas, que registrou no m\u00eas passado eleva\u00e7\u00e3o de 34,3% em rela\u00e7\u00e3o a junho de 2020. Para aqueles com renda mensal entre R$ 1 mil e R$ 2 mil, a demanda por cr\u00e9dito aumentou 21,3% em junho e, para a faixa entre R$ 5 mil e R$ 10 mil, subiu 21%.<\/p>\n<p>No recorte por regi\u00f5es, o Nordeste teve o maior crescimento na procura por cr\u00e9dito no primeiro semestre. Na compara\u00e7\u00e3o com o per\u00edodo de janeiro a junho de 2020, a alta ficou em 38,1%. No Norte, a expans\u00e3o da demanda ficou em 35,2%; no Centro-Oeste, em 35,2%; no Sudeste, em 24,2%. e, no Sul, em 15,6%.<\/p>\n<p>Segundo o economista Luiz Rabi, da Serasa Experian, o aumento da demanda por cr\u00e9dito \u00e9 uma retomada ap\u00f3s a queda provocada pela pandemia de covid-19 no primeiro semestre de 2020. \u201cEsse aumento est\u00e1 ligado, principalmente, ao avan\u00e7o da vacina\u00e7\u00e3o que, no atual cen\u00e1rio, melhora a confian\u00e7a financeira dos consumidores\u201d, afirmou.<\/p>\n<p>Al\u00e9m disso, as taxas de juros continuam baixas, favorecendo a tomada de empr\u00e9stimos. \u201cAs taxas de juros permaneceram em n\u00edveis atrativos, encorajando a tomada de cr\u00e9dito tanto para a aquisi\u00e7\u00e3o de bens como para renegocia\u00e7\u00e3o de d\u00edvidas\u201d, acrescentou Rabi.<\/p>\n<p>Fonte: Ag\u00eancia Brasil<\/p>\n","protected":false},"excerpt":{"rendered":"<p>A procura dos consumidores por cr\u00e9dito cresceu 26,2% no primeiro semestre em rela\u00e7\u00e3o ao mesmo per\u00edodo de 2020, segundo levantamento da Serasa Experian. Na compara\u00e7\u00e3o entre junho e o mesmo m\u00eas do ano passado, o crescimento na demanda por cr\u00e9dito ficou em 23,7%. O maior crescimento foi na faixa de renda de at\u00e9 R$ 500 [&hellip;]<\/p>\n","protected":false},"author":18,"featured_media":23541,"comment_status":"open","ping_status":"open","sticky":false,"template":"","format":"standard","meta":{"footnotes":""},"categories":[637],"tags":[],"class_list":{"0":"post-23540","1":"post","2":"type-post","3":"status-publish","4":"format-standard","5":"has-post-thumbnail","7":"category-economia"},"yoast_head":"<!-- This site is optimized with the Yoast SEO Premium plugin v24.5 (Yoast SEO v27.5) - https:\/\/yoast.com\/product\/yoast-seo-premium-wordpress\/ -->\n<title>Procura dos consumidores por cr\u00e9dito cresce 26% no primeiro semestre - P31<\/title>\n<meta name=\"robots\" content=\"index, follow, max-snippet:-1, max-image-preview:large, max-video-preview:-1\" \/>\n<link rel=\"canonical\" href=\"https:\/\/www.p31noticias.com.br\/?p=23540\" \/>\n<meta property=\"og:locale\" content=\"pt_BR\" \/>\n<meta property=\"og:type\" content=\"article\" \/>\n<meta property=\"og:title\" content=\"Procura dos consumidores por cr\u00e9dito cresce 26% no primeiro semestre\" \/>\n<meta property=\"og:description\" content=\"A procura dos consumidores por cr\u00e9dito cresceu 26,2% no primeiro semestre em rela\u00e7\u00e3o ao mesmo per\u00edodo de 2020, segundo levantamento da Serasa Experian. Na compara\u00e7\u00e3o entre junho e o mesmo m\u00eas do ano passado, o crescimento na demanda por cr\u00e9dito ficou em 23,7%. O maior crescimento foi na faixa de renda de at\u00e9 R$ 500 [&hellip;]\" \/>\n<meta property=\"og:url\" content=\"https:\/\/www.p31noticias.com.br\/?p=23540\" \/>\n<meta property=\"og:site_name\" content=\"P31\" \/>\n<meta property=\"article:published_time\" content=\"2021-07-28T20:33:13+00:00\" \/>\n<meta property=\"og:image\" content=\"https:\/\/www.p31noticias.com.br\/wp-content\/uploads\/2021\/07\/realdinheiro_moeda_1310202266.jpg\" \/>\n\t<meta property=\"og:image:width\" content=\"1170\" \/>\n\t<meta property=\"og:image:height\" content=\"700\" \/>\n\t<meta property=\"og:image:type\" content=\"image\/jpeg\" \/>\n<meta name=\"author\" content=\"Reda\u00e7\u00e3o JBN\" \/>\n<meta name=\"twitter:card\" content=\"summary_large_image\" \/>\n<meta name=\"twitter:label1\" content=\"Escrito por\" \/>\n\t<meta name=\"twitter:data1\" content=\"Reda\u00e7\u00e3o JBN\" \/>\n\t<meta name=\"twitter:label2\" content=\"Est. tempo de leitura\" \/>\n\t<meta name=\"twitter:data2\" content=\"1 minuto\" \/>\n<script type=\"application\/ld+json\" class=\"yoast-schema-graph\">{\"@context\":\"https:\\\/\\\/schema.org\",\"@graph\":[{\"@type\":\"Article\",\"@id\":\"https:\\\/\\\/www.p31noticias.com.br\\\/?p=23540#article\",\"isPartOf\":{\"@id\":\"https:\\\/\\\/www.p31noticias.com.br\\\/?p=23540\"},\"author\":{\"name\":\"Reda\u00e7\u00e3o JBN\",\"@id\":\"https:\\\/\\\/www.p31noticias.com.br\\\/#\\\/schema\\\/person\\\/77d6b186c710ac38937c6ec204fdd387\"},\"headline\":\"Procura dos consumidores por cr\u00e9dito cresce 26% no primeiro semestre\",\"datePublished\":\"2021-07-28T20:33:13+00:00\",\"mainEntityOfPage\":{\"@id\":\"https:\\\/\\\/www.p31noticias.com.br\\\/?p=23540\"},\"wordCount\":273,\"commentCount\":0,\"image\":{\"@id\":\"https:\\\/\\\/www.p31noticias.com.br\\\/?p=23540#primaryimage\"},\"thumbnailUrl\":\"https:\\\/\\\/www.p31noticias.com.br\\\/wp-content\\\/uploads\\\/2021\\\/07\\\/realdinheiro_moeda_1310202266.jpg\",\"articleSection\":[\"Economia\"],\"inLanguage\":\"pt-BR\",\"potentialAction\":[{\"@type\":\"CommentAction\",\"name\":\"Comment\",\"target\":[\"https:\\\/\\\/www.p31noticias.com.br\\\/?p=23540#respond\"]}],\"copyrightYear\":\"2021\",\"copyrightHolder\":{\"@id\":\"https:\\\/\\\/www.p31noticias.com.br\\\/#organization\"}},{\"@type\":\"WebPage\",\"@id\":\"https:\\\/\\\/www.p31noticias.com.br\\\/?p=23540\",\"url\":\"https:\\\/\\\/www.p31noticias.com.br\\\/?p=23540\",\"name\":\"Procura dos consumidores por cr\u00e9dito cresce 26% no primeiro semestre - P31\",\"isPartOf\":{\"@id\":\"https:\\\/\\\/www.p31noticias.com.br\\\/#website\"},\"primaryImageOfPage\":{\"@id\":\"https:\\\/\\\/www.p31noticias.com.br\\\/?p=23540#primaryimage\"},\"image\":{\"@id\":\"https:\\\/\\\/www.p31noticias.com.br\\\/?p=23540#primaryimage\"},\"thumbnailUrl\":\"https:\\\/\\\/www.p31noticias.com.br\\\/wp-content\\\/uploads\\\/2021\\\/07\\\/realdinheiro_moeda_1310202266.jpg\",\"datePublished\":\"2021-07-28T20:33:13+00:00\",\"author\":{\"@id\":\"https:\\\/\\\/www.p31noticias.com.br\\\/#\\\/schema\\\/person\\\/77d6b186c710ac38937c6ec204fdd387\"},\"breadcrumb\":{\"@id\":\"https:\\\/\\\/www.p31noticias.com.br\\\/?p=23540#breadcrumb\"},\"inLanguage\":\"pt-BR\",\"potentialAction\":[{\"@type\":\"ReadAction\",\"target\":[\"https:\\\/\\\/www.p31noticias.com.br\\\/?p=23540\"]}]},{\"@type\":\"ImageObject\",\"inLanguage\":\"pt-BR\",\"@id\":\"https:\\\/\\\/www.p31noticias.com.br\\\/?p=23540#primaryimage\",\"url\":\"https:\\\/\\\/www.p31noticias.com.br\\\/wp-content\\\/uploads\\\/2021\\\/07\\\/realdinheiro_moeda_1310202266.jpg\",\"contentUrl\":\"https:\\\/\\\/www.p31noticias.com.br\\\/wp-content\\\/uploads\\\/2021\\\/07\\\/realdinheiro_moeda_1310202266.jpg\",\"width\":1170,\"height\":700,\"caption\":\"Real,dinheiro, moeda\"},{\"@type\":\"BreadcrumbList\",\"@id\":\"https:\\\/\\\/www.p31noticias.com.br\\\/?p=23540#breadcrumb\",\"itemListElement\":[{\"@type\":\"ListItem\",\"position\":1,\"name\":\"In\u00edcio\",\"item\":\"https:\\\/\\\/www.p31noticias.com.br\\\/\"},{\"@type\":\"ListItem\",\"position\":2,\"name\":\"Procura dos consumidores por cr\u00e9dito cresce 26% no primeiro semestre\"}]},{\"@type\":\"WebSite\",\"@id\":\"https:\\\/\\\/www.p31noticias.com.br\\\/#website\",\"url\":\"https:\\\/\\\/www.p31noticias.com.br\\\/\",\"name\":\"P31\",\"description\":\"NOT\u00cdCIAS\",\"potentialAction\":[{\"@type\":\"SearchAction\",\"target\":{\"@type\":\"EntryPoint\",\"urlTemplate\":\"https:\\\/\\\/www.p31noticias.com.br\\\/?s={search_term_string}\"},\"query-input\":{\"@type\":\"PropertyValueSpecification\",\"valueRequired\":true,\"valueName\":\"search_term_string\"}}],\"inLanguage\":\"pt-BR\"},{\"@type\":\"Person\",\"@id\":\"https:\\\/\\\/www.p31noticias.com.br\\\/#\\\/schema\\\/person\\\/77d6b186c710ac38937c6ec204fdd387\",\"name\":\"Reda\u00e7\u00e3o JBN\",\"image\":{\"@type\":\"ImageObject\",\"inLanguage\":\"pt-BR\",\"@id\":\"https:\\\/\\\/secure.gravatar.com\\\/avatar\\\/10fcdb93211f98cce3d64c0795b0915a9a4a21dc0f279238995a3dbfafcad090?s=96&d=mm&r=g\",\"url\":\"https:\\\/\\\/secure.gravatar.com\\\/avatar\\\/10fcdb93211f98cce3d64c0795b0915a9a4a21dc0f279238995a3dbfafcad090?s=96&d=mm&r=g\",\"contentUrl\":\"https:\\\/\\\/secure.gravatar.com\\\/avatar\\\/10fcdb93211f98cce3d64c0795b0915a9a4a21dc0f279238995a3dbfafcad090?s=96&d=mm&r=g\",\"caption\":\"Reda\u00e7\u00e3o JBN\"},\"sameAs\":[\"https:\\\/\\\/p31noticias.com.br\"],\"url\":\"https:\\\/\\\/www.p31noticias.com.br\\\/?author=18\"}]}<\/script>\n<!-- \/ Yoast SEO Premium plugin. -->","yoast_head_json":{"title":"Procura dos consumidores por cr\u00e9dito cresce 26% no primeiro semestre - P31","robots":{"index":"index","follow":"follow","max-snippet":"max-snippet:-1","max-image-preview":"max-image-preview:large","max-video-preview":"max-video-preview:-1"},"canonical":"https:\/\/www.p31noticias.com.br\/?p=23540","og_locale":"pt_BR","og_type":"article","og_title":"Procura dos consumidores por cr\u00e9dito cresce 26% no primeiro semestre","og_description":"A procura dos consumidores por cr\u00e9dito cresceu 26,2% no primeiro semestre em rela\u00e7\u00e3o ao mesmo per\u00edodo de 2020, segundo levantamento da Serasa Experian. Na compara\u00e7\u00e3o entre junho e o mesmo m\u00eas do ano passado, o crescimento na demanda por cr\u00e9dito ficou em 23,7%. O maior crescimento foi na faixa de renda de at\u00e9 R$ 500 [&hellip;]","og_url":"https:\/\/www.p31noticias.com.br\/?p=23540","og_site_name":"P31","article_published_time":"2021-07-28T20:33:13+00:00","og_image":[{"width":1170,"height":700,"url":"https:\/\/www.p31noticias.com.br\/wp-content\/uploads\/2021\/07\/realdinheiro_moeda_1310202266.jpg","type":"image\/jpeg"}],"author":"Reda\u00e7\u00e3o JBN","twitter_card":"summary_large_image","twitter_misc":{"Escrito por":"Reda\u00e7\u00e3o JBN","Est. tempo de leitura":"1 minuto"},"schema":{"@context":"https:\/\/schema.org","@graph":[{"@type":"Article","@id":"https:\/\/www.p31noticias.com.br\/?p=23540#article","isPartOf":{"@id":"https:\/\/www.p31noticias.com.br\/?p=23540"},"author":{"name":"Reda\u00e7\u00e3o JBN","@id":"https:\/\/www.p31noticias.com.br\/#\/schema\/person\/77d6b186c710ac38937c6ec204fdd387"},"headline":"Procura dos consumidores por cr\u00e9dito cresce 26% no primeiro semestre","datePublished":"2021-07-28T20:33:13+00:00","mainEntityOfPage":{"@id":"https:\/\/www.p31noticias.com.br\/?p=23540"},"wordCount":273,"commentCount":0,"image":{"@id":"https:\/\/www.p31noticias.com.br\/?p=23540#primaryimage"},"thumbnailUrl":"https:\/\/www.p31noticias.com.br\/wp-content\/uploads\/2021\/07\/realdinheiro_moeda_1310202266.jpg","articleSection":["Economia"],"inLanguage":"pt-BR","potentialAction":[{"@type":"CommentAction","name":"Comment","target":["https:\/\/www.p31noticias.com.br\/?p=23540#respond"]}],"copyrightYear":"2021","copyrightHolder":{"@id":"https:\/\/www.p31noticias.com.br\/#organization"}},{"@type":"WebPage","@id":"https:\/\/www.p31noticias.com.br\/?p=23540","url":"https:\/\/www.p31noticias.com.br\/?p=23540","name":"Procura dos consumidores por cr\u00e9dito cresce 26% no primeiro semestre - P31","isPartOf":{"@id":"https:\/\/www.p31noticias.com.br\/#website"},"primaryImageOfPage":{"@id":"https:\/\/www.p31noticias.com.br\/?p=23540#primaryimage"},"image":{"@id":"https:\/\/www.p31noticias.com.br\/?p=23540#primaryimage"},"thumbnailUrl":"https:\/\/www.p31noticias.com.br\/wp-content\/uploads\/2021\/07\/realdinheiro_moeda_1310202266.jpg","datePublished":"2021-07-28T20:33:13+00:00","author":{"@id":"https:\/\/www.p31noticias.com.br\/#\/schema\/person\/77d6b186c710ac38937c6ec204fdd387"},"breadcrumb":{"@id":"https:\/\/www.p31noticias.com.br\/?p=23540#breadcrumb"},"inLanguage":"pt-BR","potentialAction":[{"@type":"ReadAction","target":["https:\/\/www.p31noticias.com.br\/?p=23540"]}]},{"@type":"ImageObject","inLanguage":"pt-BR","@id":"https:\/\/www.p31noticias.com.br\/?p=23540#primaryimage","url":"https:\/\/www.p31noticias.com.br\/wp-content\/uploads\/2021\/07\/realdinheiro_moeda_1310202266.jpg","contentUrl":"https:\/\/www.p31noticias.com.br\/wp-content\/uploads\/2021\/07\/realdinheiro_moeda_1310202266.jpg","width":1170,"height":700,"caption":"Real,dinheiro, moeda"},{"@type":"BreadcrumbList","@id":"https:\/\/www.p31noticias.com.br\/?p=23540#breadcrumb","itemListElement":[{"@type":"ListItem","position":1,"name":"In\u00edcio","item":"https:\/\/www.p31noticias.com.br\/"},{"@type":"ListItem","position":2,"name":"Procura dos consumidores por cr\u00e9dito cresce 26% no primeiro semestre"}]},{"@type":"WebSite","@id":"https:\/\/www.p31noticias.com.br\/#website","url":"https:\/\/www.p31noticias.com.br\/","name":"P31","description":"NOT\u00cdCIAS","potentialAction":[{"@type":"SearchAction","target":{"@type":"EntryPoint","urlTemplate":"https:\/\/www.p31noticias.com.br\/?s={search_term_string}"},"query-input":{"@type":"PropertyValueSpecification","valueRequired":true,"valueName":"search_term_string"}}],"inLanguage":"pt-BR"},{"@type":"Person","@id":"https:\/\/www.p31noticias.com.br\/#\/schema\/person\/77d6b186c710ac38937c6ec204fdd387","name":"Reda\u00e7\u00e3o JBN","image":{"@type":"ImageObject","inLanguage":"pt-BR","@id":"https:\/\/secure.gravatar.com\/avatar\/10fcdb93211f98cce3d64c0795b0915a9a4a21dc0f279238995a3dbfafcad090?s=96&d=mm&r=g","url":"https:\/\/secure.gravatar.com\/avatar\/10fcdb93211f98cce3d64c0795b0915a9a4a21dc0f279238995a3dbfafcad090?s=96&d=mm&r=g","contentUrl":"https:\/\/secure.gravatar.com\/avatar\/10fcdb93211f98cce3d64c0795b0915a9a4a21dc0f279238995a3dbfafcad090?s=96&d=mm&r=g","caption":"Reda\u00e7\u00e3o JBN"},"sameAs":["https:\/\/p31noticias.com.br"],"url":"https:\/\/www.p31noticias.com.br\/?author=18"}]}},"amp_enabled":true,"_links":{"self":[{"href":"https:\/\/www.p31noticias.com.br\/index.php?rest_route=\/wp\/v2\/posts\/23540","targetHints":{"allow":["GET"]}}],"collection":[{"href":"https:\/\/www.p31noticias.com.br\/index.php?rest_route=\/wp\/v2\/posts"}],"about":[{"href":"https:\/\/www.p31noticias.com.br\/index.php?rest_route=\/wp\/v2\/types\/post"}],"author":[{"embeddable":true,"href":"https:\/\/www.p31noticias.com.br\/index.php?rest_route=\/wp\/v2\/users\/18"}],"replies":[{"embeddable":true,"href":"https:\/\/www.p31noticias.com.br\/index.php?rest_route=%2Fwp%2Fv2%2Fcomments&post=23540"}],"version-history":[{"count":1,"href":"https:\/\/www.p31noticias.com.br\/index.php?rest_route=\/wp\/v2\/posts\/23540\/revisions"}],"predecessor-version":[{"id":23542,"href":"https:\/\/www.p31noticias.com.br\/index.php?rest_route=\/wp\/v2\/posts\/23540\/revisions\/23542"}],"wp:featuredmedia":[{"embeddable":true,"href":"https:\/\/www.p31noticias.com.br\/index.php?rest_route=\/wp\/v2\/media\/23541"}],"wp:attachment":[{"href":"https:\/\/www.p31noticias.com.br\/index.php?rest_route=%2Fwp%2Fv2%2Fmedia&parent=23540"}],"wp:term":[{"taxonomy":"category","embeddable":true,"href":"https:\/\/www.p31noticias.com.br\/index.php?rest_route=%2Fwp%2Fv2%2Fcategories&post=23540"},{"taxonomy":"post_tag","embeddable":true,"href":"https:\/\/www.p31noticias.com.br\/index.php?rest_route=%2Fwp%2Fv2%2Ftags&post=23540"}],"curies":[{"name":"wp","href":"https:\/\/api.w.org\/{rel}","templated":true}]}}