{"id":23522,"date":"2021-07-28T15:18:49","date_gmt":"2021-07-28T18:18:49","guid":{"rendered":"https:\/\/p31noticias.com.br\/?p=23522"},"modified":"2021-07-28T15:18:49","modified_gmt":"2021-07-28T18:18:49","slug":"sancionada-lei-que-cria-a-universidade-distrital","status":"publish","type":"post","link":"https:\/\/www.p31noticias.com.br\/?p=23522","title":{"rendered":"Sancionada lei que cria a universidade distrital"},"content":{"rendered":"<p>Marco hist\u00f3rico para a educa\u00e7\u00e3o p\u00fablica, a san\u00e7\u00e3o da lei que cria a Universidade do Distrito Federal Jorge Amaury (UnDF) foi assinada nesta quarta-feira (28) pelo governador Ibaneis Rocha. Fruto de um sonho de d\u00e9cadas, o projeto pioneiro \u2013 de autoria do Executivo local \u2013 autoriza a constru\u00e7\u00e3o do primeiro centro universit\u00e1rio distrital, ampliando a oferta gratuita de vagas no ensino superior.<\/p>\n<p>Durante a cerim\u00f4nia no Pal\u00e1cio do Buriti, o chefe do Executivo anunciou investimento de R$ 200 milh\u00f5es pelos pr\u00f3ximos quatro anos, a realiza\u00e7\u00e3o de concurso p\u00fablico para 3,5 mil profissionais, a cess\u00e3o de um im\u00f3vel no Lago Norte para funcionamento inicial da universidade e o projeto para constru\u00e7\u00e3o de um pr\u00e9dio na \u00e1rea do Parque Tecnol\u00f3gico (Biotic), que tamb\u00e9m ser\u00e1 destinada \u00e0s instala\u00e7\u00f5es acad\u00eamicas.<\/p>\n<p>O governador Ibaneis Rocha fez quest\u00e3o de destacar que a cria\u00e7\u00e3o da universidade n\u00e3o significa despesa, mas investimento. \u201cQuando se trata de educa\u00e7\u00e3o voc\u00ea n\u00e3o est\u00e1 gerando despesa, est\u00e1 gerando riqueza e \u00e9 essa riqueza que eu quero para a popula\u00e7\u00e3o, em especial os mais pobres\u201d, afirmou, antes de enumerar as a\u00e7\u00f5es que v\u00e3o permitir a viabilidade da UnDF.<\/p>\n<p>\u201cA partir do ano que vem, come\u00e7am as aulas dos cursos. Esperamos que a universidade cres\u00e7a em todo o DF, ajudando principalmente as fam\u00edlias mais carentes. J\u00e1 colocamos \u00e0 disposi\u00e7\u00e3o, tirando do or\u00e7amento do DF, aproximadamente R$ 200 milh\u00f5es. \u00c9 um projeto que estou encaminhando hoje para a C\u00e2mara Legislativa [CLDF], e a gente espera que seja votado da forma mais r\u00e1pida poss\u00edvel para n\u00e3o faltarem recursos para constitui\u00e7\u00e3o e funcionamento da universidade\u201d, detalhou Ibaneis Rocha.<\/p>\n<p>Futura reitora da UnDF Jorge Amaury, Simone Benck lembra o resgate feito pela atual gest\u00e3o ao tirar o projeto do papel. \u201cRevisitar o passado, antes de qualquer coisa, significa reverenciar o compromisso com o passado pela lei org\u00e2nica e constituir no DF um sistema pr\u00f3prio de educa\u00e7\u00e3o superior. Passadas quase tr\u00eas d\u00e9cadas da legitima\u00e7\u00e3o desse dever, o governo Ibaneis escreve hist\u00f3ria, retirando nossa unidade da Federa\u00e7\u00e3o do inc\u00f4modo rol dos quatro estados que ainda n\u00e3o t\u00eam uma universidade p\u00fablica sob sua al\u00e7ada\u201d, comemorou.<\/p>\n<p>A secret\u00e1ria de Educa\u00e7\u00e3o, H\u00e9lvia Paranagu\u00e1, tamb\u00e9m destacou o projeto de constru\u00e7\u00e3o do novo campus.\u00a0 \u201cRepresenta a esperan\u00e7a para trazer melhoria da qualidade dos nossos profissionais, e nisso, governador Ibaneis Rocha, voc\u00ea marcou um gol de placa. A UnDF \u00e9 important\u00edssima para o avan\u00e7o da qualidade do ensino p\u00fablico no DF\u201d, apontou.<\/p>\n<p>Cursos ofertados e ingresso<\/p>\n<p>Os cursos da UnDF Jorge Amaury est\u00e3o previstos para as \u00e1reas das Ci\u00eancias da sa\u00fade e humanas, Cidadania e meio ambiente, Gest\u00e3o governamental de pol\u00edticas p\u00fablicas e de servi\u00e7os, Educa\u00e7\u00e3o e magist\u00e9rio, Letras, artes e l\u00ednguas estrangeiras modernas, Ci\u00eancias da natureza e matem\u00e1tica, Educa\u00e7\u00e3o f\u00edsica e esportes, Seguran\u00e7a p\u00fablica e defesa social, Engenharia e \u00e1reas tecnol\u00f3gicas de setores produtivos e Arquitetura e urbanismo.<\/p>\n<p>O ingresso deve ser nos moldes da Escola Superior de Ci\u00eancias da Sa\u00fade (Escs) e da Escola Superior de Gest\u00e3o (ESG), uma vez que ambas ser\u00e3o integradas ao campus. Logo, 40% das vagas da nova universidade ser\u00e3o destinadas a alunos que conclu\u00edram a educa\u00e7\u00e3o b\u00e1sica integralmente na rede p\u00fablica. A cota racial, prevista na Lei Distrital n\u00ba 3788\/2006, tamb\u00e9m ser\u00e1 atendida. Outras possibilidades de admiss\u00e3o s\u00e3o por meio do Exame Nacional do Ensino M\u00e9dio (Enem) e do Sistema de Sele\u00e7\u00e3o Unificada (Sisu) do governo federal.<\/p>\n<p>Deputados elogiam iniciativa<\/p>\n<p>Presidente da Comiss\u00e3o de Educa\u00e7\u00e3o, Sa\u00fade e Cultura (Cesc) da C\u00e2mara Legislativa, a deputada distrital Arlete Sampaio classificou o projeto como fundamental para a educa\u00e7\u00e3o na capital. \u201cO DF ganha hoje uma universidade nova que ser\u00e1 muito importante para nossos jovens terem uma universidade e a oportunidade de cursar uma escola de n\u00edvel superior\u201d, disse.<\/p>\n<p>J\u00e1 o deputado distrital Cl\u00e1udio Abrantes disse que a UnDF vem para corrigir uma defasagem hist\u00f3rica das vagas no ensino superior. \u201cEspero que a universidade chegue para os mais pobres. Os mais ricos estudam mais de 14 anos, e os mais pobres, at\u00e9 dez anos, segundo dados da Funab [Funda\u00e7\u00e3o Universidade Aberta do Distrito Federal]. \u00c9 uma defasagem muito grande que hoje, numa vis\u00e3o de futuro, est\u00e1 sendo corrigida\u201d, avaliou.<\/p>\n<p>A fala de Abrantes \u00e9 traduzida em n\u00fameros. Em toda a Regi\u00e3o Integrada de Desenvolvimento do DF e Entorno (Ride-DF), a oferta do ensino superior est\u00e1 concentrada em 88 institui\u00e7\u00f5es acad\u00eamicas, das quais 72 t\u00eam sede no DF (cinco p\u00fablicas e 67 privadas) e outras 16 est\u00e3o distribu\u00eddas entre os demais munic\u00edpios que integram a Ride, todas privadas. Os dados, referentes aos Censos da Educa\u00e7\u00e3o Superior (CenSup) de 2010 a 2019, s\u00e3o do Instituto Nacional de Estudos e Pesquisas Educacionais An\u00edsio Teixeira (Inep).<\/p>\n<p>Nesse grupo h\u00e1 apenas duas universidades: a Universidade de Bras\u00edlia (UnB), p\u00fablica e federal, e a Universidade Cat\u00f3lica de Bras\u00edlia (UCB), privada sem fins lucrativos \u2013 o que significa que a maior parte das institui\u00e7\u00f5es de ensino superior da regi\u00e3o \u00e9 de unidades n\u00e3o universit\u00e1rias privadas.<\/p>\n<p>Fonte: Ag\u00eancia Bras\u00edlia<\/p>\n","protected":false},"excerpt":{"rendered":"<p>Marco hist\u00f3rico para a educa\u00e7\u00e3o p\u00fablica, a san\u00e7\u00e3o da lei que cria a Universidade do Distrito Federal Jorge Amaury (UnDF) foi assinada nesta quarta-feira (28) pelo governador Ibaneis Rocha. Fruto de um sonho de d\u00e9cadas, o projeto pioneiro \u2013 de autoria do Executivo local \u2013 autoriza a constru\u00e7\u00e3o do primeiro centro universit\u00e1rio distrital, ampliando a [&hellip;]<\/p>\n","protected":false},"author":18,"featured_media":23523,"comment_status":"open","ping_status":"open","sticky":false,"template":"","format":"standard","meta":{"footnotes":""},"categories":[21],"tags":[],"class_list":{"0":"post-23522","1":"post","2":"type-post","3":"status-publish","4":"format-standard","5":"has-post-thumbnail","7":"category-brasilia"},"yoast_head":"<!-- This site is optimized with the Yoast SEO Premium plugin v24.5 (Yoast SEO v27.5) - https:\/\/yoast.com\/product\/yoast-seo-premium-wordpress\/ -->\n<title>Sancionada lei que cria a universidade distrital - P31<\/title>\n<meta name=\"robots\" content=\"index, follow, max-snippet:-1, max-image-preview:large, max-video-preview:-1\" \/>\n<link rel=\"canonical\" href=\"https:\/\/www.p31noticias.com.br\/?p=23522\" \/>\n<meta property=\"og:locale\" content=\"pt_BR\" \/>\n<meta property=\"og:type\" content=\"article\" \/>\n<meta property=\"og:title\" content=\"Sancionada lei que cria a universidade distrital\" \/>\n<meta property=\"og:description\" content=\"Marco hist\u00f3rico para a educa\u00e7\u00e3o p\u00fablica, a san\u00e7\u00e3o da lei que cria a Universidade do Distrito Federal Jorge Amaury (UnDF) foi assinada nesta quarta-feira (28) pelo governador Ibaneis Rocha. Fruto de um sonho de d\u00e9cadas, o projeto pioneiro \u2013 de autoria do Executivo local \u2013 autoriza a constru\u00e7\u00e3o do primeiro centro universit\u00e1rio distrital, ampliando a [&hellip;]\" \/>\n<meta property=\"og:url\" content=\"https:\/\/www.p31noticias.com.br\/?p=23522\" \/>\n<meta property=\"og:site_name\" content=\"P31\" \/>\n<meta property=\"article:published_time\" content=\"2021-07-28T18:18:49+00:00\" \/>\n<meta property=\"og:image\" content=\"https:\/\/www.p31noticias.com.br\/wp-content\/uploads\/2021\/07\/ian-interna-ph-scaled.jpg\" \/>\n\t<meta property=\"og:image:width\" content=\"2560\" \/>\n\t<meta property=\"og:image:height\" content=\"1700\" \/>\n\t<meta property=\"og:image:type\" content=\"image\/jpeg\" \/>\n<meta name=\"author\" content=\"Reda\u00e7\u00e3o JBN\" \/>\n<meta name=\"twitter:card\" content=\"summary_large_image\" \/>\n<meta name=\"twitter:label1\" content=\"Escrito por\" \/>\n\t<meta name=\"twitter:data1\" content=\"Reda\u00e7\u00e3o JBN\" \/>\n\t<meta name=\"twitter:label2\" content=\"Est. tempo de leitura\" \/>\n\t<meta name=\"twitter:data2\" content=\"5 minutos\" \/>\n<script type=\"application\/ld+json\" class=\"yoast-schema-graph\">{\"@context\":\"https:\\\/\\\/schema.org\",\"@graph\":[{\"@type\":\"Article\",\"@id\":\"https:\\\/\\\/www.p31noticias.com.br\\\/?p=23522#article\",\"isPartOf\":{\"@id\":\"https:\\\/\\\/www.p31noticias.com.br\\\/?p=23522\"},\"author\":{\"name\":\"Reda\u00e7\u00e3o JBN\",\"@id\":\"https:\\\/\\\/www.p31noticias.com.br\\\/#\\\/schema\\\/person\\\/77d6b186c710ac38937c6ec204fdd387\"},\"headline\":\"Sancionada lei que cria a universidade distrital\",\"datePublished\":\"2021-07-28T18:18:49+00:00\",\"mainEntityOfPage\":{\"@id\":\"https:\\\/\\\/www.p31noticias.com.br\\\/?p=23522\"},\"wordCount\":918,\"commentCount\":0,\"image\":{\"@id\":\"https:\\\/\\\/www.p31noticias.com.br\\\/?p=23522#primaryimage\"},\"thumbnailUrl\":\"https:\\\/\\\/www.p31noticias.com.br\\\/wp-content\\\/uploads\\\/2021\\\/07\\\/ian-interna-ph-scaled.jpg\",\"articleSection\":[\"Bras\u00edlia\"],\"inLanguage\":\"pt-BR\",\"potentialAction\":[{\"@type\":\"CommentAction\",\"name\":\"Comment\",\"target\":[\"https:\\\/\\\/www.p31noticias.com.br\\\/?p=23522#respond\"]}],\"copyrightYear\":\"2021\",\"copyrightHolder\":{\"@id\":\"https:\\\/\\\/www.p31noticias.com.br\\\/#organization\"}},{\"@type\":\"WebPage\",\"@id\":\"https:\\\/\\\/www.p31noticias.com.br\\\/?p=23522\",\"url\":\"https:\\\/\\\/www.p31noticias.com.br\\\/?p=23522\",\"name\":\"Sancionada lei que cria a universidade distrital - P31\",\"isPartOf\":{\"@id\":\"https:\\\/\\\/www.p31noticias.com.br\\\/#website\"},\"primaryImageOfPage\":{\"@id\":\"https:\\\/\\\/www.p31noticias.com.br\\\/?p=23522#primaryimage\"},\"image\":{\"@id\":\"https:\\\/\\\/www.p31noticias.com.br\\\/?p=23522#primaryimage\"},\"thumbnailUrl\":\"https:\\\/\\\/www.p31noticias.com.br\\\/wp-content\\\/uploads\\\/2021\\\/07\\\/ian-interna-ph-scaled.jpg\",\"datePublished\":\"2021-07-28T18:18:49+00:00\",\"author\":{\"@id\":\"https:\\\/\\\/www.p31noticias.com.br\\\/#\\\/schema\\\/person\\\/77d6b186c710ac38937c6ec204fdd387\"},\"breadcrumb\":{\"@id\":\"https:\\\/\\\/www.p31noticias.com.br\\\/?p=23522#breadcrumb\"},\"inLanguage\":\"pt-BR\",\"potentialAction\":[{\"@type\":\"ReadAction\",\"target\":[\"https:\\\/\\\/www.p31noticias.com.br\\\/?p=23522\"]}]},{\"@type\":\"ImageObject\",\"inLanguage\":\"pt-BR\",\"@id\":\"https:\\\/\\\/www.p31noticias.com.br\\\/?p=23522#primaryimage\",\"url\":\"https:\\\/\\\/www.p31noticias.com.br\\\/wp-content\\\/uploads\\\/2021\\\/07\\\/ian-interna-ph-scaled.jpg\",\"contentUrl\":\"https:\\\/\\\/www.p31noticias.com.br\\\/wp-content\\\/uploads\\\/2021\\\/07\\\/ian-interna-ph-scaled.jpg\",\"width\":2560,\"height\":1700},{\"@type\":\"BreadcrumbList\",\"@id\":\"https:\\\/\\\/www.p31noticias.com.br\\\/?p=23522#breadcrumb\",\"itemListElement\":[{\"@type\":\"ListItem\",\"position\":1,\"name\":\"In\u00edcio\",\"item\":\"https:\\\/\\\/www.p31noticias.com.br\\\/\"},{\"@type\":\"ListItem\",\"position\":2,\"name\":\"Sancionada lei que cria a universidade distrital\"}]},{\"@type\":\"WebSite\",\"@id\":\"https:\\\/\\\/www.p31noticias.com.br\\\/#website\",\"url\":\"https:\\\/\\\/www.p31noticias.com.br\\\/\",\"name\":\"P31\",\"description\":\"NOT\u00cdCIAS\",\"potentialAction\":[{\"@type\":\"SearchAction\",\"target\":{\"@type\":\"EntryPoint\",\"urlTemplate\":\"https:\\\/\\\/www.p31noticias.com.br\\\/?s={search_term_string}\"},\"query-input\":{\"@type\":\"PropertyValueSpecification\",\"valueRequired\":true,\"valueName\":\"search_term_string\"}}],\"inLanguage\":\"pt-BR\"},{\"@type\":\"Person\",\"@id\":\"https:\\\/\\\/www.p31noticias.com.br\\\/#\\\/schema\\\/person\\\/77d6b186c710ac38937c6ec204fdd387\",\"name\":\"Reda\u00e7\u00e3o JBN\",\"image\":{\"@type\":\"ImageObject\",\"inLanguage\":\"pt-BR\",\"@id\":\"https:\\\/\\\/secure.gravatar.com\\\/avatar\\\/10fcdb93211f98cce3d64c0795b0915a9a4a21dc0f279238995a3dbfafcad090?s=96&d=mm&r=g\",\"url\":\"https:\\\/\\\/secure.gravatar.com\\\/avatar\\\/10fcdb93211f98cce3d64c0795b0915a9a4a21dc0f279238995a3dbfafcad090?s=96&d=mm&r=g\",\"contentUrl\":\"https:\\\/\\\/secure.gravatar.com\\\/avatar\\\/10fcdb93211f98cce3d64c0795b0915a9a4a21dc0f279238995a3dbfafcad090?s=96&d=mm&r=g\",\"caption\":\"Reda\u00e7\u00e3o JBN\"},\"sameAs\":[\"https:\\\/\\\/p31noticias.com.br\"],\"url\":\"https:\\\/\\\/www.p31noticias.com.br\\\/?author=18\"}]}<\/script>\n<!-- \/ Yoast SEO Premium plugin. -->","yoast_head_json":{"title":"Sancionada lei que cria a universidade distrital - P31","robots":{"index":"index","follow":"follow","max-snippet":"max-snippet:-1","max-image-preview":"max-image-preview:large","max-video-preview":"max-video-preview:-1"},"canonical":"https:\/\/www.p31noticias.com.br\/?p=23522","og_locale":"pt_BR","og_type":"article","og_title":"Sancionada lei que cria a universidade distrital","og_description":"Marco hist\u00f3rico para a educa\u00e7\u00e3o p\u00fablica, a san\u00e7\u00e3o da lei que cria a Universidade do Distrito Federal Jorge Amaury (UnDF) foi assinada nesta quarta-feira (28) pelo governador Ibaneis Rocha. Fruto de um sonho de d\u00e9cadas, o projeto pioneiro \u2013 de autoria do Executivo local \u2013 autoriza a constru\u00e7\u00e3o do primeiro centro universit\u00e1rio distrital, ampliando a [&hellip;]","og_url":"https:\/\/www.p31noticias.com.br\/?p=23522","og_site_name":"P31","article_published_time":"2021-07-28T18:18:49+00:00","og_image":[{"width":2560,"height":1700,"url":"https:\/\/www.p31noticias.com.br\/wp-content\/uploads\/2021\/07\/ian-interna-ph-scaled.jpg","type":"image\/jpeg"}],"author":"Reda\u00e7\u00e3o JBN","twitter_card":"summary_large_image","twitter_misc":{"Escrito por":"Reda\u00e7\u00e3o JBN","Est. tempo de leitura":"5 minutos"},"schema":{"@context":"https:\/\/schema.org","@graph":[{"@type":"Article","@id":"https:\/\/www.p31noticias.com.br\/?p=23522#article","isPartOf":{"@id":"https:\/\/www.p31noticias.com.br\/?p=23522"},"author":{"name":"Reda\u00e7\u00e3o JBN","@id":"https:\/\/www.p31noticias.com.br\/#\/schema\/person\/77d6b186c710ac38937c6ec204fdd387"},"headline":"Sancionada lei que cria a universidade distrital","datePublished":"2021-07-28T18:18:49+00:00","mainEntityOfPage":{"@id":"https:\/\/www.p31noticias.com.br\/?p=23522"},"wordCount":918,"commentCount":0,"image":{"@id":"https:\/\/www.p31noticias.com.br\/?p=23522#primaryimage"},"thumbnailUrl":"https:\/\/www.p31noticias.com.br\/wp-content\/uploads\/2021\/07\/ian-interna-ph-scaled.jpg","articleSection":["Bras\u00edlia"],"inLanguage":"pt-BR","potentialAction":[{"@type":"CommentAction","name":"Comment","target":["https:\/\/www.p31noticias.com.br\/?p=23522#respond"]}],"copyrightYear":"2021","copyrightHolder":{"@id":"https:\/\/www.p31noticias.com.br\/#organization"}},{"@type":"WebPage","@id":"https:\/\/www.p31noticias.com.br\/?p=23522","url":"https:\/\/www.p31noticias.com.br\/?p=23522","name":"Sancionada lei que cria a universidade distrital - P31","isPartOf":{"@id":"https:\/\/www.p31noticias.com.br\/#website"},"primaryImageOfPage":{"@id":"https:\/\/www.p31noticias.com.br\/?p=23522#primaryimage"},"image":{"@id":"https:\/\/www.p31noticias.com.br\/?p=23522#primaryimage"},"thumbnailUrl":"https:\/\/www.p31noticias.com.br\/wp-content\/uploads\/2021\/07\/ian-interna-ph-scaled.jpg","datePublished":"2021-07-28T18:18:49+00:00","author":{"@id":"https:\/\/www.p31noticias.com.br\/#\/schema\/person\/77d6b186c710ac38937c6ec204fdd387"},"breadcrumb":{"@id":"https:\/\/www.p31noticias.com.br\/?p=23522#breadcrumb"},"inLanguage":"pt-BR","potentialAction":[{"@type":"ReadAction","target":["https:\/\/www.p31noticias.com.br\/?p=23522"]}]},{"@type":"ImageObject","inLanguage":"pt-BR","@id":"https:\/\/www.p31noticias.com.br\/?p=23522#primaryimage","url":"https:\/\/www.p31noticias.com.br\/wp-content\/uploads\/2021\/07\/ian-interna-ph-scaled.jpg","contentUrl":"https:\/\/www.p31noticias.com.br\/wp-content\/uploads\/2021\/07\/ian-interna-ph-scaled.jpg","width":2560,"height":1700},{"@type":"BreadcrumbList","@id":"https:\/\/www.p31noticias.com.br\/?p=23522#breadcrumb","itemListElement":[{"@type":"ListItem","position":1,"name":"In\u00edcio","item":"https:\/\/www.p31noticias.com.br\/"},{"@type":"ListItem","position":2,"name":"Sancionada lei que cria a universidade distrital"}]},{"@type":"WebSite","@id":"https:\/\/www.p31noticias.com.br\/#website","url":"https:\/\/www.p31noticias.com.br\/","name":"P31","description":"NOT\u00cdCIAS","potentialAction":[{"@type":"SearchAction","target":{"@type":"EntryPoint","urlTemplate":"https:\/\/www.p31noticias.com.br\/?s={search_term_string}"},"query-input":{"@type":"PropertyValueSpecification","valueRequired":true,"valueName":"search_term_string"}}],"inLanguage":"pt-BR"},{"@type":"Person","@id":"https:\/\/www.p31noticias.com.br\/#\/schema\/person\/77d6b186c710ac38937c6ec204fdd387","name":"Reda\u00e7\u00e3o JBN","image":{"@type":"ImageObject","inLanguage":"pt-BR","@id":"https:\/\/secure.gravatar.com\/avatar\/10fcdb93211f98cce3d64c0795b0915a9a4a21dc0f279238995a3dbfafcad090?s=96&d=mm&r=g","url":"https:\/\/secure.gravatar.com\/avatar\/10fcdb93211f98cce3d64c0795b0915a9a4a21dc0f279238995a3dbfafcad090?s=96&d=mm&r=g","contentUrl":"https:\/\/secure.gravatar.com\/avatar\/10fcdb93211f98cce3d64c0795b0915a9a4a21dc0f279238995a3dbfafcad090?s=96&d=mm&r=g","caption":"Reda\u00e7\u00e3o JBN"},"sameAs":["https:\/\/p31noticias.com.br"],"url":"https:\/\/www.p31noticias.com.br\/?author=18"}]}},"amp_enabled":true,"_links":{"self":[{"href":"https:\/\/www.p31noticias.com.br\/index.php?rest_route=\/wp\/v2\/posts\/23522","targetHints":{"allow":["GET"]}}],"collection":[{"href":"https:\/\/www.p31noticias.com.br\/index.php?rest_route=\/wp\/v2\/posts"}],"about":[{"href":"https:\/\/www.p31noticias.com.br\/index.php?rest_route=\/wp\/v2\/types\/post"}],"author":[{"embeddable":true,"href":"https:\/\/www.p31noticias.com.br\/index.php?rest_route=\/wp\/v2\/users\/18"}],"replies":[{"embeddable":true,"href":"https:\/\/www.p31noticias.com.br\/index.php?rest_route=%2Fwp%2Fv2%2Fcomments&post=23522"}],"version-history":[{"count":1,"href":"https:\/\/www.p31noticias.com.br\/index.php?rest_route=\/wp\/v2\/posts\/23522\/revisions"}],"predecessor-version":[{"id":23524,"href":"https:\/\/www.p31noticias.com.br\/index.php?rest_route=\/wp\/v2\/posts\/23522\/revisions\/23524"}],"wp:featuredmedia":[{"embeddable":true,"href":"https:\/\/www.p31noticias.com.br\/index.php?rest_route=\/wp\/v2\/media\/23523"}],"wp:attachment":[{"href":"https:\/\/www.p31noticias.com.br\/index.php?rest_route=%2Fwp%2Fv2%2Fmedia&parent=23522"}],"wp:term":[{"taxonomy":"category","embeddable":true,"href":"https:\/\/www.p31noticias.com.br\/index.php?rest_route=%2Fwp%2Fv2%2Fcategories&post=23522"},{"taxonomy":"post_tag","embeddable":true,"href":"https:\/\/www.p31noticias.com.br\/index.php?rest_route=%2Fwp%2Fv2%2Ftags&post=23522"}],"curies":[{"name":"wp","href":"https:\/\/api.w.org\/{rel}","templated":true}]}}