{"id":23512,"date":"2021-07-27T00:09:00","date_gmt":"2021-07-27T03:09:00","guid":{"rendered":"https:\/\/p31noticias.com.br\/?p=23512"},"modified":"2021-07-27T00:09:00","modified_gmt":"2021-07-27T03:09:00","slug":"plenario-da-camara-aprova-projeto-que-acaba-com-supersalarios","status":"publish","type":"post","link":"https:\/\/www.p31noticias.com.br\/?p=23512","title":{"rendered":"Plen\u00e1rio da C\u00e2mara aprova projeto que acaba com supersal\u00e1rios."},"content":{"rendered":"<p style=\"text-align: justify;\"><em><strong>Plen\u00e1rio da C\u00e2mara aprova projeto que acaba com supersal\u00e1rios.<\/strong><\/em><\/p>\n<p style=\"text-align: justify;\">Paula Belmonte tem dois projetos apensados \u00e0 proposta inicial, do deputado Rubens Bueno (Cidadania-PR)<br \/>\nA C\u00e2mara dos Deputados aprovou, nesta ter\u00e7a-feira (13), o PL 6726\/16, que combate os supersal\u00e1rios no funcionalismo p\u00fablico. Com a aprova\u00e7\u00e3o, o limite de remunera\u00e7\u00e3o ser\u00e1 o teto constitucional, vedando o recebimento de benef\u00edcios acima desse valor.<br \/>\nA deputada federal Paula Belmonte (Cidadania-DF) \u00e9 autora do PL 3621\/20, uma proposta com o mesmo tema e que foi apensada ao projeto aprovado hoje. Com isso, o teto constitucional passa a ser vinculado ao sal\u00e1rio dos ministros do Supremo Tribunal Federal (STF), que atualmente \u00e9 de R$ 39 mil. Benef\u00edcios como licen\u00e7a-pr\u00eamio, aux\u00edlio-fardamento, aux\u00edlio-moradia, entre outros, s\u00e3o usados por servidores p\u00fablicos como formas de burlar o teto.<br \/>\nA deputada Paula Belmonte tamb\u00e9m \u00e9 autora do PL 3620\/20, que torna improbidade administrativa a autoriza\u00e7\u00e3o do recebimento de sal\u00e1rios acima do teto constitucional. \u201cEssa seria uma forma de coibir o mau uso do dinheiro do contribuinte e fazer justi\u00e7a aos brasileiros\u201d, conclui a parlamentar.<\/p>\n<p><img decoding=\"async\" src=\"https:\/\/mail.google.com\/mail\/u\/0?ui=2&amp;ik=e51c0b2605&amp;attid=0.1.1&amp;permmsgid=msg-f:1706405137606643884&amp;th=17ae5e6e85f210ac&amp;view=fimg&amp;sz=s0-l75-ft&amp;attbid=ANGjdJ9oNG7yAlN-jjjmq6mdXNZTwDa2MkIsVryCM5ckmL4eXwUvdWfDOKF6jjAjhkIFMa_Uo_nMc_MzY1QWwOBzI4BgaD2VccYDrpo6ilxgcNGIw4KQTLx-UNQCv24&amp;disp=emb\" \/><\/p>\n<p>&nbsp;<\/p>\n<p>Foto : Alexandre Mota<\/p>\n","protected":false},"excerpt":{"rendered":"<p>Plen\u00e1rio da C\u00e2mara aprova projeto que acaba com supersal\u00e1rios. Paula Belmonte tem dois projetos apensados \u00e0 proposta inicial, do deputado Rubens Bueno (Cidadania-PR) A C\u00e2mara dos Deputados aprovou, nesta ter\u00e7a-feira (13), o PL 6726\/16, que combate os supersal\u00e1rios no funcionalismo p\u00fablico. Com a aprova\u00e7\u00e3o, o limite de remunera\u00e7\u00e3o ser\u00e1 o teto constitucional, vedando o recebimento [&hellip;]<\/p>\n","protected":false},"author":2,"featured_media":23513,"comment_status":"open","ping_status":"open","sticky":false,"template":"","format":"standard","meta":{"footnotes":""},"categories":[57],"tags":[],"class_list":{"0":"post-23512","1":"post","2":"type-post","3":"status-publish","4":"format-standard","5":"has-post-thumbnail","7":"category-politica"},"yoast_head":"<!-- This site is optimized with the Yoast SEO Premium plugin v24.5 (Yoast SEO v27.5) - https:\/\/yoast.com\/product\/yoast-seo-premium-wordpress\/ -->\n<title>Plen\u00e1rio da C\u00e2mara aprova projeto que acaba com supersal\u00e1rios. - P31<\/title>\n<meta name=\"robots\" content=\"index, follow, max-snippet:-1, max-image-preview:large, max-video-preview:-1\" \/>\n<link rel=\"canonical\" href=\"https:\/\/www.p31noticias.com.br\/?p=23512\" \/>\n<meta property=\"og:locale\" content=\"pt_BR\" \/>\n<meta property=\"og:type\" content=\"article\" \/>\n<meta property=\"og:title\" content=\"Plen\u00e1rio da C\u00e2mara aprova projeto que acaba com supersal\u00e1rios.\" \/>\n<meta property=\"og:description\" content=\"Plen\u00e1rio da C\u00e2mara aprova projeto que acaba com supersal\u00e1rios. Paula Belmonte tem dois projetos apensados \u00e0 proposta inicial, do deputado Rubens Bueno (Cidadania-PR) A C\u00e2mara dos Deputados aprovou, nesta ter\u00e7a-feira (13), o PL 6726\/16, que combate os supersal\u00e1rios no funcionalismo p\u00fablico. Com a aprova\u00e7\u00e3o, o limite de remunera\u00e7\u00e3o ser\u00e1 o teto constitucional, vedando o recebimento [&hellip;]\" \/>\n<meta property=\"og:url\" content=\"https:\/\/www.p31noticias.com.br\/?p=23512\" \/>\n<meta property=\"og:site_name\" content=\"P31\" \/>\n<meta property=\"article:published_time\" content=\"2021-07-27T03:09:00+00:00\" \/>\n<meta property=\"og:image\" content=\"https:\/\/www.p31noticias.com.br\/wp-content\/uploads\/2021\/07\/download-12.jpg\" \/>\n\t<meta property=\"og:image:width\" content=\"275\" \/>\n\t<meta property=\"og:image:height\" content=\"183\" \/>\n\t<meta property=\"og:image:type\" content=\"image\/jpeg\" \/>\n<meta name=\"author\" content=\"Gon\u00e7alves Junior\" \/>\n<meta name=\"twitter:card\" content=\"summary_large_image\" \/>\n<meta name=\"twitter:label1\" content=\"Escrito por\" \/>\n\t<meta name=\"twitter:data1\" content=\"Gon\u00e7alves Junior\" \/>\n\t<meta name=\"twitter:label2\" content=\"Est. tempo de leitura\" \/>\n\t<meta name=\"twitter:data2\" content=\"1 minuto\" \/>\n<script type=\"application\/ld+json\" class=\"yoast-schema-graph\">{\"@context\":\"https:\\\/\\\/schema.org\",\"@graph\":[{\"@type\":\"Article\",\"@id\":\"https:\\\/\\\/www.p31noticias.com.br\\\/?p=23512#article\",\"isPartOf\":{\"@id\":\"https:\\\/\\\/www.p31noticias.com.br\\\/?p=23512\"},\"author\":{\"name\":\"Gon\u00e7alves Junior\",\"@id\":\"https:\\\/\\\/www.p31noticias.com.br\\\/#\\\/schema\\\/person\\\/95f2ece30e3b4132065b915150cd0f94\"},\"headline\":\"Plen\u00e1rio da C\u00e2mara aprova projeto que acaba com supersal\u00e1rios.\",\"datePublished\":\"2021-07-27T03:09:00+00:00\",\"mainEntityOfPage\":{\"@id\":\"https:\\\/\\\/www.p31noticias.com.br\\\/?p=23512\"},\"wordCount\":202,\"commentCount\":0,\"image\":{\"@id\":\"https:\\\/\\\/www.p31noticias.com.br\\\/?p=23512#primaryimage\"},\"thumbnailUrl\":\"https:\\\/\\\/www.p31noticias.com.br\\\/wp-content\\\/uploads\\\/2021\\\/07\\\/download-12.jpg\",\"articleSection\":[\"Pol\u00edtica\"],\"inLanguage\":\"pt-BR\",\"potentialAction\":[{\"@type\":\"CommentAction\",\"name\":\"Comment\",\"target\":[\"https:\\\/\\\/www.p31noticias.com.br\\\/?p=23512#respond\"]}],\"copyrightYear\":\"2021\",\"copyrightHolder\":{\"@id\":\"https:\\\/\\\/www.p31noticias.com.br\\\/#organization\"}},{\"@type\":\"WebPage\",\"@id\":\"https:\\\/\\\/www.p31noticias.com.br\\\/?p=23512\",\"url\":\"https:\\\/\\\/www.p31noticias.com.br\\\/?p=23512\",\"name\":\"Plen\u00e1rio da C\u00e2mara aprova projeto que acaba com supersal\u00e1rios. - P31\",\"isPartOf\":{\"@id\":\"https:\\\/\\\/www.p31noticias.com.br\\\/#website\"},\"primaryImageOfPage\":{\"@id\":\"https:\\\/\\\/www.p31noticias.com.br\\\/?p=23512#primaryimage\"},\"image\":{\"@id\":\"https:\\\/\\\/www.p31noticias.com.br\\\/?p=23512#primaryimage\"},\"thumbnailUrl\":\"https:\\\/\\\/www.p31noticias.com.br\\\/wp-content\\\/uploads\\\/2021\\\/07\\\/download-12.jpg\",\"datePublished\":\"2021-07-27T03:09:00+00:00\",\"author\":{\"@id\":\"https:\\\/\\\/www.p31noticias.com.br\\\/#\\\/schema\\\/person\\\/95f2ece30e3b4132065b915150cd0f94\"},\"breadcrumb\":{\"@id\":\"https:\\\/\\\/www.p31noticias.com.br\\\/?p=23512#breadcrumb\"},\"inLanguage\":\"pt-BR\",\"potentialAction\":[{\"@type\":\"ReadAction\",\"target\":[\"https:\\\/\\\/www.p31noticias.com.br\\\/?p=23512\"]}]},{\"@type\":\"ImageObject\",\"inLanguage\":\"pt-BR\",\"@id\":\"https:\\\/\\\/www.p31noticias.com.br\\\/?p=23512#primaryimage\",\"url\":\"https:\\\/\\\/www.p31noticias.com.br\\\/wp-content\\\/uploads\\\/2021\\\/07\\\/download-12.jpg\",\"contentUrl\":\"https:\\\/\\\/www.p31noticias.com.br\\\/wp-content\\\/uploads\\\/2021\\\/07\\\/download-12.jpg\",\"width\":275,\"height\":183},{\"@type\":\"BreadcrumbList\",\"@id\":\"https:\\\/\\\/www.p31noticias.com.br\\\/?p=23512#breadcrumb\",\"itemListElement\":[{\"@type\":\"ListItem\",\"position\":1,\"name\":\"In\u00edcio\",\"item\":\"https:\\\/\\\/www.p31noticias.com.br\\\/\"},{\"@type\":\"ListItem\",\"position\":2,\"name\":\"Plen\u00e1rio da C\u00e2mara aprova projeto que acaba com supersal\u00e1rios.\"}]},{\"@type\":\"WebSite\",\"@id\":\"https:\\\/\\\/www.p31noticias.com.br\\\/#website\",\"url\":\"https:\\\/\\\/www.p31noticias.com.br\\\/\",\"name\":\"P31\",\"description\":\"NOT\u00cdCIAS\",\"potentialAction\":[{\"@type\":\"SearchAction\",\"target\":{\"@type\":\"EntryPoint\",\"urlTemplate\":\"https:\\\/\\\/www.p31noticias.com.br\\\/?s={search_term_string}\"},\"query-input\":{\"@type\":\"PropertyValueSpecification\",\"valueRequired\":true,\"valueName\":\"search_term_string\"}}],\"inLanguage\":\"pt-BR\"},{\"@type\":\"Person\",\"@id\":\"https:\\\/\\\/www.p31noticias.com.br\\\/#\\\/schema\\\/person\\\/95f2ece30e3b4132065b915150cd0f94\",\"name\":\"Gon\u00e7alves Junior\",\"image\":{\"@type\":\"ImageObject\",\"inLanguage\":\"pt-BR\",\"@id\":\"https:\\\/\\\/secure.gravatar.com\\\/avatar\\\/6711f350116a89762687a48d66f723c799e5438a5b7578508d4294cd7a5d0800?s=96&d=mm&r=g\",\"url\":\"https:\\\/\\\/secure.gravatar.com\\\/avatar\\\/6711f350116a89762687a48d66f723c799e5438a5b7578508d4294cd7a5d0800?s=96&d=mm&r=g\",\"contentUrl\":\"https:\\\/\\\/secure.gravatar.com\\\/avatar\\\/6711f350116a89762687a48d66f723c799e5438a5b7578508d4294cd7a5d0800?s=96&d=mm&r=g\",\"caption\":\"Gon\u00e7alves Junior\"},\"url\":\"https:\\\/\\\/www.p31noticias.com.br\\\/?author=2\"}]}<\/script>\n<!-- \/ Yoast SEO Premium plugin. -->","yoast_head_json":{"title":"Plen\u00e1rio da C\u00e2mara aprova projeto que acaba com supersal\u00e1rios. - P31","robots":{"index":"index","follow":"follow","max-snippet":"max-snippet:-1","max-image-preview":"max-image-preview:large","max-video-preview":"max-video-preview:-1"},"canonical":"https:\/\/www.p31noticias.com.br\/?p=23512","og_locale":"pt_BR","og_type":"article","og_title":"Plen\u00e1rio da C\u00e2mara aprova projeto que acaba com supersal\u00e1rios.","og_description":"Plen\u00e1rio da C\u00e2mara aprova projeto que acaba com supersal\u00e1rios. Paula Belmonte tem dois projetos apensados \u00e0 proposta inicial, do deputado Rubens Bueno (Cidadania-PR) A C\u00e2mara dos Deputados aprovou, nesta ter\u00e7a-feira (13), o PL 6726\/16, que combate os supersal\u00e1rios no funcionalismo p\u00fablico. Com a aprova\u00e7\u00e3o, o limite de remunera\u00e7\u00e3o ser\u00e1 o teto constitucional, vedando o recebimento [&hellip;]","og_url":"https:\/\/www.p31noticias.com.br\/?p=23512","og_site_name":"P31","article_published_time":"2021-07-27T03:09:00+00:00","og_image":[{"width":275,"height":183,"url":"https:\/\/www.p31noticias.com.br\/wp-content\/uploads\/2021\/07\/download-12.jpg","type":"image\/jpeg"}],"author":"Gon\u00e7alves Junior","twitter_card":"summary_large_image","twitter_misc":{"Escrito por":"Gon\u00e7alves Junior","Est. tempo de leitura":"1 minuto"},"schema":{"@context":"https:\/\/schema.org","@graph":[{"@type":"Article","@id":"https:\/\/www.p31noticias.com.br\/?p=23512#article","isPartOf":{"@id":"https:\/\/www.p31noticias.com.br\/?p=23512"},"author":{"name":"Gon\u00e7alves Junior","@id":"https:\/\/www.p31noticias.com.br\/#\/schema\/person\/95f2ece30e3b4132065b915150cd0f94"},"headline":"Plen\u00e1rio da C\u00e2mara aprova projeto que acaba com supersal\u00e1rios.","datePublished":"2021-07-27T03:09:00+00:00","mainEntityOfPage":{"@id":"https:\/\/www.p31noticias.com.br\/?p=23512"},"wordCount":202,"commentCount":0,"image":{"@id":"https:\/\/www.p31noticias.com.br\/?p=23512#primaryimage"},"thumbnailUrl":"https:\/\/www.p31noticias.com.br\/wp-content\/uploads\/2021\/07\/download-12.jpg","articleSection":["Pol\u00edtica"],"inLanguage":"pt-BR","potentialAction":[{"@type":"CommentAction","name":"Comment","target":["https:\/\/www.p31noticias.com.br\/?p=23512#respond"]}],"copyrightYear":"2021","copyrightHolder":{"@id":"https:\/\/www.p31noticias.com.br\/#organization"}},{"@type":"WebPage","@id":"https:\/\/www.p31noticias.com.br\/?p=23512","url":"https:\/\/www.p31noticias.com.br\/?p=23512","name":"Plen\u00e1rio da C\u00e2mara aprova projeto que acaba com supersal\u00e1rios. - P31","isPartOf":{"@id":"https:\/\/www.p31noticias.com.br\/#website"},"primaryImageOfPage":{"@id":"https:\/\/www.p31noticias.com.br\/?p=23512#primaryimage"},"image":{"@id":"https:\/\/www.p31noticias.com.br\/?p=23512#primaryimage"},"thumbnailUrl":"https:\/\/www.p31noticias.com.br\/wp-content\/uploads\/2021\/07\/download-12.jpg","datePublished":"2021-07-27T03:09:00+00:00","author":{"@id":"https:\/\/www.p31noticias.com.br\/#\/schema\/person\/95f2ece30e3b4132065b915150cd0f94"},"breadcrumb":{"@id":"https:\/\/www.p31noticias.com.br\/?p=23512#breadcrumb"},"inLanguage":"pt-BR","potentialAction":[{"@type":"ReadAction","target":["https:\/\/www.p31noticias.com.br\/?p=23512"]}]},{"@type":"ImageObject","inLanguage":"pt-BR","@id":"https:\/\/www.p31noticias.com.br\/?p=23512#primaryimage","url":"https:\/\/www.p31noticias.com.br\/wp-content\/uploads\/2021\/07\/download-12.jpg","contentUrl":"https:\/\/www.p31noticias.com.br\/wp-content\/uploads\/2021\/07\/download-12.jpg","width":275,"height":183},{"@type":"BreadcrumbList","@id":"https:\/\/www.p31noticias.com.br\/?p=23512#breadcrumb","itemListElement":[{"@type":"ListItem","position":1,"name":"In\u00edcio","item":"https:\/\/www.p31noticias.com.br\/"},{"@type":"ListItem","position":2,"name":"Plen\u00e1rio da C\u00e2mara aprova projeto que acaba com supersal\u00e1rios."}]},{"@type":"WebSite","@id":"https:\/\/www.p31noticias.com.br\/#website","url":"https:\/\/www.p31noticias.com.br\/","name":"P31","description":"NOT\u00cdCIAS","potentialAction":[{"@type":"SearchAction","target":{"@type":"EntryPoint","urlTemplate":"https:\/\/www.p31noticias.com.br\/?s={search_term_string}"},"query-input":{"@type":"PropertyValueSpecification","valueRequired":true,"valueName":"search_term_string"}}],"inLanguage":"pt-BR"},{"@type":"Person","@id":"https:\/\/www.p31noticias.com.br\/#\/schema\/person\/95f2ece30e3b4132065b915150cd0f94","name":"Gon\u00e7alves Junior","image":{"@type":"ImageObject","inLanguage":"pt-BR","@id":"https:\/\/secure.gravatar.com\/avatar\/6711f350116a89762687a48d66f723c799e5438a5b7578508d4294cd7a5d0800?s=96&d=mm&r=g","url":"https:\/\/secure.gravatar.com\/avatar\/6711f350116a89762687a48d66f723c799e5438a5b7578508d4294cd7a5d0800?s=96&d=mm&r=g","contentUrl":"https:\/\/secure.gravatar.com\/avatar\/6711f350116a89762687a48d66f723c799e5438a5b7578508d4294cd7a5d0800?s=96&d=mm&r=g","caption":"Gon\u00e7alves Junior"},"url":"https:\/\/www.p31noticias.com.br\/?author=2"}]}},"amp_enabled":true,"_links":{"self":[{"href":"https:\/\/www.p31noticias.com.br\/index.php?rest_route=\/wp\/v2\/posts\/23512","targetHints":{"allow":["GET"]}}],"collection":[{"href":"https:\/\/www.p31noticias.com.br\/index.php?rest_route=\/wp\/v2\/posts"}],"about":[{"href":"https:\/\/www.p31noticias.com.br\/index.php?rest_route=\/wp\/v2\/types\/post"}],"author":[{"embeddable":true,"href":"https:\/\/www.p31noticias.com.br\/index.php?rest_route=\/wp\/v2\/users\/2"}],"replies":[{"embeddable":true,"href":"https:\/\/www.p31noticias.com.br\/index.php?rest_route=%2Fwp%2Fv2%2Fcomments&post=23512"}],"version-history":[{"count":1,"href":"https:\/\/www.p31noticias.com.br\/index.php?rest_route=\/wp\/v2\/posts\/23512\/revisions"}],"predecessor-version":[{"id":23514,"href":"https:\/\/www.p31noticias.com.br\/index.php?rest_route=\/wp\/v2\/posts\/23512\/revisions\/23514"}],"wp:featuredmedia":[{"embeddable":true,"href":"https:\/\/www.p31noticias.com.br\/index.php?rest_route=\/wp\/v2\/media\/23513"}],"wp:attachment":[{"href":"https:\/\/www.p31noticias.com.br\/index.php?rest_route=%2Fwp%2Fv2%2Fmedia&parent=23512"}],"wp:term":[{"taxonomy":"category","embeddable":true,"href":"https:\/\/www.p31noticias.com.br\/index.php?rest_route=%2Fwp%2Fv2%2Fcategories&post=23512"},{"taxonomy":"post_tag","embeddable":true,"href":"https:\/\/www.p31noticias.com.br\/index.php?rest_route=%2Fwp%2Fv2%2Ftags&post=23512"}],"curies":[{"name":"wp","href":"https:\/\/api.w.org\/{rel}","templated":true}]}}