{"id":23509,"date":"2021-07-26T23:54:14","date_gmt":"2021-07-27T02:54:14","guid":{"rendered":"https:\/\/p31noticias.com.br\/?p=23509"},"modified":"2021-07-26T23:54:14","modified_gmt":"2021-07-27T02:54:14","slug":"mais-doses-sem-agendamento-para-maiores-de-35-anos","status":"publish","type":"post","link":"https:\/\/www.p31noticias.com.br\/?p=23509","title":{"rendered":"Mais doses sem agendamento para maiores de 35 anos."},"content":{"rendered":"<p style=\"text-align: justify;\"><em><strong>Vacina\u00e7\u00e3o contra covid-19 atinge mais faixas et\u00e1rias a partir de quinta-feira (29). At\u00e9 l\u00e1, foco \u00e9 aplica\u00e7\u00e3o da segunda dose.<\/strong><\/em><\/p>\n<blockquote class=\"olho esquerda\"><p><span class=\"olho__texto h2 clearfix\">A Secretaria de Sa\u00fade deve receber novas 43.110 doses do Minist\u00e9rio da Sa\u00fade, o que vai permitir mais uma vez baixar a faixa et\u00e1ria do p\u00fablico-alvo da imuniza\u00e7\u00e3o<\/span><\/p><\/blockquote>\n<p style=\"text-align: justify;\">A partir de quinta-feira (29), a vacina\u00e7\u00e3o contra a covid-19 no Distrito Federal vai chegar \u00e0 popula\u00e7\u00e3o com mais de 35 anos. A imuniza\u00e7\u00e3o por faixa et\u00e1ria segue em esquema de mutir\u00e3o, sem necessidade de agendamento e com a disponibiliza\u00e7\u00e3o de 100 postos de vacina\u00e7\u00e3o. A novidade foi anunciada na tarde desta segunda-feira (26) pelos secret\u00e1rios de Sa\u00fade, Osnei Okumoto, e da Casa Civil, Gustavo Rocha, em coletiva de imprensa no Pal\u00e1cio do Buriti.<\/p>\n<p style=\"text-align: justify;\">Durante a conversa com os jornalistas, os gestores enfatizaram o sucesso do mutir\u00e3o ocorrido no final de semana passado, que vacinou 138.807 pessoas \u2013 112.610 com a primeira dose, 23.767 com a segunda dose e 2.430 com a dose \u00fanica. \u201cHavia um receio de que houvesse longas filas, por isso a Secretaria de Sa\u00fade disponibilizou 100 pontos de vacina\u00e7\u00e3o e a imuniza\u00e7\u00e3o por demanda espont\u00e2nea ocorreu de forma muito adequada\u201d, afirmou Gustavo Rocha.<\/p>\n<p style=\"text-align: justify;\">\u201cSe formaram algumas filas no in\u00edcio, mas ao longo do dia e nos dias seguintes houve uma demora muito pequena e alguns pontos estavam at\u00e9 sem fila\u201d, ressaltou.<\/p>\n<p style=\"text-align: justify;\">Segundo o secret\u00e1rio, o desempenho mostra a capacidade de vacina\u00e7\u00e3o das equipes de sa\u00fade do DF. Ele afirmou que, com o mutir\u00e3o, o DF subiu cinco posi\u00e7\u00f5es no ranking nacional de doses aplicadas. \u201cDigo que n\u00e3o h\u00e1 estado que tenha melhores condi\u00e7\u00f5es de promover a vacina\u00e7\u00e3o da popula\u00e7\u00e3o como o DF. S\u00f3 precisamos de doses\u201d, disse. Gustavo Rocha ressaltou que, atualmente, o DF n\u00e3o tem nenhuma dose para primeira aplica\u00e7\u00e3o no estoque da rede de frio da Secretaria de Sa\u00fade.<\/p>\n<p style=\"text-align: justify;\">A secretaria deve receber, entre ter\u00e7a (27) e quarta-feira (28), novas 43.110 doses do Minist\u00e9rio da Sa\u00fade, o que vai permitir mais uma vez baixar a faixa et\u00e1ria do p\u00fablico alvo da imuniza\u00e7\u00e3o, seguindo o mesmo modelo da vacina\u00e7\u00e3o do fim de semana.<\/p>\n<p style=\"text-align: justify;\">Osnei Okumoto explicou que a disponibiliza\u00e7\u00e3o dos 100 pontos de vacina\u00e7\u00e3o foi poss\u00edvel com a troca dos postos destinados para a aplica\u00e7\u00e3o da vacina contra a gripe, que continua sendo feita nos 54 postos que aplicavam a vacina contra a covid-19. \u201cGostaria de agradecer aos colegas servidores da Sa\u00fade e aos volunt\u00e1rios que participaram da vacina\u00e7\u00e3o e fizeram com que fosse um sucesso\u201d, afirmou.<\/p>\n<p style=\"text-align: justify;\">A Secretaria de Sa\u00fade vai divulgar a rela\u00e7\u00e3o dos postos que aplicar\u00e3o a primeira dose, segunda dose ou as duas. Nesta semana, o foco \u00e9 a aplica\u00e7\u00e3o da segunda dose, para quem tomou a primeira h\u00e1 90 dias. O secret\u00e1rio da Casa Civil ressaltou que, at\u00e9 o fim de agosto, 290 mil doses para segunda aplica\u00e7\u00e3o dever\u00e3o ser utilizadas no DF.<\/p>\n<p style=\"text-align: justify;\">Os gestores tamb\u00e9m afirmaram que, t\u00e3o logo o Minist\u00e9rio da Sa\u00fade defina os crit\u00e9rios para a antecipa\u00e7\u00e3o da segunda dose da Pfizer para 21 dias, a Secretaria de Sa\u00fade vai tomar provid\u00eancias para seguir a recomenda\u00e7\u00e3o.<\/p>\n<p>Ag\u00eancia Brasilia.<\/p>\n","protected":false},"excerpt":{"rendered":"<p>Vacina\u00e7\u00e3o contra covid-19 atinge mais faixas et\u00e1rias a partir de quinta-feira (29). At\u00e9 l\u00e1, foco \u00e9 aplica\u00e7\u00e3o da segunda dose. A Secretaria de Sa\u00fade deve receber novas 43.110 doses do Minist\u00e9rio da Sa\u00fade, o que vai permitir mais uma vez baixar a faixa et\u00e1ria do p\u00fablico-alvo da imuniza\u00e7\u00e3o A partir de quinta-feira (29), a vacina\u00e7\u00e3o [&hellip;]<\/p>\n","protected":false},"author":2,"featured_media":23510,"comment_status":"open","ping_status":"open","sticky":false,"template":"","format":"standard","meta":{"footnotes":""},"categories":[21],"tags":[],"class_list":{"0":"post-23509","1":"post","2":"type-post","3":"status-publish","4":"format-standard","5":"has-post-thumbnail","7":"category-brasilia"},"yoast_head":"<!-- This site is optimized with the Yoast SEO Premium plugin v24.5 (Yoast SEO v27.5) - https:\/\/yoast.com\/product\/yoast-seo-premium-wordpress\/ -->\n<title>Mais doses sem agendamento para maiores de 35 anos. - P31<\/title>\n<meta name=\"robots\" content=\"index, follow, max-snippet:-1, max-image-preview:large, max-video-preview:-1\" \/>\n<link rel=\"canonical\" href=\"https:\/\/www.p31noticias.com.br\/?p=23509\" \/>\n<meta property=\"og:locale\" content=\"pt_BR\" \/>\n<meta property=\"og:type\" content=\"article\" \/>\n<meta property=\"og:title\" content=\"Mais doses sem agendamento para maiores de 35 anos.\" \/>\n<meta property=\"og:description\" content=\"Vacina\u00e7\u00e3o contra covid-19 atinge mais faixas et\u00e1rias a partir de quinta-feira (29). At\u00e9 l\u00e1, foco \u00e9 aplica\u00e7\u00e3o da segunda dose. A Secretaria de Sa\u00fade deve receber novas 43.110 doses do Minist\u00e9rio da Sa\u00fade, o que vai permitir mais uma vez baixar a faixa et\u00e1ria do p\u00fablico-alvo da imuniza\u00e7\u00e3o A partir de quinta-feira (29), a vacina\u00e7\u00e3o [&hellip;]\" \/>\n<meta property=\"og:url\" content=\"https:\/\/www.p31noticias.com.br\/?p=23509\" \/>\n<meta property=\"og:site_name\" content=\"P31\" \/>\n<meta property=\"article:published_time\" content=\"2021-07-27T02:54:14+00:00\" \/>\n<meta property=\"og:image\" content=\"https:\/\/www.p31noticias.com.br\/wp-content\/uploads\/2021\/07\/interna-2-6-scaled.jpg\" \/>\n\t<meta property=\"og:image:width\" content=\"2560\" \/>\n\t<meta property=\"og:image:height\" content=\"1700\" \/>\n\t<meta property=\"og:image:type\" content=\"image\/jpeg\" \/>\n<meta name=\"author\" content=\"Gon\u00e7alves Junior\" \/>\n<meta name=\"twitter:card\" content=\"summary_large_image\" \/>\n<meta name=\"twitter:label1\" content=\"Escrito por\" \/>\n\t<meta name=\"twitter:data1\" content=\"Gon\u00e7alves Junior\" \/>\n\t<meta name=\"twitter:label2\" content=\"Est. tempo de leitura\" \/>\n\t<meta name=\"twitter:data2\" content=\"3 minutos\" \/>\n<script type=\"application\/ld+json\" class=\"yoast-schema-graph\">{\"@context\":\"https:\\\/\\\/schema.org\",\"@graph\":[{\"@type\":\"Article\",\"@id\":\"https:\\\/\\\/www.p31noticias.com.br\\\/?p=23509#article\",\"isPartOf\":{\"@id\":\"https:\\\/\\\/www.p31noticias.com.br\\\/?p=23509\"},\"author\":{\"name\":\"Gon\u00e7alves Junior\",\"@id\":\"https:\\\/\\\/www.p31noticias.com.br\\\/#\\\/schema\\\/person\\\/95f2ece30e3b4132065b915150cd0f94\"},\"headline\":\"Mais doses sem agendamento para maiores de 35 anos.\",\"datePublished\":\"2021-07-27T02:54:14+00:00\",\"mainEntityOfPage\":{\"@id\":\"https:\\\/\\\/www.p31noticias.com.br\\\/?p=23509\"},\"wordCount\":562,\"commentCount\":0,\"image\":{\"@id\":\"https:\\\/\\\/www.p31noticias.com.br\\\/?p=23509#primaryimage\"},\"thumbnailUrl\":\"https:\\\/\\\/www.p31noticias.com.br\\\/wp-content\\\/uploads\\\/2021\\\/07\\\/interna-2-6-scaled.jpg\",\"articleSection\":[\"Bras\u00edlia\"],\"inLanguage\":\"pt-BR\",\"potentialAction\":[{\"@type\":\"CommentAction\",\"name\":\"Comment\",\"target\":[\"https:\\\/\\\/www.p31noticias.com.br\\\/?p=23509#respond\"]}],\"copyrightYear\":\"2021\",\"copyrightHolder\":{\"@id\":\"https:\\\/\\\/www.p31noticias.com.br\\\/#organization\"}},{\"@type\":\"WebPage\",\"@id\":\"https:\\\/\\\/www.p31noticias.com.br\\\/?p=23509\",\"url\":\"https:\\\/\\\/www.p31noticias.com.br\\\/?p=23509\",\"name\":\"Mais doses sem agendamento para maiores de 35 anos. - P31\",\"isPartOf\":{\"@id\":\"https:\\\/\\\/www.p31noticias.com.br\\\/#website\"},\"primaryImageOfPage\":{\"@id\":\"https:\\\/\\\/www.p31noticias.com.br\\\/?p=23509#primaryimage\"},\"image\":{\"@id\":\"https:\\\/\\\/www.p31noticias.com.br\\\/?p=23509#primaryimage\"},\"thumbnailUrl\":\"https:\\\/\\\/www.p31noticias.com.br\\\/wp-content\\\/uploads\\\/2021\\\/07\\\/interna-2-6-scaled.jpg\",\"datePublished\":\"2021-07-27T02:54:14+00:00\",\"author\":{\"@id\":\"https:\\\/\\\/www.p31noticias.com.br\\\/#\\\/schema\\\/person\\\/95f2ece30e3b4132065b915150cd0f94\"},\"breadcrumb\":{\"@id\":\"https:\\\/\\\/www.p31noticias.com.br\\\/?p=23509#breadcrumb\"},\"inLanguage\":\"pt-BR\",\"potentialAction\":[{\"@type\":\"ReadAction\",\"target\":[\"https:\\\/\\\/www.p31noticias.com.br\\\/?p=23509\"]}]},{\"@type\":\"ImageObject\",\"inLanguage\":\"pt-BR\",\"@id\":\"https:\\\/\\\/www.p31noticias.com.br\\\/?p=23509#primaryimage\",\"url\":\"https:\\\/\\\/www.p31noticias.com.br\\\/wp-content\\\/uploads\\\/2021\\\/07\\\/interna-2-6-scaled.jpg\",\"contentUrl\":\"https:\\\/\\\/www.p31noticias.com.br\\\/wp-content\\\/uploads\\\/2021\\\/07\\\/interna-2-6-scaled.jpg\",\"width\":2560,\"height\":1700},{\"@type\":\"BreadcrumbList\",\"@id\":\"https:\\\/\\\/www.p31noticias.com.br\\\/?p=23509#breadcrumb\",\"itemListElement\":[{\"@type\":\"ListItem\",\"position\":1,\"name\":\"In\u00edcio\",\"item\":\"https:\\\/\\\/www.p31noticias.com.br\\\/\"},{\"@type\":\"ListItem\",\"position\":2,\"name\":\"Mais doses sem agendamento para maiores de 35 anos.\"}]},{\"@type\":\"WebSite\",\"@id\":\"https:\\\/\\\/www.p31noticias.com.br\\\/#website\",\"url\":\"https:\\\/\\\/www.p31noticias.com.br\\\/\",\"name\":\"P31\",\"description\":\"NOT\u00cdCIAS\",\"potentialAction\":[{\"@type\":\"SearchAction\",\"target\":{\"@type\":\"EntryPoint\",\"urlTemplate\":\"https:\\\/\\\/www.p31noticias.com.br\\\/?s={search_term_string}\"},\"query-input\":{\"@type\":\"PropertyValueSpecification\",\"valueRequired\":true,\"valueName\":\"search_term_string\"}}],\"inLanguage\":\"pt-BR\"},{\"@type\":\"Person\",\"@id\":\"https:\\\/\\\/www.p31noticias.com.br\\\/#\\\/schema\\\/person\\\/95f2ece30e3b4132065b915150cd0f94\",\"name\":\"Gon\u00e7alves Junior\",\"image\":{\"@type\":\"ImageObject\",\"inLanguage\":\"pt-BR\",\"@id\":\"https:\\\/\\\/secure.gravatar.com\\\/avatar\\\/6711f350116a89762687a48d66f723c799e5438a5b7578508d4294cd7a5d0800?s=96&d=mm&r=g\",\"url\":\"https:\\\/\\\/secure.gravatar.com\\\/avatar\\\/6711f350116a89762687a48d66f723c799e5438a5b7578508d4294cd7a5d0800?s=96&d=mm&r=g\",\"contentUrl\":\"https:\\\/\\\/secure.gravatar.com\\\/avatar\\\/6711f350116a89762687a48d66f723c799e5438a5b7578508d4294cd7a5d0800?s=96&d=mm&r=g\",\"caption\":\"Gon\u00e7alves Junior\"},\"url\":\"https:\\\/\\\/www.p31noticias.com.br\\\/?author=2\"}]}<\/script>\n<!-- \/ Yoast SEO Premium plugin. -->","yoast_head_json":{"title":"Mais doses sem agendamento para maiores de 35 anos. - P31","robots":{"index":"index","follow":"follow","max-snippet":"max-snippet:-1","max-image-preview":"max-image-preview:large","max-video-preview":"max-video-preview:-1"},"canonical":"https:\/\/www.p31noticias.com.br\/?p=23509","og_locale":"pt_BR","og_type":"article","og_title":"Mais doses sem agendamento para maiores de 35 anos.","og_description":"Vacina\u00e7\u00e3o contra covid-19 atinge mais faixas et\u00e1rias a partir de quinta-feira (29). At\u00e9 l\u00e1, foco \u00e9 aplica\u00e7\u00e3o da segunda dose. A Secretaria de Sa\u00fade deve receber novas 43.110 doses do Minist\u00e9rio da Sa\u00fade, o que vai permitir mais uma vez baixar a faixa et\u00e1ria do p\u00fablico-alvo da imuniza\u00e7\u00e3o A partir de quinta-feira (29), a vacina\u00e7\u00e3o [&hellip;]","og_url":"https:\/\/www.p31noticias.com.br\/?p=23509","og_site_name":"P31","article_published_time":"2021-07-27T02:54:14+00:00","og_image":[{"width":2560,"height":1700,"url":"https:\/\/www.p31noticias.com.br\/wp-content\/uploads\/2021\/07\/interna-2-6-scaled.jpg","type":"image\/jpeg"}],"author":"Gon\u00e7alves Junior","twitter_card":"summary_large_image","twitter_misc":{"Escrito por":"Gon\u00e7alves Junior","Est. tempo de leitura":"3 minutos"},"schema":{"@context":"https:\/\/schema.org","@graph":[{"@type":"Article","@id":"https:\/\/www.p31noticias.com.br\/?p=23509#article","isPartOf":{"@id":"https:\/\/www.p31noticias.com.br\/?p=23509"},"author":{"name":"Gon\u00e7alves Junior","@id":"https:\/\/www.p31noticias.com.br\/#\/schema\/person\/95f2ece30e3b4132065b915150cd0f94"},"headline":"Mais doses sem agendamento para maiores de 35 anos.","datePublished":"2021-07-27T02:54:14+00:00","mainEntityOfPage":{"@id":"https:\/\/www.p31noticias.com.br\/?p=23509"},"wordCount":562,"commentCount":0,"image":{"@id":"https:\/\/www.p31noticias.com.br\/?p=23509#primaryimage"},"thumbnailUrl":"https:\/\/www.p31noticias.com.br\/wp-content\/uploads\/2021\/07\/interna-2-6-scaled.jpg","articleSection":["Bras\u00edlia"],"inLanguage":"pt-BR","potentialAction":[{"@type":"CommentAction","name":"Comment","target":["https:\/\/www.p31noticias.com.br\/?p=23509#respond"]}],"copyrightYear":"2021","copyrightHolder":{"@id":"https:\/\/www.p31noticias.com.br\/#organization"}},{"@type":"WebPage","@id":"https:\/\/www.p31noticias.com.br\/?p=23509","url":"https:\/\/www.p31noticias.com.br\/?p=23509","name":"Mais doses sem agendamento para maiores de 35 anos. - P31","isPartOf":{"@id":"https:\/\/www.p31noticias.com.br\/#website"},"primaryImageOfPage":{"@id":"https:\/\/www.p31noticias.com.br\/?p=23509#primaryimage"},"image":{"@id":"https:\/\/www.p31noticias.com.br\/?p=23509#primaryimage"},"thumbnailUrl":"https:\/\/www.p31noticias.com.br\/wp-content\/uploads\/2021\/07\/interna-2-6-scaled.jpg","datePublished":"2021-07-27T02:54:14+00:00","author":{"@id":"https:\/\/www.p31noticias.com.br\/#\/schema\/person\/95f2ece30e3b4132065b915150cd0f94"},"breadcrumb":{"@id":"https:\/\/www.p31noticias.com.br\/?p=23509#breadcrumb"},"inLanguage":"pt-BR","potentialAction":[{"@type":"ReadAction","target":["https:\/\/www.p31noticias.com.br\/?p=23509"]}]},{"@type":"ImageObject","inLanguage":"pt-BR","@id":"https:\/\/www.p31noticias.com.br\/?p=23509#primaryimage","url":"https:\/\/www.p31noticias.com.br\/wp-content\/uploads\/2021\/07\/interna-2-6-scaled.jpg","contentUrl":"https:\/\/www.p31noticias.com.br\/wp-content\/uploads\/2021\/07\/interna-2-6-scaled.jpg","width":2560,"height":1700},{"@type":"BreadcrumbList","@id":"https:\/\/www.p31noticias.com.br\/?p=23509#breadcrumb","itemListElement":[{"@type":"ListItem","position":1,"name":"In\u00edcio","item":"https:\/\/www.p31noticias.com.br\/"},{"@type":"ListItem","position":2,"name":"Mais doses sem agendamento para maiores de 35 anos."}]},{"@type":"WebSite","@id":"https:\/\/www.p31noticias.com.br\/#website","url":"https:\/\/www.p31noticias.com.br\/","name":"P31","description":"NOT\u00cdCIAS","potentialAction":[{"@type":"SearchAction","target":{"@type":"EntryPoint","urlTemplate":"https:\/\/www.p31noticias.com.br\/?s={search_term_string}"},"query-input":{"@type":"PropertyValueSpecification","valueRequired":true,"valueName":"search_term_string"}}],"inLanguage":"pt-BR"},{"@type":"Person","@id":"https:\/\/www.p31noticias.com.br\/#\/schema\/person\/95f2ece30e3b4132065b915150cd0f94","name":"Gon\u00e7alves Junior","image":{"@type":"ImageObject","inLanguage":"pt-BR","@id":"https:\/\/secure.gravatar.com\/avatar\/6711f350116a89762687a48d66f723c799e5438a5b7578508d4294cd7a5d0800?s=96&d=mm&r=g","url":"https:\/\/secure.gravatar.com\/avatar\/6711f350116a89762687a48d66f723c799e5438a5b7578508d4294cd7a5d0800?s=96&d=mm&r=g","contentUrl":"https:\/\/secure.gravatar.com\/avatar\/6711f350116a89762687a48d66f723c799e5438a5b7578508d4294cd7a5d0800?s=96&d=mm&r=g","caption":"Gon\u00e7alves Junior"},"url":"https:\/\/www.p31noticias.com.br\/?author=2"}]}},"amp_enabled":true,"_links":{"self":[{"href":"https:\/\/www.p31noticias.com.br\/index.php?rest_route=\/wp\/v2\/posts\/23509","targetHints":{"allow":["GET"]}}],"collection":[{"href":"https:\/\/www.p31noticias.com.br\/index.php?rest_route=\/wp\/v2\/posts"}],"about":[{"href":"https:\/\/www.p31noticias.com.br\/index.php?rest_route=\/wp\/v2\/types\/post"}],"author":[{"embeddable":true,"href":"https:\/\/www.p31noticias.com.br\/index.php?rest_route=\/wp\/v2\/users\/2"}],"replies":[{"embeddable":true,"href":"https:\/\/www.p31noticias.com.br\/index.php?rest_route=%2Fwp%2Fv2%2Fcomments&post=23509"}],"version-history":[{"count":1,"href":"https:\/\/www.p31noticias.com.br\/index.php?rest_route=\/wp\/v2\/posts\/23509\/revisions"}],"predecessor-version":[{"id":23511,"href":"https:\/\/www.p31noticias.com.br\/index.php?rest_route=\/wp\/v2\/posts\/23509\/revisions\/23511"}],"wp:featuredmedia":[{"embeddable":true,"href":"https:\/\/www.p31noticias.com.br\/index.php?rest_route=\/wp\/v2\/media\/23510"}],"wp:attachment":[{"href":"https:\/\/www.p31noticias.com.br\/index.php?rest_route=%2Fwp%2Fv2%2Fmedia&parent=23509"}],"wp:term":[{"taxonomy":"category","embeddable":true,"href":"https:\/\/www.p31noticias.com.br\/index.php?rest_route=%2Fwp%2Fv2%2Fcategories&post=23509"},{"taxonomy":"post_tag","embeddable":true,"href":"https:\/\/www.p31noticias.com.br\/index.php?rest_route=%2Fwp%2Fv2%2Ftags&post=23509"}],"curies":[{"name":"wp","href":"https:\/\/api.w.org\/{rel}","templated":true}]}}