{"id":23497,"date":"2021-07-22T10:56:58","date_gmt":"2021-07-22T13:56:58","guid":{"rendered":"https:\/\/p31noticias.com.br\/?p=23497"},"modified":"2021-07-22T10:56:58","modified_gmt":"2021-07-22T13:56:58","slug":"ministerio-anuncia-entrega-de-633-milhoes-de-vacinas-em-agosto","status":"publish","type":"post","link":"https:\/\/www.p31noticias.com.br\/?p=23497","title":{"rendered":"Minist\u00e9rio anuncia entrega de 63,3 milh\u00f5es de vacinas em agosto."},"content":{"rendered":"<h2 class=\"toolkit-subtitle mt-5\" style=\"text-align: justify;\"><em><strong>Previs\u00e3o anterior era de 60,5 milh\u00f5es de doses, aumento acontece pela chegada de imunizantes extras da Pfizer e do Butantan.<\/strong><\/em><\/h2>\n<p style=\"text-align: justify;\">O Minist\u00e9rio da Sa\u00fade anunciou na noite de quarta-feira (21) que aumentou para 63,3 milh\u00f5es a previs\u00e3o de doses de vacinas\u00a0<strong><a href=\"https:\/\/noticias.r7.com\/saude\/coronavirus\" target=\"_blank\" rel=\"noopener noreferrer\">contra covid-19\u00a0<\/a><\/strong>que devem ser entregues em agosto pelos laborat\u00f3rios contratados. A previs\u00e3o anterior era de 60,5 milh\u00f5es de unidades.<\/p>\n<p style=\"text-align: justify;\">Segundo a pasta, a nova proje\u00e7\u00e3o representa um aumento superior a 50% em rela\u00e7\u00e3o a julho, quando o pa\u00eds deve receber 40,4 milh\u00f5es de doses previstas.<\/p>\n<p style=\"text-align: justify;\">Nesta quarta-feira, o minist\u00e9rio confirmou que recebeu do Instituto Butantan mais 1,5 milh\u00e3o de doses da Coronavac. Os imunizantes ser\u00e3o inclu\u00eddos no Programa Nacional de Imuniza\u00e7\u00e3o (PNI) e distribu\u00eddos para os estados e Distrito Federal.<\/p>\n<p style=\"text-align: justify;\">Al\u00e9m das vacinas recebidas, o instituto aumentou a expectativa de entrega para o pr\u00f3ximo m\u00eas de 15 milh\u00f5es para 20 milh\u00f5es de doses. A entrega de imunizantes da Pfizer tamb\u00e9m foi ampliada, passando de 32,5 milh\u00f5es para 33,3 milh\u00f5es.<\/p>\n<p style=\"text-align: justify;\">Al\u00e9m dessas doses, o Brasil tamb\u00e9m vai contar com a entrega de 10 milh\u00f5es de doses da AstraZeneca, produzidas pela Fiocruz (Funda\u00e7\u00e3o Oswaldo Cruz).<\/p>\n<p style=\"text-align: justify;\">De acordo com a pasta, 164 milh\u00f5es de doses de todas as vacinas contra a covid-19 que fazem parte do PNI foram distribu\u00eddas aos estados. Do total, foram aplicadas 126,6 milh\u00f5es, sendo 91,4 milh\u00f5es de primeira dose e 35,1 milh\u00f5es de segunda dose e dose \u00fanica.<\/p>\n<p style=\"text-align: justify;\">Segundo o minist\u00e9rio, o n\u00famero de pessoas que receberam a primeira dose representa mais da metade da popula\u00e7\u00e3o-alvo (57%) de 160 milh\u00f5es de pessoas com mais de 18 anos no Brasil. Quem est\u00e1 com a imuniza\u00e7\u00e3o completa (2\u00ba dose ou dose \u00fanica) representa 21,7% da popula\u00e7\u00e3o-alvo.<\/p>\n<p style=\"text-align: justify;\">Por meio do vacin\u00f4metro do Minist\u00e9rio da Sa\u00fade, a popula\u00e7\u00e3o pode acompanhar o andamento da vacina\u00e7\u00e3o em todos os estados.<\/p>\n<p style=\"text-align: justify;\">Portal R7.<\/p>\n","protected":false},"excerpt":{"rendered":"<p>Previs\u00e3o anterior era de 60,5 milh\u00f5es de doses, aumento acontece pela chegada de imunizantes extras da Pfizer e do Butantan. O Minist\u00e9rio da Sa\u00fade anunciou na noite de quarta-feira (21) que aumentou para 63,3 milh\u00f5es a previs\u00e3o de doses de vacinas\u00a0contra covid-19\u00a0que devem ser entregues em agosto pelos laborat\u00f3rios contratados. A previs\u00e3o anterior era de [&hellip;]<\/p>\n","protected":false},"author":2,"featured_media":23498,"comment_status":"open","ping_status":"open","sticky":false,"template":"","format":"standard","meta":{"footnotes":""},"categories":[1],"tags":[],"class_list":{"0":"post-23497","1":"post","2":"type-post","3":"status-publish","4":"format-standard","5":"has-post-thumbnail","7":"category-outros"},"yoast_head":"<!-- This site is optimized with the Yoast SEO Premium plugin v24.5 (Yoast SEO v27.5) - https:\/\/yoast.com\/product\/yoast-seo-premium-wordpress\/ -->\n<title>Minist\u00e9rio anuncia entrega de 63,3 milh\u00f5es de vacinas em agosto. - P31<\/title>\n<meta name=\"robots\" content=\"index, follow, max-snippet:-1, max-image-preview:large, max-video-preview:-1\" \/>\n<link rel=\"canonical\" href=\"https:\/\/www.p31noticias.com.br\/?p=23497\" \/>\n<meta property=\"og:locale\" content=\"pt_BR\" \/>\n<meta property=\"og:type\" content=\"article\" \/>\n<meta property=\"og:title\" content=\"Minist\u00e9rio anuncia entrega de 63,3 milh\u00f5es de vacinas em agosto.\" \/>\n<meta property=\"og:description\" content=\"Previs\u00e3o anterior era de 60,5 milh\u00f5es de doses, aumento acontece pela chegada de imunizantes extras da Pfizer e do Butantan. O Minist\u00e9rio da Sa\u00fade anunciou na noite de quarta-feira (21) que aumentou para 63,3 milh\u00f5es a previs\u00e3o de doses de vacinas\u00a0contra covid-19\u00a0que devem ser entregues em agosto pelos laborat\u00f3rios contratados. A previs\u00e3o anterior era de [&hellip;]\" \/>\n<meta property=\"og:url\" content=\"https:\/\/www.p31noticias.com.br\/?p=23497\" \/>\n<meta property=\"og:site_name\" content=\"P31\" \/>\n<meta property=\"article:published_time\" content=\"2021-07-22T13:56:58+00:00\" \/>\n<meta property=\"og:image\" content=\"https:\/\/www.p31noticias.com.br\/wp-content\/uploads\/2021\/07\/vacinas-covid-22072021074044663.jpeg\" \/>\n\t<meta property=\"og:image:width\" content=\"676\" \/>\n\t<meta property=\"og:image:height\" content=\"369\" \/>\n\t<meta property=\"og:image:type\" content=\"image\/jpeg\" \/>\n<meta name=\"author\" content=\"Gon\u00e7alves Junior\" \/>\n<meta name=\"twitter:card\" content=\"summary_large_image\" \/>\n<meta name=\"twitter:label1\" content=\"Escrito por\" \/>\n\t<meta name=\"twitter:data1\" content=\"Gon\u00e7alves Junior\" \/>\n\t<meta name=\"twitter:label2\" content=\"Est. tempo de leitura\" \/>\n\t<meta name=\"twitter:data2\" content=\"2 minutos\" \/>\n<script type=\"application\/ld+json\" class=\"yoast-schema-graph\">{\"@context\":\"https:\\\/\\\/schema.org\",\"@graph\":[{\"@type\":\"Article\",\"@id\":\"https:\\\/\\\/www.p31noticias.com.br\\\/?p=23497#article\",\"isPartOf\":{\"@id\":\"https:\\\/\\\/www.p31noticias.com.br\\\/?p=23497\"},\"author\":{\"name\":\"Gon\u00e7alves Junior\",\"@id\":\"https:\\\/\\\/www.p31noticias.com.br\\\/#\\\/schema\\\/person\\\/95f2ece30e3b4132065b915150cd0f94\"},\"headline\":\"Minist\u00e9rio anuncia entrega de 63,3 milh\u00f5es de vacinas em agosto.\",\"datePublished\":\"2021-07-22T13:56:58+00:00\",\"mainEntityOfPage\":{\"@id\":\"https:\\\/\\\/www.p31noticias.com.br\\\/?p=23497\"},\"wordCount\":336,\"commentCount\":0,\"image\":{\"@id\":\"https:\\\/\\\/www.p31noticias.com.br\\\/?p=23497#primaryimage\"},\"thumbnailUrl\":\"https:\\\/\\\/www.p31noticias.com.br\\\/wp-content\\\/uploads\\\/2021\\\/07\\\/vacinas-covid-22072021074044663.jpeg\",\"articleSection\":[\"Outros\"],\"inLanguage\":\"pt-BR\",\"potentialAction\":[{\"@type\":\"CommentAction\",\"name\":\"Comment\",\"target\":[\"https:\\\/\\\/www.p31noticias.com.br\\\/?p=23497#respond\"]}],\"copyrightYear\":\"2021\",\"copyrightHolder\":{\"@id\":\"https:\\\/\\\/www.p31noticias.com.br\\\/#organization\"}},{\"@type\":\"WebPage\",\"@id\":\"https:\\\/\\\/www.p31noticias.com.br\\\/?p=23497\",\"url\":\"https:\\\/\\\/www.p31noticias.com.br\\\/?p=23497\",\"name\":\"Minist\u00e9rio anuncia entrega de 63,3 milh\u00f5es de vacinas em agosto. - P31\",\"isPartOf\":{\"@id\":\"https:\\\/\\\/www.p31noticias.com.br\\\/#website\"},\"primaryImageOfPage\":{\"@id\":\"https:\\\/\\\/www.p31noticias.com.br\\\/?p=23497#primaryimage\"},\"image\":{\"@id\":\"https:\\\/\\\/www.p31noticias.com.br\\\/?p=23497#primaryimage\"},\"thumbnailUrl\":\"https:\\\/\\\/www.p31noticias.com.br\\\/wp-content\\\/uploads\\\/2021\\\/07\\\/vacinas-covid-22072021074044663.jpeg\",\"datePublished\":\"2021-07-22T13:56:58+00:00\",\"author\":{\"@id\":\"https:\\\/\\\/www.p31noticias.com.br\\\/#\\\/schema\\\/person\\\/95f2ece30e3b4132065b915150cd0f94\"},\"breadcrumb\":{\"@id\":\"https:\\\/\\\/www.p31noticias.com.br\\\/?p=23497#breadcrumb\"},\"inLanguage\":\"pt-BR\",\"potentialAction\":[{\"@type\":\"ReadAction\",\"target\":[\"https:\\\/\\\/www.p31noticias.com.br\\\/?p=23497\"]}]},{\"@type\":\"ImageObject\",\"inLanguage\":\"pt-BR\",\"@id\":\"https:\\\/\\\/www.p31noticias.com.br\\\/?p=23497#primaryimage\",\"url\":\"https:\\\/\\\/www.p31noticias.com.br\\\/wp-content\\\/uploads\\\/2021\\\/07\\\/vacinas-covid-22072021074044663.jpeg\",\"contentUrl\":\"https:\\\/\\\/www.p31noticias.com.br\\\/wp-content\\\/uploads\\\/2021\\\/07\\\/vacinas-covid-22072021074044663.jpeg\",\"width\":676,\"height\":369},{\"@type\":\"BreadcrumbList\",\"@id\":\"https:\\\/\\\/www.p31noticias.com.br\\\/?p=23497#breadcrumb\",\"itemListElement\":[{\"@type\":\"ListItem\",\"position\":1,\"name\":\"In\u00edcio\",\"item\":\"https:\\\/\\\/www.p31noticias.com.br\\\/\"},{\"@type\":\"ListItem\",\"position\":2,\"name\":\"Minist\u00e9rio anuncia entrega de 63,3 milh\u00f5es de vacinas em agosto.\"}]},{\"@type\":\"WebSite\",\"@id\":\"https:\\\/\\\/www.p31noticias.com.br\\\/#website\",\"url\":\"https:\\\/\\\/www.p31noticias.com.br\\\/\",\"name\":\"P31\",\"description\":\"NOT\u00cdCIAS\",\"potentialAction\":[{\"@type\":\"SearchAction\",\"target\":{\"@type\":\"EntryPoint\",\"urlTemplate\":\"https:\\\/\\\/www.p31noticias.com.br\\\/?s={search_term_string}\"},\"query-input\":{\"@type\":\"PropertyValueSpecification\",\"valueRequired\":true,\"valueName\":\"search_term_string\"}}],\"inLanguage\":\"pt-BR\"},{\"@type\":\"Person\",\"@id\":\"https:\\\/\\\/www.p31noticias.com.br\\\/#\\\/schema\\\/person\\\/95f2ece30e3b4132065b915150cd0f94\",\"name\":\"Gon\u00e7alves Junior\",\"image\":{\"@type\":\"ImageObject\",\"inLanguage\":\"pt-BR\",\"@id\":\"https:\\\/\\\/secure.gravatar.com\\\/avatar\\\/6711f350116a89762687a48d66f723c799e5438a5b7578508d4294cd7a5d0800?s=96&d=mm&r=g\",\"url\":\"https:\\\/\\\/secure.gravatar.com\\\/avatar\\\/6711f350116a89762687a48d66f723c799e5438a5b7578508d4294cd7a5d0800?s=96&d=mm&r=g\",\"contentUrl\":\"https:\\\/\\\/secure.gravatar.com\\\/avatar\\\/6711f350116a89762687a48d66f723c799e5438a5b7578508d4294cd7a5d0800?s=96&d=mm&r=g\",\"caption\":\"Gon\u00e7alves Junior\"},\"url\":\"https:\\\/\\\/www.p31noticias.com.br\\\/?author=2\"}]}<\/script>\n<!-- \/ Yoast SEO Premium plugin. -->","yoast_head_json":{"title":"Minist\u00e9rio anuncia entrega de 63,3 milh\u00f5es de vacinas em agosto. - P31","robots":{"index":"index","follow":"follow","max-snippet":"max-snippet:-1","max-image-preview":"max-image-preview:large","max-video-preview":"max-video-preview:-1"},"canonical":"https:\/\/www.p31noticias.com.br\/?p=23497","og_locale":"pt_BR","og_type":"article","og_title":"Minist\u00e9rio anuncia entrega de 63,3 milh\u00f5es de vacinas em agosto.","og_description":"Previs\u00e3o anterior era de 60,5 milh\u00f5es de doses, aumento acontece pela chegada de imunizantes extras da Pfizer e do Butantan. O Minist\u00e9rio da Sa\u00fade anunciou na noite de quarta-feira (21) que aumentou para 63,3 milh\u00f5es a previs\u00e3o de doses de vacinas\u00a0contra covid-19\u00a0que devem ser entregues em agosto pelos laborat\u00f3rios contratados. A previs\u00e3o anterior era de [&hellip;]","og_url":"https:\/\/www.p31noticias.com.br\/?p=23497","og_site_name":"P31","article_published_time":"2021-07-22T13:56:58+00:00","og_image":[{"width":676,"height":369,"url":"https:\/\/www.p31noticias.com.br\/wp-content\/uploads\/2021\/07\/vacinas-covid-22072021074044663.jpeg","type":"image\/jpeg"}],"author":"Gon\u00e7alves Junior","twitter_card":"summary_large_image","twitter_misc":{"Escrito por":"Gon\u00e7alves Junior","Est. tempo de leitura":"2 minutos"},"schema":{"@context":"https:\/\/schema.org","@graph":[{"@type":"Article","@id":"https:\/\/www.p31noticias.com.br\/?p=23497#article","isPartOf":{"@id":"https:\/\/www.p31noticias.com.br\/?p=23497"},"author":{"name":"Gon\u00e7alves Junior","@id":"https:\/\/www.p31noticias.com.br\/#\/schema\/person\/95f2ece30e3b4132065b915150cd0f94"},"headline":"Minist\u00e9rio anuncia entrega de 63,3 milh\u00f5es de vacinas em agosto.","datePublished":"2021-07-22T13:56:58+00:00","mainEntityOfPage":{"@id":"https:\/\/www.p31noticias.com.br\/?p=23497"},"wordCount":336,"commentCount":0,"image":{"@id":"https:\/\/www.p31noticias.com.br\/?p=23497#primaryimage"},"thumbnailUrl":"https:\/\/www.p31noticias.com.br\/wp-content\/uploads\/2021\/07\/vacinas-covid-22072021074044663.jpeg","articleSection":["Outros"],"inLanguage":"pt-BR","potentialAction":[{"@type":"CommentAction","name":"Comment","target":["https:\/\/www.p31noticias.com.br\/?p=23497#respond"]}],"copyrightYear":"2021","copyrightHolder":{"@id":"https:\/\/www.p31noticias.com.br\/#organization"}},{"@type":"WebPage","@id":"https:\/\/www.p31noticias.com.br\/?p=23497","url":"https:\/\/www.p31noticias.com.br\/?p=23497","name":"Minist\u00e9rio anuncia entrega de 63,3 milh\u00f5es de vacinas em agosto. - P31","isPartOf":{"@id":"https:\/\/www.p31noticias.com.br\/#website"},"primaryImageOfPage":{"@id":"https:\/\/www.p31noticias.com.br\/?p=23497#primaryimage"},"image":{"@id":"https:\/\/www.p31noticias.com.br\/?p=23497#primaryimage"},"thumbnailUrl":"https:\/\/www.p31noticias.com.br\/wp-content\/uploads\/2021\/07\/vacinas-covid-22072021074044663.jpeg","datePublished":"2021-07-22T13:56:58+00:00","author":{"@id":"https:\/\/www.p31noticias.com.br\/#\/schema\/person\/95f2ece30e3b4132065b915150cd0f94"},"breadcrumb":{"@id":"https:\/\/www.p31noticias.com.br\/?p=23497#breadcrumb"},"inLanguage":"pt-BR","potentialAction":[{"@type":"ReadAction","target":["https:\/\/www.p31noticias.com.br\/?p=23497"]}]},{"@type":"ImageObject","inLanguage":"pt-BR","@id":"https:\/\/www.p31noticias.com.br\/?p=23497#primaryimage","url":"https:\/\/www.p31noticias.com.br\/wp-content\/uploads\/2021\/07\/vacinas-covid-22072021074044663.jpeg","contentUrl":"https:\/\/www.p31noticias.com.br\/wp-content\/uploads\/2021\/07\/vacinas-covid-22072021074044663.jpeg","width":676,"height":369},{"@type":"BreadcrumbList","@id":"https:\/\/www.p31noticias.com.br\/?p=23497#breadcrumb","itemListElement":[{"@type":"ListItem","position":1,"name":"In\u00edcio","item":"https:\/\/www.p31noticias.com.br\/"},{"@type":"ListItem","position":2,"name":"Minist\u00e9rio anuncia entrega de 63,3 milh\u00f5es de vacinas em agosto."}]},{"@type":"WebSite","@id":"https:\/\/www.p31noticias.com.br\/#website","url":"https:\/\/www.p31noticias.com.br\/","name":"P31","description":"NOT\u00cdCIAS","potentialAction":[{"@type":"SearchAction","target":{"@type":"EntryPoint","urlTemplate":"https:\/\/www.p31noticias.com.br\/?s={search_term_string}"},"query-input":{"@type":"PropertyValueSpecification","valueRequired":true,"valueName":"search_term_string"}}],"inLanguage":"pt-BR"},{"@type":"Person","@id":"https:\/\/www.p31noticias.com.br\/#\/schema\/person\/95f2ece30e3b4132065b915150cd0f94","name":"Gon\u00e7alves Junior","image":{"@type":"ImageObject","inLanguage":"pt-BR","@id":"https:\/\/secure.gravatar.com\/avatar\/6711f350116a89762687a48d66f723c799e5438a5b7578508d4294cd7a5d0800?s=96&d=mm&r=g","url":"https:\/\/secure.gravatar.com\/avatar\/6711f350116a89762687a48d66f723c799e5438a5b7578508d4294cd7a5d0800?s=96&d=mm&r=g","contentUrl":"https:\/\/secure.gravatar.com\/avatar\/6711f350116a89762687a48d66f723c799e5438a5b7578508d4294cd7a5d0800?s=96&d=mm&r=g","caption":"Gon\u00e7alves Junior"},"url":"https:\/\/www.p31noticias.com.br\/?author=2"}]}},"amp_enabled":true,"_links":{"self":[{"href":"https:\/\/www.p31noticias.com.br\/index.php?rest_route=\/wp\/v2\/posts\/23497","targetHints":{"allow":["GET"]}}],"collection":[{"href":"https:\/\/www.p31noticias.com.br\/index.php?rest_route=\/wp\/v2\/posts"}],"about":[{"href":"https:\/\/www.p31noticias.com.br\/index.php?rest_route=\/wp\/v2\/types\/post"}],"author":[{"embeddable":true,"href":"https:\/\/www.p31noticias.com.br\/index.php?rest_route=\/wp\/v2\/users\/2"}],"replies":[{"embeddable":true,"href":"https:\/\/www.p31noticias.com.br\/index.php?rest_route=%2Fwp%2Fv2%2Fcomments&post=23497"}],"version-history":[{"count":1,"href":"https:\/\/www.p31noticias.com.br\/index.php?rest_route=\/wp\/v2\/posts\/23497\/revisions"}],"predecessor-version":[{"id":23499,"href":"https:\/\/www.p31noticias.com.br\/index.php?rest_route=\/wp\/v2\/posts\/23497\/revisions\/23499"}],"wp:featuredmedia":[{"embeddable":true,"href":"https:\/\/www.p31noticias.com.br\/index.php?rest_route=\/wp\/v2\/media\/23498"}],"wp:attachment":[{"href":"https:\/\/www.p31noticias.com.br\/index.php?rest_route=%2Fwp%2Fv2%2Fmedia&parent=23497"}],"wp:term":[{"taxonomy":"category","embeddable":true,"href":"https:\/\/www.p31noticias.com.br\/index.php?rest_route=%2Fwp%2Fv2%2Fcategories&post=23497"},{"taxonomy":"post_tag","embeddable":true,"href":"https:\/\/www.p31noticias.com.br\/index.php?rest_route=%2Fwp%2Fv2%2Ftags&post=23497"}],"curies":[{"name":"wp","href":"https:\/\/api.w.org\/{rel}","templated":true}]}}