{"id":23491,"date":"2021-07-22T10:45:03","date_gmt":"2021-07-22T13:45:03","guid":{"rendered":"https:\/\/p31noticias.com.br\/?p=23491"},"modified":"2021-07-22T10:45:03","modified_gmt":"2021-07-22T13:45:03","slug":"gdf-fara-mutirao-para-vacinar-publico-acima-de-37-anos-de-idade","status":"publish","type":"post","link":"https:\/\/www.p31noticias.com.br\/?p=23491","title":{"rendered":"GDF far\u00e1 mutir\u00e3o para vacinar p\u00fablico acima de 37 anos de idade."},"content":{"rendered":"<p style=\"text-align: justify;\"><em><strong>Ser\u00e3o cerca de 100 pontos de imuniza\u00e7\u00e3o dispon\u00edveis sexta-feira, s\u00e1bado e domingo. Agora, n\u00e3o ser\u00e1 preciso fazer agendamento.<\/strong><\/em><\/p>\n<p style=\"text-align: justify;\">O Governo do Distrito Federal (GDF) far\u00e1 um mutir\u00e3o de vacina\u00e7\u00e3o contra a covid-19 a partir desta sexta-feira (23). Ser\u00e3o em torno de 100 postos dispon\u00edveis para a aplica\u00e7\u00e3o da vacina em toda a capital federal na sexta, s\u00e1bado e domingo. O objetivo \u00e9 dar mais celeridade ao processo de imuniza\u00e7\u00e3o no DF. O p\u00fablico-alvo \u00e9 quem tem 37 anos ou mais.<\/p>\n<figure id=\"attachment_317801\" class=\"wp-caption aligncenter\" aria-describedby=\"caption-attachment-317801\"><img loading=\"lazy\" decoding=\"async\" class=\"wp-image-317801 size-full\" src=\"http:\/\/www.agenciabrasilia.df.gov.br\/wp-conteudo\/uploads\/2021\/07\/JRO_6242.jpg\" sizes=\"auto, (max-width: 4085px) 100vw, 4085px\" srcset=\"https:\/\/www.agenciabrasilia.df.gov.br\/wp-conteudo\/uploads\/2021\/07\/JRO_6242.jpg 4085w, https:\/\/www.agenciabrasilia.df.gov.br\/wp-conteudo\/uploads\/2021\/07\/JRO_6242-300x199.jpg 300w, https:\/\/www.agenciabrasilia.df.gov.br\/wp-conteudo\/uploads\/2021\/07\/JRO_6242-768x510.jpg 768w, https:\/\/www.agenciabrasilia.df.gov.br\/wp-conteudo\/uploads\/2021\/07\/JRO_6242-1024x680.jpg 1024w, https:\/\/www.agenciabrasilia.df.gov.br\/wp-conteudo\/uploads\/2021\/07\/JRO_6242-256x170.jpg 256w, https:\/\/www.agenciabrasilia.df.gov.br\/wp-conteudo\/uploads\/2021\/07\/JRO_6242-149x99.jpg 149w, https:\/\/www.agenciabrasilia.df.gov.br\/wp-conteudo\/uploads\/2021\/07\/JRO_6242-160x106.jpg 160w, https:\/\/www.agenciabrasilia.df.gov.br\/wp-conteudo\/uploads\/2021\/07\/JRO_6242-1200x797.jpg 1200w\" alt=\"\" width=\"4085\" height=\"2713\" \/><figcaption id=\"caption-attachment-317801\" class=\"wp-caption-text\">O hor\u00e1rio de funcionamento e a rela\u00e7\u00e3o dos postos que v\u00e3o integrar o mutir\u00e3o ser\u00e3o divulgados nesta quinta (22) pela Secretaria de Sa\u00fade | Foto: Joel Rodrigues\/Ag\u00eancia Bras\u00edlia.<\/p>\n<div class=\"col-sm-offset-0 col-md-offset-2 col-md-8\">\n<div class=\"single__conteudo noticia\" style=\"text-align: justify;\">\n<blockquote class=\"olho direita\"><p><span class=\"olho__texto h2 clearfix\">\u201cEsperamos que a vacina\u00e7\u00e3o ocorra com a maior efici\u00eancia e tranquilidade poss\u00edvel. O objetivo \u00e9 diminuir e organizar da melhor forma poss\u00edvel as filas e evitar aglomera\u00e7\u00f5es\u201d<\/span><span class=\"olho__assinatura block\">Gustavo Rocha, secret\u00e1rio da Casa Civil<\/span><\/p><\/blockquote>\n<p>A medida foi anunciada na tarde desta quarta-feira (21), durante coletiva de imprensa da Sa\u00fade, no Pal\u00e1cio do Buriti. Os atuais 54 pontos de vacina\u00e7\u00e3o disponibilizados pela Secretaria de Sa\u00fade praticamente dobrar\u00e3o, conforme lembrou o chefe da Casa Civil, Gustavo Rocha. N\u00e3o ser\u00e1 necess\u00e1rio agendamento pr\u00e9vio pela internet.<\/p>\n<p>\u201cEsses postos ser\u00e3o divididos entre os que v\u00e3o aplicar a primeira dose e os que dar\u00e3o a segunda\u201d, explicou Rocha. \u201cAl\u00e9m disso, a Pol\u00edcia Militar e agentes de sa\u00fade v\u00e3o monitorar os pontos de vacina\u00e7\u00e3o. O objetivo \u00e9 informar a popula\u00e7\u00e3o de quantas doses est\u00e3o dispostas naquele ponto e se efetivamente ter\u00e1 a vacina quando chegar a vez da pessoa\u201d, acrescentou.<\/p>\n<\/div>\n<\/div>\n<p style=\"text-align: justify;\"><strong>Hor\u00e1rio de funcionamento e locais ser\u00e3o divulgados<\/strong><\/p>\n<p style=\"text-align: justify;\">O avan\u00e7o na imuniza\u00e7\u00e3o \u00e9 poss\u00edvel com a chegada de cerca de 87 mil doses de vacinas, entregues pelo Minist\u00e9rio da Sa\u00fade. O hor\u00e1rio de funcionamento e a rela\u00e7\u00e3o dos postos que v\u00e3o integrar o mutir\u00e3o ser\u00e3o divulgados nesta quinta (22) pela Secretaria de Sa\u00fade.<\/p>\n<p style=\"text-align: justify;\">\u201cEsperamos que a vacina\u00e7\u00e3o ocorra com a maior efici\u00eancia e tranquilidade poss\u00edvel. O objetivo \u00e9 diminuir e organizar da melhor forma poss\u00edvel as filas e evitar aglomera\u00e7\u00f5es\u201d, disse o titular da Casa Civil.<\/p>\n<p style=\"text-align: justify;\">Na coletiva, foi informado ainda que h\u00e1 um quantitativo de cerca de 180 mil pessoas a serem imunizadas com a segunda dose at\u00e9 o fim de julho. Segundo o secret\u00e1rio de Sa\u00fade, Osnei Okumoto, 170 mil vacinas est\u00e3o na Rede de Frio da Sa\u00fade e o restante vir\u00e1 nas pr\u00f3ximas remessas enviadas pelo Minist\u00e9rio. \u201cInsistimos aqui que \u00e9 fundamental fazer a segunda dose corretamente, pois s\u00f3 assim se completa o ciclo de imuniza\u00e7\u00e3o\u201d, finalizou o secret\u00e1rio.<\/p>\n<p>Ag\u00eancia Bras\u00edlia.<\/figcaption><\/figure>\n","protected":false},"excerpt":{"rendered":"<p>Ser\u00e3o cerca de 100 pontos de imuniza\u00e7\u00e3o dispon\u00edveis sexta-feira, s\u00e1bado e domingo. Agora, n\u00e3o ser\u00e1 preciso fazer agendamento. O Governo do Distrito Federal (GDF) far\u00e1 um mutir\u00e3o de vacina\u00e7\u00e3o contra a covid-19 a partir desta sexta-feira (23). Ser\u00e3o em torno de 100 postos dispon\u00edveis para a aplica\u00e7\u00e3o da vacina em toda a capital federal na [&hellip;]<\/p>\n","protected":false},"author":2,"featured_media":23492,"comment_status":"open","ping_status":"open","sticky":false,"template":"","format":"standard","meta":{"footnotes":""},"categories":[21],"tags":[],"class_list":{"0":"post-23491","1":"post","2":"type-post","3":"status-publish","4":"format-standard","5":"has-post-thumbnail","7":"category-brasilia"},"yoast_head":"<!-- This site is optimized with the Yoast SEO Premium plugin v24.5 (Yoast SEO v27.5) - https:\/\/yoast.com\/product\/yoast-seo-premium-wordpress\/ -->\n<title>GDF far\u00e1 mutir\u00e3o para vacinar p\u00fablico acima de 37 anos de idade. - P31<\/title>\n<meta name=\"robots\" content=\"index, follow, max-snippet:-1, max-image-preview:large, max-video-preview:-1\" \/>\n<link rel=\"canonical\" href=\"https:\/\/www.p31noticias.com.br\/?p=23491\" \/>\n<meta property=\"og:locale\" content=\"pt_BR\" \/>\n<meta property=\"og:type\" content=\"article\" \/>\n<meta property=\"og:title\" content=\"GDF far\u00e1 mutir\u00e3o para vacinar p\u00fablico acima de 37 anos de idade.\" \/>\n<meta property=\"og:description\" content=\"Ser\u00e3o cerca de 100 pontos de imuniza\u00e7\u00e3o dispon\u00edveis sexta-feira, s\u00e1bado e domingo. Agora, n\u00e3o ser\u00e1 preciso fazer agendamento. O Governo do Distrito Federal (GDF) far\u00e1 um mutir\u00e3o de vacina\u00e7\u00e3o contra a covid-19 a partir desta sexta-feira (23). Ser\u00e3o em torno de 100 postos dispon\u00edveis para a aplica\u00e7\u00e3o da vacina em toda a capital federal na [&hellip;]\" \/>\n<meta property=\"og:url\" content=\"https:\/\/www.p31noticias.com.br\/?p=23491\" \/>\n<meta property=\"og:site_name\" content=\"P31\" \/>\n<meta property=\"article:published_time\" content=\"2021-07-22T13:45:03+00:00\" \/>\n<meta property=\"og:image\" content=\"https:\/\/www.p31noticias.com.br\/wp-content\/uploads\/2021\/07\/download-4.jpg\" \/>\n\t<meta property=\"og:image:width\" content=\"275\" \/>\n\t<meta property=\"og:image:height\" content=\"183\" \/>\n\t<meta property=\"og:image:type\" content=\"image\/jpeg\" \/>\n<meta name=\"author\" content=\"Gon\u00e7alves Junior\" \/>\n<meta name=\"twitter:card\" content=\"summary_large_image\" \/>\n<meta name=\"twitter:label1\" content=\"Escrito por\" \/>\n\t<meta name=\"twitter:data1\" content=\"Gon\u00e7alves Junior\" \/>\n\t<meta name=\"twitter:label2\" content=\"Est. tempo de leitura\" \/>\n\t<meta name=\"twitter:data2\" content=\"2 minutos\" \/>\n<script type=\"application\/ld+json\" class=\"yoast-schema-graph\">{\"@context\":\"https:\\\/\\\/schema.org\",\"@graph\":[{\"@type\":\"Article\",\"@id\":\"https:\\\/\\\/www.p31noticias.com.br\\\/?p=23491#article\",\"isPartOf\":{\"@id\":\"https:\\\/\\\/www.p31noticias.com.br\\\/?p=23491\"},\"author\":{\"name\":\"Gon\u00e7alves Junior\",\"@id\":\"https:\\\/\\\/www.p31noticias.com.br\\\/#\\\/schema\\\/person\\\/95f2ece30e3b4132065b915150cd0f94\"},\"headline\":\"GDF far\u00e1 mutir\u00e3o para vacinar p\u00fablico acima de 37 anos de idade.\",\"datePublished\":\"2021-07-22T13:45:03+00:00\",\"mainEntityOfPage\":{\"@id\":\"https:\\\/\\\/www.p31noticias.com.br\\\/?p=23491\"},\"wordCount\":481,\"commentCount\":0,\"image\":{\"@id\":\"https:\\\/\\\/www.p31noticias.com.br\\\/?p=23491#primaryimage\"},\"thumbnailUrl\":\"https:\\\/\\\/www.p31noticias.com.br\\\/wp-content\\\/uploads\\\/2021\\\/07\\\/download-4.jpg\",\"articleSection\":[\"Bras\u00edlia\"],\"inLanguage\":\"pt-BR\",\"potentialAction\":[{\"@type\":\"CommentAction\",\"name\":\"Comment\",\"target\":[\"https:\\\/\\\/www.p31noticias.com.br\\\/?p=23491#respond\"]}],\"copyrightYear\":\"2021\",\"copyrightHolder\":{\"@id\":\"https:\\\/\\\/www.p31noticias.com.br\\\/#organization\"}},{\"@type\":\"WebPage\",\"@id\":\"https:\\\/\\\/www.p31noticias.com.br\\\/?p=23491\",\"url\":\"https:\\\/\\\/www.p31noticias.com.br\\\/?p=23491\",\"name\":\"GDF far\u00e1 mutir\u00e3o para vacinar p\u00fablico acima de 37 anos de idade. - P31\",\"isPartOf\":{\"@id\":\"https:\\\/\\\/www.p31noticias.com.br\\\/#website\"},\"primaryImageOfPage\":{\"@id\":\"https:\\\/\\\/www.p31noticias.com.br\\\/?p=23491#primaryimage\"},\"image\":{\"@id\":\"https:\\\/\\\/www.p31noticias.com.br\\\/?p=23491#primaryimage\"},\"thumbnailUrl\":\"https:\\\/\\\/www.p31noticias.com.br\\\/wp-content\\\/uploads\\\/2021\\\/07\\\/download-4.jpg\",\"datePublished\":\"2021-07-22T13:45:03+00:00\",\"author\":{\"@id\":\"https:\\\/\\\/www.p31noticias.com.br\\\/#\\\/schema\\\/person\\\/95f2ece30e3b4132065b915150cd0f94\"},\"breadcrumb\":{\"@id\":\"https:\\\/\\\/www.p31noticias.com.br\\\/?p=23491#breadcrumb\"},\"inLanguage\":\"pt-BR\",\"potentialAction\":[{\"@type\":\"ReadAction\",\"target\":[\"https:\\\/\\\/www.p31noticias.com.br\\\/?p=23491\"]}]},{\"@type\":\"ImageObject\",\"inLanguage\":\"pt-BR\",\"@id\":\"https:\\\/\\\/www.p31noticias.com.br\\\/?p=23491#primaryimage\",\"url\":\"https:\\\/\\\/www.p31noticias.com.br\\\/wp-content\\\/uploads\\\/2021\\\/07\\\/download-4.jpg\",\"contentUrl\":\"https:\\\/\\\/www.p31noticias.com.br\\\/wp-content\\\/uploads\\\/2021\\\/07\\\/download-4.jpg\",\"width\":275,\"height\":183},{\"@type\":\"BreadcrumbList\",\"@id\":\"https:\\\/\\\/www.p31noticias.com.br\\\/?p=23491#breadcrumb\",\"itemListElement\":[{\"@type\":\"ListItem\",\"position\":1,\"name\":\"In\u00edcio\",\"item\":\"https:\\\/\\\/www.p31noticias.com.br\\\/\"},{\"@type\":\"ListItem\",\"position\":2,\"name\":\"GDF far\u00e1 mutir\u00e3o para vacinar p\u00fablico acima de 37 anos de idade.\"}]},{\"@type\":\"WebSite\",\"@id\":\"https:\\\/\\\/www.p31noticias.com.br\\\/#website\",\"url\":\"https:\\\/\\\/www.p31noticias.com.br\\\/\",\"name\":\"P31\",\"description\":\"NOT\u00cdCIAS\",\"potentialAction\":[{\"@type\":\"SearchAction\",\"target\":{\"@type\":\"EntryPoint\",\"urlTemplate\":\"https:\\\/\\\/www.p31noticias.com.br\\\/?s={search_term_string}\"},\"query-input\":{\"@type\":\"PropertyValueSpecification\",\"valueRequired\":true,\"valueName\":\"search_term_string\"}}],\"inLanguage\":\"pt-BR\"},{\"@type\":\"Person\",\"@id\":\"https:\\\/\\\/www.p31noticias.com.br\\\/#\\\/schema\\\/person\\\/95f2ece30e3b4132065b915150cd0f94\",\"name\":\"Gon\u00e7alves Junior\",\"image\":{\"@type\":\"ImageObject\",\"inLanguage\":\"pt-BR\",\"@id\":\"https:\\\/\\\/secure.gravatar.com\\\/avatar\\\/6711f350116a89762687a48d66f723c799e5438a5b7578508d4294cd7a5d0800?s=96&d=mm&r=g\",\"url\":\"https:\\\/\\\/secure.gravatar.com\\\/avatar\\\/6711f350116a89762687a48d66f723c799e5438a5b7578508d4294cd7a5d0800?s=96&d=mm&r=g\",\"contentUrl\":\"https:\\\/\\\/secure.gravatar.com\\\/avatar\\\/6711f350116a89762687a48d66f723c799e5438a5b7578508d4294cd7a5d0800?s=96&d=mm&r=g\",\"caption\":\"Gon\u00e7alves Junior\"},\"url\":\"https:\\\/\\\/www.p31noticias.com.br\\\/?author=2\"}]}<\/script>\n<!-- \/ Yoast SEO Premium plugin. -->","yoast_head_json":{"title":"GDF far\u00e1 mutir\u00e3o para vacinar p\u00fablico acima de 37 anos de idade. - P31","robots":{"index":"index","follow":"follow","max-snippet":"max-snippet:-1","max-image-preview":"max-image-preview:large","max-video-preview":"max-video-preview:-1"},"canonical":"https:\/\/www.p31noticias.com.br\/?p=23491","og_locale":"pt_BR","og_type":"article","og_title":"GDF far\u00e1 mutir\u00e3o para vacinar p\u00fablico acima de 37 anos de idade.","og_description":"Ser\u00e3o cerca de 100 pontos de imuniza\u00e7\u00e3o dispon\u00edveis sexta-feira, s\u00e1bado e domingo. Agora, n\u00e3o ser\u00e1 preciso fazer agendamento. O Governo do Distrito Federal (GDF) far\u00e1 um mutir\u00e3o de vacina\u00e7\u00e3o contra a covid-19 a partir desta sexta-feira (23). Ser\u00e3o em torno de 100 postos dispon\u00edveis para a aplica\u00e7\u00e3o da vacina em toda a capital federal na [&hellip;]","og_url":"https:\/\/www.p31noticias.com.br\/?p=23491","og_site_name":"P31","article_published_time":"2021-07-22T13:45:03+00:00","og_image":[{"width":275,"height":183,"url":"https:\/\/www.p31noticias.com.br\/wp-content\/uploads\/2021\/07\/download-4.jpg","type":"image\/jpeg"}],"author":"Gon\u00e7alves Junior","twitter_card":"summary_large_image","twitter_misc":{"Escrito por":"Gon\u00e7alves Junior","Est. tempo de leitura":"2 minutos"},"schema":{"@context":"https:\/\/schema.org","@graph":[{"@type":"Article","@id":"https:\/\/www.p31noticias.com.br\/?p=23491#article","isPartOf":{"@id":"https:\/\/www.p31noticias.com.br\/?p=23491"},"author":{"name":"Gon\u00e7alves Junior","@id":"https:\/\/www.p31noticias.com.br\/#\/schema\/person\/95f2ece30e3b4132065b915150cd0f94"},"headline":"GDF far\u00e1 mutir\u00e3o para vacinar p\u00fablico acima de 37 anos de idade.","datePublished":"2021-07-22T13:45:03+00:00","mainEntityOfPage":{"@id":"https:\/\/www.p31noticias.com.br\/?p=23491"},"wordCount":481,"commentCount":0,"image":{"@id":"https:\/\/www.p31noticias.com.br\/?p=23491#primaryimage"},"thumbnailUrl":"https:\/\/www.p31noticias.com.br\/wp-content\/uploads\/2021\/07\/download-4.jpg","articleSection":["Bras\u00edlia"],"inLanguage":"pt-BR","potentialAction":[{"@type":"CommentAction","name":"Comment","target":["https:\/\/www.p31noticias.com.br\/?p=23491#respond"]}],"copyrightYear":"2021","copyrightHolder":{"@id":"https:\/\/www.p31noticias.com.br\/#organization"}},{"@type":"WebPage","@id":"https:\/\/www.p31noticias.com.br\/?p=23491","url":"https:\/\/www.p31noticias.com.br\/?p=23491","name":"GDF far\u00e1 mutir\u00e3o para vacinar p\u00fablico acima de 37 anos de idade. - P31","isPartOf":{"@id":"https:\/\/www.p31noticias.com.br\/#website"},"primaryImageOfPage":{"@id":"https:\/\/www.p31noticias.com.br\/?p=23491#primaryimage"},"image":{"@id":"https:\/\/www.p31noticias.com.br\/?p=23491#primaryimage"},"thumbnailUrl":"https:\/\/www.p31noticias.com.br\/wp-content\/uploads\/2021\/07\/download-4.jpg","datePublished":"2021-07-22T13:45:03+00:00","author":{"@id":"https:\/\/www.p31noticias.com.br\/#\/schema\/person\/95f2ece30e3b4132065b915150cd0f94"},"breadcrumb":{"@id":"https:\/\/www.p31noticias.com.br\/?p=23491#breadcrumb"},"inLanguage":"pt-BR","potentialAction":[{"@type":"ReadAction","target":["https:\/\/www.p31noticias.com.br\/?p=23491"]}]},{"@type":"ImageObject","inLanguage":"pt-BR","@id":"https:\/\/www.p31noticias.com.br\/?p=23491#primaryimage","url":"https:\/\/www.p31noticias.com.br\/wp-content\/uploads\/2021\/07\/download-4.jpg","contentUrl":"https:\/\/www.p31noticias.com.br\/wp-content\/uploads\/2021\/07\/download-4.jpg","width":275,"height":183},{"@type":"BreadcrumbList","@id":"https:\/\/www.p31noticias.com.br\/?p=23491#breadcrumb","itemListElement":[{"@type":"ListItem","position":1,"name":"In\u00edcio","item":"https:\/\/www.p31noticias.com.br\/"},{"@type":"ListItem","position":2,"name":"GDF far\u00e1 mutir\u00e3o para vacinar p\u00fablico acima de 37 anos de idade."}]},{"@type":"WebSite","@id":"https:\/\/www.p31noticias.com.br\/#website","url":"https:\/\/www.p31noticias.com.br\/","name":"P31","description":"NOT\u00cdCIAS","potentialAction":[{"@type":"SearchAction","target":{"@type":"EntryPoint","urlTemplate":"https:\/\/www.p31noticias.com.br\/?s={search_term_string}"},"query-input":{"@type":"PropertyValueSpecification","valueRequired":true,"valueName":"search_term_string"}}],"inLanguage":"pt-BR"},{"@type":"Person","@id":"https:\/\/www.p31noticias.com.br\/#\/schema\/person\/95f2ece30e3b4132065b915150cd0f94","name":"Gon\u00e7alves Junior","image":{"@type":"ImageObject","inLanguage":"pt-BR","@id":"https:\/\/secure.gravatar.com\/avatar\/6711f350116a89762687a48d66f723c799e5438a5b7578508d4294cd7a5d0800?s=96&d=mm&r=g","url":"https:\/\/secure.gravatar.com\/avatar\/6711f350116a89762687a48d66f723c799e5438a5b7578508d4294cd7a5d0800?s=96&d=mm&r=g","contentUrl":"https:\/\/secure.gravatar.com\/avatar\/6711f350116a89762687a48d66f723c799e5438a5b7578508d4294cd7a5d0800?s=96&d=mm&r=g","caption":"Gon\u00e7alves Junior"},"url":"https:\/\/www.p31noticias.com.br\/?author=2"}]}},"amp_enabled":true,"_links":{"self":[{"href":"https:\/\/www.p31noticias.com.br\/index.php?rest_route=\/wp\/v2\/posts\/23491","targetHints":{"allow":["GET"]}}],"collection":[{"href":"https:\/\/www.p31noticias.com.br\/index.php?rest_route=\/wp\/v2\/posts"}],"about":[{"href":"https:\/\/www.p31noticias.com.br\/index.php?rest_route=\/wp\/v2\/types\/post"}],"author":[{"embeddable":true,"href":"https:\/\/www.p31noticias.com.br\/index.php?rest_route=\/wp\/v2\/users\/2"}],"replies":[{"embeddable":true,"href":"https:\/\/www.p31noticias.com.br\/index.php?rest_route=%2Fwp%2Fv2%2Fcomments&post=23491"}],"version-history":[{"count":1,"href":"https:\/\/www.p31noticias.com.br\/index.php?rest_route=\/wp\/v2\/posts\/23491\/revisions"}],"predecessor-version":[{"id":23493,"href":"https:\/\/www.p31noticias.com.br\/index.php?rest_route=\/wp\/v2\/posts\/23491\/revisions\/23493"}],"wp:featuredmedia":[{"embeddable":true,"href":"https:\/\/www.p31noticias.com.br\/index.php?rest_route=\/wp\/v2\/media\/23492"}],"wp:attachment":[{"href":"https:\/\/www.p31noticias.com.br\/index.php?rest_route=%2Fwp%2Fv2%2Fmedia&parent=23491"}],"wp:term":[{"taxonomy":"category","embeddable":true,"href":"https:\/\/www.p31noticias.com.br\/index.php?rest_route=%2Fwp%2Fv2%2Fcategories&post=23491"},{"taxonomy":"post_tag","embeddable":true,"href":"https:\/\/www.p31noticias.com.br\/index.php?rest_route=%2Fwp%2Fv2%2Ftags&post=23491"}],"curies":[{"name":"wp","href":"https:\/\/api.w.org\/{rel}","templated":true}]}}