{"id":23478,"date":"2021-07-18T10:07:08","date_gmt":"2021-07-18T13:07:08","guid":{"rendered":"https:\/\/p31noticias.com.br\/?p=23478"},"modified":"2021-07-18T10:14:15","modified_gmt":"2021-07-18T13:14:15","slug":"plenario-aprova-prorrogacao-do-bienio-da-primeira-infancia","status":"publish","type":"post","link":"https:\/\/www.p31noticias.com.br\/?p=23478","title":{"rendered":"Plen\u00e1rio aprova prorroga\u00e7\u00e3o do Bi\u00eanio da Primeira Inf\u00e2ncia."},"content":{"rendered":"<p style=\"text-align: justify;\"><em><strong>Plen\u00e1rio aprova prorroga\u00e7\u00e3o do Bi\u00eanio da Primeira Inf\u00e2ncia.<\/strong><\/em><\/p>\n<p style=\"text-align: justify;\">A C\u00e2mara dos Deputados aprovou na noite dessa quinta-feira (16) o projeto de lei que adia o Bi\u00eanio da Primeira Inf\u00e2ncia para 2021 e 2022. O PL 5213\/20, de autoria da Deputada Paula Belmonte, renova as determina\u00e7\u00f5es da Lei 13.960\/19 \u2013 que prev\u00ea semin\u00e1rios; audi\u00eancias p\u00fablicas; incentivo a publica\u00e7\u00f5es sobre o tema; e premia\u00e7\u00e3o de Estados e munic\u00edpios por boas pr\u00e1ticas de pol\u00edticas p\u00fablicas direcionadas a promover o desenvolvimento infantil.<br \/>\n\u201cO Bi\u00eanio \u00e9 essencial para conscientizar a sociedade e os governos sobre a import\u00e2ncia de a\u00e7\u00f5es voltadas para crian\u00e7as. Em uma semana em que o Estatuto da Crian\u00e7a e do Adolescente completou 31 anos, nada mais representativo do que reafirmar o compromisso de proteger nossas crian\u00e7as e cumprir o que diz a Constitui\u00e7\u00e3o Federal: a crian\u00e7a e o adolescente s\u00e3o prioridade absoluta da fam\u00edlia, da sociedade e do Estado\u201d, comenta a deputada.<br \/>\nPaula tamb\u00e9m foi relatora da proposta que institui a \u201cMedalha Amigo da Primeira Inf\u00e2ncia\u201d, aprovada nessa quinta-feira. Essa medalha ser\u00e1 concedida pela C\u00e2mara dos Deputados para pessoas e institui\u00e7\u00f5es que se destacaram pela contribui\u00e7\u00e3o ao desenvolvimento, \u00e0 aten\u00e7\u00e3o, \u00e0 prote\u00e7\u00e3o ou \u00e0 garantia de direitos da primeira inf\u00e2ncia no Pa\u00eds.<\/p>\n","protected":false},"excerpt":{"rendered":"<p>Plen\u00e1rio aprova prorroga\u00e7\u00e3o do Bi\u00eanio da Primeira Inf\u00e2ncia. A C\u00e2mara dos Deputados aprovou na noite dessa quinta-feira (16) o projeto de lei que adia o Bi\u00eanio da Primeira Inf\u00e2ncia para 2021 e 2022. O PL 5213\/20, de autoria da Deputada Paula Belmonte, renova as determina\u00e7\u00f5es da Lei 13.960\/19 \u2013 que prev\u00ea semin\u00e1rios; audi\u00eancias p\u00fablicas; incentivo [&hellip;]<\/p>\n","protected":false},"author":2,"featured_media":23483,"comment_status":"open","ping_status":"open","sticky":false,"template":"","format":"standard","meta":{"footnotes":""},"categories":[57],"tags":[],"class_list":{"0":"post-23478","1":"post","2":"type-post","3":"status-publish","4":"format-standard","5":"has-post-thumbnail","7":"category-politica"},"yoast_head":"<!-- This site is optimized with the Yoast SEO Premium plugin v24.5 (Yoast SEO v27.5) - https:\/\/yoast.com\/product\/yoast-seo-premium-wordpress\/ -->\n<title>Plen\u00e1rio aprova prorroga\u00e7\u00e3o do Bi\u00eanio da Primeira Inf\u00e2ncia. - P31<\/title>\n<meta name=\"robots\" content=\"index, follow, max-snippet:-1, max-image-preview:large, max-video-preview:-1\" \/>\n<link rel=\"canonical\" href=\"https:\/\/www.p31noticias.com.br\/?p=23478\" \/>\n<meta property=\"og:locale\" content=\"pt_BR\" \/>\n<meta property=\"og:type\" content=\"article\" \/>\n<meta property=\"og:title\" content=\"Plen\u00e1rio aprova prorroga\u00e7\u00e3o do Bi\u00eanio da Primeira Inf\u00e2ncia.\" \/>\n<meta property=\"og:description\" content=\"Plen\u00e1rio aprova prorroga\u00e7\u00e3o do Bi\u00eanio da Primeira Inf\u00e2ncia. A C\u00e2mara dos Deputados aprovou na noite dessa quinta-feira (16) o projeto de lei que adia o Bi\u00eanio da Primeira Inf\u00e2ncia para 2021 e 2022. O PL 5213\/20, de autoria da Deputada Paula Belmonte, renova as determina\u00e7\u00f5es da Lei 13.960\/19 \u2013 que prev\u00ea semin\u00e1rios; audi\u00eancias p\u00fablicas; incentivo [&hellip;]\" \/>\n<meta property=\"og:url\" content=\"https:\/\/www.p31noticias.com.br\/?p=23478\" \/>\n<meta property=\"og:site_name\" content=\"P31\" \/>\n<meta property=\"article:published_time\" content=\"2021-07-18T13:07:08+00:00\" \/>\n<meta property=\"article:modified_time\" content=\"2021-07-18T13:14:15+00:00\" \/>\n<meta property=\"og:image\" content=\"https:\/\/www.p31noticias.com.br\/wp-content\/uploads\/2021\/07\/unnamed-15-1.jpg\" \/>\n\t<meta property=\"og:image:width\" content=\"1600\" \/>\n\t<meta property=\"og:image:height\" content=\"1066\" \/>\n\t<meta property=\"og:image:type\" content=\"image\/jpeg\" \/>\n<meta name=\"author\" content=\"Gon\u00e7alves Junior\" \/>\n<meta name=\"twitter:card\" content=\"summary_large_image\" \/>\n<meta name=\"twitter:label1\" content=\"Escrito por\" \/>\n\t<meta name=\"twitter:data1\" content=\"Gon\u00e7alves Junior\" \/>\n\t<meta name=\"twitter:label2\" content=\"Est. tempo de leitura\" \/>\n\t<meta name=\"twitter:data2\" content=\"1 minuto\" \/>\n<script type=\"application\/ld+json\" class=\"yoast-schema-graph\">{\"@context\":\"https:\\\/\\\/schema.org\",\"@graph\":[{\"@type\":\"Article\",\"@id\":\"https:\\\/\\\/www.p31noticias.com.br\\\/?p=23478#article\",\"isPartOf\":{\"@id\":\"https:\\\/\\\/www.p31noticias.com.br\\\/?p=23478\"},\"author\":{\"name\":\"Gon\u00e7alves Junior\",\"@id\":\"https:\\\/\\\/www.p31noticias.com.br\\\/#\\\/schema\\\/person\\\/95f2ece30e3b4132065b915150cd0f94\"},\"headline\":\"Plen\u00e1rio aprova prorroga\u00e7\u00e3o do Bi\u00eanio da Primeira Inf\u00e2ncia.\",\"datePublished\":\"2021-07-18T13:07:08+00:00\",\"dateModified\":\"2021-07-18T13:14:15+00:00\",\"mainEntityOfPage\":{\"@id\":\"https:\\\/\\\/www.p31noticias.com.br\\\/?p=23478\"},\"wordCount\":237,\"commentCount\":0,\"image\":{\"@id\":\"https:\\\/\\\/www.p31noticias.com.br\\\/?p=23478#primaryimage\"},\"thumbnailUrl\":\"https:\\\/\\\/www.p31noticias.com.br\\\/wp-content\\\/uploads\\\/2021\\\/07\\\/unnamed-15-1.jpg\",\"articleSection\":[\"Pol\u00edtica\"],\"inLanguage\":\"pt-BR\",\"potentialAction\":[{\"@type\":\"CommentAction\",\"name\":\"Comment\",\"target\":[\"https:\\\/\\\/www.p31noticias.com.br\\\/?p=23478#respond\"]}],\"copyrightYear\":\"2021\",\"copyrightHolder\":{\"@id\":\"https:\\\/\\\/www.p31noticias.com.br\\\/#organization\"}},{\"@type\":\"WebPage\",\"@id\":\"https:\\\/\\\/www.p31noticias.com.br\\\/?p=23478\",\"url\":\"https:\\\/\\\/www.p31noticias.com.br\\\/?p=23478\",\"name\":\"Plen\u00e1rio aprova prorroga\u00e7\u00e3o do Bi\u00eanio da Primeira Inf\u00e2ncia. - P31\",\"isPartOf\":{\"@id\":\"https:\\\/\\\/www.p31noticias.com.br\\\/#website\"},\"primaryImageOfPage\":{\"@id\":\"https:\\\/\\\/www.p31noticias.com.br\\\/?p=23478#primaryimage\"},\"image\":{\"@id\":\"https:\\\/\\\/www.p31noticias.com.br\\\/?p=23478#primaryimage\"},\"thumbnailUrl\":\"https:\\\/\\\/www.p31noticias.com.br\\\/wp-content\\\/uploads\\\/2021\\\/07\\\/unnamed-15-1.jpg\",\"datePublished\":\"2021-07-18T13:07:08+00:00\",\"dateModified\":\"2021-07-18T13:14:15+00:00\",\"author\":{\"@id\":\"https:\\\/\\\/www.p31noticias.com.br\\\/#\\\/schema\\\/person\\\/95f2ece30e3b4132065b915150cd0f94\"},\"breadcrumb\":{\"@id\":\"https:\\\/\\\/www.p31noticias.com.br\\\/?p=23478#breadcrumb\"},\"inLanguage\":\"pt-BR\",\"potentialAction\":[{\"@type\":\"ReadAction\",\"target\":[\"https:\\\/\\\/www.p31noticias.com.br\\\/?p=23478\"]}]},{\"@type\":\"ImageObject\",\"inLanguage\":\"pt-BR\",\"@id\":\"https:\\\/\\\/www.p31noticias.com.br\\\/?p=23478#primaryimage\",\"url\":\"https:\\\/\\\/www.p31noticias.com.br\\\/wp-content\\\/uploads\\\/2021\\\/07\\\/unnamed-15-1.jpg\",\"contentUrl\":\"https:\\\/\\\/www.p31noticias.com.br\\\/wp-content\\\/uploads\\\/2021\\\/07\\\/unnamed-15-1.jpg\",\"width\":1600,\"height\":1066},{\"@type\":\"BreadcrumbList\",\"@id\":\"https:\\\/\\\/www.p31noticias.com.br\\\/?p=23478#breadcrumb\",\"itemListElement\":[{\"@type\":\"ListItem\",\"position\":1,\"name\":\"In\u00edcio\",\"item\":\"https:\\\/\\\/www.p31noticias.com.br\\\/\"},{\"@type\":\"ListItem\",\"position\":2,\"name\":\"Plen\u00e1rio aprova prorroga\u00e7\u00e3o do Bi\u00eanio da Primeira Inf\u00e2ncia.\"}]},{\"@type\":\"WebSite\",\"@id\":\"https:\\\/\\\/www.p31noticias.com.br\\\/#website\",\"url\":\"https:\\\/\\\/www.p31noticias.com.br\\\/\",\"name\":\"P31\",\"description\":\"NOT\u00cdCIAS\",\"potentialAction\":[{\"@type\":\"SearchAction\",\"target\":{\"@type\":\"EntryPoint\",\"urlTemplate\":\"https:\\\/\\\/www.p31noticias.com.br\\\/?s={search_term_string}\"},\"query-input\":{\"@type\":\"PropertyValueSpecification\",\"valueRequired\":true,\"valueName\":\"search_term_string\"}}],\"inLanguage\":\"pt-BR\"},{\"@type\":\"Person\",\"@id\":\"https:\\\/\\\/www.p31noticias.com.br\\\/#\\\/schema\\\/person\\\/95f2ece30e3b4132065b915150cd0f94\",\"name\":\"Gon\u00e7alves Junior\",\"image\":{\"@type\":\"ImageObject\",\"inLanguage\":\"pt-BR\",\"@id\":\"https:\\\/\\\/secure.gravatar.com\\\/avatar\\\/6711f350116a89762687a48d66f723c799e5438a5b7578508d4294cd7a5d0800?s=96&d=mm&r=g\",\"url\":\"https:\\\/\\\/secure.gravatar.com\\\/avatar\\\/6711f350116a89762687a48d66f723c799e5438a5b7578508d4294cd7a5d0800?s=96&d=mm&r=g\",\"contentUrl\":\"https:\\\/\\\/secure.gravatar.com\\\/avatar\\\/6711f350116a89762687a48d66f723c799e5438a5b7578508d4294cd7a5d0800?s=96&d=mm&r=g\",\"caption\":\"Gon\u00e7alves Junior\"},\"url\":\"https:\\\/\\\/www.p31noticias.com.br\\\/?author=2\"}]}<\/script>\n<!-- \/ Yoast SEO Premium plugin. -->","yoast_head_json":{"title":"Plen\u00e1rio aprova prorroga\u00e7\u00e3o do Bi\u00eanio da Primeira Inf\u00e2ncia. - P31","robots":{"index":"index","follow":"follow","max-snippet":"max-snippet:-1","max-image-preview":"max-image-preview:large","max-video-preview":"max-video-preview:-1"},"canonical":"https:\/\/www.p31noticias.com.br\/?p=23478","og_locale":"pt_BR","og_type":"article","og_title":"Plen\u00e1rio aprova prorroga\u00e7\u00e3o do Bi\u00eanio da Primeira Inf\u00e2ncia.","og_description":"Plen\u00e1rio aprova prorroga\u00e7\u00e3o do Bi\u00eanio da Primeira Inf\u00e2ncia. A C\u00e2mara dos Deputados aprovou na noite dessa quinta-feira (16) o projeto de lei que adia o Bi\u00eanio da Primeira Inf\u00e2ncia para 2021 e 2022. O PL 5213\/20, de autoria da Deputada Paula Belmonte, renova as determina\u00e7\u00f5es da Lei 13.960\/19 \u2013 que prev\u00ea semin\u00e1rios; audi\u00eancias p\u00fablicas; incentivo [&hellip;]","og_url":"https:\/\/www.p31noticias.com.br\/?p=23478","og_site_name":"P31","article_published_time":"2021-07-18T13:07:08+00:00","article_modified_time":"2021-07-18T13:14:15+00:00","og_image":[{"width":1600,"height":1066,"url":"https:\/\/www.p31noticias.com.br\/wp-content\/uploads\/2021\/07\/unnamed-15-1.jpg","type":"image\/jpeg"}],"author":"Gon\u00e7alves Junior","twitter_card":"summary_large_image","twitter_misc":{"Escrito por":"Gon\u00e7alves Junior","Est. tempo de leitura":"1 minuto"},"schema":{"@context":"https:\/\/schema.org","@graph":[{"@type":"Article","@id":"https:\/\/www.p31noticias.com.br\/?p=23478#article","isPartOf":{"@id":"https:\/\/www.p31noticias.com.br\/?p=23478"},"author":{"name":"Gon\u00e7alves Junior","@id":"https:\/\/www.p31noticias.com.br\/#\/schema\/person\/95f2ece30e3b4132065b915150cd0f94"},"headline":"Plen\u00e1rio aprova prorroga\u00e7\u00e3o do Bi\u00eanio da Primeira Inf\u00e2ncia.","datePublished":"2021-07-18T13:07:08+00:00","dateModified":"2021-07-18T13:14:15+00:00","mainEntityOfPage":{"@id":"https:\/\/www.p31noticias.com.br\/?p=23478"},"wordCount":237,"commentCount":0,"image":{"@id":"https:\/\/www.p31noticias.com.br\/?p=23478#primaryimage"},"thumbnailUrl":"https:\/\/www.p31noticias.com.br\/wp-content\/uploads\/2021\/07\/unnamed-15-1.jpg","articleSection":["Pol\u00edtica"],"inLanguage":"pt-BR","potentialAction":[{"@type":"CommentAction","name":"Comment","target":["https:\/\/www.p31noticias.com.br\/?p=23478#respond"]}],"copyrightYear":"2021","copyrightHolder":{"@id":"https:\/\/www.p31noticias.com.br\/#organization"}},{"@type":"WebPage","@id":"https:\/\/www.p31noticias.com.br\/?p=23478","url":"https:\/\/www.p31noticias.com.br\/?p=23478","name":"Plen\u00e1rio aprova prorroga\u00e7\u00e3o do Bi\u00eanio da Primeira Inf\u00e2ncia. - P31","isPartOf":{"@id":"https:\/\/www.p31noticias.com.br\/#website"},"primaryImageOfPage":{"@id":"https:\/\/www.p31noticias.com.br\/?p=23478#primaryimage"},"image":{"@id":"https:\/\/www.p31noticias.com.br\/?p=23478#primaryimage"},"thumbnailUrl":"https:\/\/www.p31noticias.com.br\/wp-content\/uploads\/2021\/07\/unnamed-15-1.jpg","datePublished":"2021-07-18T13:07:08+00:00","dateModified":"2021-07-18T13:14:15+00:00","author":{"@id":"https:\/\/www.p31noticias.com.br\/#\/schema\/person\/95f2ece30e3b4132065b915150cd0f94"},"breadcrumb":{"@id":"https:\/\/www.p31noticias.com.br\/?p=23478#breadcrumb"},"inLanguage":"pt-BR","potentialAction":[{"@type":"ReadAction","target":["https:\/\/www.p31noticias.com.br\/?p=23478"]}]},{"@type":"ImageObject","inLanguage":"pt-BR","@id":"https:\/\/www.p31noticias.com.br\/?p=23478#primaryimage","url":"https:\/\/www.p31noticias.com.br\/wp-content\/uploads\/2021\/07\/unnamed-15-1.jpg","contentUrl":"https:\/\/www.p31noticias.com.br\/wp-content\/uploads\/2021\/07\/unnamed-15-1.jpg","width":1600,"height":1066},{"@type":"BreadcrumbList","@id":"https:\/\/www.p31noticias.com.br\/?p=23478#breadcrumb","itemListElement":[{"@type":"ListItem","position":1,"name":"In\u00edcio","item":"https:\/\/www.p31noticias.com.br\/"},{"@type":"ListItem","position":2,"name":"Plen\u00e1rio aprova prorroga\u00e7\u00e3o do Bi\u00eanio da Primeira Inf\u00e2ncia."}]},{"@type":"WebSite","@id":"https:\/\/www.p31noticias.com.br\/#website","url":"https:\/\/www.p31noticias.com.br\/","name":"P31","description":"NOT\u00cdCIAS","potentialAction":[{"@type":"SearchAction","target":{"@type":"EntryPoint","urlTemplate":"https:\/\/www.p31noticias.com.br\/?s={search_term_string}"},"query-input":{"@type":"PropertyValueSpecification","valueRequired":true,"valueName":"search_term_string"}}],"inLanguage":"pt-BR"},{"@type":"Person","@id":"https:\/\/www.p31noticias.com.br\/#\/schema\/person\/95f2ece30e3b4132065b915150cd0f94","name":"Gon\u00e7alves Junior","image":{"@type":"ImageObject","inLanguage":"pt-BR","@id":"https:\/\/secure.gravatar.com\/avatar\/6711f350116a89762687a48d66f723c799e5438a5b7578508d4294cd7a5d0800?s=96&d=mm&r=g","url":"https:\/\/secure.gravatar.com\/avatar\/6711f350116a89762687a48d66f723c799e5438a5b7578508d4294cd7a5d0800?s=96&d=mm&r=g","contentUrl":"https:\/\/secure.gravatar.com\/avatar\/6711f350116a89762687a48d66f723c799e5438a5b7578508d4294cd7a5d0800?s=96&d=mm&r=g","caption":"Gon\u00e7alves Junior"},"url":"https:\/\/www.p31noticias.com.br\/?author=2"}]}},"amp_enabled":true,"_links":{"self":[{"href":"https:\/\/www.p31noticias.com.br\/index.php?rest_route=\/wp\/v2\/posts\/23478","targetHints":{"allow":["GET"]}}],"collection":[{"href":"https:\/\/www.p31noticias.com.br\/index.php?rest_route=\/wp\/v2\/posts"}],"about":[{"href":"https:\/\/www.p31noticias.com.br\/index.php?rest_route=\/wp\/v2\/types\/post"}],"author":[{"embeddable":true,"href":"https:\/\/www.p31noticias.com.br\/index.php?rest_route=\/wp\/v2\/users\/2"}],"replies":[{"embeddable":true,"href":"https:\/\/www.p31noticias.com.br\/index.php?rest_route=%2Fwp%2Fv2%2Fcomments&post=23478"}],"version-history":[{"count":2,"href":"https:\/\/www.p31noticias.com.br\/index.php?rest_route=\/wp\/v2\/posts\/23478\/revisions"}],"predecessor-version":[{"id":23484,"href":"https:\/\/www.p31noticias.com.br\/index.php?rest_route=\/wp\/v2\/posts\/23478\/revisions\/23484"}],"wp:featuredmedia":[{"embeddable":true,"href":"https:\/\/www.p31noticias.com.br\/index.php?rest_route=\/wp\/v2\/media\/23483"}],"wp:attachment":[{"href":"https:\/\/www.p31noticias.com.br\/index.php?rest_route=%2Fwp%2Fv2%2Fmedia&parent=23478"}],"wp:term":[{"taxonomy":"category","embeddable":true,"href":"https:\/\/www.p31noticias.com.br\/index.php?rest_route=%2Fwp%2Fv2%2Fcategories&post=23478"},{"taxonomy":"post_tag","embeddable":true,"href":"https:\/\/www.p31noticias.com.br\/index.php?rest_route=%2Fwp%2Fv2%2Ftags&post=23478"}],"curies":[{"name":"wp","href":"https:\/\/api.w.org\/{rel}","templated":true}]}}