{"id":23461,"date":"2021-07-15T20:46:23","date_gmt":"2021-07-15T23:46:23","guid":{"rendered":"https:\/\/p31noticias.com.br\/?p=23461"},"modified":"2021-07-15T20:46:23","modified_gmt":"2021-07-15T23:46:23","slug":"congresso-aprova-lei-de-diretrizes-orcamentarias-para-2022","status":"publish","type":"post","link":"https:\/\/www.p31noticias.com.br\/?p=23461","title":{"rendered":"Congresso aprova Lei de Diretrizes Or\u00e7ament\u00e1rias para 2022."},"content":{"rendered":"<h3 class=\"col-10 offset-1 animated fadeInDown dealy-900 display-8 display-md-8 alt-font font-italic my-1 text-center\" style=\"text-align: justify;\"><em><strong>Agora, texto segue para san\u00e7\u00e3o presidencial.<\/strong><\/em><\/h3>\n<p style=\"text-align: justify;\">O Congresso Nacional aprovou hoje (15) o substitutivo do deputado Juscelino Filho (DEM-MA), relator da Lei de Diretrizes Or\u00e7ament\u00e1rias (LDO) para 2022. O texto foi analisado pelos deputados e, em seguida, seguiu para vota\u00e7\u00e3o no Senado. Mais cedo, ainda pela manh\u00e3, havia sido<a href=\"http:\/\/agenciabrasil.ebc.com.br\/politica\/noticia\/2021-07\/ldo-de-2022-preve-aumento-do-fundo-eleitoral-para-quase-r-6-bilhoes\" target=\"_blank\" rel=\"noopener noreferrer\">\u00a0aprovado<\/a>\u00a0pela Comiss\u00e3o Mista do Or\u00e7amento (CMO). Agora, segue para san\u00e7\u00e3o presidencial.<img decoding=\"async\" src=\"https:\/\/agenciabrasil.ebc.com.br\/ebc.png?id=1415582&amp;o=node\" \/><img decoding=\"async\" src=\"https:\/\/agenciabrasil.ebc.com.br\/ebc.gif?id=1415582&amp;o=node\" \/><\/p>\n<p style=\"text-align: justify;\">O texto aprovado traz a previs\u00e3o do sal\u00e1rio m\u00ednimo de R$ 1.147 em 2022. Atualmente, ele \u00e9 de R$ 1.100. J\u00e1 a estimativa do Produto Interno Bruto (PIB) para o ano que vem ficou em 2,5% e taxa b\u00e1sica de juros m\u00e9dia em 4,7%. No entanto, na vis\u00e3o do relator, Juscelino Filho, a estimativa \u00e9 conservadora e existe a possibilidade de os n\u00fameros serem mais otimistas, a depender do crescimento da economia.<\/p>\n<h2 style=\"text-align: justify;\">Fundo eleitoral<\/h2>\n<p style=\"text-align: justify;\">Um dos pontos pol\u00eamicos do texto situa-se no aumento da verba para o fundo eleitoral para o ano que vem, de cerca de R$ 2 bilh\u00f5es para mais de R$ 5,7 bilh\u00f5es. Os recursos do fundo, que s\u00e3o p\u00fablicos, s\u00e3o divididos entre os partidos pol\u00edticos para financiar as campanhas eleitorais. De acordo com o texto, a verba do fundo ser\u00e1 vinculada ao or\u00e7amento do Tribunal Superior Eleitoral, prevendo 25% da soma dos or\u00e7amentos de 2021 e 2022.<\/p>\n<p style=\"text-align: justify;\">Muitos parlamentares criticaram o aumento do Fundo Eleitoral em quase o triplo do valor anterior. Na mesma esteira, tamb\u00e9m reclamaram da redu\u00e7\u00e3o do or\u00e7amento para a sa\u00fade e para as universidades, al\u00e9m da previs\u00e3o de um sal\u00e1rio m\u00ednimo com aumento abaixo da infla\u00e7\u00e3o. Os defensores do texto de Juscelino argumentam que o valor \u00e9 importante para partidos e candidatos em suas campanhas, desde que seja usado de maneira transparente.<\/p>\n<p style=\"text-align: justify;\">Na C\u00e2mara, a LDO foi aprovada sem o voto favor\u00e1vel dos partidos de oposi\u00e7\u00e3o. Tamb\u00e9m votaram contra partidos como o Novo. Ainda assim, agremia\u00e7\u00f5es partid\u00e1rias que criticaram o texto, como PCdoB e Rede, pouparam a presidente da comiss\u00e3o mista do Or\u00e7amento, senadora Rose de Freitas (MDB-ES) e o relator. Para l\u00edderes desses partidos, houve um esfor\u00e7o de melhora do texto em compara\u00e7\u00e3o com o que chegou ao Congresso Nacional.<\/p>\n<p style=\"text-align: justify;\">Na C\u00e2mara, a LDO foi aprovada por 278 votos a 145. No Senado, o texto passou por por 40 votos a 33. Partidos de oposi\u00e7\u00e3o, al\u00e9m do Podemos e senadores do MDB, tamb\u00e9m se colocaram contra o texto. Por isso, a vota\u00e7\u00e3o no Senado foi apertada.<\/p>\n<p style=\"text-align: justify;\">O relator da LDO destacou a prioriza\u00e7\u00e3o do or\u00e7amento ao programa Casa Verde e Amarela, que substitui o Minha Casa, Minha Vida, e ao Plano Nacional de Imuniza\u00e7\u00e3o (PNI). \u201cPriorizamos a garantia de recurso e o n\u00e3o contingenciamento para o PNI, assim como para o atendimento aos que sofreram sequelas da covid-19\u201d, explicou.<\/p>\n<p style=\"text-align: justify;\">O parecer tamb\u00e9m prev\u00ea a realiza\u00e7\u00e3o do\u00a0<a href=\"http:\/\/agenciabrasil.ebc.com.br\/radioagencia-nacional\/economia\/audio\/2021-04\/censo-demografico-nao-sera-realizado-em-2021\" target=\"_blank\" rel=\"noopener noreferrer\">censo demogr\u00e1fico<\/a>, exclu\u00eddo do Or\u00e7amento de 2021 por falta de recursos, ponto explorado pelo relator na defesa do seu texto. \u201cGarantimos a realiza\u00e7\u00e3o do nosso censo demogr\u00e1fico. A Comiss\u00e3o de Or\u00e7amento tem o compromisso de garantir os recursos necess\u00e1rios para a realiza\u00e7\u00e3o do censo demogr\u00e1fico no pr\u00f3ximo ano\u201d, disse.<\/p>\n<h2 style=\"text-align: justify;\">Vacinas e retomada de obras<\/h2>\n<p style=\"text-align: justify;\">O relator do texto tamb\u00e9m destacou a reserva de parte do or\u00e7amento &#8211; com amplia\u00e7\u00e3o de recursos &#8211; para o setor de pesquisa e desenvolvimento de insumos imunobiol\u00f3gicos. Para o deputado, o Brasil precisa estar preparado para o desenvolvimento de vacinas caso um novo v\u00edrus se espalhe, como ocorreu com o novo coronav\u00edrus, para n\u00e3o depender apenas de imunizantes importados.<\/p>\n<p style=\"text-align: justify;\">O texto da LDO tamb\u00e9m d\u00e1 aten\u00e7\u00e3o \u00e0 retomada de obras paralisadas no pa\u00eds. \u201cNo nosso relat\u00f3rio garantimos a possibilidade de que todos os \u00f3rg\u00e3os da esfera federal possam ter a oportunidade de fazer o reequil\u00edbrio na planilha or\u00e7ament\u00e1ria para viabilizar a retomada e entrega de obras paralisadas\u201d, disse Juscelino.<\/p>\n<h2 style=\"text-align: justify;\">Contingenciamento<\/h2>\n<p style=\"text-align: justify;\">Algumas \u00e1reas foram poupadas do contingenciamento (bloqueio) no pr\u00f3ximo ano. Al\u00e9m do Censo Demogr\u00e1fico, fazem parte da lista a seguran\u00e7a p\u00fablica, escolas de ensino em tempo integral e programas de expans\u00e3o de internet e inclus\u00e3o digital, al\u00e9m de pesquisas de desenvolvimento de tecnologias do setor agropecu\u00e1rio.<\/p>\n<p style=\"text-align: justify;\">O relator manteve o d\u00e9ficit prim\u00e1rio de R$ 170,47 bilh\u00f5es para o ano que vem das contas p\u00fablicas do Governo Central (Tesouro Nacional, Previd\u00eancia Social e Banco Central). O d\u00e9ficit prim\u00e1rio representa o resultado das contas do governo, desconsiderando o pagamento dos juros da d\u00edvida p\u00fablica. Com o d\u00e9ficit previsto para o pr\u00f3ximo ano, esse ser\u00e1 o nono ano seguido de contas p\u00fablicas no negativo.<\/p>\n<h2 style=\"text-align: justify;\">O que \u00e9 a LDO<\/h2>\n<p style=\"text-align: justify;\">A\u00a0<a href=\"http:\/\/agenciabrasil.ebc.com.br\/economia\/noticia\/2021-01\/agencia-brasil-explica-o-que-e-ldo?amp\" target=\"_blank\" rel=\"noopener noreferrer\">Lei de Diretrizes Or\u00e7ament\u00e1rias<\/a>\u00a0indica as pol\u00edticas p\u00fablicas e respectivas prioridades para o exerc\u00edcio seguinte, no caso 2022. Ela define as metas e prioridades da administra\u00e7\u00e3o p\u00fablica federal, incluindo as despesas para o exerc\u00edcio subsequente, orientando a elabora\u00e7\u00e3o da Lei Or\u00e7ament\u00e1ria Anual (LOA) do ano seguinte. O Poder Executivo envia ao Congresso Nacional, que deve discuti-lo e vot\u00e1-lo.<\/p>\n<p style=\"text-align: justify;\">Entre as defini\u00e7\u00f5es est\u00e3o a meta fiscal, os programas priorit\u00e1rios e o sal\u00e1rio m\u00ednimo. Al\u00e9m disso, o texto pode autorizar o aumento das despesas com pessoal, regulamentar as transfer\u00eancias a entes p\u00fablicos e privados, disciplinar o equil\u00edbrio entre as receitas e as despesas e indicar prioridades para os financiamentos pelos bancos p\u00fablicos, entre outras.<\/p>\n<p style=\"text-align: justify;\">\n","protected":false},"excerpt":{"rendered":"<p>Agora, texto segue para san\u00e7\u00e3o presidencial. O Congresso Nacional aprovou hoje (15) o substitutivo do deputado Juscelino Filho (DEM-MA), relator da Lei de Diretrizes Or\u00e7ament\u00e1rias (LDO) para 2022. O texto foi analisado pelos deputados e, em seguida, seguiu para vota\u00e7\u00e3o no Senado. Mais cedo, ainda pela manh\u00e3, havia sido\u00a0aprovado\u00a0pela Comiss\u00e3o Mista do Or\u00e7amento (CMO). Agora, [&hellip;]<\/p>\n","protected":false},"author":2,"featured_media":23462,"comment_status":"open","ping_status":"open","sticky":false,"template":"","format":"standard","meta":{"footnotes":""},"categories":[68],"tags":[],"class_list":{"0":"post-23461","1":"post","2":"type-post","3":"status-publish","4":"format-standard","5":"has-post-thumbnail","7":"category-brasil"},"yoast_head":"<!-- This site is optimized with the Yoast SEO Premium plugin v24.5 (Yoast SEO v27.5) - https:\/\/yoast.com\/product\/yoast-seo-premium-wordpress\/ -->\n<title>Congresso aprova Lei de Diretrizes Or\u00e7ament\u00e1rias para 2022. - P31<\/title>\n<meta name=\"robots\" content=\"index, follow, max-snippet:-1, max-image-preview:large, max-video-preview:-1\" \/>\n<link rel=\"canonical\" href=\"https:\/\/www.p31noticias.com.br\/?p=23461\" \/>\n<meta property=\"og:locale\" content=\"pt_BR\" \/>\n<meta property=\"og:type\" content=\"article\" \/>\n<meta property=\"og:title\" content=\"Congresso aprova Lei de Diretrizes Or\u00e7ament\u00e1rias para 2022.\" \/>\n<meta property=\"og:description\" content=\"Agora, texto segue para san\u00e7\u00e3o presidencial. O Congresso Nacional aprovou hoje (15) o substitutivo do deputado Juscelino Filho (DEM-MA), relator da Lei de Diretrizes Or\u00e7ament\u00e1rias (LDO) para 2022. O texto foi analisado pelos deputados e, em seguida, seguiu para vota\u00e7\u00e3o no Senado. Mais cedo, ainda pela manh\u00e3, havia sido\u00a0aprovado\u00a0pela Comiss\u00e3o Mista do Or\u00e7amento (CMO). Agora, [&hellip;]\" \/>\n<meta property=\"og:url\" content=\"https:\/\/www.p31noticias.com.br\/?p=23461\" \/>\n<meta property=\"og:site_name\" content=\"P31\" \/>\n<meta property=\"article:published_time\" content=\"2021-07-15T23:46:23+00:00\" \/>\n<meta property=\"og:image\" content=\"https:\/\/www.p31noticias.com.br\/wp-content\/uploads\/2021\/07\/brasilia_congresso_nuvens_e_0416202217_2.jpg\" \/>\n\t<meta property=\"og:image:width\" content=\"1170\" \/>\n\t<meta property=\"og:image:height\" content=\"700\" \/>\n\t<meta property=\"og:image:type\" content=\"image\/jpeg\" \/>\n<meta name=\"author\" content=\"Gon\u00e7alves Junior\" \/>\n<meta name=\"twitter:card\" content=\"summary_large_image\" \/>\n<meta name=\"twitter:label1\" content=\"Escrito por\" \/>\n\t<meta name=\"twitter:data1\" content=\"Gon\u00e7alves Junior\" \/>\n\t<meta name=\"twitter:label2\" content=\"Est. tempo de leitura\" \/>\n\t<meta name=\"twitter:data2\" content=\"5 minutos\" \/>\n<script type=\"application\/ld+json\" class=\"yoast-schema-graph\">{\"@context\":\"https:\\\/\\\/schema.org\",\"@graph\":[{\"@type\":\"Article\",\"@id\":\"https:\\\/\\\/www.p31noticias.com.br\\\/?p=23461#article\",\"isPartOf\":{\"@id\":\"https:\\\/\\\/www.p31noticias.com.br\\\/?p=23461\"},\"author\":{\"name\":\"Gon\u00e7alves Junior\",\"@id\":\"https:\\\/\\\/www.p31noticias.com.br\\\/#\\\/schema\\\/person\\\/95f2ece30e3b4132065b915150cd0f94\"},\"headline\":\"Congresso aprova Lei de Diretrizes Or\u00e7ament\u00e1rias para 2022.\",\"datePublished\":\"2021-07-15T23:46:23+00:00\",\"mainEntityOfPage\":{\"@id\":\"https:\\\/\\\/www.p31noticias.com.br\\\/?p=23461\"},\"wordCount\":958,\"commentCount\":0,\"image\":{\"@id\":\"https:\\\/\\\/www.p31noticias.com.br\\\/?p=23461#primaryimage\"},\"thumbnailUrl\":\"https:\\\/\\\/www.p31noticias.com.br\\\/wp-content\\\/uploads\\\/2021\\\/07\\\/brasilia_congresso_nuvens_e_0416202217_2.jpg\",\"articleSection\":[\"Brasil\"],\"inLanguage\":\"pt-BR\",\"potentialAction\":[{\"@type\":\"CommentAction\",\"name\":\"Comment\",\"target\":[\"https:\\\/\\\/www.p31noticias.com.br\\\/?p=23461#respond\"]}],\"copyrightYear\":\"2021\",\"copyrightHolder\":{\"@id\":\"https:\\\/\\\/www.p31noticias.com.br\\\/#organization\"}},{\"@type\":\"WebPage\",\"@id\":\"https:\\\/\\\/www.p31noticias.com.br\\\/?p=23461\",\"url\":\"https:\\\/\\\/www.p31noticias.com.br\\\/?p=23461\",\"name\":\"Congresso aprova Lei de Diretrizes Or\u00e7ament\u00e1rias para 2022. - P31\",\"isPartOf\":{\"@id\":\"https:\\\/\\\/www.p31noticias.com.br\\\/#website\"},\"primaryImageOfPage\":{\"@id\":\"https:\\\/\\\/www.p31noticias.com.br\\\/?p=23461#primaryimage\"},\"image\":{\"@id\":\"https:\\\/\\\/www.p31noticias.com.br\\\/?p=23461#primaryimage\"},\"thumbnailUrl\":\"https:\\\/\\\/www.p31noticias.com.br\\\/wp-content\\\/uploads\\\/2021\\\/07\\\/brasilia_congresso_nuvens_e_0416202217_2.jpg\",\"datePublished\":\"2021-07-15T23:46:23+00:00\",\"author\":{\"@id\":\"https:\\\/\\\/www.p31noticias.com.br\\\/#\\\/schema\\\/person\\\/95f2ece30e3b4132065b915150cd0f94\"},\"breadcrumb\":{\"@id\":\"https:\\\/\\\/www.p31noticias.com.br\\\/?p=23461#breadcrumb\"},\"inLanguage\":\"pt-BR\",\"potentialAction\":[{\"@type\":\"ReadAction\",\"target\":[\"https:\\\/\\\/www.p31noticias.com.br\\\/?p=23461\"]}]},{\"@type\":\"ImageObject\",\"inLanguage\":\"pt-BR\",\"@id\":\"https:\\\/\\\/www.p31noticias.com.br\\\/?p=23461#primaryimage\",\"url\":\"https:\\\/\\\/www.p31noticias.com.br\\\/wp-content\\\/uploads\\\/2021\\\/07\\\/brasilia_congresso_nuvens_e_0416202217_2.jpg\",\"contentUrl\":\"https:\\\/\\\/www.p31noticias.com.br\\\/wp-content\\\/uploads\\\/2021\\\/07\\\/brasilia_congresso_nuvens_e_0416202217_2.jpg\",\"width\":1170,\"height\":700,\"caption\":\"Bras\u00edlia 60 Anos - Congresso Nacional\"},{\"@type\":\"BreadcrumbList\",\"@id\":\"https:\\\/\\\/www.p31noticias.com.br\\\/?p=23461#breadcrumb\",\"itemListElement\":[{\"@type\":\"ListItem\",\"position\":1,\"name\":\"In\u00edcio\",\"item\":\"https:\\\/\\\/www.p31noticias.com.br\\\/\"},{\"@type\":\"ListItem\",\"position\":2,\"name\":\"Congresso aprova Lei de Diretrizes Or\u00e7ament\u00e1rias para 2022.\"}]},{\"@type\":\"WebSite\",\"@id\":\"https:\\\/\\\/www.p31noticias.com.br\\\/#website\",\"url\":\"https:\\\/\\\/www.p31noticias.com.br\\\/\",\"name\":\"P31\",\"description\":\"NOT\u00cdCIAS\",\"potentialAction\":[{\"@type\":\"SearchAction\",\"target\":{\"@type\":\"EntryPoint\",\"urlTemplate\":\"https:\\\/\\\/www.p31noticias.com.br\\\/?s={search_term_string}\"},\"query-input\":{\"@type\":\"PropertyValueSpecification\",\"valueRequired\":true,\"valueName\":\"search_term_string\"}}],\"inLanguage\":\"pt-BR\"},{\"@type\":\"Person\",\"@id\":\"https:\\\/\\\/www.p31noticias.com.br\\\/#\\\/schema\\\/person\\\/95f2ece30e3b4132065b915150cd0f94\",\"name\":\"Gon\u00e7alves Junior\",\"image\":{\"@type\":\"ImageObject\",\"inLanguage\":\"pt-BR\",\"@id\":\"https:\\\/\\\/secure.gravatar.com\\\/avatar\\\/6711f350116a89762687a48d66f723c799e5438a5b7578508d4294cd7a5d0800?s=96&d=mm&r=g\",\"url\":\"https:\\\/\\\/secure.gravatar.com\\\/avatar\\\/6711f350116a89762687a48d66f723c799e5438a5b7578508d4294cd7a5d0800?s=96&d=mm&r=g\",\"contentUrl\":\"https:\\\/\\\/secure.gravatar.com\\\/avatar\\\/6711f350116a89762687a48d66f723c799e5438a5b7578508d4294cd7a5d0800?s=96&d=mm&r=g\",\"caption\":\"Gon\u00e7alves Junior\"},\"url\":\"https:\\\/\\\/www.p31noticias.com.br\\\/?author=2\"}]}<\/script>\n<!-- \/ Yoast SEO Premium plugin. -->","yoast_head_json":{"title":"Congresso aprova Lei de Diretrizes Or\u00e7ament\u00e1rias para 2022. - P31","robots":{"index":"index","follow":"follow","max-snippet":"max-snippet:-1","max-image-preview":"max-image-preview:large","max-video-preview":"max-video-preview:-1"},"canonical":"https:\/\/www.p31noticias.com.br\/?p=23461","og_locale":"pt_BR","og_type":"article","og_title":"Congresso aprova Lei de Diretrizes Or\u00e7ament\u00e1rias para 2022.","og_description":"Agora, texto segue para san\u00e7\u00e3o presidencial. O Congresso Nacional aprovou hoje (15) o substitutivo do deputado Juscelino Filho (DEM-MA), relator da Lei de Diretrizes Or\u00e7ament\u00e1rias (LDO) para 2022. O texto foi analisado pelos deputados e, em seguida, seguiu para vota\u00e7\u00e3o no Senado. Mais cedo, ainda pela manh\u00e3, havia sido\u00a0aprovado\u00a0pela Comiss\u00e3o Mista do Or\u00e7amento (CMO). Agora, [&hellip;]","og_url":"https:\/\/www.p31noticias.com.br\/?p=23461","og_site_name":"P31","article_published_time":"2021-07-15T23:46:23+00:00","og_image":[{"width":1170,"height":700,"url":"https:\/\/www.p31noticias.com.br\/wp-content\/uploads\/2021\/07\/brasilia_congresso_nuvens_e_0416202217_2.jpg","type":"image\/jpeg"}],"author":"Gon\u00e7alves Junior","twitter_card":"summary_large_image","twitter_misc":{"Escrito por":"Gon\u00e7alves Junior","Est. tempo de leitura":"5 minutos"},"schema":{"@context":"https:\/\/schema.org","@graph":[{"@type":"Article","@id":"https:\/\/www.p31noticias.com.br\/?p=23461#article","isPartOf":{"@id":"https:\/\/www.p31noticias.com.br\/?p=23461"},"author":{"name":"Gon\u00e7alves Junior","@id":"https:\/\/www.p31noticias.com.br\/#\/schema\/person\/95f2ece30e3b4132065b915150cd0f94"},"headline":"Congresso aprova Lei de Diretrizes Or\u00e7ament\u00e1rias para 2022.","datePublished":"2021-07-15T23:46:23+00:00","mainEntityOfPage":{"@id":"https:\/\/www.p31noticias.com.br\/?p=23461"},"wordCount":958,"commentCount":0,"image":{"@id":"https:\/\/www.p31noticias.com.br\/?p=23461#primaryimage"},"thumbnailUrl":"https:\/\/www.p31noticias.com.br\/wp-content\/uploads\/2021\/07\/brasilia_congresso_nuvens_e_0416202217_2.jpg","articleSection":["Brasil"],"inLanguage":"pt-BR","potentialAction":[{"@type":"CommentAction","name":"Comment","target":["https:\/\/www.p31noticias.com.br\/?p=23461#respond"]}],"copyrightYear":"2021","copyrightHolder":{"@id":"https:\/\/www.p31noticias.com.br\/#organization"}},{"@type":"WebPage","@id":"https:\/\/www.p31noticias.com.br\/?p=23461","url":"https:\/\/www.p31noticias.com.br\/?p=23461","name":"Congresso aprova Lei de Diretrizes Or\u00e7ament\u00e1rias para 2022. - P31","isPartOf":{"@id":"https:\/\/www.p31noticias.com.br\/#website"},"primaryImageOfPage":{"@id":"https:\/\/www.p31noticias.com.br\/?p=23461#primaryimage"},"image":{"@id":"https:\/\/www.p31noticias.com.br\/?p=23461#primaryimage"},"thumbnailUrl":"https:\/\/www.p31noticias.com.br\/wp-content\/uploads\/2021\/07\/brasilia_congresso_nuvens_e_0416202217_2.jpg","datePublished":"2021-07-15T23:46:23+00:00","author":{"@id":"https:\/\/www.p31noticias.com.br\/#\/schema\/person\/95f2ece30e3b4132065b915150cd0f94"},"breadcrumb":{"@id":"https:\/\/www.p31noticias.com.br\/?p=23461#breadcrumb"},"inLanguage":"pt-BR","potentialAction":[{"@type":"ReadAction","target":["https:\/\/www.p31noticias.com.br\/?p=23461"]}]},{"@type":"ImageObject","inLanguage":"pt-BR","@id":"https:\/\/www.p31noticias.com.br\/?p=23461#primaryimage","url":"https:\/\/www.p31noticias.com.br\/wp-content\/uploads\/2021\/07\/brasilia_congresso_nuvens_e_0416202217_2.jpg","contentUrl":"https:\/\/www.p31noticias.com.br\/wp-content\/uploads\/2021\/07\/brasilia_congresso_nuvens_e_0416202217_2.jpg","width":1170,"height":700,"caption":"Bras\u00edlia 60 Anos - Congresso Nacional"},{"@type":"BreadcrumbList","@id":"https:\/\/www.p31noticias.com.br\/?p=23461#breadcrumb","itemListElement":[{"@type":"ListItem","position":1,"name":"In\u00edcio","item":"https:\/\/www.p31noticias.com.br\/"},{"@type":"ListItem","position":2,"name":"Congresso aprova Lei de Diretrizes Or\u00e7ament\u00e1rias para 2022."}]},{"@type":"WebSite","@id":"https:\/\/www.p31noticias.com.br\/#website","url":"https:\/\/www.p31noticias.com.br\/","name":"P31","description":"NOT\u00cdCIAS","potentialAction":[{"@type":"SearchAction","target":{"@type":"EntryPoint","urlTemplate":"https:\/\/www.p31noticias.com.br\/?s={search_term_string}"},"query-input":{"@type":"PropertyValueSpecification","valueRequired":true,"valueName":"search_term_string"}}],"inLanguage":"pt-BR"},{"@type":"Person","@id":"https:\/\/www.p31noticias.com.br\/#\/schema\/person\/95f2ece30e3b4132065b915150cd0f94","name":"Gon\u00e7alves Junior","image":{"@type":"ImageObject","inLanguage":"pt-BR","@id":"https:\/\/secure.gravatar.com\/avatar\/6711f350116a89762687a48d66f723c799e5438a5b7578508d4294cd7a5d0800?s=96&d=mm&r=g","url":"https:\/\/secure.gravatar.com\/avatar\/6711f350116a89762687a48d66f723c799e5438a5b7578508d4294cd7a5d0800?s=96&d=mm&r=g","contentUrl":"https:\/\/secure.gravatar.com\/avatar\/6711f350116a89762687a48d66f723c799e5438a5b7578508d4294cd7a5d0800?s=96&d=mm&r=g","caption":"Gon\u00e7alves Junior"},"url":"https:\/\/www.p31noticias.com.br\/?author=2"}]}},"amp_enabled":true,"_links":{"self":[{"href":"https:\/\/www.p31noticias.com.br\/index.php?rest_route=\/wp\/v2\/posts\/23461","targetHints":{"allow":["GET"]}}],"collection":[{"href":"https:\/\/www.p31noticias.com.br\/index.php?rest_route=\/wp\/v2\/posts"}],"about":[{"href":"https:\/\/www.p31noticias.com.br\/index.php?rest_route=\/wp\/v2\/types\/post"}],"author":[{"embeddable":true,"href":"https:\/\/www.p31noticias.com.br\/index.php?rest_route=\/wp\/v2\/users\/2"}],"replies":[{"embeddable":true,"href":"https:\/\/www.p31noticias.com.br\/index.php?rest_route=%2Fwp%2Fv2%2Fcomments&post=23461"}],"version-history":[{"count":1,"href":"https:\/\/www.p31noticias.com.br\/index.php?rest_route=\/wp\/v2\/posts\/23461\/revisions"}],"predecessor-version":[{"id":23463,"href":"https:\/\/www.p31noticias.com.br\/index.php?rest_route=\/wp\/v2\/posts\/23461\/revisions\/23463"}],"wp:featuredmedia":[{"embeddable":true,"href":"https:\/\/www.p31noticias.com.br\/index.php?rest_route=\/wp\/v2\/media\/23462"}],"wp:attachment":[{"href":"https:\/\/www.p31noticias.com.br\/index.php?rest_route=%2Fwp%2Fv2%2Fmedia&parent=23461"}],"wp:term":[{"taxonomy":"category","embeddable":true,"href":"https:\/\/www.p31noticias.com.br\/index.php?rest_route=%2Fwp%2Fv2%2Fcategories&post=23461"},{"taxonomy":"post_tag","embeddable":true,"href":"https:\/\/www.p31noticias.com.br\/index.php?rest_route=%2Fwp%2Fv2%2Ftags&post=23461"}],"curies":[{"name":"wp","href":"https:\/\/api.w.org\/{rel}","templated":true}]}}