{"id":23456,"date":"2021-07-13T12:41:47","date_gmt":"2021-07-13T15:41:47","guid":{"rendered":"https:\/\/p31noticias.com.br\/?p=23456"},"modified":"2021-07-13T12:41:47","modified_gmt":"2021-07-13T15:41:47","slug":"populacao-do-df-com-mais-de-70-anos-esta-100-imunizada","status":"publish","type":"post","link":"https:\/\/www.p31noticias.com.br\/?p=23456","title":{"rendered":"Popula\u00e7\u00e3o do DF com mais de 70 anos est\u00e1 100% imunizada"},"content":{"rendered":"<p>O Distrito Federal atingiu, na \u00faltima segunda-feira (12), a marca de 100% de imuniza\u00e7\u00e3o completa contra a covid-19 da popula\u00e7\u00e3o estimada de 70 anos ou mais, ou seja, 100% desse p\u00fablico vacinado com as duas doses.<\/p>\n<p>Ao todo, segundo a Companhia de Planejamento do Distrito Federal (Codeplan), o DF soma 142.131 indiv\u00edduos com 70 anos ou mais.<\/p>\n<p>O percentual de vacinados ultrapassa 100% nos grupos acima de 70 anos. Isso ocorre pois consta nos registros da vacina\u00e7\u00e3o a aplica\u00e7\u00e3o de doses em pessoas de outras unidades da Federa\u00e7\u00e3o que se vacinaram no DF \u2013 um quantitativo al\u00e9m do previsto.<\/p>\n<p>O secret\u00e1rio de Sa\u00fade, Osnei Okumoto, comemorou mais esse avan\u00e7o: \u201cEstamos alcan\u00e7ando a imuniza\u00e7\u00e3o de um p\u00fablico significativo da popula\u00e7\u00e3o gra\u00e7as ao empenho dos profissionais de sa\u00fade da rede p\u00fablica e ao apoio que temos recebido do governador Ibaneis Rocha para evoluirmos em meio a tantas adversidades. O DF faz a vacina\u00e7\u00e3o de pessoas de todos os estados da Federa\u00e7\u00e3o e sempre tem garantido a aplica\u00e7\u00e3o da segunda dose, completando de forma correta a imuniza\u00e7\u00e3o\u201d.<\/p>\n<p>Nos grupos de 60 a 64 anos e de 65 a 69 anos, a cobertura ultrapassa 90% com a primeira dose. A vacina\u00e7\u00e3o desse p\u00fablico come\u00e7ou em abril, e julho ser\u00e1 o m\u00eas em que a maior parte desses cidad\u00e3os deve receber a segunda dose.<\/p>\n<p>Atualmente, a campanha de vacina\u00e7\u00e3o no DF contempla o p\u00fablico de 41 anos ou mais. Em coletiva de imprensa na \u00faltima segunda-feira (12), o secret\u00e1rio de Sa\u00fade e o da Casa Civil, Gustavo Rocha, informaram que a vacina\u00e7\u00e3o vai avan\u00e7ar para mais faixas et\u00e1rias na pr\u00f3xima semana, com a previs\u00e3o da chegada, at\u00e9 sexta-feira (16), de mais doses de imunizantes contra a covid-19.<\/p>\n<p>Ainda na coletiva, os secret\u00e1rios disseram que, ap\u00f3s in\u00fameras reuni\u00f5es, o Minist\u00e9rio da Sa\u00fade se comprometeu a readequar as doses da vacina enviadas ao Distrito Federal, uma vez que os dados do Instituto Brasileiro de Geografia e Estat\u00edstica (IBGE) que contabilizavam a popula\u00e7\u00e3o residente no DF se encontravam desatualizados (confira quadro acima com o n\u00famero correto da popula\u00e7\u00e3o do DF).<\/p>\n<p>At\u00e9 o momento, 1.081.636 pessoas receberam a primeira dose, 368.426 foram imunizadas com a segunda dose e 33.729 tomaram a dose \u00fanica (imunizante da Janssen).<\/p>\n<p>*Com informa\u00e7\u00f5es da Secretaria de Sa\u00fade<\/p>\n","protected":false},"excerpt":{"rendered":"<p>O Distrito Federal atingiu, na \u00faltima segunda-feira (12), a marca de 100% de imuniza\u00e7\u00e3o completa contra a covid-19 da popula\u00e7\u00e3o estimada de 70 anos ou mais, ou seja, 100% desse p\u00fablico vacinado com as duas doses. Ao todo, segundo a Companhia de Planejamento do Distrito Federal (Codeplan), o DF soma 142.131 indiv\u00edduos com 70 anos [&hellip;]<\/p>\n","protected":false},"author":18,"featured_media":23457,"comment_status":"open","ping_status":"open","sticky":false,"template":"","format":"standard","meta":{"footnotes":""},"categories":[124],"tags":[],"class_list":{"0":"post-23456","1":"post","2":"type-post","3":"status-publish","4":"format-standard","5":"has-post-thumbnail","7":"category-saude"},"yoast_head":"<!-- This site is optimized with the Yoast SEO Premium plugin v24.5 (Yoast SEO v27.5) - https:\/\/yoast.com\/product\/yoast-seo-premium-wordpress\/ -->\n<title>Popula\u00e7\u00e3o do DF com mais de 70 anos est\u00e1 100% imunizada - P31<\/title>\n<meta name=\"robots\" content=\"index, follow, max-snippet:-1, max-image-preview:large, max-video-preview:-1\" \/>\n<link rel=\"canonical\" href=\"https:\/\/www.p31noticias.com.br\/?p=23456\" \/>\n<meta property=\"og:locale\" content=\"pt_BR\" \/>\n<meta property=\"og:type\" content=\"article\" \/>\n<meta property=\"og:title\" content=\"Popula\u00e7\u00e3o do DF com mais de 70 anos est\u00e1 100% imunizada\" \/>\n<meta property=\"og:description\" content=\"O Distrito Federal atingiu, na \u00faltima segunda-feira (12), a marca de 100% de imuniza\u00e7\u00e3o completa contra a covid-19 da popula\u00e7\u00e3o estimada de 70 anos ou mais, ou seja, 100% desse p\u00fablico vacinado com as duas doses. Ao todo, segundo a Companhia de Planejamento do Distrito Federal (Codeplan), o DF soma 142.131 indiv\u00edduos com 70 anos [&hellip;]\" \/>\n<meta property=\"og:url\" content=\"https:\/\/www.p31noticias.com.br\/?p=23456\" \/>\n<meta property=\"og:site_name\" content=\"P31\" \/>\n<meta property=\"article:published_time\" content=\"2021-07-13T15:41:47+00:00\" \/>\n<meta property=\"og:image\" content=\"https:\/\/www.p31noticias.com.br\/wp-content\/uploads\/2021\/07\/vacinacao-parque-da-cidade_mcamgo_abr_180220211818-20.jpg\" \/>\n\t<meta property=\"og:image:width\" content=\"1170\" \/>\n\t<meta property=\"og:image:height\" content=\"700\" \/>\n\t<meta property=\"og:image:type\" content=\"image\/jpeg\" \/>\n<meta name=\"author\" content=\"Reda\u00e7\u00e3o JBN\" \/>\n<meta name=\"twitter:card\" content=\"summary_large_image\" \/>\n<meta name=\"twitter:label1\" content=\"Escrito por\" \/>\n\t<meta name=\"twitter:data1\" content=\"Reda\u00e7\u00e3o JBN\" \/>\n\t<meta name=\"twitter:label2\" content=\"Est. tempo de leitura\" \/>\n\t<meta name=\"twitter:data2\" content=\"2 minutos\" \/>\n<script type=\"application\/ld+json\" class=\"yoast-schema-graph\">{\"@context\":\"https:\\\/\\\/schema.org\",\"@graph\":[{\"@type\":\"Article\",\"@id\":\"https:\\\/\\\/www.p31noticias.com.br\\\/?p=23456#article\",\"isPartOf\":{\"@id\":\"https:\\\/\\\/www.p31noticias.com.br\\\/?p=23456\"},\"author\":{\"name\":\"Reda\u00e7\u00e3o JBN\",\"@id\":\"https:\\\/\\\/www.p31noticias.com.br\\\/#\\\/schema\\\/person\\\/77d6b186c710ac38937c6ec204fdd387\"},\"headline\":\"Popula\u00e7\u00e3o do DF com mais de 70 anos est\u00e1 100% imunizada\",\"datePublished\":\"2021-07-13T15:41:47+00:00\",\"mainEntityOfPage\":{\"@id\":\"https:\\\/\\\/www.p31noticias.com.br\\\/?p=23456\"},\"wordCount\":411,\"commentCount\":0,\"image\":{\"@id\":\"https:\\\/\\\/www.p31noticias.com.br\\\/?p=23456#primaryimage\"},\"thumbnailUrl\":\"https:\\\/\\\/www.p31noticias.com.br\\\/wp-content\\\/uploads\\\/2021\\\/07\\\/vacinacao-parque-da-cidade_mcamgo_abr_180220211818-20.jpg\",\"articleSection\":[\"Sa\u00fade\"],\"inLanguage\":\"pt-BR\",\"potentialAction\":[{\"@type\":\"CommentAction\",\"name\":\"Comment\",\"target\":[\"https:\\\/\\\/www.p31noticias.com.br\\\/?p=23456#respond\"]}],\"copyrightYear\":\"2021\",\"copyrightHolder\":{\"@id\":\"https:\\\/\\\/www.p31noticias.com.br\\\/#organization\"}},{\"@type\":\"WebPage\",\"@id\":\"https:\\\/\\\/www.p31noticias.com.br\\\/?p=23456\",\"url\":\"https:\\\/\\\/www.p31noticias.com.br\\\/?p=23456\",\"name\":\"Popula\u00e7\u00e3o do DF com mais de 70 anos est\u00e1 100% imunizada - P31\",\"isPartOf\":{\"@id\":\"https:\\\/\\\/www.p31noticias.com.br\\\/#website\"},\"primaryImageOfPage\":{\"@id\":\"https:\\\/\\\/www.p31noticias.com.br\\\/?p=23456#primaryimage\"},\"image\":{\"@id\":\"https:\\\/\\\/www.p31noticias.com.br\\\/?p=23456#primaryimage\"},\"thumbnailUrl\":\"https:\\\/\\\/www.p31noticias.com.br\\\/wp-content\\\/uploads\\\/2021\\\/07\\\/vacinacao-parque-da-cidade_mcamgo_abr_180220211818-20.jpg\",\"datePublished\":\"2021-07-13T15:41:47+00:00\",\"author\":{\"@id\":\"https:\\\/\\\/www.p31noticias.com.br\\\/#\\\/schema\\\/person\\\/77d6b186c710ac38937c6ec204fdd387\"},\"breadcrumb\":{\"@id\":\"https:\\\/\\\/www.p31noticias.com.br\\\/?p=23456#breadcrumb\"},\"inLanguage\":\"pt-BR\",\"potentialAction\":[{\"@type\":\"ReadAction\",\"target\":[\"https:\\\/\\\/www.p31noticias.com.br\\\/?p=23456\"]}]},{\"@type\":\"ImageObject\",\"inLanguage\":\"pt-BR\",\"@id\":\"https:\\\/\\\/www.p31noticias.com.br\\\/?p=23456#primaryimage\",\"url\":\"https:\\\/\\\/www.p31noticias.com.br\\\/wp-content\\\/uploads\\\/2021\\\/07\\\/vacinacao-parque-da-cidade_mcamgo_abr_180220211818-20.jpg\",\"contentUrl\":\"https:\\\/\\\/www.p31noticias.com.br\\\/wp-content\\\/uploads\\\/2021\\\/07\\\/vacinacao-parque-da-cidade_mcamgo_abr_180220211818-20.jpg\",\"width\":1170,\"height\":700,\"caption\":\"Vacina\u00e7\u00e3o drive-thru contra a covid-19 no Parque da Cidade, em Bras\u00edlia.\"},{\"@type\":\"BreadcrumbList\",\"@id\":\"https:\\\/\\\/www.p31noticias.com.br\\\/?p=23456#breadcrumb\",\"itemListElement\":[{\"@type\":\"ListItem\",\"position\":1,\"name\":\"In\u00edcio\",\"item\":\"https:\\\/\\\/www.p31noticias.com.br\\\/\"},{\"@type\":\"ListItem\",\"position\":2,\"name\":\"Popula\u00e7\u00e3o do DF com mais de 70 anos est\u00e1 100% imunizada\"}]},{\"@type\":\"WebSite\",\"@id\":\"https:\\\/\\\/www.p31noticias.com.br\\\/#website\",\"url\":\"https:\\\/\\\/www.p31noticias.com.br\\\/\",\"name\":\"P31\",\"description\":\"NOT\u00cdCIAS\",\"potentialAction\":[{\"@type\":\"SearchAction\",\"target\":{\"@type\":\"EntryPoint\",\"urlTemplate\":\"https:\\\/\\\/www.p31noticias.com.br\\\/?s={search_term_string}\"},\"query-input\":{\"@type\":\"PropertyValueSpecification\",\"valueRequired\":true,\"valueName\":\"search_term_string\"}}],\"inLanguage\":\"pt-BR\"},{\"@type\":\"Person\",\"@id\":\"https:\\\/\\\/www.p31noticias.com.br\\\/#\\\/schema\\\/person\\\/77d6b186c710ac38937c6ec204fdd387\",\"name\":\"Reda\u00e7\u00e3o JBN\",\"image\":{\"@type\":\"ImageObject\",\"inLanguage\":\"pt-BR\",\"@id\":\"https:\\\/\\\/secure.gravatar.com\\\/avatar\\\/10fcdb93211f98cce3d64c0795b0915a9a4a21dc0f279238995a3dbfafcad090?s=96&d=mm&r=g\",\"url\":\"https:\\\/\\\/secure.gravatar.com\\\/avatar\\\/10fcdb93211f98cce3d64c0795b0915a9a4a21dc0f279238995a3dbfafcad090?s=96&d=mm&r=g\",\"contentUrl\":\"https:\\\/\\\/secure.gravatar.com\\\/avatar\\\/10fcdb93211f98cce3d64c0795b0915a9a4a21dc0f279238995a3dbfafcad090?s=96&d=mm&r=g\",\"caption\":\"Reda\u00e7\u00e3o JBN\"},\"sameAs\":[\"https:\\\/\\\/p31noticias.com.br\"],\"url\":\"https:\\\/\\\/www.p31noticias.com.br\\\/?author=18\"}]}<\/script>\n<!-- \/ Yoast SEO Premium plugin. -->","yoast_head_json":{"title":"Popula\u00e7\u00e3o do DF com mais de 70 anos est\u00e1 100% imunizada - P31","robots":{"index":"index","follow":"follow","max-snippet":"max-snippet:-1","max-image-preview":"max-image-preview:large","max-video-preview":"max-video-preview:-1"},"canonical":"https:\/\/www.p31noticias.com.br\/?p=23456","og_locale":"pt_BR","og_type":"article","og_title":"Popula\u00e7\u00e3o do DF com mais de 70 anos est\u00e1 100% imunizada","og_description":"O Distrito Federal atingiu, na \u00faltima segunda-feira (12), a marca de 100% de imuniza\u00e7\u00e3o completa contra a covid-19 da popula\u00e7\u00e3o estimada de 70 anos ou mais, ou seja, 100% desse p\u00fablico vacinado com as duas doses. Ao todo, segundo a Companhia de Planejamento do Distrito Federal (Codeplan), o DF soma 142.131 indiv\u00edduos com 70 anos [&hellip;]","og_url":"https:\/\/www.p31noticias.com.br\/?p=23456","og_site_name":"P31","article_published_time":"2021-07-13T15:41:47+00:00","og_image":[{"width":1170,"height":700,"url":"https:\/\/www.p31noticias.com.br\/wp-content\/uploads\/2021\/07\/vacinacao-parque-da-cidade_mcamgo_abr_180220211818-20.jpg","type":"image\/jpeg"}],"author":"Reda\u00e7\u00e3o JBN","twitter_card":"summary_large_image","twitter_misc":{"Escrito por":"Reda\u00e7\u00e3o JBN","Est. tempo de leitura":"2 minutos"},"schema":{"@context":"https:\/\/schema.org","@graph":[{"@type":"Article","@id":"https:\/\/www.p31noticias.com.br\/?p=23456#article","isPartOf":{"@id":"https:\/\/www.p31noticias.com.br\/?p=23456"},"author":{"name":"Reda\u00e7\u00e3o JBN","@id":"https:\/\/www.p31noticias.com.br\/#\/schema\/person\/77d6b186c710ac38937c6ec204fdd387"},"headline":"Popula\u00e7\u00e3o do DF com mais de 70 anos est\u00e1 100% imunizada","datePublished":"2021-07-13T15:41:47+00:00","mainEntityOfPage":{"@id":"https:\/\/www.p31noticias.com.br\/?p=23456"},"wordCount":411,"commentCount":0,"image":{"@id":"https:\/\/www.p31noticias.com.br\/?p=23456#primaryimage"},"thumbnailUrl":"https:\/\/www.p31noticias.com.br\/wp-content\/uploads\/2021\/07\/vacinacao-parque-da-cidade_mcamgo_abr_180220211818-20.jpg","articleSection":["Sa\u00fade"],"inLanguage":"pt-BR","potentialAction":[{"@type":"CommentAction","name":"Comment","target":["https:\/\/www.p31noticias.com.br\/?p=23456#respond"]}],"copyrightYear":"2021","copyrightHolder":{"@id":"https:\/\/www.p31noticias.com.br\/#organization"}},{"@type":"WebPage","@id":"https:\/\/www.p31noticias.com.br\/?p=23456","url":"https:\/\/www.p31noticias.com.br\/?p=23456","name":"Popula\u00e7\u00e3o do DF com mais de 70 anos est\u00e1 100% imunizada - P31","isPartOf":{"@id":"https:\/\/www.p31noticias.com.br\/#website"},"primaryImageOfPage":{"@id":"https:\/\/www.p31noticias.com.br\/?p=23456#primaryimage"},"image":{"@id":"https:\/\/www.p31noticias.com.br\/?p=23456#primaryimage"},"thumbnailUrl":"https:\/\/www.p31noticias.com.br\/wp-content\/uploads\/2021\/07\/vacinacao-parque-da-cidade_mcamgo_abr_180220211818-20.jpg","datePublished":"2021-07-13T15:41:47+00:00","author":{"@id":"https:\/\/www.p31noticias.com.br\/#\/schema\/person\/77d6b186c710ac38937c6ec204fdd387"},"breadcrumb":{"@id":"https:\/\/www.p31noticias.com.br\/?p=23456#breadcrumb"},"inLanguage":"pt-BR","potentialAction":[{"@type":"ReadAction","target":["https:\/\/www.p31noticias.com.br\/?p=23456"]}]},{"@type":"ImageObject","inLanguage":"pt-BR","@id":"https:\/\/www.p31noticias.com.br\/?p=23456#primaryimage","url":"https:\/\/www.p31noticias.com.br\/wp-content\/uploads\/2021\/07\/vacinacao-parque-da-cidade_mcamgo_abr_180220211818-20.jpg","contentUrl":"https:\/\/www.p31noticias.com.br\/wp-content\/uploads\/2021\/07\/vacinacao-parque-da-cidade_mcamgo_abr_180220211818-20.jpg","width":1170,"height":700,"caption":"Vacina\u00e7\u00e3o drive-thru contra a covid-19 no Parque da Cidade, em Bras\u00edlia."},{"@type":"BreadcrumbList","@id":"https:\/\/www.p31noticias.com.br\/?p=23456#breadcrumb","itemListElement":[{"@type":"ListItem","position":1,"name":"In\u00edcio","item":"https:\/\/www.p31noticias.com.br\/"},{"@type":"ListItem","position":2,"name":"Popula\u00e7\u00e3o do DF com mais de 70 anos est\u00e1 100% imunizada"}]},{"@type":"WebSite","@id":"https:\/\/www.p31noticias.com.br\/#website","url":"https:\/\/www.p31noticias.com.br\/","name":"P31","description":"NOT\u00cdCIAS","potentialAction":[{"@type":"SearchAction","target":{"@type":"EntryPoint","urlTemplate":"https:\/\/www.p31noticias.com.br\/?s={search_term_string}"},"query-input":{"@type":"PropertyValueSpecification","valueRequired":true,"valueName":"search_term_string"}}],"inLanguage":"pt-BR"},{"@type":"Person","@id":"https:\/\/www.p31noticias.com.br\/#\/schema\/person\/77d6b186c710ac38937c6ec204fdd387","name":"Reda\u00e7\u00e3o JBN","image":{"@type":"ImageObject","inLanguage":"pt-BR","@id":"https:\/\/secure.gravatar.com\/avatar\/10fcdb93211f98cce3d64c0795b0915a9a4a21dc0f279238995a3dbfafcad090?s=96&d=mm&r=g","url":"https:\/\/secure.gravatar.com\/avatar\/10fcdb93211f98cce3d64c0795b0915a9a4a21dc0f279238995a3dbfafcad090?s=96&d=mm&r=g","contentUrl":"https:\/\/secure.gravatar.com\/avatar\/10fcdb93211f98cce3d64c0795b0915a9a4a21dc0f279238995a3dbfafcad090?s=96&d=mm&r=g","caption":"Reda\u00e7\u00e3o JBN"},"sameAs":["https:\/\/p31noticias.com.br"],"url":"https:\/\/www.p31noticias.com.br\/?author=18"}]}},"amp_enabled":true,"_links":{"self":[{"href":"https:\/\/www.p31noticias.com.br\/index.php?rest_route=\/wp\/v2\/posts\/23456","targetHints":{"allow":["GET"]}}],"collection":[{"href":"https:\/\/www.p31noticias.com.br\/index.php?rest_route=\/wp\/v2\/posts"}],"about":[{"href":"https:\/\/www.p31noticias.com.br\/index.php?rest_route=\/wp\/v2\/types\/post"}],"author":[{"embeddable":true,"href":"https:\/\/www.p31noticias.com.br\/index.php?rest_route=\/wp\/v2\/users\/18"}],"replies":[{"embeddable":true,"href":"https:\/\/www.p31noticias.com.br\/index.php?rest_route=%2Fwp%2Fv2%2Fcomments&post=23456"}],"version-history":[{"count":1,"href":"https:\/\/www.p31noticias.com.br\/index.php?rest_route=\/wp\/v2\/posts\/23456\/revisions"}],"predecessor-version":[{"id":23458,"href":"https:\/\/www.p31noticias.com.br\/index.php?rest_route=\/wp\/v2\/posts\/23456\/revisions\/23458"}],"wp:featuredmedia":[{"embeddable":true,"href":"https:\/\/www.p31noticias.com.br\/index.php?rest_route=\/wp\/v2\/media\/23457"}],"wp:attachment":[{"href":"https:\/\/www.p31noticias.com.br\/index.php?rest_route=%2Fwp%2Fv2%2Fmedia&parent=23456"}],"wp:term":[{"taxonomy":"category","embeddable":true,"href":"https:\/\/www.p31noticias.com.br\/index.php?rest_route=%2Fwp%2Fv2%2Fcategories&post=23456"},{"taxonomy":"post_tag","embeddable":true,"href":"https:\/\/www.p31noticias.com.br\/index.php?rest_route=%2Fwp%2Fv2%2Ftags&post=23456"}],"curies":[{"name":"wp","href":"https:\/\/api.w.org\/{rel}","templated":true}]}}