{"id":23441,"date":"2021-07-13T11:28:04","date_gmt":"2021-07-13T14:28:04","guid":{"rendered":"https:\/\/p31noticias.com.br\/?p=23441"},"modified":"2021-07-13T11:33:10","modified_gmt":"2021-07-13T14:33:10","slug":"cubanos-saem-as-ruas-do-pais-para-pedir-liberdade","status":"publish","type":"post","link":"https:\/\/www.p31noticias.com.br\/?p=23441","title":{"rendered":"Cubanos saem \u00e0s ruas do pa\u00eds para pedir liberdade"},"content":{"rendered":"<p>tares e policiais, muitas foram detidas.<\/p>\n<p>No entanto, parte dos manifestantes conseguiu escapar do cord\u00e3o policial e avan\u00e7ou em massa ao longo da avenida Paseo del Prado em dire\u00e7\u00e3o ao Malec\u00f3n aos gritos de &#8220;liberdade&#8221;, &#8220;p\u00e1tria e vida&#8221; e &#8220;abaixo a ditadura&#8221;.<\/p>\n<p>Houve tamb\u00e9m grupos organizados de apoiadores do governo, que gritaram &#8220;Eu sou Fidel&#8221; ou &#8220;Canel, meu amigo, o povo est\u00e1 contigo&#8221;, em alus\u00e3o ao mandat\u00e1rio Miguel D\u00edaz-Canel.<\/p>\n<p>Maior protesto em 27 anos<br \/>\nO evento pode fazer hist\u00f3ria, j\u00e1 que \u00e9 a primeira vez que um grande grupo de cubanos sai \u00e0s ruas de Havana para protestar contra o governo desde o famoso &#8220;Maleconazo&#8221; de 1994, no meio da crise econ\u00f4mica do chamado &#8220;Per\u00edodo Especial&#8221;.<\/p>\n<p>A prova da gravidade da situa\u00e7\u00e3o \u00e9 que as autoridades cortaram o servi\u00e7o de internet m\u00f3vel em todo o pa\u00eds, presumivelmente para impedir a divulga\u00e7\u00e3o de v\u00eddeos dos protestos e reduzir a capacidade de reuni\u00e3o dos participantes.<\/p>\n<p>A manifesta\u00e7\u00e3o em Havana surge ap\u00f3s uma onda de protestos espont\u00e2neos neste domingo em diferentes partes do pa\u00eds, o primeiro deles em San Antonio de los Ba\u00f1os, onde uma pessoas tomaram as ruas para exigir liberdade e criticar o governo pela escassez de comida, medicamentos e os cont\u00ednuos apag\u00f5es sofridos pelo munic\u00edpio, que fica 30 quil\u00f4metros a leste da capital.<\/p>\n<p>A manifesta\u00e7\u00e3o em San Antonio, duramente reprimida pela pol\u00edcia segundo testemunhas disseram \u00e0 Ag\u00eancia Efe, foi transmitida ao vivo no Facebook at\u00e9 a internet ser cortada, o que possivelmente motivou atos semelhantes em outras localidades como G\u00fcira de Melena e Alqu\u00edzar (oeste), Palma Soriano (leste), Cienfuegos (centro) e Havana.<\/p>\n<p>D\u00edaz-Canel culpa os EUA<br \/>\nAs manifesta\u00e7\u00f5es surgiram em um momento de grave crise em Cuba, que sofre uma preocupante escassez de medicamentos e produtos b\u00e1sicos e tamb\u00e9m atravessa a terceira e pior onda de Covid-19, com taxas de cont\u00e1gio extremamente elevadas nas regi\u00f5es mais afetadas.<\/p>\n<p>O mandat\u00e1rio cubano, Miguel D\u00edaz-Canel, apareceu neste domingo em duas ocasi\u00f5es. Primeiro, foi a San Antonio de los Ba\u00f1os, onde, acompanhado por um grupo de apoiadores e for\u00e7as de seguran\u00e7a, acusou &#8220;mercen\u00e1rios pagos pelo governo dos EUA&#8221; de organizarem os protestos.<\/p>\n<p>Mais tarde, falou ao vivo na televis\u00e3o estatal, na qual pediu para que seus apoiadores estejam prontos para o &#8220;combate&#8221;, em resposta aos protestos contra o governo.<\/p>\n<p>Lojas estatais sofrem saques<br \/>\nTamb\u00e9m foi noticiado que v\u00e1rias das lojas estatais que vendem comida e produtos b\u00e1sicos em moeda estrangeira foram saqueadas neste domingo (11), em meio \u00e0 in\u00e9dita onda de protestos contra o governo de Cuba.<\/p>\n<p>Fonte: Gazeta do Povo<\/p>\n","protected":false},"excerpt":{"rendered":"<p>tares e policiais, muitas foram detidas. No entanto, parte dos manifestantes conseguiu escapar do cord\u00e3o policial e avan\u00e7ou em massa ao longo da avenida Paseo del Prado em dire\u00e7\u00e3o ao Malec\u00f3n aos gritos de &#8220;liberdade&#8221;, &#8220;p\u00e1tria e vida&#8221; e &#8220;abaixo a ditadura&#8221;. Houve tamb\u00e9m grupos organizados de apoiadores do governo, que gritaram &#8220;Eu sou Fidel&#8221; [&hellip;]<\/p>\n","protected":false},"author":18,"featured_media":23442,"comment_status":"open","ping_status":"open","sticky":false,"template":"","format":"standard","meta":{"footnotes":""},"categories":[57],"tags":[],"class_list":{"0":"post-23441","1":"post","2":"type-post","3":"status-publish","4":"format-standard","5":"has-post-thumbnail","7":"category-politica"},"yoast_head":"<!-- This site is optimized with the Yoast SEO Premium plugin v24.5 (Yoast SEO v27.5) - https:\/\/yoast.com\/product\/yoast-seo-premium-wordpress\/ -->\n<title>Cubanos saem \u00e0s ruas do pa\u00eds para pedir liberdade - P31<\/title>\n<meta name=\"robots\" content=\"index, follow, max-snippet:-1, max-image-preview:large, max-video-preview:-1\" \/>\n<link rel=\"canonical\" href=\"https:\/\/www.p31noticias.com.br\/?p=23441\" \/>\n<meta property=\"og:locale\" content=\"pt_BR\" \/>\n<meta property=\"og:type\" content=\"article\" \/>\n<meta property=\"og:title\" content=\"Cubanos saem \u00e0s ruas do pa\u00eds para pedir liberdade\" \/>\n<meta property=\"og:description\" content=\"tares e policiais, muitas foram detidas. No entanto, parte dos manifestantes conseguiu escapar do cord\u00e3o policial e avan\u00e7ou em massa ao longo da avenida Paseo del Prado em dire\u00e7\u00e3o ao Malec\u00f3n aos gritos de &#8220;liberdade&#8221;, &#8220;p\u00e1tria e vida&#8221; e &#8220;abaixo a ditadura&#8221;. Houve tamb\u00e9m grupos organizados de apoiadores do governo, que gritaram &#8220;Eu sou Fidel&#8221; [&hellip;]\" \/>\n<meta property=\"og:url\" content=\"https:\/\/www.p31noticias.com.br\/?p=23441\" \/>\n<meta property=\"og:site_name\" content=\"P31\" \/>\n<meta property=\"article:published_time\" content=\"2021-07-13T14:28:04+00:00\" \/>\n<meta property=\"article:modified_time\" content=\"2021-07-13T14:33:10+00:00\" \/>\n<meta property=\"og:image\" content=\"https:\/\/www.p31noticias.com.br\/wp-content\/uploads\/2021\/07\/x93856420_People-take-part-in-a-demonstration-to-support-the-government-of-the-Cuban-President-Miguel.jpg.pagespeed.ic_.nl4GbDRC2S.jpg\" \/>\n\t<meta property=\"og:image:width\" content=\"1086\" \/>\n\t<meta property=\"og:image:height\" content=\"652\" \/>\n\t<meta property=\"og:image:type\" content=\"image\/jpeg\" \/>\n<meta name=\"author\" content=\"Reda\u00e7\u00e3o JBN\" \/>\n<meta name=\"twitter:card\" content=\"summary_large_image\" \/>\n<meta name=\"twitter:label1\" content=\"Escrito por\" \/>\n\t<meta name=\"twitter:data1\" content=\"Reda\u00e7\u00e3o JBN\" \/>\n\t<meta name=\"twitter:label2\" content=\"Est. tempo de leitura\" \/>\n\t<meta name=\"twitter:data2\" content=\"2 minutos\" \/>\n<script type=\"application\/ld+json\" class=\"yoast-schema-graph\">{\"@context\":\"https:\\\/\\\/schema.org\",\"@graph\":[{\"@type\":\"Article\",\"@id\":\"https:\\\/\\\/www.p31noticias.com.br\\\/?p=23441#article\",\"isPartOf\":{\"@id\":\"https:\\\/\\\/www.p31noticias.com.br\\\/?p=23441\"},\"author\":{\"name\":\"Reda\u00e7\u00e3o JBN\",\"@id\":\"https:\\\/\\\/www.p31noticias.com.br\\\/#\\\/schema\\\/person\\\/77d6b186c710ac38937c6ec204fdd387\"},\"headline\":\"Cubanos saem \u00e0s ruas do pa\u00eds para pedir liberdade\",\"datePublished\":\"2021-07-13T14:28:04+00:00\",\"dateModified\":\"2021-07-13T14:33:10+00:00\",\"mainEntityOfPage\":{\"@id\":\"https:\\\/\\\/www.p31noticias.com.br\\\/?p=23441\"},\"wordCount\":470,\"commentCount\":0,\"image\":{\"@id\":\"https:\\\/\\\/www.p31noticias.com.br\\\/?p=23441#primaryimage\"},\"thumbnailUrl\":\"https:\\\/\\\/www.p31noticias.com.br\\\/wp-content\\\/uploads\\\/2021\\\/07\\\/x93856420_People-take-part-in-a-demonstration-to-support-the-government-of-the-Cuban-President-Miguel.jpg.pagespeed.ic_.nl4GbDRC2S.jpg\",\"articleSection\":[\"Pol\u00edtica\"],\"inLanguage\":\"pt-BR\",\"potentialAction\":[{\"@type\":\"CommentAction\",\"name\":\"Comment\",\"target\":[\"https:\\\/\\\/www.p31noticias.com.br\\\/?p=23441#respond\"]}],\"copyrightYear\":\"2021\",\"copyrightHolder\":{\"@id\":\"https:\\\/\\\/www.p31noticias.com.br\\\/#organization\"}},{\"@type\":\"WebPage\",\"@id\":\"https:\\\/\\\/www.p31noticias.com.br\\\/?p=23441\",\"url\":\"https:\\\/\\\/www.p31noticias.com.br\\\/?p=23441\",\"name\":\"Cubanos saem \u00e0s ruas do pa\u00eds para pedir liberdade - P31\",\"isPartOf\":{\"@id\":\"https:\\\/\\\/www.p31noticias.com.br\\\/#website\"},\"primaryImageOfPage\":{\"@id\":\"https:\\\/\\\/www.p31noticias.com.br\\\/?p=23441#primaryimage\"},\"image\":{\"@id\":\"https:\\\/\\\/www.p31noticias.com.br\\\/?p=23441#primaryimage\"},\"thumbnailUrl\":\"https:\\\/\\\/www.p31noticias.com.br\\\/wp-content\\\/uploads\\\/2021\\\/07\\\/x93856420_People-take-part-in-a-demonstration-to-support-the-government-of-the-Cuban-President-Miguel.jpg.pagespeed.ic_.nl4GbDRC2S.jpg\",\"datePublished\":\"2021-07-13T14:28:04+00:00\",\"dateModified\":\"2021-07-13T14:33:10+00:00\",\"author\":{\"@id\":\"https:\\\/\\\/www.p31noticias.com.br\\\/#\\\/schema\\\/person\\\/77d6b186c710ac38937c6ec204fdd387\"},\"breadcrumb\":{\"@id\":\"https:\\\/\\\/www.p31noticias.com.br\\\/?p=23441#breadcrumb\"},\"inLanguage\":\"pt-BR\",\"potentialAction\":[{\"@type\":\"ReadAction\",\"target\":[\"https:\\\/\\\/www.p31noticias.com.br\\\/?p=23441\"]}]},{\"@type\":\"ImageObject\",\"inLanguage\":\"pt-BR\",\"@id\":\"https:\\\/\\\/www.p31noticias.com.br\\\/?p=23441#primaryimage\",\"url\":\"https:\\\/\\\/www.p31noticias.com.br\\\/wp-content\\\/uploads\\\/2021\\\/07\\\/x93856420_People-take-part-in-a-demonstration-to-support-the-government-of-the-Cuban-President-Miguel.jpg.pagespeed.ic_.nl4GbDRC2S.jpg\",\"contentUrl\":\"https:\\\/\\\/www.p31noticias.com.br\\\/wp-content\\\/uploads\\\/2021\\\/07\\\/x93856420_People-take-part-in-a-demonstration-to-support-the-government-of-the-Cuban-President-Miguel.jpg.pagespeed.ic_.nl4GbDRC2S.jpg\",\"width\":1086,\"height\":652},{\"@type\":\"BreadcrumbList\",\"@id\":\"https:\\\/\\\/www.p31noticias.com.br\\\/?p=23441#breadcrumb\",\"itemListElement\":[{\"@type\":\"ListItem\",\"position\":1,\"name\":\"In\u00edcio\",\"item\":\"https:\\\/\\\/www.p31noticias.com.br\\\/\"},{\"@type\":\"ListItem\",\"position\":2,\"name\":\"Cubanos saem \u00e0s ruas do pa\u00eds para pedir liberdade\"}]},{\"@type\":\"WebSite\",\"@id\":\"https:\\\/\\\/www.p31noticias.com.br\\\/#website\",\"url\":\"https:\\\/\\\/www.p31noticias.com.br\\\/\",\"name\":\"P31\",\"description\":\"NOT\u00cdCIAS\",\"potentialAction\":[{\"@type\":\"SearchAction\",\"target\":{\"@type\":\"EntryPoint\",\"urlTemplate\":\"https:\\\/\\\/www.p31noticias.com.br\\\/?s={search_term_string}\"},\"query-input\":{\"@type\":\"PropertyValueSpecification\",\"valueRequired\":true,\"valueName\":\"search_term_string\"}}],\"inLanguage\":\"pt-BR\"},{\"@type\":\"Person\",\"@id\":\"https:\\\/\\\/www.p31noticias.com.br\\\/#\\\/schema\\\/person\\\/77d6b186c710ac38937c6ec204fdd387\",\"name\":\"Reda\u00e7\u00e3o JBN\",\"image\":{\"@type\":\"ImageObject\",\"inLanguage\":\"pt-BR\",\"@id\":\"https:\\\/\\\/secure.gravatar.com\\\/avatar\\\/10fcdb93211f98cce3d64c0795b0915a9a4a21dc0f279238995a3dbfafcad090?s=96&d=mm&r=g\",\"url\":\"https:\\\/\\\/secure.gravatar.com\\\/avatar\\\/10fcdb93211f98cce3d64c0795b0915a9a4a21dc0f279238995a3dbfafcad090?s=96&d=mm&r=g\",\"contentUrl\":\"https:\\\/\\\/secure.gravatar.com\\\/avatar\\\/10fcdb93211f98cce3d64c0795b0915a9a4a21dc0f279238995a3dbfafcad090?s=96&d=mm&r=g\",\"caption\":\"Reda\u00e7\u00e3o JBN\"},\"sameAs\":[\"https:\\\/\\\/p31noticias.com.br\"],\"url\":\"https:\\\/\\\/www.p31noticias.com.br\\\/?author=18\"}]}<\/script>\n<!-- \/ Yoast SEO Premium plugin. -->","yoast_head_json":{"title":"Cubanos saem \u00e0s ruas do pa\u00eds para pedir liberdade - P31","robots":{"index":"index","follow":"follow","max-snippet":"max-snippet:-1","max-image-preview":"max-image-preview:large","max-video-preview":"max-video-preview:-1"},"canonical":"https:\/\/www.p31noticias.com.br\/?p=23441","og_locale":"pt_BR","og_type":"article","og_title":"Cubanos saem \u00e0s ruas do pa\u00eds para pedir liberdade","og_description":"tares e policiais, muitas foram detidas. No entanto, parte dos manifestantes conseguiu escapar do cord\u00e3o policial e avan\u00e7ou em massa ao longo da avenida Paseo del Prado em dire\u00e7\u00e3o ao Malec\u00f3n aos gritos de &#8220;liberdade&#8221;, &#8220;p\u00e1tria e vida&#8221; e &#8220;abaixo a ditadura&#8221;. Houve tamb\u00e9m grupos organizados de apoiadores do governo, que gritaram &#8220;Eu sou Fidel&#8221; [&hellip;]","og_url":"https:\/\/www.p31noticias.com.br\/?p=23441","og_site_name":"P31","article_published_time":"2021-07-13T14:28:04+00:00","article_modified_time":"2021-07-13T14:33:10+00:00","og_image":[{"width":1086,"height":652,"url":"https:\/\/www.p31noticias.com.br\/wp-content\/uploads\/2021\/07\/x93856420_People-take-part-in-a-demonstration-to-support-the-government-of-the-Cuban-President-Miguel.jpg.pagespeed.ic_.nl4GbDRC2S.jpg","type":"image\/jpeg"}],"author":"Reda\u00e7\u00e3o JBN","twitter_card":"summary_large_image","twitter_misc":{"Escrito por":"Reda\u00e7\u00e3o JBN","Est. tempo de leitura":"2 minutos"},"schema":{"@context":"https:\/\/schema.org","@graph":[{"@type":"Article","@id":"https:\/\/www.p31noticias.com.br\/?p=23441#article","isPartOf":{"@id":"https:\/\/www.p31noticias.com.br\/?p=23441"},"author":{"name":"Reda\u00e7\u00e3o JBN","@id":"https:\/\/www.p31noticias.com.br\/#\/schema\/person\/77d6b186c710ac38937c6ec204fdd387"},"headline":"Cubanos saem \u00e0s ruas do pa\u00eds para pedir liberdade","datePublished":"2021-07-13T14:28:04+00:00","dateModified":"2021-07-13T14:33:10+00:00","mainEntityOfPage":{"@id":"https:\/\/www.p31noticias.com.br\/?p=23441"},"wordCount":470,"commentCount":0,"image":{"@id":"https:\/\/www.p31noticias.com.br\/?p=23441#primaryimage"},"thumbnailUrl":"https:\/\/www.p31noticias.com.br\/wp-content\/uploads\/2021\/07\/x93856420_People-take-part-in-a-demonstration-to-support-the-government-of-the-Cuban-President-Miguel.jpg.pagespeed.ic_.nl4GbDRC2S.jpg","articleSection":["Pol\u00edtica"],"inLanguage":"pt-BR","potentialAction":[{"@type":"CommentAction","name":"Comment","target":["https:\/\/www.p31noticias.com.br\/?p=23441#respond"]}],"copyrightYear":"2021","copyrightHolder":{"@id":"https:\/\/www.p31noticias.com.br\/#organization"}},{"@type":"WebPage","@id":"https:\/\/www.p31noticias.com.br\/?p=23441","url":"https:\/\/www.p31noticias.com.br\/?p=23441","name":"Cubanos saem \u00e0s ruas do pa\u00eds para pedir liberdade - P31","isPartOf":{"@id":"https:\/\/www.p31noticias.com.br\/#website"},"primaryImageOfPage":{"@id":"https:\/\/www.p31noticias.com.br\/?p=23441#primaryimage"},"image":{"@id":"https:\/\/www.p31noticias.com.br\/?p=23441#primaryimage"},"thumbnailUrl":"https:\/\/www.p31noticias.com.br\/wp-content\/uploads\/2021\/07\/x93856420_People-take-part-in-a-demonstration-to-support-the-government-of-the-Cuban-President-Miguel.jpg.pagespeed.ic_.nl4GbDRC2S.jpg","datePublished":"2021-07-13T14:28:04+00:00","dateModified":"2021-07-13T14:33:10+00:00","author":{"@id":"https:\/\/www.p31noticias.com.br\/#\/schema\/person\/77d6b186c710ac38937c6ec204fdd387"},"breadcrumb":{"@id":"https:\/\/www.p31noticias.com.br\/?p=23441#breadcrumb"},"inLanguage":"pt-BR","potentialAction":[{"@type":"ReadAction","target":["https:\/\/www.p31noticias.com.br\/?p=23441"]}]},{"@type":"ImageObject","inLanguage":"pt-BR","@id":"https:\/\/www.p31noticias.com.br\/?p=23441#primaryimage","url":"https:\/\/www.p31noticias.com.br\/wp-content\/uploads\/2021\/07\/x93856420_People-take-part-in-a-demonstration-to-support-the-government-of-the-Cuban-President-Miguel.jpg.pagespeed.ic_.nl4GbDRC2S.jpg","contentUrl":"https:\/\/www.p31noticias.com.br\/wp-content\/uploads\/2021\/07\/x93856420_People-take-part-in-a-demonstration-to-support-the-government-of-the-Cuban-President-Miguel.jpg.pagespeed.ic_.nl4GbDRC2S.jpg","width":1086,"height":652},{"@type":"BreadcrumbList","@id":"https:\/\/www.p31noticias.com.br\/?p=23441#breadcrumb","itemListElement":[{"@type":"ListItem","position":1,"name":"In\u00edcio","item":"https:\/\/www.p31noticias.com.br\/"},{"@type":"ListItem","position":2,"name":"Cubanos saem \u00e0s ruas do pa\u00eds para pedir liberdade"}]},{"@type":"WebSite","@id":"https:\/\/www.p31noticias.com.br\/#website","url":"https:\/\/www.p31noticias.com.br\/","name":"P31","description":"NOT\u00cdCIAS","potentialAction":[{"@type":"SearchAction","target":{"@type":"EntryPoint","urlTemplate":"https:\/\/www.p31noticias.com.br\/?s={search_term_string}"},"query-input":{"@type":"PropertyValueSpecification","valueRequired":true,"valueName":"search_term_string"}}],"inLanguage":"pt-BR"},{"@type":"Person","@id":"https:\/\/www.p31noticias.com.br\/#\/schema\/person\/77d6b186c710ac38937c6ec204fdd387","name":"Reda\u00e7\u00e3o JBN","image":{"@type":"ImageObject","inLanguage":"pt-BR","@id":"https:\/\/secure.gravatar.com\/avatar\/10fcdb93211f98cce3d64c0795b0915a9a4a21dc0f279238995a3dbfafcad090?s=96&d=mm&r=g","url":"https:\/\/secure.gravatar.com\/avatar\/10fcdb93211f98cce3d64c0795b0915a9a4a21dc0f279238995a3dbfafcad090?s=96&d=mm&r=g","contentUrl":"https:\/\/secure.gravatar.com\/avatar\/10fcdb93211f98cce3d64c0795b0915a9a4a21dc0f279238995a3dbfafcad090?s=96&d=mm&r=g","caption":"Reda\u00e7\u00e3o JBN"},"sameAs":["https:\/\/p31noticias.com.br"],"url":"https:\/\/www.p31noticias.com.br\/?author=18"}]}},"amp_enabled":true,"_links":{"self":[{"href":"https:\/\/www.p31noticias.com.br\/index.php?rest_route=\/wp\/v2\/posts\/23441","targetHints":{"allow":["GET"]}}],"collection":[{"href":"https:\/\/www.p31noticias.com.br\/index.php?rest_route=\/wp\/v2\/posts"}],"about":[{"href":"https:\/\/www.p31noticias.com.br\/index.php?rest_route=\/wp\/v2\/types\/post"}],"author":[{"embeddable":true,"href":"https:\/\/www.p31noticias.com.br\/index.php?rest_route=\/wp\/v2\/users\/18"}],"replies":[{"embeddable":true,"href":"https:\/\/www.p31noticias.com.br\/index.php?rest_route=%2Fwp%2Fv2%2Fcomments&post=23441"}],"version-history":[{"count":3,"href":"https:\/\/www.p31noticias.com.br\/index.php?rest_route=\/wp\/v2\/posts\/23441\/revisions"}],"predecessor-version":[{"id":23444,"href":"https:\/\/www.p31noticias.com.br\/index.php?rest_route=\/wp\/v2\/posts\/23441\/revisions\/23444"}],"wp:featuredmedia":[{"embeddable":true,"href":"https:\/\/www.p31noticias.com.br\/index.php?rest_route=\/wp\/v2\/media\/23442"}],"wp:attachment":[{"href":"https:\/\/www.p31noticias.com.br\/index.php?rest_route=%2Fwp%2Fv2%2Fmedia&parent=23441"}],"wp:term":[{"taxonomy":"category","embeddable":true,"href":"https:\/\/www.p31noticias.com.br\/index.php?rest_route=%2Fwp%2Fv2%2Fcategories&post=23441"},{"taxonomy":"post_tag","embeddable":true,"href":"https:\/\/www.p31noticias.com.br\/index.php?rest_route=%2Fwp%2Fv2%2Ftags&post=23441"}],"curies":[{"name":"wp","href":"https:\/\/api.w.org\/{rel}","templated":true}]}}