{"id":23437,"date":"2021-07-13T09:40:25","date_gmt":"2021-07-13T12:40:25","guid":{"rendered":"https:\/\/p31noticias.com.br\/?p=23437"},"modified":"2021-07-13T09:40:25","modified_gmt":"2021-07-13T12:40:25","slug":"detran-faz-leilao-on-line-de-1-383-veiculos-e-sucatas","status":"publish","type":"post","link":"https:\/\/www.p31noticias.com.br\/?p=23437","title":{"rendered":"Detran faz leil\u00e3o on-line de 1.383 ve\u00edculos e sucatas."},"content":{"rendered":"<p style=\"text-align: justify;\"><em><strong>A autarquia trabalha com a modalidade h\u00e1 um ano desde o come\u00e7o da pandemia.<\/strong><\/em><\/p>\n<p style=\"text-align: justify;\">O Departamento de Tr\u00e2nsito do Distrito Federal (Detran-DF) lan\u00e7a o quarto leil\u00e3o on-line deste ano. S\u00e3o 1.383 ve\u00edculos e sucatas com 345 autom\u00f3veis aptos a circular. O certame acontece nos dias 24, 25 e 26 de julho, a partir das 9h pelo site do leiloeiro.<\/p>\n<p style=\"text-align: justify;\">A visita aos lotes acontece no per\u00edodo de 19 a 23 de julho, das 8h30 \u00e0s 17h30, somente por meio de agendamento pelos telefones: (61) 4063-8301 e (61) 99625-0219 ou pelo e-mail: contato@flexleiloes.com.br<\/p>\n<p style=\"text-align: justify;\">Interessados em participar do leil\u00e3o devem preencher o cadastro no site da\u00a0<a href=\"https:\/\/www.flexleiloes.com.br\/\" target=\"_blank\" rel=\"noopener noreferrer\">Flexleil\u00f5es<\/a>, at\u00e9 o dia 23 de julho (sexta-feira). O edital com mais informa\u00e7\u00f5es est\u00e1 dispon\u00edvel no\u00a0<a href=\"http:\/\/www.detran.df.gov.br\/leiloes-realizados\/\" target=\"_blank\" rel=\"noopener noreferrer\">site do departamento\u00a0<\/a>e no endere\u00e7o eletr\u00f4nico do\u00a0<a href=\"https:\/\/www.flexleiloes.com.br\/\" target=\"_blank\" rel=\"noopener noreferrer\">leiloeiro<\/a>.<\/p>\n<p style=\"text-align: justify;\"><b>Retirada de ve\u00edculo<\/b><\/p>\n<p style=\"text-align: justify;\">Os propriet\u00e1rios dos ve\u00edculos selecionados para o leil\u00e3o t\u00eam at\u00e9 dia 23 de julho para comparecer ao N\u00facleo de Leil\u00e3o (Nulei), no Detran de Taguatinga, e regularizar a situa\u00e7\u00e3o do seu ve\u00edculo. O atendimento \u00e9 somente mediante pr\u00e9vio agendamento no\u00a0<a href=\"https:\/\/portal.detran.df.gov.br\/\" target=\"_blank\" rel=\"noopener noreferrer\">Portal de Servi\u00e7os do Departamento.<\/a><\/p>\n<p style=\"text-align: justify;\"><b>Oportunidades<\/b><\/p>\n<p style=\"text-align: justify;\">Entre os ve\u00edculos destinados ao leil\u00e3o est\u00e3o um Infiniti FX35, modelo AWD, ano 2011, de cor branca, cujo lance inicial \u00e9 de R$ 12.500,00. H\u00e1 tamb\u00e9m uma S10 LTZ FD2, ano 2014, de cor preta, com valor m\u00ednimo de R$ 8 mil e uma S10 Executive D 4\u00d74 ano de 2010 com lance inicial de R$ 6.500,00.<\/p>\n<p style=\"text-align: justify;\">Outros dois ve\u00edculos que chamam a aten\u00e7\u00e3o s\u00e3o dois Amarok CD 4\u00d74, modelos S e SE, anos 2013 e 2011, com lance Inicial de R$ 6.500,00 cada. Al\u00e9m desses, h\u00e1 um Ford Ranger XLT 12p, ano 2010, no valor de R$ 6.500,00 e um L200 Triton 3.2 D com lance inicial de R$ 6 mil.<\/p>\n<p style=\"text-align: justify;\"><em>* Com informa\u00e7\u00f5es do Detran-DF<\/em><\/p>\n","protected":false},"excerpt":{"rendered":"<p>A autarquia trabalha com a modalidade h\u00e1 um ano desde o come\u00e7o da pandemia. O Departamento de Tr\u00e2nsito do Distrito Federal (Detran-DF) lan\u00e7a o quarto leil\u00e3o on-line deste ano. S\u00e3o 1.383 ve\u00edculos e sucatas com 345 autom\u00f3veis aptos a circular. O certame acontece nos dias 24, 25 e 26 de julho, a partir das 9h [&hellip;]<\/p>\n","protected":false},"author":2,"featured_media":23438,"comment_status":"open","ping_status":"open","sticky":false,"template":"","format":"standard","meta":{"footnotes":""},"categories":[21],"tags":[],"class_list":{"0":"post-23437","1":"post","2":"type-post","3":"status-publish","4":"format-standard","5":"has-post-thumbnail","7":"category-brasilia"},"yoast_head":"<!-- This site is optimized with the Yoast SEO Premium plugin v24.5 (Yoast SEO v27.5) - https:\/\/yoast.com\/product\/yoast-seo-premium-wordpress\/ -->\n<title>Detran faz leil\u00e3o on-line de 1.383 ve\u00edculos e sucatas. - P31<\/title>\n<meta name=\"robots\" content=\"index, follow, max-snippet:-1, max-image-preview:large, max-video-preview:-1\" \/>\n<link rel=\"canonical\" href=\"https:\/\/www.p31noticias.com.br\/?p=23437\" \/>\n<meta property=\"og:locale\" content=\"pt_BR\" \/>\n<meta property=\"og:type\" content=\"article\" \/>\n<meta property=\"og:title\" content=\"Detran faz leil\u00e3o on-line de 1.383 ve\u00edculos e sucatas.\" \/>\n<meta property=\"og:description\" content=\"A autarquia trabalha com a modalidade h\u00e1 um ano desde o come\u00e7o da pandemia. O Departamento de Tr\u00e2nsito do Distrito Federal (Detran-DF) lan\u00e7a o quarto leil\u00e3o on-line deste ano. S\u00e3o 1.383 ve\u00edculos e sucatas com 345 autom\u00f3veis aptos a circular. O certame acontece nos dias 24, 25 e 26 de julho, a partir das 9h [&hellip;]\" \/>\n<meta property=\"og:url\" content=\"https:\/\/www.p31noticias.com.br\/?p=23437\" \/>\n<meta property=\"og:site_name\" content=\"P31\" \/>\n<meta property=\"article:published_time\" content=\"2021-07-13T12:40:25+00:00\" \/>\n<meta property=\"og:image\" content=\"https:\/\/www.p31noticias.com.br\/wp-content\/uploads\/2021\/07\/PHOTO-2021-07-13-08-57-12-768x576-1.jpg\" \/>\n\t<meta property=\"og:image:width\" content=\"768\" \/>\n\t<meta property=\"og:image:height\" content=\"576\" \/>\n\t<meta property=\"og:image:type\" content=\"image\/jpeg\" \/>\n<meta name=\"author\" content=\"Gon\u00e7alves Junior\" \/>\n<meta name=\"twitter:card\" content=\"summary_large_image\" \/>\n<meta name=\"twitter:label1\" content=\"Escrito por\" \/>\n\t<meta name=\"twitter:data1\" content=\"Gon\u00e7alves Junior\" \/>\n\t<meta name=\"twitter:label2\" content=\"Est. tempo de leitura\" \/>\n\t<meta name=\"twitter:data2\" content=\"2 minutos\" \/>\n<script type=\"application\/ld+json\" class=\"yoast-schema-graph\">{\"@context\":\"https:\\\/\\\/schema.org\",\"@graph\":[{\"@type\":\"Article\",\"@id\":\"https:\\\/\\\/www.p31noticias.com.br\\\/?p=23437#article\",\"isPartOf\":{\"@id\":\"https:\\\/\\\/www.p31noticias.com.br\\\/?p=23437\"},\"author\":{\"name\":\"Gon\u00e7alves Junior\",\"@id\":\"https:\\\/\\\/www.p31noticias.com.br\\\/#\\\/schema\\\/person\\\/95f2ece30e3b4132065b915150cd0f94\"},\"headline\":\"Detran faz leil\u00e3o on-line de 1.383 ve\u00edculos e sucatas.\",\"datePublished\":\"2021-07-13T12:40:25+00:00\",\"mainEntityOfPage\":{\"@id\":\"https:\\\/\\\/www.p31noticias.com.br\\\/?p=23437\"},\"wordCount\":314,\"commentCount\":0,\"image\":{\"@id\":\"https:\\\/\\\/www.p31noticias.com.br\\\/?p=23437#primaryimage\"},\"thumbnailUrl\":\"https:\\\/\\\/www.p31noticias.com.br\\\/wp-content\\\/uploads\\\/2021\\\/07\\\/PHOTO-2021-07-13-08-57-12-768x576-1.jpg\",\"articleSection\":[\"Bras\u00edlia\"],\"inLanguage\":\"pt-BR\",\"potentialAction\":[{\"@type\":\"CommentAction\",\"name\":\"Comment\",\"target\":[\"https:\\\/\\\/www.p31noticias.com.br\\\/?p=23437#respond\"]}],\"copyrightYear\":\"2021\",\"copyrightHolder\":{\"@id\":\"https:\\\/\\\/www.p31noticias.com.br\\\/#organization\"}},{\"@type\":\"WebPage\",\"@id\":\"https:\\\/\\\/www.p31noticias.com.br\\\/?p=23437\",\"url\":\"https:\\\/\\\/www.p31noticias.com.br\\\/?p=23437\",\"name\":\"Detran faz leil\u00e3o on-line de 1.383 ve\u00edculos e sucatas. - P31\",\"isPartOf\":{\"@id\":\"https:\\\/\\\/www.p31noticias.com.br\\\/#website\"},\"primaryImageOfPage\":{\"@id\":\"https:\\\/\\\/www.p31noticias.com.br\\\/?p=23437#primaryimage\"},\"image\":{\"@id\":\"https:\\\/\\\/www.p31noticias.com.br\\\/?p=23437#primaryimage\"},\"thumbnailUrl\":\"https:\\\/\\\/www.p31noticias.com.br\\\/wp-content\\\/uploads\\\/2021\\\/07\\\/PHOTO-2021-07-13-08-57-12-768x576-1.jpg\",\"datePublished\":\"2021-07-13T12:40:25+00:00\",\"author\":{\"@id\":\"https:\\\/\\\/www.p31noticias.com.br\\\/#\\\/schema\\\/person\\\/95f2ece30e3b4132065b915150cd0f94\"},\"breadcrumb\":{\"@id\":\"https:\\\/\\\/www.p31noticias.com.br\\\/?p=23437#breadcrumb\"},\"inLanguage\":\"pt-BR\",\"potentialAction\":[{\"@type\":\"ReadAction\",\"target\":[\"https:\\\/\\\/www.p31noticias.com.br\\\/?p=23437\"]}]},{\"@type\":\"ImageObject\",\"inLanguage\":\"pt-BR\",\"@id\":\"https:\\\/\\\/www.p31noticias.com.br\\\/?p=23437#primaryimage\",\"url\":\"https:\\\/\\\/www.p31noticias.com.br\\\/wp-content\\\/uploads\\\/2021\\\/07\\\/PHOTO-2021-07-13-08-57-12-768x576-1.jpg\",\"contentUrl\":\"https:\\\/\\\/www.p31noticias.com.br\\\/wp-content\\\/uploads\\\/2021\\\/07\\\/PHOTO-2021-07-13-08-57-12-768x576-1.jpg\",\"width\":768,\"height\":576},{\"@type\":\"BreadcrumbList\",\"@id\":\"https:\\\/\\\/www.p31noticias.com.br\\\/?p=23437#breadcrumb\",\"itemListElement\":[{\"@type\":\"ListItem\",\"position\":1,\"name\":\"In\u00edcio\",\"item\":\"https:\\\/\\\/www.p31noticias.com.br\\\/\"},{\"@type\":\"ListItem\",\"position\":2,\"name\":\"Detran faz leil\u00e3o on-line de 1.383 ve\u00edculos e sucatas.\"}]},{\"@type\":\"WebSite\",\"@id\":\"https:\\\/\\\/www.p31noticias.com.br\\\/#website\",\"url\":\"https:\\\/\\\/www.p31noticias.com.br\\\/\",\"name\":\"P31\",\"description\":\"NOT\u00cdCIAS\",\"potentialAction\":[{\"@type\":\"SearchAction\",\"target\":{\"@type\":\"EntryPoint\",\"urlTemplate\":\"https:\\\/\\\/www.p31noticias.com.br\\\/?s={search_term_string}\"},\"query-input\":{\"@type\":\"PropertyValueSpecification\",\"valueRequired\":true,\"valueName\":\"search_term_string\"}}],\"inLanguage\":\"pt-BR\"},{\"@type\":\"Person\",\"@id\":\"https:\\\/\\\/www.p31noticias.com.br\\\/#\\\/schema\\\/person\\\/95f2ece30e3b4132065b915150cd0f94\",\"name\":\"Gon\u00e7alves Junior\",\"image\":{\"@type\":\"ImageObject\",\"inLanguage\":\"pt-BR\",\"@id\":\"https:\\\/\\\/secure.gravatar.com\\\/avatar\\\/6711f350116a89762687a48d66f723c799e5438a5b7578508d4294cd7a5d0800?s=96&d=mm&r=g\",\"url\":\"https:\\\/\\\/secure.gravatar.com\\\/avatar\\\/6711f350116a89762687a48d66f723c799e5438a5b7578508d4294cd7a5d0800?s=96&d=mm&r=g\",\"contentUrl\":\"https:\\\/\\\/secure.gravatar.com\\\/avatar\\\/6711f350116a89762687a48d66f723c799e5438a5b7578508d4294cd7a5d0800?s=96&d=mm&r=g\",\"caption\":\"Gon\u00e7alves Junior\"},\"url\":\"https:\\\/\\\/www.p31noticias.com.br\\\/?author=2\"}]}<\/script>\n<!-- \/ Yoast SEO Premium plugin. -->","yoast_head_json":{"title":"Detran faz leil\u00e3o on-line de 1.383 ve\u00edculos e sucatas. - P31","robots":{"index":"index","follow":"follow","max-snippet":"max-snippet:-1","max-image-preview":"max-image-preview:large","max-video-preview":"max-video-preview:-1"},"canonical":"https:\/\/www.p31noticias.com.br\/?p=23437","og_locale":"pt_BR","og_type":"article","og_title":"Detran faz leil\u00e3o on-line de 1.383 ve\u00edculos e sucatas.","og_description":"A autarquia trabalha com a modalidade h\u00e1 um ano desde o come\u00e7o da pandemia. O Departamento de Tr\u00e2nsito do Distrito Federal (Detran-DF) lan\u00e7a o quarto leil\u00e3o on-line deste ano. S\u00e3o 1.383 ve\u00edculos e sucatas com 345 autom\u00f3veis aptos a circular. O certame acontece nos dias 24, 25 e 26 de julho, a partir das 9h [&hellip;]","og_url":"https:\/\/www.p31noticias.com.br\/?p=23437","og_site_name":"P31","article_published_time":"2021-07-13T12:40:25+00:00","og_image":[{"width":768,"height":576,"url":"https:\/\/www.p31noticias.com.br\/wp-content\/uploads\/2021\/07\/PHOTO-2021-07-13-08-57-12-768x576-1.jpg","type":"image\/jpeg"}],"author":"Gon\u00e7alves Junior","twitter_card":"summary_large_image","twitter_misc":{"Escrito por":"Gon\u00e7alves Junior","Est. tempo de leitura":"2 minutos"},"schema":{"@context":"https:\/\/schema.org","@graph":[{"@type":"Article","@id":"https:\/\/www.p31noticias.com.br\/?p=23437#article","isPartOf":{"@id":"https:\/\/www.p31noticias.com.br\/?p=23437"},"author":{"name":"Gon\u00e7alves Junior","@id":"https:\/\/www.p31noticias.com.br\/#\/schema\/person\/95f2ece30e3b4132065b915150cd0f94"},"headline":"Detran faz leil\u00e3o on-line de 1.383 ve\u00edculos e sucatas.","datePublished":"2021-07-13T12:40:25+00:00","mainEntityOfPage":{"@id":"https:\/\/www.p31noticias.com.br\/?p=23437"},"wordCount":314,"commentCount":0,"image":{"@id":"https:\/\/www.p31noticias.com.br\/?p=23437#primaryimage"},"thumbnailUrl":"https:\/\/www.p31noticias.com.br\/wp-content\/uploads\/2021\/07\/PHOTO-2021-07-13-08-57-12-768x576-1.jpg","articleSection":["Bras\u00edlia"],"inLanguage":"pt-BR","potentialAction":[{"@type":"CommentAction","name":"Comment","target":["https:\/\/www.p31noticias.com.br\/?p=23437#respond"]}],"copyrightYear":"2021","copyrightHolder":{"@id":"https:\/\/www.p31noticias.com.br\/#organization"}},{"@type":"WebPage","@id":"https:\/\/www.p31noticias.com.br\/?p=23437","url":"https:\/\/www.p31noticias.com.br\/?p=23437","name":"Detran faz leil\u00e3o on-line de 1.383 ve\u00edculos e sucatas. - P31","isPartOf":{"@id":"https:\/\/www.p31noticias.com.br\/#website"},"primaryImageOfPage":{"@id":"https:\/\/www.p31noticias.com.br\/?p=23437#primaryimage"},"image":{"@id":"https:\/\/www.p31noticias.com.br\/?p=23437#primaryimage"},"thumbnailUrl":"https:\/\/www.p31noticias.com.br\/wp-content\/uploads\/2021\/07\/PHOTO-2021-07-13-08-57-12-768x576-1.jpg","datePublished":"2021-07-13T12:40:25+00:00","author":{"@id":"https:\/\/www.p31noticias.com.br\/#\/schema\/person\/95f2ece30e3b4132065b915150cd0f94"},"breadcrumb":{"@id":"https:\/\/www.p31noticias.com.br\/?p=23437#breadcrumb"},"inLanguage":"pt-BR","potentialAction":[{"@type":"ReadAction","target":["https:\/\/www.p31noticias.com.br\/?p=23437"]}]},{"@type":"ImageObject","inLanguage":"pt-BR","@id":"https:\/\/www.p31noticias.com.br\/?p=23437#primaryimage","url":"https:\/\/www.p31noticias.com.br\/wp-content\/uploads\/2021\/07\/PHOTO-2021-07-13-08-57-12-768x576-1.jpg","contentUrl":"https:\/\/www.p31noticias.com.br\/wp-content\/uploads\/2021\/07\/PHOTO-2021-07-13-08-57-12-768x576-1.jpg","width":768,"height":576},{"@type":"BreadcrumbList","@id":"https:\/\/www.p31noticias.com.br\/?p=23437#breadcrumb","itemListElement":[{"@type":"ListItem","position":1,"name":"In\u00edcio","item":"https:\/\/www.p31noticias.com.br\/"},{"@type":"ListItem","position":2,"name":"Detran faz leil\u00e3o on-line de 1.383 ve\u00edculos e sucatas."}]},{"@type":"WebSite","@id":"https:\/\/www.p31noticias.com.br\/#website","url":"https:\/\/www.p31noticias.com.br\/","name":"P31","description":"NOT\u00cdCIAS","potentialAction":[{"@type":"SearchAction","target":{"@type":"EntryPoint","urlTemplate":"https:\/\/www.p31noticias.com.br\/?s={search_term_string}"},"query-input":{"@type":"PropertyValueSpecification","valueRequired":true,"valueName":"search_term_string"}}],"inLanguage":"pt-BR"},{"@type":"Person","@id":"https:\/\/www.p31noticias.com.br\/#\/schema\/person\/95f2ece30e3b4132065b915150cd0f94","name":"Gon\u00e7alves Junior","image":{"@type":"ImageObject","inLanguage":"pt-BR","@id":"https:\/\/secure.gravatar.com\/avatar\/6711f350116a89762687a48d66f723c799e5438a5b7578508d4294cd7a5d0800?s=96&d=mm&r=g","url":"https:\/\/secure.gravatar.com\/avatar\/6711f350116a89762687a48d66f723c799e5438a5b7578508d4294cd7a5d0800?s=96&d=mm&r=g","contentUrl":"https:\/\/secure.gravatar.com\/avatar\/6711f350116a89762687a48d66f723c799e5438a5b7578508d4294cd7a5d0800?s=96&d=mm&r=g","caption":"Gon\u00e7alves Junior"},"url":"https:\/\/www.p31noticias.com.br\/?author=2"}]}},"amp_enabled":true,"_links":{"self":[{"href":"https:\/\/www.p31noticias.com.br\/index.php?rest_route=\/wp\/v2\/posts\/23437","targetHints":{"allow":["GET"]}}],"collection":[{"href":"https:\/\/www.p31noticias.com.br\/index.php?rest_route=\/wp\/v2\/posts"}],"about":[{"href":"https:\/\/www.p31noticias.com.br\/index.php?rest_route=\/wp\/v2\/types\/post"}],"author":[{"embeddable":true,"href":"https:\/\/www.p31noticias.com.br\/index.php?rest_route=\/wp\/v2\/users\/2"}],"replies":[{"embeddable":true,"href":"https:\/\/www.p31noticias.com.br\/index.php?rest_route=%2Fwp%2Fv2%2Fcomments&post=23437"}],"version-history":[{"count":1,"href":"https:\/\/www.p31noticias.com.br\/index.php?rest_route=\/wp\/v2\/posts\/23437\/revisions"}],"predecessor-version":[{"id":23439,"href":"https:\/\/www.p31noticias.com.br\/index.php?rest_route=\/wp\/v2\/posts\/23437\/revisions\/23439"}],"wp:featuredmedia":[{"embeddable":true,"href":"https:\/\/www.p31noticias.com.br\/index.php?rest_route=\/wp\/v2\/media\/23438"}],"wp:attachment":[{"href":"https:\/\/www.p31noticias.com.br\/index.php?rest_route=%2Fwp%2Fv2%2Fmedia&parent=23437"}],"wp:term":[{"taxonomy":"category","embeddable":true,"href":"https:\/\/www.p31noticias.com.br\/index.php?rest_route=%2Fwp%2Fv2%2Fcategories&post=23437"},{"taxonomy":"post_tag","embeddable":true,"href":"https:\/\/www.p31noticias.com.br\/index.php?rest_route=%2Fwp%2Fv2%2Ftags&post=23437"}],"curies":[{"name":"wp","href":"https:\/\/api.w.org\/{rel}","templated":true}]}}