{"id":23432,"date":"2021-07-13T10:44:43","date_gmt":"2021-07-13T13:44:43","guid":{"rendered":"https:\/\/p31noticias.com.br\/?p=23432"},"modified":"2021-07-13T10:44:43","modified_gmt":"2021-07-13T13:44:43","slug":"comercio-cresce-e-volta-a-contratar-no-distrito-federal","status":"publish","type":"post","link":"https:\/\/www.p31noticias.com.br\/?p=23432","title":{"rendered":"Com\u00e9rcio cresce e volta a contratar no Distrito Federal"},"content":{"rendered":"<p>As vendas no com\u00e9rcio v\u00eam crescendo nos \u00faltimos dois meses trazendo, enfim, novo f\u00f4lego para o setor varejista. Segundo pesquisa do Instituto Brasileiro de Geografia e Estat\u00edstica (IBGE), o Distrito Federal registrou em maio uma alta de 3,1% no volume de vendas, se comparado a abril.<\/p>\n<p>Quanto ao varejo ampliado \u2013 que inclui as atividades de material de constru\u00e7\u00e3o e de ve\u00edculos -, os n\u00fameros foram ainda melhores: acr\u00e9scimo de 6,9% no m\u00eas de maio. A alta em maio \u00e9 a segunda no ano de 2021. Anteriormente, em abril, ela j\u00e1 havia sido de 19,2% na capital federal.<\/p>\n<p>A flexibiliza\u00e7\u00e3o do hor\u00e1rio de funcionamento do com\u00e9rcio de rua e dos shoppings foi importante para o resultado, na avalia\u00e7\u00e3o da Federa\u00e7\u00e3o do Com\u00e9rcio de Bens, Servi\u00e7os e Turismo do Distrito Federal (Fecom\u00e9rcio-DF). Mas um fator de peso, segundo o presidente da entidade, Jos\u00e9 Aparecido Freire, \u00e9 a maior seguran\u00e7a que as pessoas possuem hoje ao sair de casa.<\/p>\n<p>\u201cTemos uma circula\u00e7\u00e3o maior de pessoas no com\u00e9rcio, o que aumenta as vendas\u201d, aponta Freire. \u201cIsso \u00e9 explicado pela queda nos n\u00fameros de infec\u00e7\u00e3o pelo coronav\u00edrus, a vacina chegando a v\u00e1rias faixas et\u00e1rias, os leitos disponibilizados pelo governo. O com\u00e9rcio vive uma retomada\u201d, analisa.<\/p>\n<p>Entre as atividades em ascens\u00e3o est\u00e1 o setor de tecidos, vestu\u00e1rio e cal\u00e7ados, que triplicou suas vendas. O setor moveleiro, eletrodom\u00e9sticos e o de livros, jornais, revistas e papelaria tamb\u00e9m teve leve crescimento.<\/p>\n<p>A gera\u00e7\u00e3o de empregos na capital federal tamb\u00e9m vive um bom momento. De acordo com a Pesquisa de Emprego e Desemprego (PED\/DF), realizada mensalmente pela Companhia de Planejamento do Distrito Federal (Codeplan), o crescimento dos postos de trabalho foi not\u00f3rio se comparado com o primeiro semestre de 2020. J\u00e1 nos \u00faltimos tr\u00eas meses, esse dado tem se mantido est\u00e1vel.<\/p>\n<p>\u201cHouve um aumento do n\u00famero de ocupa\u00e7\u00f5es em praticamente todos os segmentos, se comparado com o ano passado. A constru\u00e7\u00e3o civil cresceu 53%, o com\u00e9rcio 13,7% e o setor de servi\u00e7os 4%\u201d, revela o presidente da Codeplan, Jean Lima. \u201cAs atividades est\u00e3o voltando bem e naturalmente surgem novos postos de trabalho\u201d, complementa.<\/p>\n<p>Setores v\u00e3o \u2018renascendo\u2019<\/p>\n<p>As oportunidades, disponibilizadas pela Secretaria de Trabalho diariamente, mostram isso. Na semana passada, mais de 500 postos foram oferecidos pelas 14 ag\u00eancias do trabalhador do DF. O maior n\u00famero dos \u00faltimos seis meses, segundo o secret\u00e1rio-executivo da pasta, Ivan Alves dos Santos.<\/p>\n<p>\u201cObservamos com\u00e9rcios que n\u00e3o estavam aquecidos economicamente voltando a contratar. Na constru\u00e7\u00e3o civil, por exemplo, nunca se contratou tanto. A\u00e7ougueiro tamb\u00e9m \u00e9 uma fun\u00e7\u00e3o muito procurada no momento\u201d, conclui o gestor. As vagas s\u00e3o divulgadas pelo portal da Secretaria (www.trabalho.df.gov.br) ou no aplicativo de celular \u2018Sine F\u00e1cil\u2019.<\/p>\n<p>Fonte: Ag\u00eancia Bras\u00edlia<\/p>\n","protected":false},"excerpt":{"rendered":"<p>As vendas no com\u00e9rcio v\u00eam crescendo nos \u00faltimos dois meses trazendo, enfim, novo f\u00f4lego para o setor varejista. Segundo pesquisa do Instituto Brasileiro de Geografia e Estat\u00edstica (IBGE), o Distrito Federal registrou em maio uma alta de 3,1% no volume de vendas, se comparado a abril. Quanto ao varejo ampliado \u2013 que inclui as atividades [&hellip;]<\/p>\n","protected":false},"author":18,"featured_media":0,"comment_status":"open","ping_status":"open","sticky":false,"template":"","format":"standard","meta":{"footnotes":""},"categories":[21],"tags":[],"class_list":{"0":"post-23432","1":"post","2":"type-post","3":"status-publish","4":"format-standard","6":"category-brasilia"},"yoast_head":"<!-- This site is optimized with the Yoast SEO Premium plugin v24.5 (Yoast SEO v27.5) - https:\/\/yoast.com\/product\/yoast-seo-premium-wordpress\/ -->\n<title>Com\u00e9rcio cresce e volta a contratar no Distrito Federal - P31<\/title>\n<meta name=\"robots\" content=\"index, follow, max-snippet:-1, max-image-preview:large, max-video-preview:-1\" \/>\n<link rel=\"canonical\" href=\"https:\/\/www.p31noticias.com.br\/?p=23432\" \/>\n<meta property=\"og:locale\" content=\"pt_BR\" \/>\n<meta property=\"og:type\" content=\"article\" \/>\n<meta property=\"og:title\" content=\"Com\u00e9rcio cresce e volta a contratar no Distrito Federal\" \/>\n<meta property=\"og:description\" content=\"As vendas no com\u00e9rcio v\u00eam crescendo nos \u00faltimos dois meses trazendo, enfim, novo f\u00f4lego para o setor varejista. Segundo pesquisa do Instituto Brasileiro de Geografia e Estat\u00edstica (IBGE), o Distrito Federal registrou em maio uma alta de 3,1% no volume de vendas, se comparado a abril. Quanto ao varejo ampliado \u2013 que inclui as atividades [&hellip;]\" \/>\n<meta property=\"og:url\" content=\"https:\/\/www.p31noticias.com.br\/?p=23432\" \/>\n<meta property=\"og:site_name\" content=\"P31\" \/>\n<meta property=\"article:published_time\" content=\"2021-07-13T13:44:43+00:00\" \/>\n<meta name=\"author\" content=\"Reda\u00e7\u00e3o JBN\" \/>\n<meta name=\"twitter:card\" content=\"summary_large_image\" \/>\n<meta name=\"twitter:label1\" content=\"Escrito por\" \/>\n\t<meta name=\"twitter:data1\" content=\"Reda\u00e7\u00e3o JBN\" \/>\n\t<meta name=\"twitter:label2\" content=\"Est. tempo de leitura\" \/>\n\t<meta name=\"twitter:data2\" content=\"2 minutos\" \/>\n<script type=\"application\/ld+json\" class=\"yoast-schema-graph\">{\"@context\":\"https:\\\/\\\/schema.org\",\"@graph\":[{\"@type\":\"Article\",\"@id\":\"https:\\\/\\\/www.p31noticias.com.br\\\/?p=23432#article\",\"isPartOf\":{\"@id\":\"https:\\\/\\\/www.p31noticias.com.br\\\/?p=23432\"},\"author\":{\"name\":\"Reda\u00e7\u00e3o JBN\",\"@id\":\"https:\\\/\\\/www.p31noticias.com.br\\\/#\\\/schema\\\/person\\\/77d6b186c710ac38937c6ec204fdd387\"},\"headline\":\"Com\u00e9rcio cresce e volta a contratar no Distrito Federal\",\"datePublished\":\"2021-07-13T13:44:43+00:00\",\"mainEntityOfPage\":{\"@id\":\"https:\\\/\\\/www.p31noticias.com.br\\\/?p=23432\"},\"wordCount\":496,\"commentCount\":0,\"articleSection\":[\"Bras\u00edlia\"],\"inLanguage\":\"pt-BR\",\"potentialAction\":[{\"@type\":\"CommentAction\",\"name\":\"Comment\",\"target\":[\"https:\\\/\\\/www.p31noticias.com.br\\\/?p=23432#respond\"]}],\"copyrightYear\":\"2021\",\"copyrightHolder\":{\"@id\":\"https:\\\/\\\/www.p31noticias.com.br\\\/#organization\"}},{\"@type\":\"WebPage\",\"@id\":\"https:\\\/\\\/www.p31noticias.com.br\\\/?p=23432\",\"url\":\"https:\\\/\\\/www.p31noticias.com.br\\\/?p=23432\",\"name\":\"Com\u00e9rcio cresce e volta a contratar no Distrito Federal - P31\",\"isPartOf\":{\"@id\":\"https:\\\/\\\/www.p31noticias.com.br\\\/#website\"},\"datePublished\":\"2021-07-13T13:44:43+00:00\",\"author\":{\"@id\":\"https:\\\/\\\/www.p31noticias.com.br\\\/#\\\/schema\\\/person\\\/77d6b186c710ac38937c6ec204fdd387\"},\"breadcrumb\":{\"@id\":\"https:\\\/\\\/www.p31noticias.com.br\\\/?p=23432#breadcrumb\"},\"inLanguage\":\"pt-BR\",\"potentialAction\":[{\"@type\":\"ReadAction\",\"target\":[\"https:\\\/\\\/www.p31noticias.com.br\\\/?p=23432\"]}]},{\"@type\":\"BreadcrumbList\",\"@id\":\"https:\\\/\\\/www.p31noticias.com.br\\\/?p=23432#breadcrumb\",\"itemListElement\":[{\"@type\":\"ListItem\",\"position\":1,\"name\":\"In\u00edcio\",\"item\":\"https:\\\/\\\/www.p31noticias.com.br\\\/\"},{\"@type\":\"ListItem\",\"position\":2,\"name\":\"Com\u00e9rcio cresce e volta a contratar no Distrito Federal\"}]},{\"@type\":\"WebSite\",\"@id\":\"https:\\\/\\\/www.p31noticias.com.br\\\/#website\",\"url\":\"https:\\\/\\\/www.p31noticias.com.br\\\/\",\"name\":\"P31\",\"description\":\"NOT\u00cdCIAS\",\"potentialAction\":[{\"@type\":\"SearchAction\",\"target\":{\"@type\":\"EntryPoint\",\"urlTemplate\":\"https:\\\/\\\/www.p31noticias.com.br\\\/?s={search_term_string}\"},\"query-input\":{\"@type\":\"PropertyValueSpecification\",\"valueRequired\":true,\"valueName\":\"search_term_string\"}}],\"inLanguage\":\"pt-BR\"},{\"@type\":\"Person\",\"@id\":\"https:\\\/\\\/www.p31noticias.com.br\\\/#\\\/schema\\\/person\\\/77d6b186c710ac38937c6ec204fdd387\",\"name\":\"Reda\u00e7\u00e3o JBN\",\"image\":{\"@type\":\"ImageObject\",\"inLanguage\":\"pt-BR\",\"@id\":\"https:\\\/\\\/secure.gravatar.com\\\/avatar\\\/10fcdb93211f98cce3d64c0795b0915a9a4a21dc0f279238995a3dbfafcad090?s=96&d=mm&r=g\",\"url\":\"https:\\\/\\\/secure.gravatar.com\\\/avatar\\\/10fcdb93211f98cce3d64c0795b0915a9a4a21dc0f279238995a3dbfafcad090?s=96&d=mm&r=g\",\"contentUrl\":\"https:\\\/\\\/secure.gravatar.com\\\/avatar\\\/10fcdb93211f98cce3d64c0795b0915a9a4a21dc0f279238995a3dbfafcad090?s=96&d=mm&r=g\",\"caption\":\"Reda\u00e7\u00e3o JBN\"},\"sameAs\":[\"https:\\\/\\\/p31noticias.com.br\"],\"url\":\"https:\\\/\\\/www.p31noticias.com.br\\\/?author=18\"}]}<\/script>\n<!-- \/ Yoast SEO Premium plugin. -->","yoast_head_json":{"title":"Com\u00e9rcio cresce e volta a contratar no Distrito Federal - P31","robots":{"index":"index","follow":"follow","max-snippet":"max-snippet:-1","max-image-preview":"max-image-preview:large","max-video-preview":"max-video-preview:-1"},"canonical":"https:\/\/www.p31noticias.com.br\/?p=23432","og_locale":"pt_BR","og_type":"article","og_title":"Com\u00e9rcio cresce e volta a contratar no Distrito Federal","og_description":"As vendas no com\u00e9rcio v\u00eam crescendo nos \u00faltimos dois meses trazendo, enfim, novo f\u00f4lego para o setor varejista. Segundo pesquisa do Instituto Brasileiro de Geografia e Estat\u00edstica (IBGE), o Distrito Federal registrou em maio uma alta de 3,1% no volume de vendas, se comparado a abril. Quanto ao varejo ampliado \u2013 que inclui as atividades [&hellip;]","og_url":"https:\/\/www.p31noticias.com.br\/?p=23432","og_site_name":"P31","article_published_time":"2021-07-13T13:44:43+00:00","author":"Reda\u00e7\u00e3o JBN","twitter_card":"summary_large_image","twitter_misc":{"Escrito por":"Reda\u00e7\u00e3o JBN","Est. tempo de leitura":"2 minutos"},"schema":{"@context":"https:\/\/schema.org","@graph":[{"@type":"Article","@id":"https:\/\/www.p31noticias.com.br\/?p=23432#article","isPartOf":{"@id":"https:\/\/www.p31noticias.com.br\/?p=23432"},"author":{"name":"Reda\u00e7\u00e3o JBN","@id":"https:\/\/www.p31noticias.com.br\/#\/schema\/person\/77d6b186c710ac38937c6ec204fdd387"},"headline":"Com\u00e9rcio cresce e volta a contratar no Distrito Federal","datePublished":"2021-07-13T13:44:43+00:00","mainEntityOfPage":{"@id":"https:\/\/www.p31noticias.com.br\/?p=23432"},"wordCount":496,"commentCount":0,"articleSection":["Bras\u00edlia"],"inLanguage":"pt-BR","potentialAction":[{"@type":"CommentAction","name":"Comment","target":["https:\/\/www.p31noticias.com.br\/?p=23432#respond"]}],"copyrightYear":"2021","copyrightHolder":{"@id":"https:\/\/www.p31noticias.com.br\/#organization"}},{"@type":"WebPage","@id":"https:\/\/www.p31noticias.com.br\/?p=23432","url":"https:\/\/www.p31noticias.com.br\/?p=23432","name":"Com\u00e9rcio cresce e volta a contratar no Distrito Federal - P31","isPartOf":{"@id":"https:\/\/www.p31noticias.com.br\/#website"},"datePublished":"2021-07-13T13:44:43+00:00","author":{"@id":"https:\/\/www.p31noticias.com.br\/#\/schema\/person\/77d6b186c710ac38937c6ec204fdd387"},"breadcrumb":{"@id":"https:\/\/www.p31noticias.com.br\/?p=23432#breadcrumb"},"inLanguage":"pt-BR","potentialAction":[{"@type":"ReadAction","target":["https:\/\/www.p31noticias.com.br\/?p=23432"]}]},{"@type":"BreadcrumbList","@id":"https:\/\/www.p31noticias.com.br\/?p=23432#breadcrumb","itemListElement":[{"@type":"ListItem","position":1,"name":"In\u00edcio","item":"https:\/\/www.p31noticias.com.br\/"},{"@type":"ListItem","position":2,"name":"Com\u00e9rcio cresce e volta a contratar no Distrito Federal"}]},{"@type":"WebSite","@id":"https:\/\/www.p31noticias.com.br\/#website","url":"https:\/\/www.p31noticias.com.br\/","name":"P31","description":"NOT\u00cdCIAS","potentialAction":[{"@type":"SearchAction","target":{"@type":"EntryPoint","urlTemplate":"https:\/\/www.p31noticias.com.br\/?s={search_term_string}"},"query-input":{"@type":"PropertyValueSpecification","valueRequired":true,"valueName":"search_term_string"}}],"inLanguage":"pt-BR"},{"@type":"Person","@id":"https:\/\/www.p31noticias.com.br\/#\/schema\/person\/77d6b186c710ac38937c6ec204fdd387","name":"Reda\u00e7\u00e3o JBN","image":{"@type":"ImageObject","inLanguage":"pt-BR","@id":"https:\/\/secure.gravatar.com\/avatar\/10fcdb93211f98cce3d64c0795b0915a9a4a21dc0f279238995a3dbfafcad090?s=96&d=mm&r=g","url":"https:\/\/secure.gravatar.com\/avatar\/10fcdb93211f98cce3d64c0795b0915a9a4a21dc0f279238995a3dbfafcad090?s=96&d=mm&r=g","contentUrl":"https:\/\/secure.gravatar.com\/avatar\/10fcdb93211f98cce3d64c0795b0915a9a4a21dc0f279238995a3dbfafcad090?s=96&d=mm&r=g","caption":"Reda\u00e7\u00e3o JBN"},"sameAs":["https:\/\/p31noticias.com.br"],"url":"https:\/\/www.p31noticias.com.br\/?author=18"}]}},"amp_enabled":true,"_links":{"self":[{"href":"https:\/\/www.p31noticias.com.br\/index.php?rest_route=\/wp\/v2\/posts\/23432","targetHints":{"allow":["GET"]}}],"collection":[{"href":"https:\/\/www.p31noticias.com.br\/index.php?rest_route=\/wp\/v2\/posts"}],"about":[{"href":"https:\/\/www.p31noticias.com.br\/index.php?rest_route=\/wp\/v2\/types\/post"}],"author":[{"embeddable":true,"href":"https:\/\/www.p31noticias.com.br\/index.php?rest_route=\/wp\/v2\/users\/18"}],"replies":[{"embeddable":true,"href":"https:\/\/www.p31noticias.com.br\/index.php?rest_route=%2Fwp%2Fv2%2Fcomments&post=23432"}],"version-history":[{"count":1,"href":"https:\/\/www.p31noticias.com.br\/index.php?rest_route=\/wp\/v2\/posts\/23432\/revisions"}],"predecessor-version":[{"id":23440,"href":"https:\/\/www.p31noticias.com.br\/index.php?rest_route=\/wp\/v2\/posts\/23432\/revisions\/23440"}],"wp:attachment":[{"href":"https:\/\/www.p31noticias.com.br\/index.php?rest_route=%2Fwp%2Fv2%2Fmedia&parent=23432"}],"wp:term":[{"taxonomy":"category","embeddable":true,"href":"https:\/\/www.p31noticias.com.br\/index.php?rest_route=%2Fwp%2Fv2%2Fcategories&post=23432"},{"taxonomy":"post_tag","embeddable":true,"href":"https:\/\/www.p31noticias.com.br\/index.php?rest_route=%2Fwp%2Fv2%2Ftags&post=23432"}],"curies":[{"name":"wp","href":"https:\/\/api.w.org\/{rel}","templated":true}]}}