{"id":23401,"date":"2021-07-11T09:29:09","date_gmt":"2021-07-11T12:29:09","guid":{"rendered":"https:\/\/p31noticias.com.br\/?p=23401"},"modified":"2021-07-11T09:29:09","modified_gmt":"2021-07-11T12:29:09","slug":"estudo-da-fiocruz-mostra-efetividade-das-vacinas-em-idosos","status":"publish","type":"post","link":"https:\/\/www.p31noticias.com.br\/?p=23401","title":{"rendered":"Estudo da Fiocruz mostra efetividade das vacinas em idosos."},"content":{"rendered":"<h3 class=\"col-10 offset-1 animated fadeInDown dealy-900 display-8 display-md-8 alt-font font-italic my-1 text-center\" style=\"text-align: justify;\"><em><strong>Pesquisa avaliou pessoas que receberam CoronaVac e AstraZeneca.<\/strong><\/em><\/h3>\n<p style=\"text-align: justify;\">Uma pesquisa feita pela Funda\u00e7\u00e3o Oswaldo Cruz (Fiocruz) constatou\u00a0que\u00a0o esquema vacinal completo\u00a0contra covid-19\u00a0(duas doses) garante taxas de efetividade\u00a0m\u00e9dias\u00a0de\u00a079,8% em pessoas com 60 a 80 anos e de 70,3% em idosos com mais de 80 anos.<img decoding=\"async\" src=\"https:\/\/agenciabrasil.ebc.com.br\/ebc.png?id=1415151&amp;o=node\" \/><img decoding=\"async\" src=\"https:\/\/agenciabrasil.ebc.com.br\/ebc.gif?id=1415151&amp;o=node\" \/><\/p>\n<p style=\"text-align: justify;\">Considerando-se uma m\u00e9dia daqueles que receberam o esquema vacinal completo e aqueles que tomaram apenas a primeira dose, as taxas de efetividade ficam em\u00a073,7% em idosos com at\u00e9 79 anos e de\u00a063% em pessoas com 80 anos\u00a0ou mais.<\/p>\n<p style=\"text-align: justify;\">O\u00a0estudo considerou os imunizados com CoronaVac e AstraZeneca\u00a0e foi\u00a0feito\u00a0com base em registros de hospitaliza\u00e7\u00e3o e morte por s\u00edndrome respirat\u00f3ria aguda grave (SRAG),\u00a0o que\u00a0permitiu avaliar a efetividade\u00a0em rela\u00e7\u00e3o \u00e0 redu\u00e7\u00e3o de casos graves e\u00a0\u00f3bitos.<\/p>\n<p style=\"text-align: justify;\">As duas vacinas t\u00eam, no entanto, taxas diferentes.\u00a0Na\u00a0CoronaVac, por exemplo, a taxa de efetividade para pessoas\u00a0com esquema vacinal completo \u00e9 de\u00a079,6% para pessoas com 60 a 79 anos e de 68,8% em idosos com 80 anos ou mais.<\/p>\n<p style=\"text-align: justify;\">Se forem considerados\u00a0todos os imunizados, ou seja, aqueles com esquema vacinal completo e os que tomaram apenas a primeira dose, as taxas s\u00e3o de 70,3% em pessoas com 60 a 79 anos e de 62,9% em idosos com 80 anos ou mais,\u00a0no caso da CoronaVac.<\/p>\n<p style=\"text-align: justify;\">Para a AstraZeneca, no entanto, n\u00e3o foi poss\u00edvel avaliar a efetividade com o esquema vacinal completo, j\u00e1 que a\u00a0segunda\u00a0dose s\u00f3 \u00e9 aplicada tr\u00eas meses depois da primeira. Portanto, a Fiocruz trabalhou com estimativas.<\/p>\n<p style=\"text-align: justify;\">A taxa de efetividade da AstraZeneca com aqueles que receberam pelo menos a primeira dose chegou a\u00a081,7% para pessoas com 60 a 79 anos e de 62,8% naqueles com 80 anos ou mais.<\/p>\n<p style=\"text-align: justify;\">\u201cA\u00a0efetividade da vacina\u00e7\u00e3o continuar\u00e1 a ser avaliada, buscando estimar os dados de efetividade das vacinas com sua utiliza\u00e7\u00e3o no mundo real, no contexto epidemiol\u00f3gico e das variantes circulantes. Nesse sentido, os dados obtidos at\u00e9 o\u00a0momento refletem principalmente as evid\u00eancias de prote\u00e7\u00e3o vacinal frente \u00e0\u00a0variante gama, preponderante no pa\u00eds neste per\u00edodo\u201d,\u00a0informa nota t\u00e9cnica divulgada pela Fiocruz.<\/p>\n<p style=\"text-align: justify;\">A nota destaca ainda que medidas restritivas e o uso de m\u00e1scaras podem influenciar no aumento de infec\u00e7\u00f5es por covid-19. \u201cO relaxamento de medidas n\u00e3o farmacol\u00f3gicas ap\u00f3s a vacina\u00e7\u00e3o, como uso menos frequente de m\u00e1scara e aumento nas intera\u00e7\u00f5es\u00a0sociais presenciais sem os devidos cuidados de distanciamento e ventila\u00e7\u00e3o, induzem a maior risco de infec\u00e7\u00e3o\u201d.<\/p>\n","protected":false},"excerpt":{"rendered":"<p>Pesquisa avaliou pessoas que receberam CoronaVac e AstraZeneca. Uma pesquisa feita pela Funda\u00e7\u00e3o Oswaldo Cruz (Fiocruz) constatou\u00a0que\u00a0o esquema vacinal completo\u00a0contra covid-19\u00a0(duas doses) garante taxas de efetividade\u00a0m\u00e9dias\u00a0de\u00a079,8% em pessoas com 60 a 80 anos e de 70,3% em idosos com mais de 80 anos. Considerando-se uma m\u00e9dia daqueles que receberam o esquema vacinal completo e aqueles [&hellip;]<\/p>\n","protected":false},"author":2,"featured_media":23402,"comment_status":"open","ping_status":"open","sticky":false,"template":"","format":"standard","meta":{"footnotes":""},"categories":[1],"tags":[],"class_list":{"0":"post-23401","1":"post","2":"type-post","3":"status-publish","4":"format-standard","5":"has-post-thumbnail","7":"category-outros"},"yoast_head":"<!-- This site is optimized with the Yoast SEO Premium plugin v24.5 (Yoast SEO v27.5) - https:\/\/yoast.com\/product\/yoast-seo-premium-wordpress\/ -->\n<title>Estudo da Fiocruz mostra efetividade das vacinas em idosos. - P31<\/title>\n<meta name=\"robots\" content=\"index, follow, max-snippet:-1, max-image-preview:large, max-video-preview:-1\" \/>\n<link rel=\"canonical\" href=\"https:\/\/www.p31noticias.com.br\/?p=23401\" \/>\n<meta property=\"og:locale\" content=\"pt_BR\" \/>\n<meta property=\"og:type\" content=\"article\" \/>\n<meta property=\"og:title\" content=\"Estudo da Fiocruz mostra efetividade das vacinas em idosos.\" \/>\n<meta property=\"og:description\" content=\"Pesquisa avaliou pessoas que receberam CoronaVac e AstraZeneca. Uma pesquisa feita pela Funda\u00e7\u00e3o Oswaldo Cruz (Fiocruz) constatou\u00a0que\u00a0o esquema vacinal completo\u00a0contra covid-19\u00a0(duas doses) garante taxas de efetividade\u00a0m\u00e9dias\u00a0de\u00a079,8% em pessoas com 60 a 80 anos e de 70,3% em idosos com mais de 80 anos. Considerando-se uma m\u00e9dia daqueles que receberam o esquema vacinal completo e aqueles [&hellip;]\" \/>\n<meta property=\"og:url\" content=\"https:\/\/www.p31noticias.com.br\/?p=23401\" \/>\n<meta property=\"og:site_name\" content=\"P31\" \/>\n<meta property=\"article:published_time\" content=\"2021-07-11T12:29:09+00:00\" \/>\n<meta property=\"og:image\" content=\"https:\/\/www.p31noticias.com.br\/wp-content\/uploads\/2021\/07\/coronavac_producao_butantan.jpg\" \/>\n\t<meta property=\"og:image:width\" content=\"1170\" \/>\n\t<meta property=\"og:image:height\" content=\"700\" \/>\n\t<meta property=\"og:image:type\" content=\"image\/jpeg\" \/>\n<meta name=\"author\" content=\"Gon\u00e7alves Junior\" \/>\n<meta name=\"twitter:card\" content=\"summary_large_image\" \/>\n<meta name=\"twitter:label1\" content=\"Escrito por\" \/>\n\t<meta name=\"twitter:data1\" content=\"Gon\u00e7alves Junior\" \/>\n\t<meta name=\"twitter:label2\" content=\"Est. tempo de leitura\" \/>\n\t<meta name=\"twitter:data2\" content=\"2 minutos\" \/>\n<script type=\"application\/ld+json\" class=\"yoast-schema-graph\">{\"@context\":\"https:\\\/\\\/schema.org\",\"@graph\":[{\"@type\":\"Article\",\"@id\":\"https:\\\/\\\/www.p31noticias.com.br\\\/?p=23401#article\",\"isPartOf\":{\"@id\":\"https:\\\/\\\/www.p31noticias.com.br\\\/?p=23401\"},\"author\":{\"name\":\"Gon\u00e7alves Junior\",\"@id\":\"https:\\\/\\\/www.p31noticias.com.br\\\/#\\\/schema\\\/person\\\/95f2ece30e3b4132065b915150cd0f94\"},\"headline\":\"Estudo da Fiocruz mostra efetividade das vacinas em idosos.\",\"datePublished\":\"2021-07-11T12:29:09+00:00\",\"mainEntityOfPage\":{\"@id\":\"https:\\\/\\\/www.p31noticias.com.br\\\/?p=23401\"},\"wordCount\":416,\"commentCount\":0,\"image\":{\"@id\":\"https:\\\/\\\/www.p31noticias.com.br\\\/?p=23401#primaryimage\"},\"thumbnailUrl\":\"https:\\\/\\\/www.p31noticias.com.br\\\/wp-content\\\/uploads\\\/2021\\\/07\\\/coronavac_producao_butantan.jpg\",\"articleSection\":[\"Outros\"],\"inLanguage\":\"pt-BR\",\"potentialAction\":[{\"@type\":\"CommentAction\",\"name\":\"Comment\",\"target\":[\"https:\\\/\\\/www.p31noticias.com.br\\\/?p=23401#respond\"]}],\"copyrightYear\":\"2021\",\"copyrightHolder\":{\"@id\":\"https:\\\/\\\/www.p31noticias.com.br\\\/#organization\"}},{\"@type\":\"WebPage\",\"@id\":\"https:\\\/\\\/www.p31noticias.com.br\\\/?p=23401\",\"url\":\"https:\\\/\\\/www.p31noticias.com.br\\\/?p=23401\",\"name\":\"Estudo da Fiocruz mostra efetividade das vacinas em idosos. - P31\",\"isPartOf\":{\"@id\":\"https:\\\/\\\/www.p31noticias.com.br\\\/#website\"},\"primaryImageOfPage\":{\"@id\":\"https:\\\/\\\/www.p31noticias.com.br\\\/?p=23401#primaryimage\"},\"image\":{\"@id\":\"https:\\\/\\\/www.p31noticias.com.br\\\/?p=23401#primaryimage\"},\"thumbnailUrl\":\"https:\\\/\\\/www.p31noticias.com.br\\\/wp-content\\\/uploads\\\/2021\\\/07\\\/coronavac_producao_butantan.jpg\",\"datePublished\":\"2021-07-11T12:29:09+00:00\",\"author\":{\"@id\":\"https:\\\/\\\/www.p31noticias.com.br\\\/#\\\/schema\\\/person\\\/95f2ece30e3b4132065b915150cd0f94\"},\"breadcrumb\":{\"@id\":\"https:\\\/\\\/www.p31noticias.com.br\\\/?p=23401#breadcrumb\"},\"inLanguage\":\"pt-BR\",\"potentialAction\":[{\"@type\":\"ReadAction\",\"target\":[\"https:\\\/\\\/www.p31noticias.com.br\\\/?p=23401\"]}]},{\"@type\":\"ImageObject\",\"inLanguage\":\"pt-BR\",\"@id\":\"https:\\\/\\\/www.p31noticias.com.br\\\/?p=23401#primaryimage\",\"url\":\"https:\\\/\\\/www.p31noticias.com.br\\\/wp-content\\\/uploads\\\/2021\\\/07\\\/coronavac_producao_butantan.jpg\",\"contentUrl\":\"https:\\\/\\\/www.p31noticias.com.br\\\/wp-content\\\/uploads\\\/2021\\\/07\\\/coronavac_producao_butantan.jpg\",\"width\":1170,\"height\":700},{\"@type\":\"BreadcrumbList\",\"@id\":\"https:\\\/\\\/www.p31noticias.com.br\\\/?p=23401#breadcrumb\",\"itemListElement\":[{\"@type\":\"ListItem\",\"position\":1,\"name\":\"In\u00edcio\",\"item\":\"https:\\\/\\\/www.p31noticias.com.br\\\/\"},{\"@type\":\"ListItem\",\"position\":2,\"name\":\"Estudo da Fiocruz mostra efetividade das vacinas em idosos.\"}]},{\"@type\":\"WebSite\",\"@id\":\"https:\\\/\\\/www.p31noticias.com.br\\\/#website\",\"url\":\"https:\\\/\\\/www.p31noticias.com.br\\\/\",\"name\":\"P31\",\"description\":\"NOT\u00cdCIAS\",\"potentialAction\":[{\"@type\":\"SearchAction\",\"target\":{\"@type\":\"EntryPoint\",\"urlTemplate\":\"https:\\\/\\\/www.p31noticias.com.br\\\/?s={search_term_string}\"},\"query-input\":{\"@type\":\"PropertyValueSpecification\",\"valueRequired\":true,\"valueName\":\"search_term_string\"}}],\"inLanguage\":\"pt-BR\"},{\"@type\":\"Person\",\"@id\":\"https:\\\/\\\/www.p31noticias.com.br\\\/#\\\/schema\\\/person\\\/95f2ece30e3b4132065b915150cd0f94\",\"name\":\"Gon\u00e7alves Junior\",\"image\":{\"@type\":\"ImageObject\",\"inLanguage\":\"pt-BR\",\"@id\":\"https:\\\/\\\/secure.gravatar.com\\\/avatar\\\/6711f350116a89762687a48d66f723c799e5438a5b7578508d4294cd7a5d0800?s=96&d=mm&r=g\",\"url\":\"https:\\\/\\\/secure.gravatar.com\\\/avatar\\\/6711f350116a89762687a48d66f723c799e5438a5b7578508d4294cd7a5d0800?s=96&d=mm&r=g\",\"contentUrl\":\"https:\\\/\\\/secure.gravatar.com\\\/avatar\\\/6711f350116a89762687a48d66f723c799e5438a5b7578508d4294cd7a5d0800?s=96&d=mm&r=g\",\"caption\":\"Gon\u00e7alves Junior\"},\"url\":\"https:\\\/\\\/www.p31noticias.com.br\\\/?author=2\"}]}<\/script>\n<!-- \/ Yoast SEO Premium plugin. -->","yoast_head_json":{"title":"Estudo da Fiocruz mostra efetividade das vacinas em idosos. - P31","robots":{"index":"index","follow":"follow","max-snippet":"max-snippet:-1","max-image-preview":"max-image-preview:large","max-video-preview":"max-video-preview:-1"},"canonical":"https:\/\/www.p31noticias.com.br\/?p=23401","og_locale":"pt_BR","og_type":"article","og_title":"Estudo da Fiocruz mostra efetividade das vacinas em idosos.","og_description":"Pesquisa avaliou pessoas que receberam CoronaVac e AstraZeneca. Uma pesquisa feita pela Funda\u00e7\u00e3o Oswaldo Cruz (Fiocruz) constatou\u00a0que\u00a0o esquema vacinal completo\u00a0contra covid-19\u00a0(duas doses) garante taxas de efetividade\u00a0m\u00e9dias\u00a0de\u00a079,8% em pessoas com 60 a 80 anos e de 70,3% em idosos com mais de 80 anos. Considerando-se uma m\u00e9dia daqueles que receberam o esquema vacinal completo e aqueles [&hellip;]","og_url":"https:\/\/www.p31noticias.com.br\/?p=23401","og_site_name":"P31","article_published_time":"2021-07-11T12:29:09+00:00","og_image":[{"width":1170,"height":700,"url":"https:\/\/www.p31noticias.com.br\/wp-content\/uploads\/2021\/07\/coronavac_producao_butantan.jpg","type":"image\/jpeg"}],"author":"Gon\u00e7alves Junior","twitter_card":"summary_large_image","twitter_misc":{"Escrito por":"Gon\u00e7alves Junior","Est. tempo de leitura":"2 minutos"},"schema":{"@context":"https:\/\/schema.org","@graph":[{"@type":"Article","@id":"https:\/\/www.p31noticias.com.br\/?p=23401#article","isPartOf":{"@id":"https:\/\/www.p31noticias.com.br\/?p=23401"},"author":{"name":"Gon\u00e7alves Junior","@id":"https:\/\/www.p31noticias.com.br\/#\/schema\/person\/95f2ece30e3b4132065b915150cd0f94"},"headline":"Estudo da Fiocruz mostra efetividade das vacinas em idosos.","datePublished":"2021-07-11T12:29:09+00:00","mainEntityOfPage":{"@id":"https:\/\/www.p31noticias.com.br\/?p=23401"},"wordCount":416,"commentCount":0,"image":{"@id":"https:\/\/www.p31noticias.com.br\/?p=23401#primaryimage"},"thumbnailUrl":"https:\/\/www.p31noticias.com.br\/wp-content\/uploads\/2021\/07\/coronavac_producao_butantan.jpg","articleSection":["Outros"],"inLanguage":"pt-BR","potentialAction":[{"@type":"CommentAction","name":"Comment","target":["https:\/\/www.p31noticias.com.br\/?p=23401#respond"]}],"copyrightYear":"2021","copyrightHolder":{"@id":"https:\/\/www.p31noticias.com.br\/#organization"}},{"@type":"WebPage","@id":"https:\/\/www.p31noticias.com.br\/?p=23401","url":"https:\/\/www.p31noticias.com.br\/?p=23401","name":"Estudo da Fiocruz mostra efetividade das vacinas em idosos. - P31","isPartOf":{"@id":"https:\/\/www.p31noticias.com.br\/#website"},"primaryImageOfPage":{"@id":"https:\/\/www.p31noticias.com.br\/?p=23401#primaryimage"},"image":{"@id":"https:\/\/www.p31noticias.com.br\/?p=23401#primaryimage"},"thumbnailUrl":"https:\/\/www.p31noticias.com.br\/wp-content\/uploads\/2021\/07\/coronavac_producao_butantan.jpg","datePublished":"2021-07-11T12:29:09+00:00","author":{"@id":"https:\/\/www.p31noticias.com.br\/#\/schema\/person\/95f2ece30e3b4132065b915150cd0f94"},"breadcrumb":{"@id":"https:\/\/www.p31noticias.com.br\/?p=23401#breadcrumb"},"inLanguage":"pt-BR","potentialAction":[{"@type":"ReadAction","target":["https:\/\/www.p31noticias.com.br\/?p=23401"]}]},{"@type":"ImageObject","inLanguage":"pt-BR","@id":"https:\/\/www.p31noticias.com.br\/?p=23401#primaryimage","url":"https:\/\/www.p31noticias.com.br\/wp-content\/uploads\/2021\/07\/coronavac_producao_butantan.jpg","contentUrl":"https:\/\/www.p31noticias.com.br\/wp-content\/uploads\/2021\/07\/coronavac_producao_butantan.jpg","width":1170,"height":700},{"@type":"BreadcrumbList","@id":"https:\/\/www.p31noticias.com.br\/?p=23401#breadcrumb","itemListElement":[{"@type":"ListItem","position":1,"name":"In\u00edcio","item":"https:\/\/www.p31noticias.com.br\/"},{"@type":"ListItem","position":2,"name":"Estudo da Fiocruz mostra efetividade das vacinas em idosos."}]},{"@type":"WebSite","@id":"https:\/\/www.p31noticias.com.br\/#website","url":"https:\/\/www.p31noticias.com.br\/","name":"P31","description":"NOT\u00cdCIAS","potentialAction":[{"@type":"SearchAction","target":{"@type":"EntryPoint","urlTemplate":"https:\/\/www.p31noticias.com.br\/?s={search_term_string}"},"query-input":{"@type":"PropertyValueSpecification","valueRequired":true,"valueName":"search_term_string"}}],"inLanguage":"pt-BR"},{"@type":"Person","@id":"https:\/\/www.p31noticias.com.br\/#\/schema\/person\/95f2ece30e3b4132065b915150cd0f94","name":"Gon\u00e7alves Junior","image":{"@type":"ImageObject","inLanguage":"pt-BR","@id":"https:\/\/secure.gravatar.com\/avatar\/6711f350116a89762687a48d66f723c799e5438a5b7578508d4294cd7a5d0800?s=96&d=mm&r=g","url":"https:\/\/secure.gravatar.com\/avatar\/6711f350116a89762687a48d66f723c799e5438a5b7578508d4294cd7a5d0800?s=96&d=mm&r=g","contentUrl":"https:\/\/secure.gravatar.com\/avatar\/6711f350116a89762687a48d66f723c799e5438a5b7578508d4294cd7a5d0800?s=96&d=mm&r=g","caption":"Gon\u00e7alves Junior"},"url":"https:\/\/www.p31noticias.com.br\/?author=2"}]}},"amp_enabled":true,"_links":{"self":[{"href":"https:\/\/www.p31noticias.com.br\/index.php?rest_route=\/wp\/v2\/posts\/23401","targetHints":{"allow":["GET"]}}],"collection":[{"href":"https:\/\/www.p31noticias.com.br\/index.php?rest_route=\/wp\/v2\/posts"}],"about":[{"href":"https:\/\/www.p31noticias.com.br\/index.php?rest_route=\/wp\/v2\/types\/post"}],"author":[{"embeddable":true,"href":"https:\/\/www.p31noticias.com.br\/index.php?rest_route=\/wp\/v2\/users\/2"}],"replies":[{"embeddable":true,"href":"https:\/\/www.p31noticias.com.br\/index.php?rest_route=%2Fwp%2Fv2%2Fcomments&post=23401"}],"version-history":[{"count":1,"href":"https:\/\/www.p31noticias.com.br\/index.php?rest_route=\/wp\/v2\/posts\/23401\/revisions"}],"predecessor-version":[{"id":23403,"href":"https:\/\/www.p31noticias.com.br\/index.php?rest_route=\/wp\/v2\/posts\/23401\/revisions\/23403"}],"wp:featuredmedia":[{"embeddable":true,"href":"https:\/\/www.p31noticias.com.br\/index.php?rest_route=\/wp\/v2\/media\/23402"}],"wp:attachment":[{"href":"https:\/\/www.p31noticias.com.br\/index.php?rest_route=%2Fwp%2Fv2%2Fmedia&parent=23401"}],"wp:term":[{"taxonomy":"category","embeddable":true,"href":"https:\/\/www.p31noticias.com.br\/index.php?rest_route=%2Fwp%2Fv2%2Fcategories&post=23401"},{"taxonomy":"post_tag","embeddable":true,"href":"https:\/\/www.p31noticias.com.br\/index.php?rest_route=%2Fwp%2Fv2%2Ftags&post=23401"}],"curies":[{"name":"wp","href":"https:\/\/api.w.org\/{rel}","templated":true}]}}