{"id":23398,"date":"2021-07-11T09:29:48","date_gmt":"2021-07-11T12:29:48","guid":{"rendered":"https:\/\/p31noticias.com.br\/?p=23398"},"modified":"2021-07-11T09:29:48","modified_gmt":"2021-07-11T12:29:48","slug":"albergues-viram-escolas-para-abrigar-56-mil-alunos","status":"publish","type":"post","link":"https:\/\/www.p31noticias.com.br\/?p=23398","title":{"rendered":"Albergues viram escolas para abrigar 5,6 mil alunos."},"content":{"rendered":"<p style=\"text-align: justify;\"><em><strong>Governo investe R$ 4,5 milh\u00f5es e reaproveita 2 espa\u00e7os que nunca foram usados. Localizados em S\u00e3o Sebasti\u00e3o e Planaltina, obras est\u00e3o 60% executadas.<\/strong><\/em><\/p>\n<p style=\"text-align: justify;\">Duas grandes estruturas que estavam abandonadas desde 2014 foram recuperadas pelo Governo do Distrito Federal (GDF) e, em breve, v\u00e3o se transformar em centros de ensino p\u00fablicos. Os antigos albergues de S\u00e3o Sebasti\u00e3o e Planaltina, que nunca chegaram a funcionar, est\u00e3o com as obras a todo o vapor e atingiram 60% de execu\u00e7\u00e3o cada. Os novos espa\u00e7os v\u00e3o abrigar 5,6 mil alunos. O investimento do GDF na adapta\u00e7\u00e3o dos espa\u00e7os \u00e9 de cerca de 4,5 milh\u00f5es.<\/p>\n<figure id=\"attachment_314295\" class=\"wp-caption alignnone\" style=\"text-align: justify;\" aria-describedby=\"caption-attachment-314295\"><img loading=\"lazy\" decoding=\"async\" class=\"wp-image-314295 size-large\" src=\"http:\/\/www.agenciabrasilia.df.gov.br\/wp-conteudo\/uploads\/2021\/07\/DENTRO-4-1024x680.jpg\" sizes=\"auto, (max-width: 1024px) 100vw, 1024px\" srcset=\"https:\/\/www.agenciabrasilia.df.gov.br\/wp-conteudo\/uploads\/2021\/07\/DENTRO-4-1024x680.jpg 1024w, https:\/\/www.agenciabrasilia.df.gov.br\/wp-conteudo\/uploads\/2021\/07\/DENTRO-4-300x199.jpg 300w, https:\/\/www.agenciabrasilia.df.gov.br\/wp-conteudo\/uploads\/2021\/07\/DENTRO-4-768x510.jpg 768w, https:\/\/www.agenciabrasilia.df.gov.br\/wp-conteudo\/uploads\/2021\/07\/DENTRO-4-256x170.jpg 256w, https:\/\/www.agenciabrasilia.df.gov.br\/wp-conteudo\/uploads\/2021\/07\/DENTRO-4-149x99.jpg 149w, https:\/\/www.agenciabrasilia.df.gov.br\/wp-conteudo\/uploads\/2021\/07\/DENTRO-4-160x106.jpg 160w, https:\/\/www.agenciabrasilia.df.gov.br\/wp-conteudo\/uploads\/2021\/07\/DENTRO-4-1200x797.jpg 1200w\" alt=\"\" width=\"1024\" height=\"680\" \/><figcaption id=\"caption-attachment-314295\" class=\"wp-caption-text\">Coordena\u00e7\u00e3o Regional de Ensino de S\u00e3o Sebasti\u00e3o agora tem sede pr\u00f3pria | Foto: Paulo H. Carvalho\/Ag\u00eancia Bras\u00edlia<\/figcaption><\/figure>\n<p style=\"text-align: justify;\">Em S\u00e3o Sebasti\u00e3o, a Coordena\u00e7\u00e3o Regional de Ensino (CRE), que at\u00e9 ent\u00e3o funcionava em pr\u00e9dio alugado, j\u00e1 est\u00e1 ocupando as instala\u00e7\u00f5es do antigo albergue. Uma mudan\u00e7a que representa uma economia anual de pelo menos R$ 133 mil.<\/p>\n<p style=\"text-align: justify;\">A obra do novo Centro de L\u00ednguas (CIL) de S\u00e3o Sebasti\u00e3o \u2013 que tamb\u00e9m vai funcionar no local \u2013 j\u00e1 foi finalizada. Quando as aulas presenciais da rede p\u00fablica forem retomadas, o espa\u00e7o vai abrigar at\u00e9 tr\u00eas mil alunos divididos em tr\u00eas turnos. O antigo CIL atendia um ter\u00e7o deste n\u00famero de alunos e funcionava de forma improvisada no Centro de Ensino Fundamental Cer\u00e2mica S\u00e3o Paulo.<\/p>\n<blockquote class=\"olho direita\"><p><span class=\"olho__texto h2 clearfix\">O restante da \u00e1rea do antigo albergue de S\u00e3o Sebasti\u00e3o ser\u00e1 destinado para a constru\u00e7\u00e3o do Centro Educacional Zumbi dos Palmares<\/span><\/p><\/blockquote>\n<p style=\"text-align: justify;\">Para essas duas estruturas foram investidos R$ 1,5 milh\u00e3o, recurso do Programa de Descentraliza\u00e7\u00e3o Administrativa e Financeira (Pdaf). Com os valores foi poss\u00edvel, ainda, a constru\u00e7\u00e3o de uma oficina de panifica\u00e7\u00e3o que fica em um espa\u00e7o dentro da regional de ensino, e toda a produ\u00e7\u00e3o ser\u00e1 revertida para consumo dos alunos do CIL.<\/p>\n<p style=\"text-align: justify;\">O restante da \u00e1rea do antigo albergue de S\u00e3o Sebasti\u00e3o ser\u00e1 destinado para a constru\u00e7\u00e3o do Centro Educacional Zumbi dos Palmares. A previs\u00e3o de investimento nele \u00e9 de R$ 2 milh\u00f5es, sendo que, quando for conclu\u00eddo, ter\u00e1 capacidade para atender mil alunos de anos finais do ensino fundamental e tamb\u00e9m do ensino m\u00e9dio.<\/p>\n<p style=\"text-align: justify;\">\u201cOs albergues eram obras abandonadas, um dinheiro p\u00fablico desperdi\u00e7ado por gest\u00f5es que n\u00e3o souberam fazer a condu\u00e7\u00e3o correta, e agora n\u00f3s vamos entregar essas estruturas para a sociedade\u201d, destaca o governador Ibaneis Rocha.<\/p>\n<blockquote class=\"olho direita\"><p><span class=\"olho__texto h2 clearfix\">Outro albergue transformado pelo GDF \u00e9 o de Planaltina, onde v\u00e3o nascer o Centro Educacional \u00c1guas do Cerrado (Cedac) e o Centro de Educa\u00e7\u00e3o Infantil Pipiripau<\/span><\/p><\/blockquote>\n<p style=\"text-align: justify;\">O administrador regional de S\u00e3o Sebasti\u00e3o, Alan Valim, afirma que as novas estruturas podem ser consideradas um marco hist\u00f3rico, uma vez que era um dos maiores espa\u00e7os f\u00edsicos da cidade e se encontrava em desuso. \u201cPor determina\u00e7\u00e3o do governador Ibaneis Rocha, o albergue foi transformado. A obra teve in\u00edcio em 2020 e a administra\u00e7\u00e3o cuidou da parte externa e dos estacionamentos. A sinaliza\u00e7\u00e3o ficou a cargo do Detran-DF\u201d, explica o gestor.<\/p>\n<p style=\"text-align: justify;\">Outro albergue transformado pelo GDF \u00e9 o de Planaltina, onde v\u00e3o nascer o Centro Educacional \u00c1guas do Cerrado (Cedac) e o Centro de Educa\u00e7\u00e3o Infantil Pipiripau. Juntas, as duas institui\u00e7\u00f5es v\u00e3o somar 1,6 mil vagas e trazer vida ao antigo terreno abandonado.<\/p>\n<p style=\"text-align: justify;\">Com 60% das obras executadas, o Cedac ser\u00e1 conclu\u00eddo no segundo semestre deste ano. J\u00e1 o centro para ensino infantil ser\u00e1 finalizado em 2022.<\/p>\n<p style=\"text-align: justify;\">\u201cGrande parte das vagas n\u00f3s vamos disponibilizar para fam\u00edlias carentes do Arapoanga. Isso vai possibilitar diminuir a concentra\u00e7\u00e3o de alunos em algumas escolas e evitar que estudantes fa\u00e7am grandes deslocamentos no trajeto para escola, uma vez que estar\u00e3o mais perto de casa\u201d, explica Marcos Souza, coordenador regional substituto da Regional de Planaltina. \u201cVai ser um ganho enorme para a educa\u00e7\u00e3o de Planaltina\u201d, acrescenta.<\/p>\n<figure id=\"attachment_314437\" class=\"wp-caption alignnone\" style=\"text-align: justify;\" aria-describedby=\"caption-attachment-314437\"><img loading=\"lazy\" decoding=\"async\" class=\"wp-image-314437 size-large\" src=\"http:\/\/www.agenciabrasilia.df.gov.br\/wp-conteudo\/uploads\/2021\/07\/dentro-8-1024x680.jpg\" sizes=\"auto, (max-width: 1024px) 100vw, 1024px\" srcset=\"https:\/\/www.agenciabrasilia.df.gov.br\/wp-conteudo\/uploads\/2021\/07\/dentro-8-1024x680.jpg 1024w, https:\/\/www.agenciabrasilia.df.gov.br\/wp-conteudo\/uploads\/2021\/07\/dentro-8-300x199.jpg 300w, https:\/\/www.agenciabrasilia.df.gov.br\/wp-conteudo\/uploads\/2021\/07\/dentro-8-768x510.jpg 768w, https:\/\/www.agenciabrasilia.df.gov.br\/wp-conteudo\/uploads\/2021\/07\/dentro-8-256x170.jpg 256w, https:\/\/www.agenciabrasilia.df.gov.br\/wp-conteudo\/uploads\/2021\/07\/dentro-8-149x99.jpg 149w, https:\/\/www.agenciabrasilia.df.gov.br\/wp-conteudo\/uploads\/2021\/07\/dentro-8-160x106.jpg 160w, https:\/\/www.agenciabrasilia.df.gov.br\/wp-conteudo\/uploads\/2021\/07\/dentro-8-1200x797.jpg 1200w\" alt=\"\" width=\"1024\" height=\"680\" \/><figcaption id=\"caption-attachment-314437\" class=\"wp-caption-text\">De um albergue abandonado para um pr\u00e9dio funcional que vai atender demandas da popula\u00e7\u00e3o<\/figcaption><\/figure>\n<p style=\"text-align: justify;\"><strong>Complexo Educacional de S\u00e3o Sebasti\u00e3o<\/strong><\/p>\n<p style=\"text-align: justify;\">O Complexo Educacional de S\u00e3o Sebasti\u00e3o est\u00e1 localizado \u00e0s margens da DF-473. O espa\u00e7o de 4,6 mil metros quadrados estava abandonado desde 2014, sofrendo com depreda\u00e7\u00f5es. A atual gest\u00e3o n\u00e3o economizou esfor\u00e7os para que o terreno voltasse a ser utilizado pela popula\u00e7\u00e3o.<\/p>\n<p style=\"text-align: justify;\">Segundo Alan Valim, as novas estruturas chegam para atender demandas de regi\u00f5es da cidade que carecem de aten\u00e7\u00e3o. \u2018Temos entre 20 a 30 mil pessoas nessa regi\u00e3o e muitas delas com filhos que precisam do acesso \u00e0 educa\u00e7\u00e3o. O centro de ensino chega para atender moradores do Morro da Cruz, Zumbi dos Palmares, Crich\u00e1 e Cap\u00e3o Comprido.<\/p>\n<p style=\"text-align: justify;\">Coordenadora da Regional de Ensino de S\u00e3o Sebasti\u00e3o, Luciana Pontes projeta a conclus\u00e3o das obras por completo no ano que vem. \u201cSessenta por cento da obra est\u00e1 executada. A sede da CRE e o CIL est\u00e3o prontos, e pretendemos ter o Centro Educacional Zumbi dos Palmares funcionando no in\u00edcio de 2022\u201d, afirma.<\/p>\n<div class=\"relacionadas text-uppercase esquerda\">\n<p style=\"text-align: justify;\"><strong>Planaltina<\/strong><\/p>\n<p style=\"text-align: justify;\">O Cedac de Planaltina ter\u00e1 16 salas de aula e de inform\u00e1tica, laborat\u00f3rio de ci\u00eancias, refeit\u00f3rio, cantina, audit\u00f3rio e biblioteca para atender alunos da pr\u00e9-escola e dos ensinos fundamental e m\u00e9dio. J\u00e1 o Centro de Educa\u00e7\u00e3o Infantil Pipiripau \u00e9 destinado a alunos da pr\u00e9-escola. At\u00e9 o momento, foram investidos R$ 3 milh\u00f5es na obra.<\/p>\n<p style=\"text-align: justify;\">Atualmente, a obra se concentra nos servi\u00e7os de piso, telhado e forro. As partes de hidr\u00e1ulica e el\u00e9trica foram finalizadas.<\/p>\n<p style=\"text-align: justify;\">Agencia Brasil.<\/p>\n<\/div>\n","protected":false},"excerpt":{"rendered":"<p>Governo investe R$ 4,5 milh\u00f5es e reaproveita 2 espa\u00e7os que nunca foram usados. Localizados em S\u00e3o Sebasti\u00e3o e Planaltina, obras est\u00e3o 60% executadas. Duas grandes estruturas que estavam abandonadas desde 2014 foram recuperadas pelo Governo do Distrito Federal (GDF) e, em breve, v\u00e3o se transformar em centros de ensino p\u00fablicos. Os antigos albergues de S\u00e3o [&hellip;]<\/p>\n","protected":false},"author":2,"featured_media":23399,"comment_status":"open","ping_status":"open","sticky":false,"template":"","format":"standard","meta":{"footnotes":""},"categories":[21],"tags":[],"class_list":{"0":"post-23398","1":"post","2":"type-post","3":"status-publish","4":"format-standard","5":"has-post-thumbnail","7":"category-brasilia"},"yoast_head":"<!-- This site is optimized with the Yoast SEO Premium plugin v24.5 (Yoast SEO v27.5) - https:\/\/yoast.com\/product\/yoast-seo-premium-wordpress\/ -->\n<title>Albergues viram escolas para abrigar 5,6 mil alunos. - P31<\/title>\n<meta name=\"robots\" content=\"index, follow, max-snippet:-1, max-image-preview:large, max-video-preview:-1\" \/>\n<link rel=\"canonical\" href=\"https:\/\/www.p31noticias.com.br\/?p=23398\" \/>\n<meta property=\"og:locale\" content=\"pt_BR\" \/>\n<meta property=\"og:type\" content=\"article\" \/>\n<meta property=\"og:title\" content=\"Albergues viram escolas para abrigar 5,6 mil alunos.\" \/>\n<meta property=\"og:description\" content=\"Governo investe R$ 4,5 milh\u00f5es e reaproveita 2 espa\u00e7os que nunca foram usados. Localizados em S\u00e3o Sebasti\u00e3o e Planaltina, obras est\u00e3o 60% executadas. Duas grandes estruturas que estavam abandonadas desde 2014 foram recuperadas pelo Governo do Distrito Federal (GDF) e, em breve, v\u00e3o se transformar em centros de ensino p\u00fablicos. Os antigos albergues de S\u00e3o [&hellip;]\" \/>\n<meta property=\"og:url\" content=\"https:\/\/www.p31noticias.com.br\/?p=23398\" \/>\n<meta property=\"og:site_name\" content=\"P31\" \/>\n<meta property=\"article:published_time\" content=\"2021-07-11T12:29:48+00:00\" \/>\n<meta property=\"og:image\" content=\"https:\/\/www.p31noticias.com.br\/wp-content\/uploads\/2021\/07\/1625974769_452_Albergues-viram-escolas-para-abrigar-56-mil-alunos.jpg\" \/>\n\t<meta property=\"og:image:width\" content=\"500\" \/>\n\t<meta property=\"og:image:height\" content=\"332\" \/>\n\t<meta property=\"og:image:type\" content=\"image\/jpeg\" \/>\n<meta name=\"author\" content=\"Gon\u00e7alves Junior\" \/>\n<meta name=\"twitter:card\" content=\"summary_large_image\" \/>\n<meta name=\"twitter:label1\" content=\"Escrito por\" \/>\n\t<meta name=\"twitter:data1\" content=\"Gon\u00e7alves Junior\" \/>\n\t<meta name=\"twitter:label2\" content=\"Est. tempo de leitura\" \/>\n\t<meta name=\"twitter:data2\" content=\"5 minutos\" \/>\n<script type=\"application\/ld+json\" class=\"yoast-schema-graph\">{\"@context\":\"https:\\\/\\\/schema.org\",\"@graph\":[{\"@type\":\"Article\",\"@id\":\"https:\\\/\\\/www.p31noticias.com.br\\\/?p=23398#article\",\"isPartOf\":{\"@id\":\"https:\\\/\\\/www.p31noticias.com.br\\\/?p=23398\"},\"author\":{\"name\":\"Gon\u00e7alves Junior\",\"@id\":\"https:\\\/\\\/www.p31noticias.com.br\\\/#\\\/schema\\\/person\\\/95f2ece30e3b4132065b915150cd0f94\"},\"headline\":\"Albergues viram escolas para abrigar 5,6 mil alunos.\",\"datePublished\":\"2021-07-11T12:29:48+00:00\",\"mainEntityOfPage\":{\"@id\":\"https:\\\/\\\/www.p31noticias.com.br\\\/?p=23398\"},\"wordCount\":952,\"commentCount\":0,\"image\":{\"@id\":\"https:\\\/\\\/www.p31noticias.com.br\\\/?p=23398#primaryimage\"},\"thumbnailUrl\":\"https:\\\/\\\/www.p31noticias.com.br\\\/wp-content\\\/uploads\\\/2021\\\/07\\\/1625974769_452_Albergues-viram-escolas-para-abrigar-56-mil-alunos.jpg\",\"articleSection\":[\"Bras\u00edlia\"],\"inLanguage\":\"pt-BR\",\"potentialAction\":[{\"@type\":\"CommentAction\",\"name\":\"Comment\",\"target\":[\"https:\\\/\\\/www.p31noticias.com.br\\\/?p=23398#respond\"]}],\"copyrightYear\":\"2021\",\"copyrightHolder\":{\"@id\":\"https:\\\/\\\/www.p31noticias.com.br\\\/#organization\"}},{\"@type\":\"WebPage\",\"@id\":\"https:\\\/\\\/www.p31noticias.com.br\\\/?p=23398\",\"url\":\"https:\\\/\\\/www.p31noticias.com.br\\\/?p=23398\",\"name\":\"Albergues viram escolas para abrigar 5,6 mil alunos. - P31\",\"isPartOf\":{\"@id\":\"https:\\\/\\\/www.p31noticias.com.br\\\/#website\"},\"primaryImageOfPage\":{\"@id\":\"https:\\\/\\\/www.p31noticias.com.br\\\/?p=23398#primaryimage\"},\"image\":{\"@id\":\"https:\\\/\\\/www.p31noticias.com.br\\\/?p=23398#primaryimage\"},\"thumbnailUrl\":\"https:\\\/\\\/www.p31noticias.com.br\\\/wp-content\\\/uploads\\\/2021\\\/07\\\/1625974769_452_Albergues-viram-escolas-para-abrigar-56-mil-alunos.jpg\",\"datePublished\":\"2021-07-11T12:29:48+00:00\",\"author\":{\"@id\":\"https:\\\/\\\/www.p31noticias.com.br\\\/#\\\/schema\\\/person\\\/95f2ece30e3b4132065b915150cd0f94\"},\"breadcrumb\":{\"@id\":\"https:\\\/\\\/www.p31noticias.com.br\\\/?p=23398#breadcrumb\"},\"inLanguage\":\"pt-BR\",\"potentialAction\":[{\"@type\":\"ReadAction\",\"target\":[\"https:\\\/\\\/www.p31noticias.com.br\\\/?p=23398\"]}]},{\"@type\":\"ImageObject\",\"inLanguage\":\"pt-BR\",\"@id\":\"https:\\\/\\\/www.p31noticias.com.br\\\/?p=23398#primaryimage\",\"url\":\"https:\\\/\\\/www.p31noticias.com.br\\\/wp-content\\\/uploads\\\/2021\\\/07\\\/1625974769_452_Albergues-viram-escolas-para-abrigar-56-mil-alunos.jpg\",\"contentUrl\":\"https:\\\/\\\/www.p31noticias.com.br\\\/wp-content\\\/uploads\\\/2021\\\/07\\\/1625974769_452_Albergues-viram-escolas-para-abrigar-56-mil-alunos.jpg\",\"width\":500,\"height\":332},{\"@type\":\"BreadcrumbList\",\"@id\":\"https:\\\/\\\/www.p31noticias.com.br\\\/?p=23398#breadcrumb\",\"itemListElement\":[{\"@type\":\"ListItem\",\"position\":1,\"name\":\"In\u00edcio\",\"item\":\"https:\\\/\\\/www.p31noticias.com.br\\\/\"},{\"@type\":\"ListItem\",\"position\":2,\"name\":\"Albergues viram escolas para abrigar 5,6 mil alunos.\"}]},{\"@type\":\"WebSite\",\"@id\":\"https:\\\/\\\/www.p31noticias.com.br\\\/#website\",\"url\":\"https:\\\/\\\/www.p31noticias.com.br\\\/\",\"name\":\"P31\",\"description\":\"NOT\u00cdCIAS\",\"potentialAction\":[{\"@type\":\"SearchAction\",\"target\":{\"@type\":\"EntryPoint\",\"urlTemplate\":\"https:\\\/\\\/www.p31noticias.com.br\\\/?s={search_term_string}\"},\"query-input\":{\"@type\":\"PropertyValueSpecification\",\"valueRequired\":true,\"valueName\":\"search_term_string\"}}],\"inLanguage\":\"pt-BR\"},{\"@type\":\"Person\",\"@id\":\"https:\\\/\\\/www.p31noticias.com.br\\\/#\\\/schema\\\/person\\\/95f2ece30e3b4132065b915150cd0f94\",\"name\":\"Gon\u00e7alves Junior\",\"image\":{\"@type\":\"ImageObject\",\"inLanguage\":\"pt-BR\",\"@id\":\"https:\\\/\\\/secure.gravatar.com\\\/avatar\\\/6711f350116a89762687a48d66f723c799e5438a5b7578508d4294cd7a5d0800?s=96&d=mm&r=g\",\"url\":\"https:\\\/\\\/secure.gravatar.com\\\/avatar\\\/6711f350116a89762687a48d66f723c799e5438a5b7578508d4294cd7a5d0800?s=96&d=mm&r=g\",\"contentUrl\":\"https:\\\/\\\/secure.gravatar.com\\\/avatar\\\/6711f350116a89762687a48d66f723c799e5438a5b7578508d4294cd7a5d0800?s=96&d=mm&r=g\",\"caption\":\"Gon\u00e7alves Junior\"},\"url\":\"https:\\\/\\\/www.p31noticias.com.br\\\/?author=2\"}]}<\/script>\n<!-- \/ Yoast SEO Premium plugin. -->","yoast_head_json":{"title":"Albergues viram escolas para abrigar 5,6 mil alunos. - P31","robots":{"index":"index","follow":"follow","max-snippet":"max-snippet:-1","max-image-preview":"max-image-preview:large","max-video-preview":"max-video-preview:-1"},"canonical":"https:\/\/www.p31noticias.com.br\/?p=23398","og_locale":"pt_BR","og_type":"article","og_title":"Albergues viram escolas para abrigar 5,6 mil alunos.","og_description":"Governo investe R$ 4,5 milh\u00f5es e reaproveita 2 espa\u00e7os que nunca foram usados. Localizados em S\u00e3o Sebasti\u00e3o e Planaltina, obras est\u00e3o 60% executadas. Duas grandes estruturas que estavam abandonadas desde 2014 foram recuperadas pelo Governo do Distrito Federal (GDF) e, em breve, v\u00e3o se transformar em centros de ensino p\u00fablicos. Os antigos albergues de S\u00e3o [&hellip;]","og_url":"https:\/\/www.p31noticias.com.br\/?p=23398","og_site_name":"P31","article_published_time":"2021-07-11T12:29:48+00:00","og_image":[{"width":500,"height":332,"url":"https:\/\/www.p31noticias.com.br\/wp-content\/uploads\/2021\/07\/1625974769_452_Albergues-viram-escolas-para-abrigar-56-mil-alunos.jpg","type":"image\/jpeg"}],"author":"Gon\u00e7alves Junior","twitter_card":"summary_large_image","twitter_misc":{"Escrito por":"Gon\u00e7alves Junior","Est. tempo de leitura":"5 minutos"},"schema":{"@context":"https:\/\/schema.org","@graph":[{"@type":"Article","@id":"https:\/\/www.p31noticias.com.br\/?p=23398#article","isPartOf":{"@id":"https:\/\/www.p31noticias.com.br\/?p=23398"},"author":{"name":"Gon\u00e7alves Junior","@id":"https:\/\/www.p31noticias.com.br\/#\/schema\/person\/95f2ece30e3b4132065b915150cd0f94"},"headline":"Albergues viram escolas para abrigar 5,6 mil alunos.","datePublished":"2021-07-11T12:29:48+00:00","mainEntityOfPage":{"@id":"https:\/\/www.p31noticias.com.br\/?p=23398"},"wordCount":952,"commentCount":0,"image":{"@id":"https:\/\/www.p31noticias.com.br\/?p=23398#primaryimage"},"thumbnailUrl":"https:\/\/www.p31noticias.com.br\/wp-content\/uploads\/2021\/07\/1625974769_452_Albergues-viram-escolas-para-abrigar-56-mil-alunos.jpg","articleSection":["Bras\u00edlia"],"inLanguage":"pt-BR","potentialAction":[{"@type":"CommentAction","name":"Comment","target":["https:\/\/www.p31noticias.com.br\/?p=23398#respond"]}],"copyrightYear":"2021","copyrightHolder":{"@id":"https:\/\/www.p31noticias.com.br\/#organization"}},{"@type":"WebPage","@id":"https:\/\/www.p31noticias.com.br\/?p=23398","url":"https:\/\/www.p31noticias.com.br\/?p=23398","name":"Albergues viram escolas para abrigar 5,6 mil alunos. - P31","isPartOf":{"@id":"https:\/\/www.p31noticias.com.br\/#website"},"primaryImageOfPage":{"@id":"https:\/\/www.p31noticias.com.br\/?p=23398#primaryimage"},"image":{"@id":"https:\/\/www.p31noticias.com.br\/?p=23398#primaryimage"},"thumbnailUrl":"https:\/\/www.p31noticias.com.br\/wp-content\/uploads\/2021\/07\/1625974769_452_Albergues-viram-escolas-para-abrigar-56-mil-alunos.jpg","datePublished":"2021-07-11T12:29:48+00:00","author":{"@id":"https:\/\/www.p31noticias.com.br\/#\/schema\/person\/95f2ece30e3b4132065b915150cd0f94"},"breadcrumb":{"@id":"https:\/\/www.p31noticias.com.br\/?p=23398#breadcrumb"},"inLanguage":"pt-BR","potentialAction":[{"@type":"ReadAction","target":["https:\/\/www.p31noticias.com.br\/?p=23398"]}]},{"@type":"ImageObject","inLanguage":"pt-BR","@id":"https:\/\/www.p31noticias.com.br\/?p=23398#primaryimage","url":"https:\/\/www.p31noticias.com.br\/wp-content\/uploads\/2021\/07\/1625974769_452_Albergues-viram-escolas-para-abrigar-56-mil-alunos.jpg","contentUrl":"https:\/\/www.p31noticias.com.br\/wp-content\/uploads\/2021\/07\/1625974769_452_Albergues-viram-escolas-para-abrigar-56-mil-alunos.jpg","width":500,"height":332},{"@type":"BreadcrumbList","@id":"https:\/\/www.p31noticias.com.br\/?p=23398#breadcrumb","itemListElement":[{"@type":"ListItem","position":1,"name":"In\u00edcio","item":"https:\/\/www.p31noticias.com.br\/"},{"@type":"ListItem","position":2,"name":"Albergues viram escolas para abrigar 5,6 mil alunos."}]},{"@type":"WebSite","@id":"https:\/\/www.p31noticias.com.br\/#website","url":"https:\/\/www.p31noticias.com.br\/","name":"P31","description":"NOT\u00cdCIAS","potentialAction":[{"@type":"SearchAction","target":{"@type":"EntryPoint","urlTemplate":"https:\/\/www.p31noticias.com.br\/?s={search_term_string}"},"query-input":{"@type":"PropertyValueSpecification","valueRequired":true,"valueName":"search_term_string"}}],"inLanguage":"pt-BR"},{"@type":"Person","@id":"https:\/\/www.p31noticias.com.br\/#\/schema\/person\/95f2ece30e3b4132065b915150cd0f94","name":"Gon\u00e7alves Junior","image":{"@type":"ImageObject","inLanguage":"pt-BR","@id":"https:\/\/secure.gravatar.com\/avatar\/6711f350116a89762687a48d66f723c799e5438a5b7578508d4294cd7a5d0800?s=96&d=mm&r=g","url":"https:\/\/secure.gravatar.com\/avatar\/6711f350116a89762687a48d66f723c799e5438a5b7578508d4294cd7a5d0800?s=96&d=mm&r=g","contentUrl":"https:\/\/secure.gravatar.com\/avatar\/6711f350116a89762687a48d66f723c799e5438a5b7578508d4294cd7a5d0800?s=96&d=mm&r=g","caption":"Gon\u00e7alves Junior"},"url":"https:\/\/www.p31noticias.com.br\/?author=2"}]}},"amp_enabled":true,"_links":{"self":[{"href":"https:\/\/www.p31noticias.com.br\/index.php?rest_route=\/wp\/v2\/posts\/23398","targetHints":{"allow":["GET"]}}],"collection":[{"href":"https:\/\/www.p31noticias.com.br\/index.php?rest_route=\/wp\/v2\/posts"}],"about":[{"href":"https:\/\/www.p31noticias.com.br\/index.php?rest_route=\/wp\/v2\/types\/post"}],"author":[{"embeddable":true,"href":"https:\/\/www.p31noticias.com.br\/index.php?rest_route=\/wp\/v2\/users\/2"}],"replies":[{"embeddable":true,"href":"https:\/\/www.p31noticias.com.br\/index.php?rest_route=%2Fwp%2Fv2%2Fcomments&post=23398"}],"version-history":[{"count":1,"href":"https:\/\/www.p31noticias.com.br\/index.php?rest_route=\/wp\/v2\/posts\/23398\/revisions"}],"predecessor-version":[{"id":23400,"href":"https:\/\/www.p31noticias.com.br\/index.php?rest_route=\/wp\/v2\/posts\/23398\/revisions\/23400"}],"wp:featuredmedia":[{"embeddable":true,"href":"https:\/\/www.p31noticias.com.br\/index.php?rest_route=\/wp\/v2\/media\/23399"}],"wp:attachment":[{"href":"https:\/\/www.p31noticias.com.br\/index.php?rest_route=%2Fwp%2Fv2%2Fmedia&parent=23398"}],"wp:term":[{"taxonomy":"category","embeddable":true,"href":"https:\/\/www.p31noticias.com.br\/index.php?rest_route=%2Fwp%2Fv2%2Fcategories&post=23398"},{"taxonomy":"post_tag","embeddable":true,"href":"https:\/\/www.p31noticias.com.br\/index.php?rest_route=%2Fwp%2Fv2%2Ftags&post=23398"}],"curies":[{"name":"wp","href":"https:\/\/api.w.org\/{rel}","templated":true}]}}