{"id":23387,"date":"2021-07-10T08:36:50","date_gmt":"2021-07-10T11:36:50","guid":{"rendered":"https:\/\/p31noticias.com.br\/?p=23387"},"modified":"2021-07-10T08:36:50","modified_gmt":"2021-07-10T11:36:50","slug":"parada-de-onibus-ganha-pintura-e-homenageia-relacao-do-brasil-com-israel","status":"publish","type":"post","link":"https:\/\/www.p31noticias.com.br\/?p=23387","title":{"rendered":"Parada de \u00f4nibus ganha pintura e homenageia rela\u00e7\u00e3o do Brasil com Israel."},"content":{"rendered":"<p style=\"text-align: justify;\"><em><strong>A\u00e7\u00e3o \u00e9 promovida pela Embaixada de Israel com o apoio do Escrit\u00f3rio de Assuntos Internacionais do GDF.<\/strong><\/em><\/p>\n<p style=\"text-align: justify;\">Uma das paradas de \u00f4nibus da Galeria dos Estados, localizada no Setor Comercial Sul de Bras\u00edlia (DF), est\u00e1 sendo reformada com uma arte muralista. A pintura faz refer\u00eancia \u00e0 rela\u00e7\u00e3o entre Israel e a capital do Brasil e \u00e9 realizada pela embaixada israelense com o apoio do Escrit\u00f3rio de Assuntos Internacionais do Governo do Distrito Federal (EAI-DF).<\/p>\n<p style=\"text-align: justify;\">Para a chefe da diplomacia p\u00fablica da Embaixada de Israel, Shani Tayar Rabinovich, a arte \u00e9 a melhor forma de homenagear as coisas que voc\u00ea ama e aprecia. \u201cDecidimos participar deste lindo projeto de restaura\u00e7\u00e3o de \u00e1reas centrais de Bras\u00edlia para celebrar a amizade e a coopera\u00e7\u00e3o entre nossas na\u00e7\u00f5es\u201d, destaca Shani.<\/p>\n<figure id=\"attachment_314272\" class=\"wp-caption alignleft\" aria-describedby=\"caption-attachment-314272\"><a href=\"http:\/\/www.agenciabrasilia.df.gov.br\/2021\/07\/09\/parada-de-onibus-ganha-pintura-e-homenageia-relacao-do-brasil-com-israel\/escolhidas-1-2-1\/\" target=\"_blank\" rel=\"attachment noopener wp-att-314272 noreferrer\"><img loading=\"lazy\" decoding=\"async\" class=\"wp-image-314272\" src=\"http:\/\/www.agenciabrasilia.df.gov.br\/wp-conteudo\/uploads\/2021\/07\/escolhidas-1-2-1-300x200.jpg\" sizes=\"auto, (max-width: 537px) 100vw, 537px\" srcset=\"https:\/\/www.agenciabrasilia.df.gov.br\/wp-conteudo\/uploads\/2021\/07\/escolhidas-1-2-1-300x200.jpg 300w, https:\/\/www.agenciabrasilia.df.gov.br\/wp-conteudo\/uploads\/2021\/07\/escolhidas-1-2-1-768x512.jpg 768w, https:\/\/www.agenciabrasilia.df.gov.br\/wp-conteudo\/uploads\/2021\/07\/escolhidas-1-2-1-1024x683.jpg 1024w, https:\/\/www.agenciabrasilia.df.gov.br\/wp-conteudo\/uploads\/2021\/07\/escolhidas-1-2-1-640x427.jpg 640w, https:\/\/www.agenciabrasilia.df.gov.br\/wp-conteudo\/uploads\/2021\/07\/escolhidas-1-2-1-149x99.jpg 149w, https:\/\/www.agenciabrasilia.df.gov.br\/wp-conteudo\/uploads\/2021\/07\/escolhidas-1-2-1-160x107.jpg 160w, https:\/\/www.agenciabrasilia.df.gov.br\/wp-conteudo\/uploads\/2021\/07\/escolhidas-1-2-1-256x171.jpg 256w, https:\/\/www.agenciabrasilia.df.gov.br\/wp-conteudo\/uploads\/2021\/07\/escolhidas-1-2-1-1200x800.jpg 1200w\" alt=\"\" width=\"537\" height=\"358\" \/><\/a><figcaption id=\"caption-attachment-314272\" class=\"wp-caption-text\">A a\u00e7\u00e3o faz parte de uma revitaliza\u00e7\u00e3o planejada para a Galeria dos Estados, que inclui a participa\u00e7\u00e3o de cerca de 100 artistas selecionados durante o 4\u00b0 Encontro do Graffiti\u00a0| Fotos: Na foto est\u00e3o os artistas Nivaldo Nunes e Geovani Pedroso, a chefe do EAI-DF, Renata Zuquim e a chefe da diplomacia p\u00fablica da Embaixada de Israel, Shani Tayar Rabinovich | Divulga\u00e7\u00e3o\/Escrit\u00f3rio de Assuntos Internacionais do Governo do Distrito Federal<\/figcaption><\/figure>\n<p style=\"text-align: justify;\">A chefe do EAI-DF, Renata Zuquim, acredita que a a\u00e7\u00e3o tem o potencial de promover as diversas culturas presentes na capital federal.<\/p>\n<p style=\"text-align: justify;\">\u201cNossa cidade re\u00fane in\u00fameras na\u00e7\u00f5es que t\u00eam muito a agregar. Retratar um pouco dessas culturas nas paradas de \u00f4nibus \u00e9 uma maneira de levar beleza e conhecimento \u00e0 popula\u00e7\u00e3o que utiliza esses locais diariamente\u201d, afirma.<\/p>\n<p style=\"text-align: justify;\">Carolina Souto, que frequenta a parada todos os dias, concorda. \u201c\u00c9 beleza, n\u00e3o \u00e9? Melhora o aspecto da cidade nas paradas de \u00f4nibus e traz at\u00e9 higiene, porque est\u00e1 pintando, est\u00e1 limpando, \u00e9 uma melhoria\u201d, diz.<\/p>\n<p style=\"text-align: justify;\"><strong>Desenho<\/strong><\/p>\n<p style=\"text-align: justify;\">Os artistas respons\u00e1veis pela arte muralista, Nivaldo Nunes e Geovani Pedroso, explicam que o objetivo de sua arte \u00e9 chegar o mais pr\u00f3ximo poss\u00edvel da realidade, ao mesmo tempo em que aplicam a t\u00e9cnica muralista. \u201cFizemos uma montagem com a Torre de Davi e o Mar Morto, pontos tur\u00edsticos muito conhecidos de Israel. Tamb\u00e9m integramos elementos de Bras\u00edlia como a Ponte JK e os tradicionais ip\u00eas\u201d, conta Pedroso ao exibir os rascunhos.<\/p>\n<p style=\"text-align: justify;\">\u201cNosso prop\u00f3sito \u00e9 tirar a polui\u00e7\u00e3o visual das paradas de \u00f4nibus da cidade, como picha\u00e7\u00f5es e colagem de cartazes. Ent\u00e3o, tiramos isso, pintamos de branco e depois cobrimos com o desenho\u201d, explica Nunes.<\/p>\n<p style=\"text-align: justify;\">A a\u00e7\u00e3o faz parte de uma revitaliza\u00e7\u00e3o planejada para a Galeria dos Estados, que inclui a participa\u00e7\u00e3o de cerca de 100 artistas selecionados durante o 4\u00b0 Encontro do Graffiti. O evento foi promovido pela Secretaria de Cultura e Economia Criativa (Secec) do GDF em 2020 e as pinturas est\u00e3o sendo feitas at\u00e9 o dia 11 de julho.<\/p>\n<figure id=\"attachment_314234\" class=\"wp-caption alignright\" aria-describedby=\"caption-attachment-314234\"><a href=\"http:\/\/www.agenciabrasilia.df.gov.br\/2021\/07\/09\/parada-de-onibus-ganha-pintura-e-homenageia-relacao-do-brasil-com-israel\/materia-3-2\/\" target=\"_blank\" rel=\"attachment noopener wp-att-314234 noreferrer\"><img loading=\"lazy\" decoding=\"async\" class=\"wp-image-314234\" src=\"http:\/\/www.agenciabrasilia.df.gov.br\/wp-conteudo\/uploads\/2021\/07\/materia-3-300x200.jpg\" sizes=\"auto, (max-width: 554px) 100vw, 554px\" srcset=\"https:\/\/www.agenciabrasilia.df.gov.br\/wp-conteudo\/uploads\/2021\/07\/materia-3-300x200.jpg 300w, https:\/\/www.agenciabrasilia.df.gov.br\/wp-conteudo\/uploads\/2021\/07\/materia-3-768x512.jpg 768w, https:\/\/www.agenciabrasilia.df.gov.br\/wp-conteudo\/uploads\/2021\/07\/materia-3-1024x683.jpg 1024w, https:\/\/www.agenciabrasilia.df.gov.br\/wp-conteudo\/uploads\/2021\/07\/materia-3-640x427.jpg 640w, https:\/\/www.agenciabrasilia.df.gov.br\/wp-conteudo\/uploads\/2021\/07\/materia-3-149x99.jpg 149w, https:\/\/www.agenciabrasilia.df.gov.br\/wp-conteudo\/uploads\/2021\/07\/materia-3-160x107.jpg 160w, https:\/\/www.agenciabrasilia.df.gov.br\/wp-conteudo\/uploads\/2021\/07\/materia-3-256x171.jpg 256w, https:\/\/www.agenciabrasilia.df.gov.br\/wp-conteudo\/uploads\/2021\/07\/materia-3-1200x800.jpg 1200w\" alt=\"\" width=\"554\" height=\"369\" \/><\/a><figcaption id=\"caption-attachment-314234\" class=\"wp-caption-text\">Os artistas respons\u00e1veis pela arte muralista, Nivaldo Nunes e Geovani Pedroso, explicam que o objetivo de sua arte \u00e9 chegar o mais pr\u00f3ximo poss\u00edvel da realidade, ao mesmo tempo em que aplicam a t\u00e9cnica muralista<\/figcaption><\/figure>\n<p style=\"text-align: justify;\">O uso do local onde est\u00e1 sendo feita a arte muralista que relaciona Israel e Bras\u00edlia foi autorizado ap\u00f3s uma articula\u00e7\u00e3o do EAI-DF com a Subsecretaria de Terminais (Suter), da Secretaria de Transportes e Mobilidade (Semob).<\/p>\n<p style=\"text-align: justify;\"><strong>Curiosidade<\/strong><\/p>\n<p style=\"text-align: justify;\">Os artistas Nivaldo e Geovani trabalham h\u00e1 anos com arte muralista e t\u00eam uma atua\u00e7\u00e3o social relevante por meio do Instituto de Artes Nivaldo Nunes (IANN), localizado em S\u00e3o Sebasti\u00e3o (DF).<\/p>\n<p style=\"text-align: justify;\">Atualmente, o IANN atende cerca de 300 crian\u00e7as carentes da regi\u00e3o com projetos de arte muralista, taekwondo e futebol. Por meio do projeto \u201cSua Cidade Mais Linda\u201d, eles j\u00e1 pintaram mais de 100 paradas de \u00f4nibus voluntariamente.<\/p>\n<p style=\"text-align: justify;\"><em>* Com informa\u00e7\u00f5es do Escrit\u00f3rio de Assuntos Internacionais do Governo do Distrito Federal\u00a0<\/em><\/p>\n","protected":false},"excerpt":{"rendered":"<p>A\u00e7\u00e3o \u00e9 promovida pela Embaixada de Israel com o apoio do Escrit\u00f3rio de Assuntos Internacionais do GDF. Uma das paradas de \u00f4nibus da Galeria dos Estados, localizada no Setor Comercial Sul de Bras\u00edlia (DF), est\u00e1 sendo reformada com uma arte muralista. A pintura faz refer\u00eancia \u00e0 rela\u00e7\u00e3o entre Israel e a capital do Brasil e [&hellip;]<\/p>\n","protected":false},"author":2,"featured_media":23388,"comment_status":"open","ping_status":"open","sticky":false,"template":"","format":"standard","meta":{"footnotes":""},"categories":[21],"tags":[],"class_list":{"0":"post-23387","1":"post","2":"type-post","3":"status-publish","4":"format-standard","5":"has-post-thumbnail","7":"category-brasilia"},"yoast_head":"<!-- This site is optimized with the Yoast SEO Premium plugin v24.5 (Yoast SEO v27.5) - https:\/\/yoast.com\/product\/yoast-seo-premium-wordpress\/ -->\n<title>Parada de \u00f4nibus ganha pintura e homenageia rela\u00e7\u00e3o do Brasil com Israel. - P31<\/title>\n<meta name=\"robots\" content=\"index, follow, max-snippet:-1, max-image-preview:large, max-video-preview:-1\" \/>\n<link rel=\"canonical\" href=\"https:\/\/www.p31noticias.com.br\/?p=23387\" \/>\n<meta property=\"og:locale\" content=\"pt_BR\" \/>\n<meta property=\"og:type\" content=\"article\" \/>\n<meta property=\"og:title\" content=\"Parada de \u00f4nibus ganha pintura e homenageia rela\u00e7\u00e3o do Brasil com Israel.\" \/>\n<meta property=\"og:description\" content=\"A\u00e7\u00e3o \u00e9 promovida pela Embaixada de Israel com o apoio do Escrit\u00f3rio de Assuntos Internacionais do GDF. Uma das paradas de \u00f4nibus da Galeria dos Estados, localizada no Setor Comercial Sul de Bras\u00edlia (DF), est\u00e1 sendo reformada com uma arte muralista. A pintura faz refer\u00eancia \u00e0 rela\u00e7\u00e3o entre Israel e a capital do Brasil e [&hellip;]\" \/>\n<meta property=\"og:url\" content=\"https:\/\/www.p31noticias.com.br\/?p=23387\" \/>\n<meta property=\"og:site_name\" content=\"P31\" \/>\n<meta property=\"article:published_time\" content=\"2021-07-10T11:36:50+00:00\" \/>\n<meta property=\"og:image\" content=\"https:\/\/www.p31noticias.com.br\/wp-content\/uploads\/2021\/07\/escolhidas-2-1-1-960x540-1.jpg\" \/>\n\t<meta property=\"og:image:width\" content=\"960\" \/>\n\t<meta property=\"og:image:height\" content=\"540\" \/>\n\t<meta property=\"og:image:type\" content=\"image\/jpeg\" \/>\n<meta name=\"author\" content=\"Gon\u00e7alves Junior\" \/>\n<meta name=\"twitter:card\" content=\"summary_large_image\" \/>\n<meta name=\"twitter:label1\" content=\"Escrito por\" \/>\n\t<meta name=\"twitter:data1\" content=\"Gon\u00e7alves Junior\" \/>\n\t<meta name=\"twitter:label2\" content=\"Est. tempo de leitura\" \/>\n\t<meta name=\"twitter:data2\" content=\"3 minutos\" \/>\n<script type=\"application\/ld+json\" class=\"yoast-schema-graph\">{\"@context\":\"https:\\\/\\\/schema.org\",\"@graph\":[{\"@type\":\"Article\",\"@id\":\"https:\\\/\\\/www.p31noticias.com.br\\\/?p=23387#article\",\"isPartOf\":{\"@id\":\"https:\\\/\\\/www.p31noticias.com.br\\\/?p=23387\"},\"author\":{\"name\":\"Gon\u00e7alves Junior\",\"@id\":\"https:\\\/\\\/www.p31noticias.com.br\\\/#\\\/schema\\\/person\\\/95f2ece30e3b4132065b915150cd0f94\"},\"headline\":\"Parada de \u00f4nibus ganha pintura e homenageia rela\u00e7\u00e3o do Brasil com Israel.\",\"datePublished\":\"2021-07-10T11:36:50+00:00\",\"mainEntityOfPage\":{\"@id\":\"https:\\\/\\\/www.p31noticias.com.br\\\/?p=23387\"},\"wordCount\":652,\"commentCount\":0,\"image\":{\"@id\":\"https:\\\/\\\/www.p31noticias.com.br\\\/?p=23387#primaryimage\"},\"thumbnailUrl\":\"https:\\\/\\\/www.p31noticias.com.br\\\/wp-content\\\/uploads\\\/2021\\\/07\\\/escolhidas-2-1-1-960x540-1.jpg\",\"articleSection\":[\"Bras\u00edlia\"],\"inLanguage\":\"pt-BR\",\"potentialAction\":[{\"@type\":\"CommentAction\",\"name\":\"Comment\",\"target\":[\"https:\\\/\\\/www.p31noticias.com.br\\\/?p=23387#respond\"]}],\"copyrightYear\":\"2021\",\"copyrightHolder\":{\"@id\":\"https:\\\/\\\/www.p31noticias.com.br\\\/#organization\"}},{\"@type\":\"WebPage\",\"@id\":\"https:\\\/\\\/www.p31noticias.com.br\\\/?p=23387\",\"url\":\"https:\\\/\\\/www.p31noticias.com.br\\\/?p=23387\",\"name\":\"Parada de \u00f4nibus ganha pintura e homenageia rela\u00e7\u00e3o do Brasil com Israel. - P31\",\"isPartOf\":{\"@id\":\"https:\\\/\\\/www.p31noticias.com.br\\\/#website\"},\"primaryImageOfPage\":{\"@id\":\"https:\\\/\\\/www.p31noticias.com.br\\\/?p=23387#primaryimage\"},\"image\":{\"@id\":\"https:\\\/\\\/www.p31noticias.com.br\\\/?p=23387#primaryimage\"},\"thumbnailUrl\":\"https:\\\/\\\/www.p31noticias.com.br\\\/wp-content\\\/uploads\\\/2021\\\/07\\\/escolhidas-2-1-1-960x540-1.jpg\",\"datePublished\":\"2021-07-10T11:36:50+00:00\",\"author\":{\"@id\":\"https:\\\/\\\/www.p31noticias.com.br\\\/#\\\/schema\\\/person\\\/95f2ece30e3b4132065b915150cd0f94\"},\"breadcrumb\":{\"@id\":\"https:\\\/\\\/www.p31noticias.com.br\\\/?p=23387#breadcrumb\"},\"inLanguage\":\"pt-BR\",\"potentialAction\":[{\"@type\":\"ReadAction\",\"target\":[\"https:\\\/\\\/www.p31noticias.com.br\\\/?p=23387\"]}]},{\"@type\":\"ImageObject\",\"inLanguage\":\"pt-BR\",\"@id\":\"https:\\\/\\\/www.p31noticias.com.br\\\/?p=23387#primaryimage\",\"url\":\"https:\\\/\\\/www.p31noticias.com.br\\\/wp-content\\\/uploads\\\/2021\\\/07\\\/escolhidas-2-1-1-960x540-1.jpg\",\"contentUrl\":\"https:\\\/\\\/www.p31noticias.com.br\\\/wp-content\\\/uploads\\\/2021\\\/07\\\/escolhidas-2-1-1-960x540-1.jpg\",\"width\":960,\"height\":540},{\"@type\":\"BreadcrumbList\",\"@id\":\"https:\\\/\\\/www.p31noticias.com.br\\\/?p=23387#breadcrumb\",\"itemListElement\":[{\"@type\":\"ListItem\",\"position\":1,\"name\":\"In\u00edcio\",\"item\":\"https:\\\/\\\/www.p31noticias.com.br\\\/\"},{\"@type\":\"ListItem\",\"position\":2,\"name\":\"Parada de \u00f4nibus ganha pintura e homenageia rela\u00e7\u00e3o do Brasil com Israel.\"}]},{\"@type\":\"WebSite\",\"@id\":\"https:\\\/\\\/www.p31noticias.com.br\\\/#website\",\"url\":\"https:\\\/\\\/www.p31noticias.com.br\\\/\",\"name\":\"P31\",\"description\":\"NOT\u00cdCIAS\",\"potentialAction\":[{\"@type\":\"SearchAction\",\"target\":{\"@type\":\"EntryPoint\",\"urlTemplate\":\"https:\\\/\\\/www.p31noticias.com.br\\\/?s={search_term_string}\"},\"query-input\":{\"@type\":\"PropertyValueSpecification\",\"valueRequired\":true,\"valueName\":\"search_term_string\"}}],\"inLanguage\":\"pt-BR\"},{\"@type\":\"Person\",\"@id\":\"https:\\\/\\\/www.p31noticias.com.br\\\/#\\\/schema\\\/person\\\/95f2ece30e3b4132065b915150cd0f94\",\"name\":\"Gon\u00e7alves Junior\",\"image\":{\"@type\":\"ImageObject\",\"inLanguage\":\"pt-BR\",\"@id\":\"https:\\\/\\\/secure.gravatar.com\\\/avatar\\\/6711f350116a89762687a48d66f723c799e5438a5b7578508d4294cd7a5d0800?s=96&d=mm&r=g\",\"url\":\"https:\\\/\\\/secure.gravatar.com\\\/avatar\\\/6711f350116a89762687a48d66f723c799e5438a5b7578508d4294cd7a5d0800?s=96&d=mm&r=g\",\"contentUrl\":\"https:\\\/\\\/secure.gravatar.com\\\/avatar\\\/6711f350116a89762687a48d66f723c799e5438a5b7578508d4294cd7a5d0800?s=96&d=mm&r=g\",\"caption\":\"Gon\u00e7alves Junior\"},\"url\":\"https:\\\/\\\/www.p31noticias.com.br\\\/?author=2\"}]}<\/script>\n<!-- \/ Yoast SEO Premium plugin. -->","yoast_head_json":{"title":"Parada de \u00f4nibus ganha pintura e homenageia rela\u00e7\u00e3o do Brasil com Israel. - P31","robots":{"index":"index","follow":"follow","max-snippet":"max-snippet:-1","max-image-preview":"max-image-preview:large","max-video-preview":"max-video-preview:-1"},"canonical":"https:\/\/www.p31noticias.com.br\/?p=23387","og_locale":"pt_BR","og_type":"article","og_title":"Parada de \u00f4nibus ganha pintura e homenageia rela\u00e7\u00e3o do Brasil com Israel.","og_description":"A\u00e7\u00e3o \u00e9 promovida pela Embaixada de Israel com o apoio do Escrit\u00f3rio de Assuntos Internacionais do GDF. Uma das paradas de \u00f4nibus da Galeria dos Estados, localizada no Setor Comercial Sul de Bras\u00edlia (DF), est\u00e1 sendo reformada com uma arte muralista. A pintura faz refer\u00eancia \u00e0 rela\u00e7\u00e3o entre Israel e a capital do Brasil e [&hellip;]","og_url":"https:\/\/www.p31noticias.com.br\/?p=23387","og_site_name":"P31","article_published_time":"2021-07-10T11:36:50+00:00","og_image":[{"width":960,"height":540,"url":"https:\/\/www.p31noticias.com.br\/wp-content\/uploads\/2021\/07\/escolhidas-2-1-1-960x540-1.jpg","type":"image\/jpeg"}],"author":"Gon\u00e7alves Junior","twitter_card":"summary_large_image","twitter_misc":{"Escrito por":"Gon\u00e7alves Junior","Est. tempo de leitura":"3 minutos"},"schema":{"@context":"https:\/\/schema.org","@graph":[{"@type":"Article","@id":"https:\/\/www.p31noticias.com.br\/?p=23387#article","isPartOf":{"@id":"https:\/\/www.p31noticias.com.br\/?p=23387"},"author":{"name":"Gon\u00e7alves Junior","@id":"https:\/\/www.p31noticias.com.br\/#\/schema\/person\/95f2ece30e3b4132065b915150cd0f94"},"headline":"Parada de \u00f4nibus ganha pintura e homenageia rela\u00e7\u00e3o do Brasil com Israel.","datePublished":"2021-07-10T11:36:50+00:00","mainEntityOfPage":{"@id":"https:\/\/www.p31noticias.com.br\/?p=23387"},"wordCount":652,"commentCount":0,"image":{"@id":"https:\/\/www.p31noticias.com.br\/?p=23387#primaryimage"},"thumbnailUrl":"https:\/\/www.p31noticias.com.br\/wp-content\/uploads\/2021\/07\/escolhidas-2-1-1-960x540-1.jpg","articleSection":["Bras\u00edlia"],"inLanguage":"pt-BR","potentialAction":[{"@type":"CommentAction","name":"Comment","target":["https:\/\/www.p31noticias.com.br\/?p=23387#respond"]}],"copyrightYear":"2021","copyrightHolder":{"@id":"https:\/\/www.p31noticias.com.br\/#organization"}},{"@type":"WebPage","@id":"https:\/\/www.p31noticias.com.br\/?p=23387","url":"https:\/\/www.p31noticias.com.br\/?p=23387","name":"Parada de \u00f4nibus ganha pintura e homenageia rela\u00e7\u00e3o do Brasil com Israel. - P31","isPartOf":{"@id":"https:\/\/www.p31noticias.com.br\/#website"},"primaryImageOfPage":{"@id":"https:\/\/www.p31noticias.com.br\/?p=23387#primaryimage"},"image":{"@id":"https:\/\/www.p31noticias.com.br\/?p=23387#primaryimage"},"thumbnailUrl":"https:\/\/www.p31noticias.com.br\/wp-content\/uploads\/2021\/07\/escolhidas-2-1-1-960x540-1.jpg","datePublished":"2021-07-10T11:36:50+00:00","author":{"@id":"https:\/\/www.p31noticias.com.br\/#\/schema\/person\/95f2ece30e3b4132065b915150cd0f94"},"breadcrumb":{"@id":"https:\/\/www.p31noticias.com.br\/?p=23387#breadcrumb"},"inLanguage":"pt-BR","potentialAction":[{"@type":"ReadAction","target":["https:\/\/www.p31noticias.com.br\/?p=23387"]}]},{"@type":"ImageObject","inLanguage":"pt-BR","@id":"https:\/\/www.p31noticias.com.br\/?p=23387#primaryimage","url":"https:\/\/www.p31noticias.com.br\/wp-content\/uploads\/2021\/07\/escolhidas-2-1-1-960x540-1.jpg","contentUrl":"https:\/\/www.p31noticias.com.br\/wp-content\/uploads\/2021\/07\/escolhidas-2-1-1-960x540-1.jpg","width":960,"height":540},{"@type":"BreadcrumbList","@id":"https:\/\/www.p31noticias.com.br\/?p=23387#breadcrumb","itemListElement":[{"@type":"ListItem","position":1,"name":"In\u00edcio","item":"https:\/\/www.p31noticias.com.br\/"},{"@type":"ListItem","position":2,"name":"Parada de \u00f4nibus ganha pintura e homenageia rela\u00e7\u00e3o do Brasil com Israel."}]},{"@type":"WebSite","@id":"https:\/\/www.p31noticias.com.br\/#website","url":"https:\/\/www.p31noticias.com.br\/","name":"P31","description":"NOT\u00cdCIAS","potentialAction":[{"@type":"SearchAction","target":{"@type":"EntryPoint","urlTemplate":"https:\/\/www.p31noticias.com.br\/?s={search_term_string}"},"query-input":{"@type":"PropertyValueSpecification","valueRequired":true,"valueName":"search_term_string"}}],"inLanguage":"pt-BR"},{"@type":"Person","@id":"https:\/\/www.p31noticias.com.br\/#\/schema\/person\/95f2ece30e3b4132065b915150cd0f94","name":"Gon\u00e7alves Junior","image":{"@type":"ImageObject","inLanguage":"pt-BR","@id":"https:\/\/secure.gravatar.com\/avatar\/6711f350116a89762687a48d66f723c799e5438a5b7578508d4294cd7a5d0800?s=96&d=mm&r=g","url":"https:\/\/secure.gravatar.com\/avatar\/6711f350116a89762687a48d66f723c799e5438a5b7578508d4294cd7a5d0800?s=96&d=mm&r=g","contentUrl":"https:\/\/secure.gravatar.com\/avatar\/6711f350116a89762687a48d66f723c799e5438a5b7578508d4294cd7a5d0800?s=96&d=mm&r=g","caption":"Gon\u00e7alves Junior"},"url":"https:\/\/www.p31noticias.com.br\/?author=2"}]}},"amp_enabled":true,"_links":{"self":[{"href":"https:\/\/www.p31noticias.com.br\/index.php?rest_route=\/wp\/v2\/posts\/23387","targetHints":{"allow":["GET"]}}],"collection":[{"href":"https:\/\/www.p31noticias.com.br\/index.php?rest_route=\/wp\/v2\/posts"}],"about":[{"href":"https:\/\/www.p31noticias.com.br\/index.php?rest_route=\/wp\/v2\/types\/post"}],"author":[{"embeddable":true,"href":"https:\/\/www.p31noticias.com.br\/index.php?rest_route=\/wp\/v2\/users\/2"}],"replies":[{"embeddable":true,"href":"https:\/\/www.p31noticias.com.br\/index.php?rest_route=%2Fwp%2Fv2%2Fcomments&post=23387"}],"version-history":[{"count":1,"href":"https:\/\/www.p31noticias.com.br\/index.php?rest_route=\/wp\/v2\/posts\/23387\/revisions"}],"predecessor-version":[{"id":23389,"href":"https:\/\/www.p31noticias.com.br\/index.php?rest_route=\/wp\/v2\/posts\/23387\/revisions\/23389"}],"wp:featuredmedia":[{"embeddable":true,"href":"https:\/\/www.p31noticias.com.br\/index.php?rest_route=\/wp\/v2\/media\/23388"}],"wp:attachment":[{"href":"https:\/\/www.p31noticias.com.br\/index.php?rest_route=%2Fwp%2Fv2%2Fmedia&parent=23387"}],"wp:term":[{"taxonomy":"category","embeddable":true,"href":"https:\/\/www.p31noticias.com.br\/index.php?rest_route=%2Fwp%2Fv2%2Fcategories&post=23387"},{"taxonomy":"post_tag","embeddable":true,"href":"https:\/\/www.p31noticias.com.br\/index.php?rest_route=%2Fwp%2Fv2%2Ftags&post=23387"}],"curies":[{"name":"wp","href":"https:\/\/api.w.org\/{rel}","templated":true}]}}