{"id":23377,"date":"2021-07-09T11:10:51","date_gmt":"2021-07-09T14:10:51","guid":{"rendered":"https:\/\/p31noticias.com.br\/?p=23377"},"modified":"2021-07-09T11:10:51","modified_gmt":"2021-07-09T14:10:51","slug":"brasil-ultrapassa-marca-de-110-milhoes-de-doses-de-vacinas-aplicadas","status":"publish","type":"post","link":"https:\/\/www.p31noticias.com.br\/?p=23377","title":{"rendered":"Brasil ultrapassa marca de 110 milh\u00f5es de doses de vacinas aplicadas"},"content":{"rendered":"<p>Mais de 110 milh\u00f5es de doses de vacinas contra a covid-19 j\u00e1 foram aplicadas no Brasil, o que significa que mais da metade da popula\u00e7\u00e3o vacin\u00e1vel j\u00e1 receberam pelo menos uma dose de imunizante, ou seja, mais de 80 milh\u00f5es de pessoas.<\/p>\n<p>No pa\u00eds, considera-se p\u00fablico vacin\u00e1vel pessoas maiores de 18 anos, correspondendo a cerca de 160 milh\u00f5es de brasileiros. J\u00e1 foram distribu\u00eddas, pelo Minist\u00e9rio da Sa\u00fade, mais 143 milh\u00f5es de doses de vacinas para os estados e o Distrito Federal, possibilitando a imuniza\u00e7\u00e3o de 100% dos grupos priorit\u00e1rios da campanha, com pelo menos uma dose da vacina.<\/p>\n<p>O ministro da Sa\u00fade, Marcelo Queiroga, disse que essa marca vai al\u00e9m dos n\u00fameros. \u201cOs efeitos da nossa campanha de vacina\u00e7\u00e3o podem ser percebidos na redu\u00e7\u00e3o de \u00f3bitos e de interna\u00e7\u00f5es decorrentes da doen\u00e7a. Estamos no caminho certo para salvar cada vez mais vidas\u201d.<\/p>\n<p>O ministro ressaltou a import\u00e2ncia de a popula\u00e7\u00e3o completar o esquema vacinal com as duas doses dos imunizantes. \u201cA melhor vacina \u00e9 aquela aplicada no bra\u00e7o do brasileiro. E, para que ela tenha o efeito desejado, \u00e9 preciso que a pessoa v\u00e1 at\u00e9 o local de vacina\u00e7\u00e3o no prazo correto e tome a segunda dose. S\u00f3 assim a imuniza\u00e7\u00e3o estar\u00e1 completa\u201d, disse.<\/p>\n<p>Nessa quarta-feira (7), o minist\u00e9rio lan\u00e7ou campanha para incentivar a vacina\u00e7\u00e3o com a segunda dose do imunizante. Entre as vacinas liberadas pela Ag\u00eancia Nacional de Vigil\u00e2ncia Sanit\u00e1ria (Anvisa), para serem aplicadas no Brasil, est\u00e3o a AstraZeneca\/Fiocruz, Pfizer\/BioNTech e Coronavac\/Butantan. Apenas a Janssen, da farmac\u00eautica Johnson &#038; Johnson, \u00e9 dose \u00fanica.<\/p>\n<p>*Com informa\u00e7\u00f5es do Minist\u00e9rio da Sa\u00fade<\/p>\n","protected":false},"excerpt":{"rendered":"<p>Mais de 110 milh\u00f5es de doses de vacinas contra a covid-19 j\u00e1 foram aplicadas no Brasil, o que significa que mais da metade da popula\u00e7\u00e3o vacin\u00e1vel j\u00e1 receberam pelo menos uma dose de imunizante, ou seja, mais de 80 milh\u00f5es de pessoas. No pa\u00eds, considera-se p\u00fablico vacin\u00e1vel pessoas maiores de 18 anos, correspondendo a cerca [&hellip;]<\/p>\n","protected":false},"author":18,"featured_media":23378,"comment_status":"open","ping_status":"open","sticky":false,"template":"","format":"standard","meta":{"footnotes":""},"categories":[68],"tags":[],"class_list":{"0":"post-23377","1":"post","2":"type-post","3":"status-publish","4":"format-standard","5":"has-post-thumbnail","7":"category-brasil"},"yoast_head":"<!-- This site is optimized with the Yoast SEO Premium plugin v24.5 (Yoast SEO v27.5) - https:\/\/yoast.com\/product\/yoast-seo-premium-wordpress\/ -->\n<title>Brasil ultrapassa marca de 110 milh\u00f5es de doses de vacinas aplicadas - P31<\/title>\n<meta name=\"robots\" content=\"index, follow, max-snippet:-1, max-image-preview:large, max-video-preview:-1\" \/>\n<link rel=\"canonical\" href=\"https:\/\/www.p31noticias.com.br\/?p=23377\" \/>\n<meta property=\"og:locale\" content=\"pt_BR\" \/>\n<meta property=\"og:type\" content=\"article\" \/>\n<meta property=\"og:title\" content=\"Brasil ultrapassa marca de 110 milh\u00f5es de doses de vacinas aplicadas\" \/>\n<meta property=\"og:description\" content=\"Mais de 110 milh\u00f5es de doses de vacinas contra a covid-19 j\u00e1 foram aplicadas no Brasil, o que significa que mais da metade da popula\u00e7\u00e3o vacin\u00e1vel j\u00e1 receberam pelo menos uma dose de imunizante, ou seja, mais de 80 milh\u00f5es de pessoas. No pa\u00eds, considera-se p\u00fablico vacin\u00e1vel pessoas maiores de 18 anos, correspondendo a cerca [&hellip;]\" \/>\n<meta property=\"og:url\" content=\"https:\/\/www.p31noticias.com.br\/?p=23377\" \/>\n<meta property=\"og:site_name\" content=\"P31\" \/>\n<meta property=\"article:published_time\" content=\"2021-07-09T14:10:51+00:00\" \/>\n<meta property=\"og:image\" content=\"https:\/\/www.p31noticias.com.br\/wp-content\/uploads\/2021\/07\/vacinacao_gestantes_queiroga.jpg\" \/>\n\t<meta property=\"og:image:width\" content=\"1170\" \/>\n\t<meta property=\"og:image:height\" content=\"700\" \/>\n\t<meta property=\"og:image:type\" content=\"image\/jpeg\" \/>\n<meta name=\"author\" content=\"Reda\u00e7\u00e3o JBN\" \/>\n<meta name=\"twitter:card\" content=\"summary_large_image\" \/>\n<meta name=\"twitter:label1\" content=\"Escrito por\" \/>\n\t<meta name=\"twitter:data1\" content=\"Reda\u00e7\u00e3o JBN\" \/>\n\t<meta name=\"twitter:label2\" content=\"Est. tempo de leitura\" \/>\n\t<meta name=\"twitter:data2\" content=\"1 minuto\" \/>\n<script type=\"application\/ld+json\" class=\"yoast-schema-graph\">{\"@context\":\"https:\\\/\\\/schema.org\",\"@graph\":[{\"@type\":\"Article\",\"@id\":\"https:\\\/\\\/www.p31noticias.com.br\\\/?p=23377#article\",\"isPartOf\":{\"@id\":\"https:\\\/\\\/www.p31noticias.com.br\\\/?p=23377\"},\"author\":{\"name\":\"Reda\u00e7\u00e3o JBN\",\"@id\":\"https:\\\/\\\/www.p31noticias.com.br\\\/#\\\/schema\\\/person\\\/77d6b186c710ac38937c6ec204fdd387\"},\"headline\":\"Brasil ultrapassa marca de 110 milh\u00f5es de doses de vacinas aplicadas\",\"datePublished\":\"2021-07-09T14:10:51+00:00\",\"mainEntityOfPage\":{\"@id\":\"https:\\\/\\\/www.p31noticias.com.br\\\/?p=23377\"},\"wordCount\":300,\"commentCount\":0,\"image\":{\"@id\":\"https:\\\/\\\/www.p31noticias.com.br\\\/?p=23377#primaryimage\"},\"thumbnailUrl\":\"https:\\\/\\\/www.p31noticias.com.br\\\/wp-content\\\/uploads\\\/2021\\\/07\\\/vacinacao_gestantes_queiroga.jpg\",\"articleSection\":[\"Brasil\"],\"inLanguage\":\"pt-BR\",\"potentialAction\":[{\"@type\":\"CommentAction\",\"name\":\"Comment\",\"target\":[\"https:\\\/\\\/www.p31noticias.com.br\\\/?p=23377#respond\"]}],\"copyrightYear\":\"2021\",\"copyrightHolder\":{\"@id\":\"https:\\\/\\\/www.p31noticias.com.br\\\/#organization\"}},{\"@type\":\"WebPage\",\"@id\":\"https:\\\/\\\/www.p31noticias.com.br\\\/?p=23377\",\"url\":\"https:\\\/\\\/www.p31noticias.com.br\\\/?p=23377\",\"name\":\"Brasil ultrapassa marca de 110 milh\u00f5es de doses de vacinas aplicadas - P31\",\"isPartOf\":{\"@id\":\"https:\\\/\\\/www.p31noticias.com.br\\\/#website\"},\"primaryImageOfPage\":{\"@id\":\"https:\\\/\\\/www.p31noticias.com.br\\\/?p=23377#primaryimage\"},\"image\":{\"@id\":\"https:\\\/\\\/www.p31noticias.com.br\\\/?p=23377#primaryimage\"},\"thumbnailUrl\":\"https:\\\/\\\/www.p31noticias.com.br\\\/wp-content\\\/uploads\\\/2021\\\/07\\\/vacinacao_gestantes_queiroga.jpg\",\"datePublished\":\"2021-07-09T14:10:51+00:00\",\"author\":{\"@id\":\"https:\\\/\\\/www.p31noticias.com.br\\\/#\\\/schema\\\/person\\\/77d6b186c710ac38937c6ec204fdd387\"},\"breadcrumb\":{\"@id\":\"https:\\\/\\\/www.p31noticias.com.br\\\/?p=23377#breadcrumb\"},\"inLanguage\":\"pt-BR\",\"potentialAction\":[{\"@type\":\"ReadAction\",\"target\":[\"https:\\\/\\\/www.p31noticias.com.br\\\/?p=23377\"]}]},{\"@type\":\"ImageObject\",\"inLanguage\":\"pt-BR\",\"@id\":\"https:\\\/\\\/www.p31noticias.com.br\\\/?p=23377#primaryimage\",\"url\":\"https:\\\/\\\/www.p31noticias.com.br\\\/wp-content\\\/uploads\\\/2021\\\/07\\\/vacinacao_gestantes_queiroga.jpg\",\"contentUrl\":\"https:\\\/\\\/www.p31noticias.com.br\\\/wp-content\\\/uploads\\\/2021\\\/07\\\/vacinacao_gestantes_queiroga.jpg\",\"width\":1170,\"height\":700},{\"@type\":\"BreadcrumbList\",\"@id\":\"https:\\\/\\\/www.p31noticias.com.br\\\/?p=23377#breadcrumb\",\"itemListElement\":[{\"@type\":\"ListItem\",\"position\":1,\"name\":\"In\u00edcio\",\"item\":\"https:\\\/\\\/www.p31noticias.com.br\\\/\"},{\"@type\":\"ListItem\",\"position\":2,\"name\":\"Brasil ultrapassa marca de 110 milh\u00f5es de doses de vacinas aplicadas\"}]},{\"@type\":\"WebSite\",\"@id\":\"https:\\\/\\\/www.p31noticias.com.br\\\/#website\",\"url\":\"https:\\\/\\\/www.p31noticias.com.br\\\/\",\"name\":\"P31\",\"description\":\"NOT\u00cdCIAS\",\"potentialAction\":[{\"@type\":\"SearchAction\",\"target\":{\"@type\":\"EntryPoint\",\"urlTemplate\":\"https:\\\/\\\/www.p31noticias.com.br\\\/?s={search_term_string}\"},\"query-input\":{\"@type\":\"PropertyValueSpecification\",\"valueRequired\":true,\"valueName\":\"search_term_string\"}}],\"inLanguage\":\"pt-BR\"},{\"@type\":\"Person\",\"@id\":\"https:\\\/\\\/www.p31noticias.com.br\\\/#\\\/schema\\\/person\\\/77d6b186c710ac38937c6ec204fdd387\",\"name\":\"Reda\u00e7\u00e3o JBN\",\"image\":{\"@type\":\"ImageObject\",\"inLanguage\":\"pt-BR\",\"@id\":\"https:\\\/\\\/secure.gravatar.com\\\/avatar\\\/10fcdb93211f98cce3d64c0795b0915a9a4a21dc0f279238995a3dbfafcad090?s=96&d=mm&r=g\",\"url\":\"https:\\\/\\\/secure.gravatar.com\\\/avatar\\\/10fcdb93211f98cce3d64c0795b0915a9a4a21dc0f279238995a3dbfafcad090?s=96&d=mm&r=g\",\"contentUrl\":\"https:\\\/\\\/secure.gravatar.com\\\/avatar\\\/10fcdb93211f98cce3d64c0795b0915a9a4a21dc0f279238995a3dbfafcad090?s=96&d=mm&r=g\",\"caption\":\"Reda\u00e7\u00e3o JBN\"},\"sameAs\":[\"https:\\\/\\\/p31noticias.com.br\"],\"url\":\"https:\\\/\\\/www.p31noticias.com.br\\\/?author=18\"}]}<\/script>\n<!-- \/ Yoast SEO Premium plugin. -->","yoast_head_json":{"title":"Brasil ultrapassa marca de 110 milh\u00f5es de doses de vacinas aplicadas - P31","robots":{"index":"index","follow":"follow","max-snippet":"max-snippet:-1","max-image-preview":"max-image-preview:large","max-video-preview":"max-video-preview:-1"},"canonical":"https:\/\/www.p31noticias.com.br\/?p=23377","og_locale":"pt_BR","og_type":"article","og_title":"Brasil ultrapassa marca de 110 milh\u00f5es de doses de vacinas aplicadas","og_description":"Mais de 110 milh\u00f5es de doses de vacinas contra a covid-19 j\u00e1 foram aplicadas no Brasil, o que significa que mais da metade da popula\u00e7\u00e3o vacin\u00e1vel j\u00e1 receberam pelo menos uma dose de imunizante, ou seja, mais de 80 milh\u00f5es de pessoas. No pa\u00eds, considera-se p\u00fablico vacin\u00e1vel pessoas maiores de 18 anos, correspondendo a cerca [&hellip;]","og_url":"https:\/\/www.p31noticias.com.br\/?p=23377","og_site_name":"P31","article_published_time":"2021-07-09T14:10:51+00:00","og_image":[{"width":1170,"height":700,"url":"https:\/\/www.p31noticias.com.br\/wp-content\/uploads\/2021\/07\/vacinacao_gestantes_queiroga.jpg","type":"image\/jpeg"}],"author":"Reda\u00e7\u00e3o JBN","twitter_card":"summary_large_image","twitter_misc":{"Escrito por":"Reda\u00e7\u00e3o JBN","Est. tempo de leitura":"1 minuto"},"schema":{"@context":"https:\/\/schema.org","@graph":[{"@type":"Article","@id":"https:\/\/www.p31noticias.com.br\/?p=23377#article","isPartOf":{"@id":"https:\/\/www.p31noticias.com.br\/?p=23377"},"author":{"name":"Reda\u00e7\u00e3o JBN","@id":"https:\/\/www.p31noticias.com.br\/#\/schema\/person\/77d6b186c710ac38937c6ec204fdd387"},"headline":"Brasil ultrapassa marca de 110 milh\u00f5es de doses de vacinas aplicadas","datePublished":"2021-07-09T14:10:51+00:00","mainEntityOfPage":{"@id":"https:\/\/www.p31noticias.com.br\/?p=23377"},"wordCount":300,"commentCount":0,"image":{"@id":"https:\/\/www.p31noticias.com.br\/?p=23377#primaryimage"},"thumbnailUrl":"https:\/\/www.p31noticias.com.br\/wp-content\/uploads\/2021\/07\/vacinacao_gestantes_queiroga.jpg","articleSection":["Brasil"],"inLanguage":"pt-BR","potentialAction":[{"@type":"CommentAction","name":"Comment","target":["https:\/\/www.p31noticias.com.br\/?p=23377#respond"]}],"copyrightYear":"2021","copyrightHolder":{"@id":"https:\/\/www.p31noticias.com.br\/#organization"}},{"@type":"WebPage","@id":"https:\/\/www.p31noticias.com.br\/?p=23377","url":"https:\/\/www.p31noticias.com.br\/?p=23377","name":"Brasil ultrapassa marca de 110 milh\u00f5es de doses de vacinas aplicadas - P31","isPartOf":{"@id":"https:\/\/www.p31noticias.com.br\/#website"},"primaryImageOfPage":{"@id":"https:\/\/www.p31noticias.com.br\/?p=23377#primaryimage"},"image":{"@id":"https:\/\/www.p31noticias.com.br\/?p=23377#primaryimage"},"thumbnailUrl":"https:\/\/www.p31noticias.com.br\/wp-content\/uploads\/2021\/07\/vacinacao_gestantes_queiroga.jpg","datePublished":"2021-07-09T14:10:51+00:00","author":{"@id":"https:\/\/www.p31noticias.com.br\/#\/schema\/person\/77d6b186c710ac38937c6ec204fdd387"},"breadcrumb":{"@id":"https:\/\/www.p31noticias.com.br\/?p=23377#breadcrumb"},"inLanguage":"pt-BR","potentialAction":[{"@type":"ReadAction","target":["https:\/\/www.p31noticias.com.br\/?p=23377"]}]},{"@type":"ImageObject","inLanguage":"pt-BR","@id":"https:\/\/www.p31noticias.com.br\/?p=23377#primaryimage","url":"https:\/\/www.p31noticias.com.br\/wp-content\/uploads\/2021\/07\/vacinacao_gestantes_queiroga.jpg","contentUrl":"https:\/\/www.p31noticias.com.br\/wp-content\/uploads\/2021\/07\/vacinacao_gestantes_queiroga.jpg","width":1170,"height":700},{"@type":"BreadcrumbList","@id":"https:\/\/www.p31noticias.com.br\/?p=23377#breadcrumb","itemListElement":[{"@type":"ListItem","position":1,"name":"In\u00edcio","item":"https:\/\/www.p31noticias.com.br\/"},{"@type":"ListItem","position":2,"name":"Brasil ultrapassa marca de 110 milh\u00f5es de doses de vacinas aplicadas"}]},{"@type":"WebSite","@id":"https:\/\/www.p31noticias.com.br\/#website","url":"https:\/\/www.p31noticias.com.br\/","name":"P31","description":"NOT\u00cdCIAS","potentialAction":[{"@type":"SearchAction","target":{"@type":"EntryPoint","urlTemplate":"https:\/\/www.p31noticias.com.br\/?s={search_term_string}"},"query-input":{"@type":"PropertyValueSpecification","valueRequired":true,"valueName":"search_term_string"}}],"inLanguage":"pt-BR"},{"@type":"Person","@id":"https:\/\/www.p31noticias.com.br\/#\/schema\/person\/77d6b186c710ac38937c6ec204fdd387","name":"Reda\u00e7\u00e3o JBN","image":{"@type":"ImageObject","inLanguage":"pt-BR","@id":"https:\/\/secure.gravatar.com\/avatar\/10fcdb93211f98cce3d64c0795b0915a9a4a21dc0f279238995a3dbfafcad090?s=96&d=mm&r=g","url":"https:\/\/secure.gravatar.com\/avatar\/10fcdb93211f98cce3d64c0795b0915a9a4a21dc0f279238995a3dbfafcad090?s=96&d=mm&r=g","contentUrl":"https:\/\/secure.gravatar.com\/avatar\/10fcdb93211f98cce3d64c0795b0915a9a4a21dc0f279238995a3dbfafcad090?s=96&d=mm&r=g","caption":"Reda\u00e7\u00e3o JBN"},"sameAs":["https:\/\/p31noticias.com.br"],"url":"https:\/\/www.p31noticias.com.br\/?author=18"}]}},"amp_enabled":true,"_links":{"self":[{"href":"https:\/\/www.p31noticias.com.br\/index.php?rest_route=\/wp\/v2\/posts\/23377","targetHints":{"allow":["GET"]}}],"collection":[{"href":"https:\/\/www.p31noticias.com.br\/index.php?rest_route=\/wp\/v2\/posts"}],"about":[{"href":"https:\/\/www.p31noticias.com.br\/index.php?rest_route=\/wp\/v2\/types\/post"}],"author":[{"embeddable":true,"href":"https:\/\/www.p31noticias.com.br\/index.php?rest_route=\/wp\/v2\/users\/18"}],"replies":[{"embeddable":true,"href":"https:\/\/www.p31noticias.com.br\/index.php?rest_route=%2Fwp%2Fv2%2Fcomments&post=23377"}],"version-history":[{"count":1,"href":"https:\/\/www.p31noticias.com.br\/index.php?rest_route=\/wp\/v2\/posts\/23377\/revisions"}],"predecessor-version":[{"id":23379,"href":"https:\/\/www.p31noticias.com.br\/index.php?rest_route=\/wp\/v2\/posts\/23377\/revisions\/23379"}],"wp:featuredmedia":[{"embeddable":true,"href":"https:\/\/www.p31noticias.com.br\/index.php?rest_route=\/wp\/v2\/media\/23378"}],"wp:attachment":[{"href":"https:\/\/www.p31noticias.com.br\/index.php?rest_route=%2Fwp%2Fv2%2Fmedia&parent=23377"}],"wp:term":[{"taxonomy":"category","embeddable":true,"href":"https:\/\/www.p31noticias.com.br\/index.php?rest_route=%2Fwp%2Fv2%2Fcategories&post=23377"},{"taxonomy":"post_tag","embeddable":true,"href":"https:\/\/www.p31noticias.com.br\/index.php?rest_route=%2Fwp%2Fv2%2Ftags&post=23377"}],"curies":[{"name":"wp","href":"https:\/\/api.w.org\/{rel}","templated":true}]}}