{"id":23360,"date":"2021-07-09T08:25:05","date_gmt":"2021-07-09T11:25:05","guid":{"rendered":"https:\/\/p31noticias.com.br\/?p=23360"},"modified":"2021-07-09T08:25:05","modified_gmt":"2021-07-09T11:25:05","slug":"conplan-aprova-parcelamento-para-ate-6-mil-residencias","status":"publish","type":"post","link":"https:\/\/www.p31noticias.com.br\/?p=23360","title":{"rendered":"Conplan aprova parcelamento para at\u00e9 6 mil resid\u00eancias."},"content":{"rendered":"<p style=\"text-align: justify;\"><em><strong>O projeto beneficiar\u00e1 19.975 moradores do Setor Habitacional Parque das B\u00ean\u00e7\u00e3os, no Recanto das Emas;<\/strong><\/em><\/p>\n<p style=\"text-align: justify;\">O projeto de parcelamento do solo do chamado Polo Log\u00edstico e Centro Urbano do Setor Habitacional Parque das B\u00ean\u00e7\u00e3os, no Recanto das Emas, foi aprovado pelo Conselho de Planejamento Territorial Urbano do Distrito Federal (Conplan) em reuni\u00e3o virtual nesta quinta-feira (8). O projeto prev\u00ea a constru\u00e7\u00e3o de at\u00e9 6.053 unidades residenciais em uma \u00e1rea de 160,54 hectares e 97 lotes, para uma popula\u00e7\u00e3o estimada em 19.975 habitantes.<\/p>\n<p style=\"text-align: justify;\">A iniciativa passou no Conplan com 31 votos favor\u00e1veis, uma absten\u00e7\u00e3o e nenhum voto contr\u00e1rio. O resultado positivo foi comemorado pela conselheira Ruth St\u00e9fane Costa, relatora do projeto no colegiado e representante da Prefeitura Comunit\u00e1ria dos Moradores da Col\u00f4nia Agr\u00edcola Sucupira (Precomor).<\/p>\n<p style=\"text-align: justify;\">Para ela, a aprova\u00e7\u00e3o \u00e9 de extrema import\u00e2ncia para a popula\u00e7\u00e3o do DF. \u201cV\u00e3o ser mais de 6 mil habita\u00e7\u00f5es no Recanto das Emas. Isso \u00e9 louv\u00e1vel para as fam\u00edlias que sofrem com o aluguel, sem mencionar a qualidade de vida para elas\u201d, destacou Ruth St\u00e9fane.<\/p>\n<blockquote class=\"olho direita\"><p><span class=\"olho__texto h2 clearfix\">\u201cV\u00e3o ser mais de 6 mil habita\u00e7\u00f5es no Recanto das Emas. Isso \u00e9 louv\u00e1vel para as fam\u00edlias que sofrem com o aluguel, sem mencionar a qualidade de vida para elas\u201d<\/span><span class=\"olho__assinatura block\">Ruth St\u00e9fane Costa, relatora do projeto no colegiado e representante da Prefeitura Comunit\u00e1ria dos Moradores da Col\u00f4nia Agr\u00edcola Sucupira<\/span><\/p><\/blockquote>\n<p style=\"text-align: justify;\">Presente na vota\u00e7\u00e3o, o secret\u00e1rio de Desenvolvimento Urbano e Habita\u00e7\u00e3o, Mateus Oliveira, destacou que \u201cessa aprova\u00e7\u00e3o \u00e9 muito positiva, porque contribui para suprir a demanda por \u00e1reas regularizadas e moradias no Distrito Federal\u201d.<\/p>\n<p style=\"text-align: justify;\"><strong>Sisdia<\/strong><\/p>\n<p style=\"text-align: justify;\">Durante a reuni\u00e3o virtual, a conselheira e representante da Secretaria de Meio Ambiente do DF, Maria Silvia Rossi, apresentou junto com sua equipe o Sistema Distrital de Informa\u00e7\u00f5es Ambientais (Sisdia). A plataforma armazena, atualiza e compartilha, de maneira integrada e segura, dados espaciais ambientais de todo o DF.<\/p>\n<p style=\"text-align: justify;\">O Sisdia re\u00fane informa\u00e7\u00f5es ambientais produzidas por diversos \u00f3rg\u00e3os governamentais distritais, auxiliando tecnicamente o planejamento e a gest\u00e3o do territ\u00f3rio. Em 2021, passou a ser uma ferramenta p\u00fablica, cujos dados podem ser acessados por meio de um portal eletr\u00f4nico pr\u00f3prio, dando mais transpar\u00eancia e visibilidade a todo o seu conte\u00fado.<\/p>\n<p style=\"text-align: justify;\">A plataforma foi elogiada pelos conselheiros do Conplan. \u201cParab\u00e9ns pelo empenho em dotar o Estado dos melhores meios poss\u00edveis para contribuir com a causa. \u00c9 um trabalho empreendedor\u201d, disse Dionyzio Klavdianos, presidente do Sindicato da Ind\u00fastria da Constru\u00e7\u00e3o Civil do Distrito Federal (Sinduscon-DF).<\/p>\n<p style=\"text-align: justify;\">Para mais informa\u00e7\u00f5es, acesse o Sisdia no endere\u00e7o\u00a0<a href=\"https:\/\/sisdia.df.gov.br\/home\/\" target=\"_blank\" rel=\"noopener noreferrer\">https:\/\/sisdia.df.gov.br\/home\/<\/a>.<\/p>\n<p style=\"text-align: justify;\"><em>*Com informa\u00e7\u00f5es da Seduh<\/em><\/p>\n","protected":false},"excerpt":{"rendered":"<p>O projeto beneficiar\u00e1 19.975 moradores do Setor Habitacional Parque das B\u00ean\u00e7\u00e3os, no Recanto das Emas; O projeto de parcelamento do solo do chamado Polo Log\u00edstico e Centro Urbano do Setor Habitacional Parque das B\u00ean\u00e7\u00e3os, no Recanto das Emas, foi aprovado pelo Conselho de Planejamento Territorial Urbano do Distrito Federal (Conplan) em reuni\u00e3o virtual nesta quinta-feira [&hellip;]<\/p>\n","protected":false},"author":2,"featured_media":23361,"comment_status":"open","ping_status":"open","sticky":false,"template":"","format":"standard","meta":{"footnotes":""},"categories":[21],"tags":[],"class_list":{"0":"post-23360","1":"post","2":"type-post","3":"status-publish","4":"format-standard","5":"has-post-thumbnail","7":"category-brasilia"},"yoast_head":"<!-- This site is optimized with the Yoast SEO Premium plugin v24.5 (Yoast SEO v27.5) - https:\/\/yoast.com\/product\/yoast-seo-premium-wordpress\/ -->\n<title>Conplan aprova parcelamento para at\u00e9 6 mil resid\u00eancias. - P31<\/title>\n<meta name=\"robots\" content=\"index, follow, max-snippet:-1, max-image-preview:large, max-video-preview:-1\" \/>\n<link rel=\"canonical\" href=\"https:\/\/www.p31noticias.com.br\/?p=23360\" \/>\n<meta property=\"og:locale\" content=\"pt_BR\" \/>\n<meta property=\"og:type\" content=\"article\" \/>\n<meta property=\"og:title\" content=\"Conplan aprova parcelamento para at\u00e9 6 mil resid\u00eancias.\" \/>\n<meta property=\"og:description\" content=\"O projeto beneficiar\u00e1 19.975 moradores do Setor Habitacional Parque das B\u00ean\u00e7\u00e3os, no Recanto das Emas; O projeto de parcelamento do solo do chamado Polo Log\u00edstico e Centro Urbano do Setor Habitacional Parque das B\u00ean\u00e7\u00e3os, no Recanto das Emas, foi aprovado pelo Conselho de Planejamento Territorial Urbano do Distrito Federal (Conplan) em reuni\u00e3o virtual nesta quinta-feira [&hellip;]\" \/>\n<meta property=\"og:url\" content=\"https:\/\/www.p31noticias.com.br\/?p=23360\" \/>\n<meta property=\"og:site_name\" content=\"P31\" \/>\n<meta property=\"article:published_time\" content=\"2021-07-09T11:25:05+00:00\" \/>\n<meta property=\"og:image\" content=\"https:\/\/www.p31noticias.com.br\/wp-content\/uploads\/2021\/07\/banner-741x494-1.png\" \/>\n\t<meta property=\"og:image:width\" content=\"741\" \/>\n\t<meta property=\"og:image:height\" content=\"490\" \/>\n\t<meta property=\"og:image:type\" content=\"image\/png\" \/>\n<meta name=\"author\" content=\"Gon\u00e7alves Junior\" \/>\n<meta name=\"twitter:card\" content=\"summary_large_image\" \/>\n<meta name=\"twitter:label1\" content=\"Escrito por\" \/>\n\t<meta name=\"twitter:data1\" content=\"Gon\u00e7alves Junior\" \/>\n\t<meta name=\"twitter:label2\" content=\"Est. tempo de leitura\" \/>\n\t<meta name=\"twitter:data2\" content=\"2 minutos\" \/>\n<script type=\"application\/ld+json\" class=\"yoast-schema-graph\">{\"@context\":\"https:\\\/\\\/schema.org\",\"@graph\":[{\"@type\":\"Article\",\"@id\":\"https:\\\/\\\/www.p31noticias.com.br\\\/?p=23360#article\",\"isPartOf\":{\"@id\":\"https:\\\/\\\/www.p31noticias.com.br\\\/?p=23360\"},\"author\":{\"name\":\"Gon\u00e7alves Junior\",\"@id\":\"https:\\\/\\\/www.p31noticias.com.br\\\/#\\\/schema\\\/person\\\/95f2ece30e3b4132065b915150cd0f94\"},\"headline\":\"Conplan aprova parcelamento para at\u00e9 6 mil resid\u00eancias.\",\"datePublished\":\"2021-07-09T11:25:05+00:00\",\"mainEntityOfPage\":{\"@id\":\"https:\\\/\\\/www.p31noticias.com.br\\\/?p=23360\"},\"wordCount\":459,\"commentCount\":0,\"image\":{\"@id\":\"https:\\\/\\\/www.p31noticias.com.br\\\/?p=23360#primaryimage\"},\"thumbnailUrl\":\"https:\\\/\\\/www.p31noticias.com.br\\\/wp-content\\\/uploads\\\/2021\\\/07\\\/banner-741x494-1.png\",\"articleSection\":[\"Bras\u00edlia\"],\"inLanguage\":\"pt-BR\",\"potentialAction\":[{\"@type\":\"CommentAction\",\"name\":\"Comment\",\"target\":[\"https:\\\/\\\/www.p31noticias.com.br\\\/?p=23360#respond\"]}],\"copyrightYear\":\"2021\",\"copyrightHolder\":{\"@id\":\"https:\\\/\\\/www.p31noticias.com.br\\\/#organization\"}},{\"@type\":\"WebPage\",\"@id\":\"https:\\\/\\\/www.p31noticias.com.br\\\/?p=23360\",\"url\":\"https:\\\/\\\/www.p31noticias.com.br\\\/?p=23360\",\"name\":\"Conplan aprova parcelamento para at\u00e9 6 mil resid\u00eancias. - P31\",\"isPartOf\":{\"@id\":\"https:\\\/\\\/www.p31noticias.com.br\\\/#website\"},\"primaryImageOfPage\":{\"@id\":\"https:\\\/\\\/www.p31noticias.com.br\\\/?p=23360#primaryimage\"},\"image\":{\"@id\":\"https:\\\/\\\/www.p31noticias.com.br\\\/?p=23360#primaryimage\"},\"thumbnailUrl\":\"https:\\\/\\\/www.p31noticias.com.br\\\/wp-content\\\/uploads\\\/2021\\\/07\\\/banner-741x494-1.png\",\"datePublished\":\"2021-07-09T11:25:05+00:00\",\"author\":{\"@id\":\"https:\\\/\\\/www.p31noticias.com.br\\\/#\\\/schema\\\/person\\\/95f2ece30e3b4132065b915150cd0f94\"},\"breadcrumb\":{\"@id\":\"https:\\\/\\\/www.p31noticias.com.br\\\/?p=23360#breadcrumb\"},\"inLanguage\":\"pt-BR\",\"potentialAction\":[{\"@type\":\"ReadAction\",\"target\":[\"https:\\\/\\\/www.p31noticias.com.br\\\/?p=23360\"]}]},{\"@type\":\"ImageObject\",\"inLanguage\":\"pt-BR\",\"@id\":\"https:\\\/\\\/www.p31noticias.com.br\\\/?p=23360#primaryimage\",\"url\":\"https:\\\/\\\/www.p31noticias.com.br\\\/wp-content\\\/uploads\\\/2021\\\/07\\\/banner-741x494-1.png\",\"contentUrl\":\"https:\\\/\\\/www.p31noticias.com.br\\\/wp-content\\\/uploads\\\/2021\\\/07\\\/banner-741x494-1.png\",\"width\":741,\"height\":490},{\"@type\":\"BreadcrumbList\",\"@id\":\"https:\\\/\\\/www.p31noticias.com.br\\\/?p=23360#breadcrumb\",\"itemListElement\":[{\"@type\":\"ListItem\",\"position\":1,\"name\":\"In\u00edcio\",\"item\":\"https:\\\/\\\/www.p31noticias.com.br\\\/\"},{\"@type\":\"ListItem\",\"position\":2,\"name\":\"Conplan aprova parcelamento para at\u00e9 6 mil resid\u00eancias.\"}]},{\"@type\":\"WebSite\",\"@id\":\"https:\\\/\\\/www.p31noticias.com.br\\\/#website\",\"url\":\"https:\\\/\\\/www.p31noticias.com.br\\\/\",\"name\":\"P31\",\"description\":\"NOT\u00cdCIAS\",\"potentialAction\":[{\"@type\":\"SearchAction\",\"target\":{\"@type\":\"EntryPoint\",\"urlTemplate\":\"https:\\\/\\\/www.p31noticias.com.br\\\/?s={search_term_string}\"},\"query-input\":{\"@type\":\"PropertyValueSpecification\",\"valueRequired\":true,\"valueName\":\"search_term_string\"}}],\"inLanguage\":\"pt-BR\"},{\"@type\":\"Person\",\"@id\":\"https:\\\/\\\/www.p31noticias.com.br\\\/#\\\/schema\\\/person\\\/95f2ece30e3b4132065b915150cd0f94\",\"name\":\"Gon\u00e7alves Junior\",\"image\":{\"@type\":\"ImageObject\",\"inLanguage\":\"pt-BR\",\"@id\":\"https:\\\/\\\/secure.gravatar.com\\\/avatar\\\/6711f350116a89762687a48d66f723c799e5438a5b7578508d4294cd7a5d0800?s=96&d=mm&r=g\",\"url\":\"https:\\\/\\\/secure.gravatar.com\\\/avatar\\\/6711f350116a89762687a48d66f723c799e5438a5b7578508d4294cd7a5d0800?s=96&d=mm&r=g\",\"contentUrl\":\"https:\\\/\\\/secure.gravatar.com\\\/avatar\\\/6711f350116a89762687a48d66f723c799e5438a5b7578508d4294cd7a5d0800?s=96&d=mm&r=g\",\"caption\":\"Gon\u00e7alves Junior\"},\"url\":\"https:\\\/\\\/www.p31noticias.com.br\\\/?author=2\"}]}<\/script>\n<!-- \/ Yoast SEO Premium plugin. -->","yoast_head_json":{"title":"Conplan aprova parcelamento para at\u00e9 6 mil resid\u00eancias. - P31","robots":{"index":"index","follow":"follow","max-snippet":"max-snippet:-1","max-image-preview":"max-image-preview:large","max-video-preview":"max-video-preview:-1"},"canonical":"https:\/\/www.p31noticias.com.br\/?p=23360","og_locale":"pt_BR","og_type":"article","og_title":"Conplan aprova parcelamento para at\u00e9 6 mil resid\u00eancias.","og_description":"O projeto beneficiar\u00e1 19.975 moradores do Setor Habitacional Parque das B\u00ean\u00e7\u00e3os, no Recanto das Emas; O projeto de parcelamento do solo do chamado Polo Log\u00edstico e Centro Urbano do Setor Habitacional Parque das B\u00ean\u00e7\u00e3os, no Recanto das Emas, foi aprovado pelo Conselho de Planejamento Territorial Urbano do Distrito Federal (Conplan) em reuni\u00e3o virtual nesta quinta-feira [&hellip;]","og_url":"https:\/\/www.p31noticias.com.br\/?p=23360","og_site_name":"P31","article_published_time":"2021-07-09T11:25:05+00:00","og_image":[{"width":741,"height":490,"url":"https:\/\/www.p31noticias.com.br\/wp-content\/uploads\/2021\/07\/banner-741x494-1.png","type":"image\/png"}],"author":"Gon\u00e7alves Junior","twitter_card":"summary_large_image","twitter_misc":{"Escrito por":"Gon\u00e7alves Junior","Est. tempo de leitura":"2 minutos"},"schema":{"@context":"https:\/\/schema.org","@graph":[{"@type":"Article","@id":"https:\/\/www.p31noticias.com.br\/?p=23360#article","isPartOf":{"@id":"https:\/\/www.p31noticias.com.br\/?p=23360"},"author":{"name":"Gon\u00e7alves Junior","@id":"https:\/\/www.p31noticias.com.br\/#\/schema\/person\/95f2ece30e3b4132065b915150cd0f94"},"headline":"Conplan aprova parcelamento para at\u00e9 6 mil resid\u00eancias.","datePublished":"2021-07-09T11:25:05+00:00","mainEntityOfPage":{"@id":"https:\/\/www.p31noticias.com.br\/?p=23360"},"wordCount":459,"commentCount":0,"image":{"@id":"https:\/\/www.p31noticias.com.br\/?p=23360#primaryimage"},"thumbnailUrl":"https:\/\/www.p31noticias.com.br\/wp-content\/uploads\/2021\/07\/banner-741x494-1.png","articleSection":["Bras\u00edlia"],"inLanguage":"pt-BR","potentialAction":[{"@type":"CommentAction","name":"Comment","target":["https:\/\/www.p31noticias.com.br\/?p=23360#respond"]}],"copyrightYear":"2021","copyrightHolder":{"@id":"https:\/\/www.p31noticias.com.br\/#organization"}},{"@type":"WebPage","@id":"https:\/\/www.p31noticias.com.br\/?p=23360","url":"https:\/\/www.p31noticias.com.br\/?p=23360","name":"Conplan aprova parcelamento para at\u00e9 6 mil resid\u00eancias. - P31","isPartOf":{"@id":"https:\/\/www.p31noticias.com.br\/#website"},"primaryImageOfPage":{"@id":"https:\/\/www.p31noticias.com.br\/?p=23360#primaryimage"},"image":{"@id":"https:\/\/www.p31noticias.com.br\/?p=23360#primaryimage"},"thumbnailUrl":"https:\/\/www.p31noticias.com.br\/wp-content\/uploads\/2021\/07\/banner-741x494-1.png","datePublished":"2021-07-09T11:25:05+00:00","author":{"@id":"https:\/\/www.p31noticias.com.br\/#\/schema\/person\/95f2ece30e3b4132065b915150cd0f94"},"breadcrumb":{"@id":"https:\/\/www.p31noticias.com.br\/?p=23360#breadcrumb"},"inLanguage":"pt-BR","potentialAction":[{"@type":"ReadAction","target":["https:\/\/www.p31noticias.com.br\/?p=23360"]}]},{"@type":"ImageObject","inLanguage":"pt-BR","@id":"https:\/\/www.p31noticias.com.br\/?p=23360#primaryimage","url":"https:\/\/www.p31noticias.com.br\/wp-content\/uploads\/2021\/07\/banner-741x494-1.png","contentUrl":"https:\/\/www.p31noticias.com.br\/wp-content\/uploads\/2021\/07\/banner-741x494-1.png","width":741,"height":490},{"@type":"BreadcrumbList","@id":"https:\/\/www.p31noticias.com.br\/?p=23360#breadcrumb","itemListElement":[{"@type":"ListItem","position":1,"name":"In\u00edcio","item":"https:\/\/www.p31noticias.com.br\/"},{"@type":"ListItem","position":2,"name":"Conplan aprova parcelamento para at\u00e9 6 mil resid\u00eancias."}]},{"@type":"WebSite","@id":"https:\/\/www.p31noticias.com.br\/#website","url":"https:\/\/www.p31noticias.com.br\/","name":"P31","description":"NOT\u00cdCIAS","potentialAction":[{"@type":"SearchAction","target":{"@type":"EntryPoint","urlTemplate":"https:\/\/www.p31noticias.com.br\/?s={search_term_string}"},"query-input":{"@type":"PropertyValueSpecification","valueRequired":true,"valueName":"search_term_string"}}],"inLanguage":"pt-BR"},{"@type":"Person","@id":"https:\/\/www.p31noticias.com.br\/#\/schema\/person\/95f2ece30e3b4132065b915150cd0f94","name":"Gon\u00e7alves Junior","image":{"@type":"ImageObject","inLanguage":"pt-BR","@id":"https:\/\/secure.gravatar.com\/avatar\/6711f350116a89762687a48d66f723c799e5438a5b7578508d4294cd7a5d0800?s=96&d=mm&r=g","url":"https:\/\/secure.gravatar.com\/avatar\/6711f350116a89762687a48d66f723c799e5438a5b7578508d4294cd7a5d0800?s=96&d=mm&r=g","contentUrl":"https:\/\/secure.gravatar.com\/avatar\/6711f350116a89762687a48d66f723c799e5438a5b7578508d4294cd7a5d0800?s=96&d=mm&r=g","caption":"Gon\u00e7alves Junior"},"url":"https:\/\/www.p31noticias.com.br\/?author=2"}]}},"amp_enabled":true,"_links":{"self":[{"href":"https:\/\/www.p31noticias.com.br\/index.php?rest_route=\/wp\/v2\/posts\/23360","targetHints":{"allow":["GET"]}}],"collection":[{"href":"https:\/\/www.p31noticias.com.br\/index.php?rest_route=\/wp\/v2\/posts"}],"about":[{"href":"https:\/\/www.p31noticias.com.br\/index.php?rest_route=\/wp\/v2\/types\/post"}],"author":[{"embeddable":true,"href":"https:\/\/www.p31noticias.com.br\/index.php?rest_route=\/wp\/v2\/users\/2"}],"replies":[{"embeddable":true,"href":"https:\/\/www.p31noticias.com.br\/index.php?rest_route=%2Fwp%2Fv2%2Fcomments&post=23360"}],"version-history":[{"count":2,"href":"https:\/\/www.p31noticias.com.br\/index.php?rest_route=\/wp\/v2\/posts\/23360\/revisions"}],"predecessor-version":[{"id":23366,"href":"https:\/\/www.p31noticias.com.br\/index.php?rest_route=\/wp\/v2\/posts\/23360\/revisions\/23366"}],"wp:featuredmedia":[{"embeddable":true,"href":"https:\/\/www.p31noticias.com.br\/index.php?rest_route=\/wp\/v2\/media\/23361"}],"wp:attachment":[{"href":"https:\/\/www.p31noticias.com.br\/index.php?rest_route=%2Fwp%2Fv2%2Fmedia&parent=23360"}],"wp:term":[{"taxonomy":"category","embeddable":true,"href":"https:\/\/www.p31noticias.com.br\/index.php?rest_route=%2Fwp%2Fv2%2Fcategories&post=23360"},{"taxonomy":"post_tag","embeddable":true,"href":"https:\/\/www.p31noticias.com.br\/index.php?rest_route=%2Fwp%2Fv2%2Ftags&post=23360"}],"curies":[{"name":"wp","href":"https:\/\/api.w.org\/{rel}","templated":true}]}}