{"id":23354,"date":"2021-07-08T11:04:06","date_gmt":"2021-07-08T14:04:06","guid":{"rendered":"https:\/\/p31noticias.com.br\/?p=23354"},"modified":"2021-07-08T11:04:06","modified_gmt":"2021-07-08T14:04:06","slug":"fundos-do-btg-e-a-globenet-arrematam-controle-da-infraco-da-oi","status":"publish","type":"post","link":"https:\/\/www.p31noticias.com.br\/?p=23354","title":{"rendered":"Fundos do BTG e a Globenet arrematam controle da Infraco, da OI"},"content":{"rendered":"<p>Aconteceu na tarde desta quarta, 7, o leil\u00e3o judicial da UPI Infraco, unidade da Oi dedicada \u00e0 constru\u00e7\u00e3o de infraestrutura \u00f3ptica. Como j\u00e1 era esperado pelo mercado, n\u00e3o houve disputa. O ativo foi arrematado por fundos administrados pelo banco BTG Pactual e pela operadora atacadista Globenet, que pertence ao BTG.<\/p>\n<p>A proposta do BTG era a chamada stalking horse. O banco teria direito de aumentar sua oferta caso outro interessado aparecesse, o que n\u00e3o aconteceu.<\/p>\n<p>Embora ao longo do \u00faltimo ano mais de uma dezena de interessados tenham pedido acesso a dados da unidade \u00e0 operadora, apenas o fundo Digital Colony e o BTG Pactual chegaram a apresentar propostas. O Digital Colony, dono da Highline do Brasil, n\u00e3o se apresentou para cobrir a oferta vencedora.<\/p>\n<p>O leil\u00e3o teve grande audi\u00eancia, chegando a registrar 372 pessoas assistindo atrav\u00e9s da plataforma digital utilizada pelo Tribunal de Justi\u00e7a do Rio de Janeiro.<\/p>\n<p>\u00c1s 15h42 o juiz do processo de recupera\u00e7\u00e3o da Oi, Fernando Viana, declarou vitoriosa a proposta de BTG e Globenet e encerrou a sess\u00e3o. Nem o administrador judicial da Oi, escrit\u00f3rio AJWald, nem o promotor Leonardo Ara\u00fajo Marques, do Minist\u00e9rio P\u00fablico do Rio de Janeiro, se opuseram \u00e0 homologa\u00e7\u00e3o do resultado.<\/p>\n<p>A PROPOSTA<br \/>\nA proposta vencedora foi exatamente aquela feita pelo BTG em abril. Ou seja, o neg\u00f3cio vai movimentar R$ 12,9 bilh\u00f5es, entre pagamentos em dinheiro, troca de a\u00e7\u00f5es, pagamento de d\u00edvidas e incorpora\u00e7\u00e3o da Globenet \u00e0 Infraco. Os fundos do BTG ficar\u00e3o, ao cabo de toda a transa\u00e7\u00e3o, com 57,9% das a\u00e7\u00f5es da Infraco. Com isso, o valor de firma da unidade alcan\u00e7ou os R$ 22 bilh\u00f5es.<\/p>\n<p>A proposta vinculante do banco inclui pagamento de parcela prim\u00e1ria na data do fechamento do neg\u00f3cio, de R$ 3,27 bilh\u00f5es. Tamb\u00e9m de parcela secund\u00e1ria de R$ 6,51 bilh\u00f5es \u2013 que ser\u00e3o divididos em tr\u00eas parcelas anuais, mas podem ser antecipadas at\u00e9 dezembro de 2022, a crit\u00e9rio da Oi. No ato desses pagamentos ser\u00e3o transferidos 51% do capital social da Infraco para o banco.<\/p>\n<p>O neg\u00f3cio envolve ainda o pagamento de uma parcela prim\u00e1ria adicional, 90 dias ap\u00f3s o fechamento e integraliza\u00e7\u00e3o de novas a\u00e7\u00f5es ordin\u00e1rias, representativas de 7,2% do capital votante da Infraco. Por essa fatia, a Oi receber\u00e1 R$ 1,618 bilh\u00e3o.<\/p>\n<p>A proposta tamb\u00e9m reestrutura a d\u00edvida da Oi com a Globenet, de quem contrata tr\u00e2nsito submarino. A Oi deve R$ 3,74 bilh\u00f5es \u00e0 Globenet. Dessa d\u00edvida, R$ 1,32 bilh\u00e3o ser\u00e1 pago em 2022, e R$ 2,42 bilh\u00e3o em 2023. Depois, a Infraco passa a pagar anualmente valores \u00e0 Globenet. Ser\u00e3o US$ 252 milh\u00f5es em 2025, US$ 274 milh\u00f5es em 2026, US$ 257 milh\u00f5es em 2027 e US$ 278 milh\u00f5es em 2028. Em 2028 termina o contrato de uso de capacidade \u201ctake-or-pay\u201d (em que a empresa tem de pagar mesmo sem utilizar) da Oi com a Globenet.<\/p>\n<p>A expectativa de pessoas a par das negocia\u00e7\u00f5es \u00e9 que o neg\u00f3cio seja aprovado por Anatel e Cade ainda neste ano, por volta de novembro ou dezembro. E que a Infraco esteja operacional, sob novo controlador e nova dire\u00e7\u00e3o a partir de janeiro. A empresa deve ter, entre os integrantes de seu board, Amos Genish, que fundou no passado a GVT, empresa vendida \u00e0 Telef\u00f4nica Vivo, operadora da qual foi presidente.<\/p>\n<p>A RJ DA OI<br \/>\nA Oi entrou em recupera\u00e7\u00e3o judicial em 2016, com uma d\u00edvida acima de R$ 65 bilh\u00f5es. Desde ent\u00e3o, vendeu edif\u00edcio, torres, data centers, a unidade de telefonia m\u00f3vel e, agora, a de fibra \u00f3ptica. A empresa deve encerrar o processo de recupera\u00e7\u00e3o judicial ainda este ano, conforme decis\u00e3o do ju\u00edzo da recupera\u00e7\u00e3o.<\/p>\n<p>Ao fim e ao cabo do processo, como j\u00e1 explicou o CEO da companhia, Rodrigo Abreu, a Oi ter\u00e1 como ativos a Oi Client Co, que reunir\u00e1 os atuais clientes fixos e se concentrar\u00e1 na venda de banda larga, ter\u00e1 os clientes de telefonia fixa da concess\u00e3o, a divis\u00e3o de clientes corporativos, e a participa\u00e7\u00e3o da Infraco.<\/p>\n<p>Fonte: Teles\u00edntese<\/p>\n","protected":false},"excerpt":{"rendered":"<p>Aconteceu na tarde desta quarta, 7, o leil\u00e3o judicial da UPI Infraco, unidade da Oi dedicada \u00e0 constru\u00e7\u00e3o de infraestrutura \u00f3ptica. Como j\u00e1 era esperado pelo mercado, n\u00e3o houve disputa. O ativo foi arrematado por fundos administrados pelo banco BTG Pactual e pela operadora atacadista Globenet, que pertence ao BTG. A proposta do BTG era [&hellip;]<\/p>\n","protected":false},"author":18,"featured_media":23355,"comment_status":"open","ping_status":"open","sticky":false,"template":"","format":"standard","meta":{"footnotes":""},"categories":[1],"tags":[],"class_list":{"0":"post-23354","1":"post","2":"type-post","3":"status-publish","4":"format-standard","5":"has-post-thumbnail","7":"category-outros"},"yoast_head":"<!-- This site is optimized with the Yoast SEO Premium plugin v24.5 (Yoast SEO v27.5) - https:\/\/yoast.com\/product\/yoast-seo-premium-wordpress\/ -->\n<title>Fundos do BTG e a Globenet arrematam controle da Infraco, da OI - P31<\/title>\n<meta name=\"robots\" content=\"index, follow, max-snippet:-1, max-image-preview:large, max-video-preview:-1\" \/>\n<link rel=\"canonical\" href=\"https:\/\/www.p31noticias.com.br\/?p=23354\" \/>\n<meta property=\"og:locale\" content=\"pt_BR\" \/>\n<meta property=\"og:type\" content=\"article\" \/>\n<meta property=\"og:title\" content=\"Fundos do BTG e a Globenet arrematam controle da Infraco, da OI\" \/>\n<meta property=\"og:description\" content=\"Aconteceu na tarde desta quarta, 7, o leil\u00e3o judicial da UPI Infraco, unidade da Oi dedicada \u00e0 constru\u00e7\u00e3o de infraestrutura \u00f3ptica. Como j\u00e1 era esperado pelo mercado, n\u00e3o houve disputa. O ativo foi arrematado por fundos administrados pelo banco BTG Pactual e pela operadora atacadista Globenet, que pertence ao BTG. A proposta do BTG era [&hellip;]\" \/>\n<meta property=\"og:url\" content=\"https:\/\/www.p31noticias.com.br\/?p=23354\" \/>\n<meta property=\"og:site_name\" content=\"P31\" \/>\n<meta property=\"article:published_time\" content=\"2021-07-08T14:04:06+00:00\" \/>\n<meta property=\"og:image\" content=\"https:\/\/www.p31noticias.com.br\/wp-content\/uploads\/2021\/07\/leilao-oi.jpg\" \/>\n\t<meta property=\"og:image:width\" content=\"936\" \/>\n\t<meta property=\"og:image:height\" content=\"600\" \/>\n\t<meta property=\"og:image:type\" content=\"image\/jpeg\" \/>\n<meta name=\"author\" content=\"Reda\u00e7\u00e3o JBN\" \/>\n<meta name=\"twitter:card\" content=\"summary_large_image\" \/>\n<meta name=\"twitter:label1\" content=\"Escrito por\" \/>\n\t<meta name=\"twitter:data1\" content=\"Reda\u00e7\u00e3o JBN\" \/>\n\t<meta name=\"twitter:label2\" content=\"Est. tempo de leitura\" \/>\n\t<meta name=\"twitter:data2\" content=\"3 minutos\" \/>\n<script type=\"application\/ld+json\" class=\"yoast-schema-graph\">{\"@context\":\"https:\\\/\\\/schema.org\",\"@graph\":[{\"@type\":\"Article\",\"@id\":\"https:\\\/\\\/www.p31noticias.com.br\\\/?p=23354#article\",\"isPartOf\":{\"@id\":\"https:\\\/\\\/www.p31noticias.com.br\\\/?p=23354\"},\"author\":{\"name\":\"Reda\u00e7\u00e3o JBN\",\"@id\":\"https:\\\/\\\/www.p31noticias.com.br\\\/#\\\/schema\\\/person\\\/77d6b186c710ac38937c6ec204fdd387\"},\"headline\":\"Fundos do BTG e a Globenet arrematam controle da Infraco, da OI\",\"datePublished\":\"2021-07-08T14:04:06+00:00\",\"mainEntityOfPage\":{\"@id\":\"https:\\\/\\\/www.p31noticias.com.br\\\/?p=23354\"},\"wordCount\":700,\"commentCount\":0,\"image\":{\"@id\":\"https:\\\/\\\/www.p31noticias.com.br\\\/?p=23354#primaryimage\"},\"thumbnailUrl\":\"https:\\\/\\\/www.p31noticias.com.br\\\/wp-content\\\/uploads\\\/2021\\\/07\\\/leilao-oi.jpg\",\"articleSection\":[\"Outros\"],\"inLanguage\":\"pt-BR\",\"potentialAction\":[{\"@type\":\"CommentAction\",\"name\":\"Comment\",\"target\":[\"https:\\\/\\\/www.p31noticias.com.br\\\/?p=23354#respond\"]}],\"copyrightYear\":\"2021\",\"copyrightHolder\":{\"@id\":\"https:\\\/\\\/www.p31noticias.com.br\\\/#organization\"}},{\"@type\":\"WebPage\",\"@id\":\"https:\\\/\\\/www.p31noticias.com.br\\\/?p=23354\",\"url\":\"https:\\\/\\\/www.p31noticias.com.br\\\/?p=23354\",\"name\":\"Fundos do BTG e a Globenet arrematam controle da Infraco, da OI - P31\",\"isPartOf\":{\"@id\":\"https:\\\/\\\/www.p31noticias.com.br\\\/#website\"},\"primaryImageOfPage\":{\"@id\":\"https:\\\/\\\/www.p31noticias.com.br\\\/?p=23354#primaryimage\"},\"image\":{\"@id\":\"https:\\\/\\\/www.p31noticias.com.br\\\/?p=23354#primaryimage\"},\"thumbnailUrl\":\"https:\\\/\\\/www.p31noticias.com.br\\\/wp-content\\\/uploads\\\/2021\\\/07\\\/leilao-oi.jpg\",\"datePublished\":\"2021-07-08T14:04:06+00:00\",\"author\":{\"@id\":\"https:\\\/\\\/www.p31noticias.com.br\\\/#\\\/schema\\\/person\\\/77d6b186c710ac38937c6ec204fdd387\"},\"breadcrumb\":{\"@id\":\"https:\\\/\\\/www.p31noticias.com.br\\\/?p=23354#breadcrumb\"},\"inLanguage\":\"pt-BR\",\"potentialAction\":[{\"@type\":\"ReadAction\",\"target\":[\"https:\\\/\\\/www.p31noticias.com.br\\\/?p=23354\"]}]},{\"@type\":\"ImageObject\",\"inLanguage\":\"pt-BR\",\"@id\":\"https:\\\/\\\/www.p31noticias.com.br\\\/?p=23354#primaryimage\",\"url\":\"https:\\\/\\\/www.p31noticias.com.br\\\/wp-content\\\/uploads\\\/2021\\\/07\\\/leilao-oi.jpg\",\"contentUrl\":\"https:\\\/\\\/www.p31noticias.com.br\\\/wp-content\\\/uploads\\\/2021\\\/07\\\/leilao-oi.jpg\",\"width\":936,\"height\":600},{\"@type\":\"BreadcrumbList\",\"@id\":\"https:\\\/\\\/www.p31noticias.com.br\\\/?p=23354#breadcrumb\",\"itemListElement\":[{\"@type\":\"ListItem\",\"position\":1,\"name\":\"In\u00edcio\",\"item\":\"https:\\\/\\\/www.p31noticias.com.br\\\/\"},{\"@type\":\"ListItem\",\"position\":2,\"name\":\"Fundos do BTG e a Globenet arrematam controle da Infraco, da OI\"}]},{\"@type\":\"WebSite\",\"@id\":\"https:\\\/\\\/www.p31noticias.com.br\\\/#website\",\"url\":\"https:\\\/\\\/www.p31noticias.com.br\\\/\",\"name\":\"P31\",\"description\":\"NOT\u00cdCIAS\",\"potentialAction\":[{\"@type\":\"SearchAction\",\"target\":{\"@type\":\"EntryPoint\",\"urlTemplate\":\"https:\\\/\\\/www.p31noticias.com.br\\\/?s={search_term_string}\"},\"query-input\":{\"@type\":\"PropertyValueSpecification\",\"valueRequired\":true,\"valueName\":\"search_term_string\"}}],\"inLanguage\":\"pt-BR\"},{\"@type\":\"Person\",\"@id\":\"https:\\\/\\\/www.p31noticias.com.br\\\/#\\\/schema\\\/person\\\/77d6b186c710ac38937c6ec204fdd387\",\"name\":\"Reda\u00e7\u00e3o JBN\",\"image\":{\"@type\":\"ImageObject\",\"inLanguage\":\"pt-BR\",\"@id\":\"https:\\\/\\\/secure.gravatar.com\\\/avatar\\\/10fcdb93211f98cce3d64c0795b0915a9a4a21dc0f279238995a3dbfafcad090?s=96&d=mm&r=g\",\"url\":\"https:\\\/\\\/secure.gravatar.com\\\/avatar\\\/10fcdb93211f98cce3d64c0795b0915a9a4a21dc0f279238995a3dbfafcad090?s=96&d=mm&r=g\",\"contentUrl\":\"https:\\\/\\\/secure.gravatar.com\\\/avatar\\\/10fcdb93211f98cce3d64c0795b0915a9a4a21dc0f279238995a3dbfafcad090?s=96&d=mm&r=g\",\"caption\":\"Reda\u00e7\u00e3o JBN\"},\"sameAs\":[\"https:\\\/\\\/p31noticias.com.br\"],\"url\":\"https:\\\/\\\/www.p31noticias.com.br\\\/?author=18\"}]}<\/script>\n<!-- \/ Yoast SEO Premium plugin. -->","yoast_head_json":{"title":"Fundos do BTG e a Globenet arrematam controle da Infraco, da OI - P31","robots":{"index":"index","follow":"follow","max-snippet":"max-snippet:-1","max-image-preview":"max-image-preview:large","max-video-preview":"max-video-preview:-1"},"canonical":"https:\/\/www.p31noticias.com.br\/?p=23354","og_locale":"pt_BR","og_type":"article","og_title":"Fundos do BTG e a Globenet arrematam controle da Infraco, da OI","og_description":"Aconteceu na tarde desta quarta, 7, o leil\u00e3o judicial da UPI Infraco, unidade da Oi dedicada \u00e0 constru\u00e7\u00e3o de infraestrutura \u00f3ptica. Como j\u00e1 era esperado pelo mercado, n\u00e3o houve disputa. O ativo foi arrematado por fundos administrados pelo banco BTG Pactual e pela operadora atacadista Globenet, que pertence ao BTG. A proposta do BTG era [&hellip;]","og_url":"https:\/\/www.p31noticias.com.br\/?p=23354","og_site_name":"P31","article_published_time":"2021-07-08T14:04:06+00:00","og_image":[{"width":936,"height":600,"url":"https:\/\/www.p31noticias.com.br\/wp-content\/uploads\/2021\/07\/leilao-oi.jpg","type":"image\/jpeg"}],"author":"Reda\u00e7\u00e3o JBN","twitter_card":"summary_large_image","twitter_misc":{"Escrito por":"Reda\u00e7\u00e3o JBN","Est. tempo de leitura":"3 minutos"},"schema":{"@context":"https:\/\/schema.org","@graph":[{"@type":"Article","@id":"https:\/\/www.p31noticias.com.br\/?p=23354#article","isPartOf":{"@id":"https:\/\/www.p31noticias.com.br\/?p=23354"},"author":{"name":"Reda\u00e7\u00e3o JBN","@id":"https:\/\/www.p31noticias.com.br\/#\/schema\/person\/77d6b186c710ac38937c6ec204fdd387"},"headline":"Fundos do BTG e a Globenet arrematam controle da Infraco, da OI","datePublished":"2021-07-08T14:04:06+00:00","mainEntityOfPage":{"@id":"https:\/\/www.p31noticias.com.br\/?p=23354"},"wordCount":700,"commentCount":0,"image":{"@id":"https:\/\/www.p31noticias.com.br\/?p=23354#primaryimage"},"thumbnailUrl":"https:\/\/www.p31noticias.com.br\/wp-content\/uploads\/2021\/07\/leilao-oi.jpg","articleSection":["Outros"],"inLanguage":"pt-BR","potentialAction":[{"@type":"CommentAction","name":"Comment","target":["https:\/\/www.p31noticias.com.br\/?p=23354#respond"]}],"copyrightYear":"2021","copyrightHolder":{"@id":"https:\/\/www.p31noticias.com.br\/#organization"}},{"@type":"WebPage","@id":"https:\/\/www.p31noticias.com.br\/?p=23354","url":"https:\/\/www.p31noticias.com.br\/?p=23354","name":"Fundos do BTG e a Globenet arrematam controle da Infraco, da OI - P31","isPartOf":{"@id":"https:\/\/www.p31noticias.com.br\/#website"},"primaryImageOfPage":{"@id":"https:\/\/www.p31noticias.com.br\/?p=23354#primaryimage"},"image":{"@id":"https:\/\/www.p31noticias.com.br\/?p=23354#primaryimage"},"thumbnailUrl":"https:\/\/www.p31noticias.com.br\/wp-content\/uploads\/2021\/07\/leilao-oi.jpg","datePublished":"2021-07-08T14:04:06+00:00","author":{"@id":"https:\/\/www.p31noticias.com.br\/#\/schema\/person\/77d6b186c710ac38937c6ec204fdd387"},"breadcrumb":{"@id":"https:\/\/www.p31noticias.com.br\/?p=23354#breadcrumb"},"inLanguage":"pt-BR","potentialAction":[{"@type":"ReadAction","target":["https:\/\/www.p31noticias.com.br\/?p=23354"]}]},{"@type":"ImageObject","inLanguage":"pt-BR","@id":"https:\/\/www.p31noticias.com.br\/?p=23354#primaryimage","url":"https:\/\/www.p31noticias.com.br\/wp-content\/uploads\/2021\/07\/leilao-oi.jpg","contentUrl":"https:\/\/www.p31noticias.com.br\/wp-content\/uploads\/2021\/07\/leilao-oi.jpg","width":936,"height":600},{"@type":"BreadcrumbList","@id":"https:\/\/www.p31noticias.com.br\/?p=23354#breadcrumb","itemListElement":[{"@type":"ListItem","position":1,"name":"In\u00edcio","item":"https:\/\/www.p31noticias.com.br\/"},{"@type":"ListItem","position":2,"name":"Fundos do BTG e a Globenet arrematam controle da Infraco, da OI"}]},{"@type":"WebSite","@id":"https:\/\/www.p31noticias.com.br\/#website","url":"https:\/\/www.p31noticias.com.br\/","name":"P31","description":"NOT\u00cdCIAS","potentialAction":[{"@type":"SearchAction","target":{"@type":"EntryPoint","urlTemplate":"https:\/\/www.p31noticias.com.br\/?s={search_term_string}"},"query-input":{"@type":"PropertyValueSpecification","valueRequired":true,"valueName":"search_term_string"}}],"inLanguage":"pt-BR"},{"@type":"Person","@id":"https:\/\/www.p31noticias.com.br\/#\/schema\/person\/77d6b186c710ac38937c6ec204fdd387","name":"Reda\u00e7\u00e3o JBN","image":{"@type":"ImageObject","inLanguage":"pt-BR","@id":"https:\/\/secure.gravatar.com\/avatar\/10fcdb93211f98cce3d64c0795b0915a9a4a21dc0f279238995a3dbfafcad090?s=96&d=mm&r=g","url":"https:\/\/secure.gravatar.com\/avatar\/10fcdb93211f98cce3d64c0795b0915a9a4a21dc0f279238995a3dbfafcad090?s=96&d=mm&r=g","contentUrl":"https:\/\/secure.gravatar.com\/avatar\/10fcdb93211f98cce3d64c0795b0915a9a4a21dc0f279238995a3dbfafcad090?s=96&d=mm&r=g","caption":"Reda\u00e7\u00e3o JBN"},"sameAs":["https:\/\/p31noticias.com.br"],"url":"https:\/\/www.p31noticias.com.br\/?author=18"}]}},"amp_enabled":true,"_links":{"self":[{"href":"https:\/\/www.p31noticias.com.br\/index.php?rest_route=\/wp\/v2\/posts\/23354","targetHints":{"allow":["GET"]}}],"collection":[{"href":"https:\/\/www.p31noticias.com.br\/index.php?rest_route=\/wp\/v2\/posts"}],"about":[{"href":"https:\/\/www.p31noticias.com.br\/index.php?rest_route=\/wp\/v2\/types\/post"}],"author":[{"embeddable":true,"href":"https:\/\/www.p31noticias.com.br\/index.php?rest_route=\/wp\/v2\/users\/18"}],"replies":[{"embeddable":true,"href":"https:\/\/www.p31noticias.com.br\/index.php?rest_route=%2Fwp%2Fv2%2Fcomments&post=23354"}],"version-history":[{"count":1,"href":"https:\/\/www.p31noticias.com.br\/index.php?rest_route=\/wp\/v2\/posts\/23354\/revisions"}],"predecessor-version":[{"id":23356,"href":"https:\/\/www.p31noticias.com.br\/index.php?rest_route=\/wp\/v2\/posts\/23354\/revisions\/23356"}],"wp:featuredmedia":[{"embeddable":true,"href":"https:\/\/www.p31noticias.com.br\/index.php?rest_route=\/wp\/v2\/media\/23355"}],"wp:attachment":[{"href":"https:\/\/www.p31noticias.com.br\/index.php?rest_route=%2Fwp%2Fv2%2Fmedia&parent=23354"}],"wp:term":[{"taxonomy":"category","embeddable":true,"href":"https:\/\/www.p31noticias.com.br\/index.php?rest_route=%2Fwp%2Fv2%2Fcategories&post=23354"},{"taxonomy":"post_tag","embeddable":true,"href":"https:\/\/www.p31noticias.com.br\/index.php?rest_route=%2Fwp%2Fv2%2Ftags&post=23354"}],"curies":[{"name":"wp","href":"https:\/\/api.w.org\/{rel}","templated":true}]}}