{"id":23348,"date":"2021-07-08T10:49:24","date_gmt":"2021-07-08T13:49:24","guid":{"rendered":"https:\/\/p31noticias.com.br\/?p=23348"},"modified":"2021-07-08T10:49:24","modified_gmt":"2021-07-08T13:49:24","slug":"audio-miranda-revela-conversa-com-dias-vou-levar-cigarro-na-cadeia","status":"publish","type":"post","link":"https:\/\/www.p31noticias.com.br\/?p=23348","title":{"rendered":"\u00c1udio. Miranda revela conversa com Dias: \u201cVou levar cigarro na cadeia\u201d"},"content":{"rendered":"<p>O deputado federal Luis Miranda (DEM-DF) rebateu, nesta quarta-feira (7\/7), a acusa\u00e7\u00e3o feita pelo ex-diretor de Log\u00edstica do Minist\u00e9rio da Sa\u00fade Roberto Ferreira Dias para a Comiss\u00e3o Parlamentar de Inqu\u00e9rito (CPI) da Covid-19. Na oitiva, Dias afirmou que os irm\u00e3os Miranda teriam envolvido o nome dele nas den\u00fancias de corrup\u00e7\u00e3o na compra da Covaxin como retalia\u00e7\u00e3o por ele ter negado a concess\u00e3o de um cargo ao servidor Luis Ricardo Miranda, irm\u00e3o do parlamentar.<\/p>\n<p>\u201c\u00c9 o famoso coment\u00e1rio que segue a mesma estrat\u00e9gia de todos: desconstruir a testemunha, n\u00e9? Fazer ter uma d\u00favida para que a base bolsonarista fa\u00e7a o recortezinho, e essa vai ser a manchete do dia. E todo dia eles tentam a\u00ed desconstruir e n\u00e3o falam do fato. A empresa terceira n\u00e3o interessa, o fato de essa empresa estar em para\u00edso fiscal n\u00e3o interessa a eles, de ela n\u00e3o estar no contrato, tamb\u00e9m n\u00e3o interessa a ele. <\/p>\n<p>Isso n\u00e3o interessa a base. Ent\u00e3o, \u00e9 criar narrativa, n\u00e9?\u201d, disse. Miranda tamb\u00e9m lembrou que nunca houve pedido por cargo e que a \u00fanica men\u00e7\u00e3o feita pelo irm\u00e3o foi pelo interesse de ser remanejado de setor dentro do Minist\u00e9rio da Sa\u00fade, onde atua como concursado.<br \/>\n\u201c\u00c9 o famoso coment\u00e1rio que segue a mesma estrat\u00e9gia de todos: desconstruir a testemunha, n\u00e9? Fazer ter uma d\u00favida para que a base bolsonarista fa\u00e7a o recortezinho, e essa vai ser a manchete do dia. E todo dia eles tentam a\u00ed desconstruir e n\u00e3o falam do fato. A empresa terceira n\u00e3o interessa, o fato de essa empresa estar em para\u00edso fiscal n\u00e3o interessa a eles, de ela n\u00e3o estar no contrato, tamb\u00e9m n\u00e3o interessa a ele. Isso n\u00e3o interessa a base. Ent\u00e3o, \u00e9 criar narrativa, n\u00e9?\u201d, disse.<\/p>\n<p>Miranda tamb\u00e9m lembrou que nunca houve pedido por cargo e que a \u00fanica men\u00e7\u00e3o feita pelo irm\u00e3o foi pelo interesse de ser remanejado de setor dentro do Minist\u00e9rio da Sa\u00fade, onde atua como concursado. \u201cComo que o meu irm\u00e3o, que \u00e9 chefe do setor desde 2016, poderia querer outro cargo? Ser\u00e1 que ele pediu o de ministro? O que eu me recordo era de que o meu irm\u00e3o queria sair desse departamento pela quantidade de den\u00fancias de roubos, para n\u00e3o chamar de corrup\u00e7\u00e3o, que esse departamento tem, o Delog [Departamento de Log\u00edstica]. Isso eu me recordo, mas n\u00e3o por vantagem, pelo contr\u00e1rio: estava disposto a perder o cargo de chefia para ir a qualquer outro setor e que se livrasse de pessoas como Roberto Dias\u201d, continuou.<\/p>\n<p>Fonte: Metr\u00f3poles<\/p>\n","protected":false},"excerpt":{"rendered":"<p>O deputado federal Luis Miranda (DEM-DF) rebateu, nesta quarta-feira (7\/7), a acusa\u00e7\u00e3o feita pelo ex-diretor de Log\u00edstica do Minist\u00e9rio da Sa\u00fade Roberto Ferreira Dias para a Comiss\u00e3o Parlamentar de Inqu\u00e9rito (CPI) da Covid-19. Na oitiva, Dias afirmou que os irm\u00e3os Miranda teriam envolvido o nome dele nas den\u00fancias de corrup\u00e7\u00e3o na compra da Covaxin como [&hellip;]<\/p>\n","protected":false},"author":18,"featured_media":23349,"comment_status":"open","ping_status":"open","sticky":false,"template":"","format":"standard","meta":{"footnotes":""},"categories":[57],"tags":[],"class_list":{"0":"post-23348","1":"post","2":"type-post","3":"status-publish","4":"format-standard","5":"has-post-thumbnail","7":"category-politica"},"yoast_head":"<!-- This site is optimized with the Yoast SEO Premium plugin v24.5 (Yoast SEO v27.5) - https:\/\/yoast.com\/product\/yoast-seo-premium-wordpress\/ -->\n<title>\u00c1udio. Miranda revela conversa com Dias: \u201cVou levar cigarro na cadeia\u201d - P31<\/title>\n<meta name=\"robots\" content=\"index, follow, max-snippet:-1, max-image-preview:large, max-video-preview:-1\" \/>\n<link rel=\"canonical\" href=\"https:\/\/www.p31noticias.com.br\/?p=23348\" \/>\n<meta property=\"og:locale\" content=\"pt_BR\" \/>\n<meta property=\"og:type\" content=\"article\" \/>\n<meta property=\"og:title\" content=\"\u00c1udio. Miranda revela conversa com Dias: \u201cVou levar cigarro na cadeia\u201d\" \/>\n<meta property=\"og:description\" content=\"O deputado federal Luis Miranda (DEM-DF) rebateu, nesta quarta-feira (7\/7), a acusa\u00e7\u00e3o feita pelo ex-diretor de Log\u00edstica do Minist\u00e9rio da Sa\u00fade Roberto Ferreira Dias para a Comiss\u00e3o Parlamentar de Inqu\u00e9rito (CPI) da Covid-19. Na oitiva, Dias afirmou que os irm\u00e3os Miranda teriam envolvido o nome dele nas den\u00fancias de corrup\u00e7\u00e3o na compra da Covaxin como [&hellip;]\" \/>\n<meta property=\"og:url\" content=\"https:\/\/www.p31noticias.com.br\/?p=23348\" \/>\n<meta property=\"og:site_name\" content=\"P31\" \/>\n<meta property=\"article:published_time\" content=\"2021-07-08T13:49:24+00:00\" \/>\n<meta property=\"og:image\" content=\"https:\/\/www.p31noticias.com.br\/wp-content\/uploads\/2021\/07\/deputado-luis-miranda.jpg\" \/>\n\t<meta property=\"og:image:width\" content=\"810\" \/>\n\t<meta property=\"og:image:height\" content=\"456\" \/>\n\t<meta property=\"og:image:type\" content=\"image\/jpeg\" \/>\n<meta name=\"author\" content=\"Reda\u00e7\u00e3o JBN\" \/>\n<meta name=\"twitter:card\" content=\"summary_large_image\" \/>\n<meta name=\"twitter:label1\" content=\"Escrito por\" \/>\n\t<meta name=\"twitter:data1\" content=\"Reda\u00e7\u00e3o JBN\" \/>\n\t<meta name=\"twitter:label2\" content=\"Est. tempo de leitura\" \/>\n\t<meta name=\"twitter:data2\" content=\"2 minutos\" \/>\n<script type=\"application\/ld+json\" class=\"yoast-schema-graph\">{\"@context\":\"https:\\\/\\\/schema.org\",\"@graph\":[{\"@type\":\"Article\",\"@id\":\"https:\\\/\\\/www.p31noticias.com.br\\\/?p=23348#article\",\"isPartOf\":{\"@id\":\"https:\\\/\\\/www.p31noticias.com.br\\\/?p=23348\"},\"author\":{\"name\":\"Reda\u00e7\u00e3o JBN\",\"@id\":\"https:\\\/\\\/www.p31noticias.com.br\\\/#\\\/schema\\\/person\\\/77d6b186c710ac38937c6ec204fdd387\"},\"headline\":\"\u00c1udio. Miranda revela conversa com Dias: \u201cVou levar cigarro na cadeia\u201d\",\"datePublished\":\"2021-07-08T13:49:24+00:00\",\"mainEntityOfPage\":{\"@id\":\"https:\\\/\\\/www.p31noticias.com.br\\\/?p=23348\"},\"wordCount\":470,\"commentCount\":0,\"image\":{\"@id\":\"https:\\\/\\\/www.p31noticias.com.br\\\/?p=23348#primaryimage\"},\"thumbnailUrl\":\"https:\\\/\\\/www.p31noticias.com.br\\\/wp-content\\\/uploads\\\/2021\\\/07\\\/deputado-luis-miranda.jpg\",\"articleSection\":[\"Pol\u00edtica\"],\"inLanguage\":\"pt-BR\",\"potentialAction\":[{\"@type\":\"CommentAction\",\"name\":\"Comment\",\"target\":[\"https:\\\/\\\/www.p31noticias.com.br\\\/?p=23348#respond\"]}],\"copyrightYear\":\"2021\",\"copyrightHolder\":{\"@id\":\"https:\\\/\\\/www.p31noticias.com.br\\\/#organization\"}},{\"@type\":\"WebPage\",\"@id\":\"https:\\\/\\\/www.p31noticias.com.br\\\/?p=23348\",\"url\":\"https:\\\/\\\/www.p31noticias.com.br\\\/?p=23348\",\"name\":\"\u00c1udio. Miranda revela conversa com Dias: \u201cVou levar cigarro na cadeia\u201d - P31\",\"isPartOf\":{\"@id\":\"https:\\\/\\\/www.p31noticias.com.br\\\/#website\"},\"primaryImageOfPage\":{\"@id\":\"https:\\\/\\\/www.p31noticias.com.br\\\/?p=23348#primaryimage\"},\"image\":{\"@id\":\"https:\\\/\\\/www.p31noticias.com.br\\\/?p=23348#primaryimage\"},\"thumbnailUrl\":\"https:\\\/\\\/www.p31noticias.com.br\\\/wp-content\\\/uploads\\\/2021\\\/07\\\/deputado-luis-miranda.jpg\",\"datePublished\":\"2021-07-08T13:49:24+00:00\",\"author\":{\"@id\":\"https:\\\/\\\/www.p31noticias.com.br\\\/#\\\/schema\\\/person\\\/77d6b186c710ac38937c6ec204fdd387\"},\"breadcrumb\":{\"@id\":\"https:\\\/\\\/www.p31noticias.com.br\\\/?p=23348#breadcrumb\"},\"inLanguage\":\"pt-BR\",\"potentialAction\":[{\"@type\":\"ReadAction\",\"target\":[\"https:\\\/\\\/www.p31noticias.com.br\\\/?p=23348\"]}]},{\"@type\":\"ImageObject\",\"inLanguage\":\"pt-BR\",\"@id\":\"https:\\\/\\\/www.p31noticias.com.br\\\/?p=23348#primaryimage\",\"url\":\"https:\\\/\\\/www.p31noticias.com.br\\\/wp-content\\\/uploads\\\/2021\\\/07\\\/deputado-luis-miranda.jpg\",\"contentUrl\":\"https:\\\/\\\/www.p31noticias.com.br\\\/wp-content\\\/uploads\\\/2021\\\/07\\\/deputado-luis-miranda.jpg\",\"width\":810,\"height\":456},{\"@type\":\"BreadcrumbList\",\"@id\":\"https:\\\/\\\/www.p31noticias.com.br\\\/?p=23348#breadcrumb\",\"itemListElement\":[{\"@type\":\"ListItem\",\"position\":1,\"name\":\"In\u00edcio\",\"item\":\"https:\\\/\\\/www.p31noticias.com.br\\\/\"},{\"@type\":\"ListItem\",\"position\":2,\"name\":\"\u00c1udio. Miranda revela conversa com Dias: \u201cVou levar cigarro na cadeia\u201d\"}]},{\"@type\":\"WebSite\",\"@id\":\"https:\\\/\\\/www.p31noticias.com.br\\\/#website\",\"url\":\"https:\\\/\\\/www.p31noticias.com.br\\\/\",\"name\":\"P31\",\"description\":\"NOT\u00cdCIAS\",\"potentialAction\":[{\"@type\":\"SearchAction\",\"target\":{\"@type\":\"EntryPoint\",\"urlTemplate\":\"https:\\\/\\\/www.p31noticias.com.br\\\/?s={search_term_string}\"},\"query-input\":{\"@type\":\"PropertyValueSpecification\",\"valueRequired\":true,\"valueName\":\"search_term_string\"}}],\"inLanguage\":\"pt-BR\"},{\"@type\":\"Person\",\"@id\":\"https:\\\/\\\/www.p31noticias.com.br\\\/#\\\/schema\\\/person\\\/77d6b186c710ac38937c6ec204fdd387\",\"name\":\"Reda\u00e7\u00e3o JBN\",\"image\":{\"@type\":\"ImageObject\",\"inLanguage\":\"pt-BR\",\"@id\":\"https:\\\/\\\/secure.gravatar.com\\\/avatar\\\/10fcdb93211f98cce3d64c0795b0915a9a4a21dc0f279238995a3dbfafcad090?s=96&d=mm&r=g\",\"url\":\"https:\\\/\\\/secure.gravatar.com\\\/avatar\\\/10fcdb93211f98cce3d64c0795b0915a9a4a21dc0f279238995a3dbfafcad090?s=96&d=mm&r=g\",\"contentUrl\":\"https:\\\/\\\/secure.gravatar.com\\\/avatar\\\/10fcdb93211f98cce3d64c0795b0915a9a4a21dc0f279238995a3dbfafcad090?s=96&d=mm&r=g\",\"caption\":\"Reda\u00e7\u00e3o JBN\"},\"sameAs\":[\"https:\\\/\\\/p31noticias.com.br\"],\"url\":\"https:\\\/\\\/www.p31noticias.com.br\\\/?author=18\"}]}<\/script>\n<!-- \/ Yoast SEO Premium plugin. -->","yoast_head_json":{"title":"\u00c1udio. Miranda revela conversa com Dias: \u201cVou levar cigarro na cadeia\u201d - P31","robots":{"index":"index","follow":"follow","max-snippet":"max-snippet:-1","max-image-preview":"max-image-preview:large","max-video-preview":"max-video-preview:-1"},"canonical":"https:\/\/www.p31noticias.com.br\/?p=23348","og_locale":"pt_BR","og_type":"article","og_title":"\u00c1udio. Miranda revela conversa com Dias: \u201cVou levar cigarro na cadeia\u201d","og_description":"O deputado federal Luis Miranda (DEM-DF) rebateu, nesta quarta-feira (7\/7), a acusa\u00e7\u00e3o feita pelo ex-diretor de Log\u00edstica do Minist\u00e9rio da Sa\u00fade Roberto Ferreira Dias para a Comiss\u00e3o Parlamentar de Inqu\u00e9rito (CPI) da Covid-19. Na oitiva, Dias afirmou que os irm\u00e3os Miranda teriam envolvido o nome dele nas den\u00fancias de corrup\u00e7\u00e3o na compra da Covaxin como [&hellip;]","og_url":"https:\/\/www.p31noticias.com.br\/?p=23348","og_site_name":"P31","article_published_time":"2021-07-08T13:49:24+00:00","og_image":[{"width":810,"height":456,"url":"https:\/\/www.p31noticias.com.br\/wp-content\/uploads\/2021\/07\/deputado-luis-miranda.jpg","type":"image\/jpeg"}],"author":"Reda\u00e7\u00e3o JBN","twitter_card":"summary_large_image","twitter_misc":{"Escrito por":"Reda\u00e7\u00e3o JBN","Est. tempo de leitura":"2 minutos"},"schema":{"@context":"https:\/\/schema.org","@graph":[{"@type":"Article","@id":"https:\/\/www.p31noticias.com.br\/?p=23348#article","isPartOf":{"@id":"https:\/\/www.p31noticias.com.br\/?p=23348"},"author":{"name":"Reda\u00e7\u00e3o JBN","@id":"https:\/\/www.p31noticias.com.br\/#\/schema\/person\/77d6b186c710ac38937c6ec204fdd387"},"headline":"\u00c1udio. Miranda revela conversa com Dias: \u201cVou levar cigarro na cadeia\u201d","datePublished":"2021-07-08T13:49:24+00:00","mainEntityOfPage":{"@id":"https:\/\/www.p31noticias.com.br\/?p=23348"},"wordCount":470,"commentCount":0,"image":{"@id":"https:\/\/www.p31noticias.com.br\/?p=23348#primaryimage"},"thumbnailUrl":"https:\/\/www.p31noticias.com.br\/wp-content\/uploads\/2021\/07\/deputado-luis-miranda.jpg","articleSection":["Pol\u00edtica"],"inLanguage":"pt-BR","potentialAction":[{"@type":"CommentAction","name":"Comment","target":["https:\/\/www.p31noticias.com.br\/?p=23348#respond"]}],"copyrightYear":"2021","copyrightHolder":{"@id":"https:\/\/www.p31noticias.com.br\/#organization"}},{"@type":"WebPage","@id":"https:\/\/www.p31noticias.com.br\/?p=23348","url":"https:\/\/www.p31noticias.com.br\/?p=23348","name":"\u00c1udio. Miranda revela conversa com Dias: \u201cVou levar cigarro na cadeia\u201d - P31","isPartOf":{"@id":"https:\/\/www.p31noticias.com.br\/#website"},"primaryImageOfPage":{"@id":"https:\/\/www.p31noticias.com.br\/?p=23348#primaryimage"},"image":{"@id":"https:\/\/www.p31noticias.com.br\/?p=23348#primaryimage"},"thumbnailUrl":"https:\/\/www.p31noticias.com.br\/wp-content\/uploads\/2021\/07\/deputado-luis-miranda.jpg","datePublished":"2021-07-08T13:49:24+00:00","author":{"@id":"https:\/\/www.p31noticias.com.br\/#\/schema\/person\/77d6b186c710ac38937c6ec204fdd387"},"breadcrumb":{"@id":"https:\/\/www.p31noticias.com.br\/?p=23348#breadcrumb"},"inLanguage":"pt-BR","potentialAction":[{"@type":"ReadAction","target":["https:\/\/www.p31noticias.com.br\/?p=23348"]}]},{"@type":"ImageObject","inLanguage":"pt-BR","@id":"https:\/\/www.p31noticias.com.br\/?p=23348#primaryimage","url":"https:\/\/www.p31noticias.com.br\/wp-content\/uploads\/2021\/07\/deputado-luis-miranda.jpg","contentUrl":"https:\/\/www.p31noticias.com.br\/wp-content\/uploads\/2021\/07\/deputado-luis-miranda.jpg","width":810,"height":456},{"@type":"BreadcrumbList","@id":"https:\/\/www.p31noticias.com.br\/?p=23348#breadcrumb","itemListElement":[{"@type":"ListItem","position":1,"name":"In\u00edcio","item":"https:\/\/www.p31noticias.com.br\/"},{"@type":"ListItem","position":2,"name":"\u00c1udio. Miranda revela conversa com Dias: \u201cVou levar cigarro na cadeia\u201d"}]},{"@type":"WebSite","@id":"https:\/\/www.p31noticias.com.br\/#website","url":"https:\/\/www.p31noticias.com.br\/","name":"P31","description":"NOT\u00cdCIAS","potentialAction":[{"@type":"SearchAction","target":{"@type":"EntryPoint","urlTemplate":"https:\/\/www.p31noticias.com.br\/?s={search_term_string}"},"query-input":{"@type":"PropertyValueSpecification","valueRequired":true,"valueName":"search_term_string"}}],"inLanguage":"pt-BR"},{"@type":"Person","@id":"https:\/\/www.p31noticias.com.br\/#\/schema\/person\/77d6b186c710ac38937c6ec204fdd387","name":"Reda\u00e7\u00e3o JBN","image":{"@type":"ImageObject","inLanguage":"pt-BR","@id":"https:\/\/secure.gravatar.com\/avatar\/10fcdb93211f98cce3d64c0795b0915a9a4a21dc0f279238995a3dbfafcad090?s=96&d=mm&r=g","url":"https:\/\/secure.gravatar.com\/avatar\/10fcdb93211f98cce3d64c0795b0915a9a4a21dc0f279238995a3dbfafcad090?s=96&d=mm&r=g","contentUrl":"https:\/\/secure.gravatar.com\/avatar\/10fcdb93211f98cce3d64c0795b0915a9a4a21dc0f279238995a3dbfafcad090?s=96&d=mm&r=g","caption":"Reda\u00e7\u00e3o JBN"},"sameAs":["https:\/\/p31noticias.com.br"],"url":"https:\/\/www.p31noticias.com.br\/?author=18"}]}},"amp_enabled":true,"_links":{"self":[{"href":"https:\/\/www.p31noticias.com.br\/index.php?rest_route=\/wp\/v2\/posts\/23348","targetHints":{"allow":["GET"]}}],"collection":[{"href":"https:\/\/www.p31noticias.com.br\/index.php?rest_route=\/wp\/v2\/posts"}],"about":[{"href":"https:\/\/www.p31noticias.com.br\/index.php?rest_route=\/wp\/v2\/types\/post"}],"author":[{"embeddable":true,"href":"https:\/\/www.p31noticias.com.br\/index.php?rest_route=\/wp\/v2\/users\/18"}],"replies":[{"embeddable":true,"href":"https:\/\/www.p31noticias.com.br\/index.php?rest_route=%2Fwp%2Fv2%2Fcomments&post=23348"}],"version-history":[{"count":1,"href":"https:\/\/www.p31noticias.com.br\/index.php?rest_route=\/wp\/v2\/posts\/23348\/revisions"}],"predecessor-version":[{"id":23350,"href":"https:\/\/www.p31noticias.com.br\/index.php?rest_route=\/wp\/v2\/posts\/23348\/revisions\/23350"}],"wp:featuredmedia":[{"embeddable":true,"href":"https:\/\/www.p31noticias.com.br\/index.php?rest_route=\/wp\/v2\/media\/23349"}],"wp:attachment":[{"href":"https:\/\/www.p31noticias.com.br\/index.php?rest_route=%2Fwp%2Fv2%2Fmedia&parent=23348"}],"wp:term":[{"taxonomy":"category","embeddable":true,"href":"https:\/\/www.p31noticias.com.br\/index.php?rest_route=%2Fwp%2Fv2%2Fcategories&post=23348"},{"taxonomy":"post_tag","embeddable":true,"href":"https:\/\/www.p31noticias.com.br\/index.php?rest_route=%2Fwp%2Fv2%2Ftags&post=23348"}],"curies":[{"name":"wp","href":"https:\/\/api.w.org\/{rel}","templated":true}]}}