{"id":23328,"date":"2021-07-08T10:07:23","date_gmt":"2021-07-08T13:07:23","guid":{"rendered":"https:\/\/p31noticias.com.br\/?p=23328"},"modified":"2021-07-08T10:07:23","modified_gmt":"2021-07-08T13:07:23","slug":"padaria-cardabelle-no-dia-do-panificador-celebra-seguir-em-atividade","status":"publish","type":"post","link":"https:\/\/www.p31noticias.com.br\/?p=23328","title":{"rendered":"Padaria Cardabelle, no Dia do Panificador, celebra seguir em atividade"},"content":{"rendered":"<p>No cen\u00e1rio de pandemia, a panifica\u00e7\u00e3o foi considerada servi\u00e7o essencial no Distrito Federal. Enquanto muitos estabelecimentos precisaram fechar portas, as padarias seguiram fornecendo o p\u00e3o de cada dia \u00e0 popula\u00e7\u00e3o. Celebrado em 08 de Julho, o dia do Panificador (Padeiro), \u00e9 uma boa ocasi\u00e3o para lembrar a capacidade de reinven\u00e7\u00e3o, adapta\u00e7\u00e3o, supera\u00e7\u00e3o de crises e oferta de servi\u00e7os que atendem a popula\u00e7\u00e3o de forma cont\u00ednua.<\/p>\n<p>A Padaria Cardabelle atravessa esse per\u00edodo t\u00e3o dif\u00edcil para todos, chegando aos quase 4 anos em atividade, fazendo as mudan\u00e7as necess\u00e1rias para garantir a produ\u00e7\u00e3o di\u00e1ria e a seguran\u00e7a da equipe em face \u00e0 pandemia e seus efeitos, manter o m\u00e1ximo de empregos poss\u00edvel, usando as redes sociais para se aproximar da clientela em tempos de distanciamento e isolamento social. Mestre Padeiro e empreendedor, o franc\u00eas radicado em Bras\u00edlia, Beno\u00eet Rataboul, explica que produtos usados na panifica\u00e7\u00e3o t\u00eam subido de pre\u00e7o.<\/p>\n<p>SUSPENS\u00c3O \u2013 Outro fator indesej\u00e1vel, mas necess\u00e1rio e fielmente seguido, foi a suspens\u00e3o de atendimento nas mesas, que impactou no faturamento, mas era uma medida necess\u00e1ria para \u201cseguran\u00e7a da clientela e dos recursos humanos. Atender direto aumenta as vendas e a clientela quer muito que volte. Nossa previs\u00e3o de reabertura \u00e9 para o segundo semestre\u201d, explica ele, prevendo o avan\u00e7o da vacina\u00e7\u00e3o.<\/p>\n<p>SEGURAN\u00c7A \u2013 Os cuidados com a sa\u00fade da equipe e da clientela trouxe gastos extras para v\u00e1rios setores, inclusive o de panifica\u00e7\u00e3o, pois tornou necess\u00e1rio fornecer \u00e1lcool em gel, EPIS para a equipe, como m\u00e1scaras e luvas, limpeza espec\u00edfica. Esses gastos, segundo Rataboul, n\u00e3o chegam a impactar tanto nos custos da Padaria Cardabelle, mas ele avalia que num cen\u00e1rio de menor faturamento, qualquer gasto a mais \u00e9 um custo extra que \u00e9 absorvido, mas nem sempre \u00e9 totalmente repassado.<\/p>\n<p>Tivemos que nos adaptar, manter a qualidade do servi\u00e7o, proteger funcion\u00e1rios\/as com equipamentos e rotinas mais extensas de limpeza, al\u00e9m de afastar por alguns dias 3 ou 4 pessoas que tiveram suspeita de Covid, mantendo a remunera\u00e7\u00e3o. O Mestre Padeiro acredita que o momento n\u00e3o est\u00e1 f\u00e1cil para ningu\u00e9m. Afeta quem emprega, quem trabalha, os\/as clientes, \u201ctodo mundo sofre, de alguma maneira, com a pandemia\u201d. Conseguir continuar com o empreendimento, diante do cen\u00e1rio t\u00e3o dif\u00edcil, j\u00e1 \u00e9 um motivo para celebrar o 8 de Julho.<\/p>\n<p>SERVI\u00c7O \u2013 Dia do Padeiro em Pandemia<\/p>\n<p>Local\/Hor\u00e1rios: SHCN 403, bloco E (Cardabelle) &#8211; Diariamente, das 8h \u00e0s 19:45<\/p>\n<p>Telefones: 61 3033-6684 \/ 61 9226-5084<br \/>\nRedes: https:\/\/www.instagram.com\/cardabellepadaria\/<\/p>\n","protected":false},"excerpt":{"rendered":"<p>No cen\u00e1rio de pandemia, a panifica\u00e7\u00e3o foi considerada servi\u00e7o essencial no Distrito Federal. Enquanto muitos estabelecimentos precisaram fechar portas, as padarias seguiram fornecendo o p\u00e3o de cada dia \u00e0 popula\u00e7\u00e3o. Celebrado em 08 de Julho, o dia do Panificador (Padeiro), \u00e9 uma boa ocasi\u00e3o para lembrar a capacidade de reinven\u00e7\u00e3o, adapta\u00e7\u00e3o, supera\u00e7\u00e3o de crises e [&hellip;]<\/p>\n","protected":false},"author":18,"featured_media":23329,"comment_status":"open","ping_status":"open","sticky":false,"template":"","format":"standard","meta":{"footnotes":""},"categories":[1],"tags":[],"class_list":{"0":"post-23328","1":"post","2":"type-post","3":"status-publish","4":"format-standard","5":"has-post-thumbnail","7":"category-outros"},"yoast_head":"<!-- This site is optimized with the Yoast SEO Premium plugin v24.5 (Yoast SEO v27.5) - https:\/\/yoast.com\/product\/yoast-seo-premium-wordpress\/ -->\n<title>Padaria Cardabelle, no Dia do Panificador, celebra seguir em atividade - P31<\/title>\n<meta name=\"robots\" content=\"index, follow, max-snippet:-1, max-image-preview:large, max-video-preview:-1\" \/>\n<link rel=\"canonical\" href=\"https:\/\/www.p31noticias.com.br\/?p=23328\" \/>\n<meta property=\"og:locale\" content=\"pt_BR\" \/>\n<meta property=\"og:type\" content=\"article\" \/>\n<meta property=\"og:title\" content=\"Padaria Cardabelle, no Dia do Panificador, celebra seguir em atividade\" \/>\n<meta property=\"og:description\" content=\"No cen\u00e1rio de pandemia, a panifica\u00e7\u00e3o foi considerada servi\u00e7o essencial no Distrito Federal. Enquanto muitos estabelecimentos precisaram fechar portas, as padarias seguiram fornecendo o p\u00e3o de cada dia \u00e0 popula\u00e7\u00e3o. Celebrado em 08 de Julho, o dia do Panificador (Padeiro), \u00e9 uma boa ocasi\u00e3o para lembrar a capacidade de reinven\u00e7\u00e3o, adapta\u00e7\u00e3o, supera\u00e7\u00e3o de crises e [&hellip;]\" \/>\n<meta property=\"og:url\" content=\"https:\/\/www.p31noticias.com.br\/?p=23328\" \/>\n<meta property=\"og:site_name\" content=\"P31\" \/>\n<meta property=\"article:published_time\" content=\"2021-07-08T13:07:23+00:00\" \/>\n<meta property=\"og:image\" content=\"https:\/\/www.p31noticias.com.br\/wp-content\/uploads\/2021\/07\/Padaria_Cardabelle_por_Emanuelle_Sena-7-1-scaled.jpg\" \/>\n\t<meta property=\"og:image:width\" content=\"2560\" \/>\n\t<meta property=\"og:image:height\" content=\"1709\" \/>\n\t<meta property=\"og:image:type\" content=\"image\/jpeg\" \/>\n<meta name=\"author\" content=\"Reda\u00e7\u00e3o JBN\" \/>\n<meta name=\"twitter:card\" content=\"summary_large_image\" \/>\n<meta name=\"twitter:label1\" content=\"Escrito por\" \/>\n\t<meta name=\"twitter:data1\" content=\"Reda\u00e7\u00e3o JBN\" \/>\n\t<meta name=\"twitter:label2\" content=\"Est. tempo de leitura\" \/>\n\t<meta name=\"twitter:data2\" content=\"2 minutos\" \/>\n<script type=\"application\/ld+json\" class=\"yoast-schema-graph\">{\"@context\":\"https:\\\/\\\/schema.org\",\"@graph\":[{\"@type\":\"Article\",\"@id\":\"https:\\\/\\\/www.p31noticias.com.br\\\/?p=23328#article\",\"isPartOf\":{\"@id\":\"https:\\\/\\\/www.p31noticias.com.br\\\/?p=23328\"},\"author\":{\"name\":\"Reda\u00e7\u00e3o JBN\",\"@id\":\"https:\\\/\\\/www.p31noticias.com.br\\\/#\\\/schema\\\/person\\\/77d6b186c710ac38937c6ec204fdd387\"},\"headline\":\"Padaria Cardabelle, no Dia do Panificador, celebra seguir em atividade\",\"datePublished\":\"2021-07-08T13:07:23+00:00\",\"mainEntityOfPage\":{\"@id\":\"https:\\\/\\\/www.p31noticias.com.br\\\/?p=23328\"},\"wordCount\":453,\"commentCount\":0,\"image\":{\"@id\":\"https:\\\/\\\/www.p31noticias.com.br\\\/?p=23328#primaryimage\"},\"thumbnailUrl\":\"https:\\\/\\\/www.p31noticias.com.br\\\/wp-content\\\/uploads\\\/2021\\\/07\\\/Padaria_Cardabelle_por_Emanuelle_Sena-7-1-scaled.jpg\",\"articleSection\":[\"Outros\"],\"inLanguage\":\"pt-BR\",\"potentialAction\":[{\"@type\":\"CommentAction\",\"name\":\"Comment\",\"target\":[\"https:\\\/\\\/www.p31noticias.com.br\\\/?p=23328#respond\"]}],\"copyrightYear\":\"2021\",\"copyrightHolder\":{\"@id\":\"https:\\\/\\\/www.p31noticias.com.br\\\/#organization\"}},{\"@type\":\"WebPage\",\"@id\":\"https:\\\/\\\/www.p31noticias.com.br\\\/?p=23328\",\"url\":\"https:\\\/\\\/www.p31noticias.com.br\\\/?p=23328\",\"name\":\"Padaria Cardabelle, no Dia do Panificador, celebra seguir em atividade - P31\",\"isPartOf\":{\"@id\":\"https:\\\/\\\/www.p31noticias.com.br\\\/#website\"},\"primaryImageOfPage\":{\"@id\":\"https:\\\/\\\/www.p31noticias.com.br\\\/?p=23328#primaryimage\"},\"image\":{\"@id\":\"https:\\\/\\\/www.p31noticias.com.br\\\/?p=23328#primaryimage\"},\"thumbnailUrl\":\"https:\\\/\\\/www.p31noticias.com.br\\\/wp-content\\\/uploads\\\/2021\\\/07\\\/Padaria_Cardabelle_por_Emanuelle_Sena-7-1-scaled.jpg\",\"datePublished\":\"2021-07-08T13:07:23+00:00\",\"author\":{\"@id\":\"https:\\\/\\\/www.p31noticias.com.br\\\/#\\\/schema\\\/person\\\/77d6b186c710ac38937c6ec204fdd387\"},\"breadcrumb\":{\"@id\":\"https:\\\/\\\/www.p31noticias.com.br\\\/?p=23328#breadcrumb\"},\"inLanguage\":\"pt-BR\",\"potentialAction\":[{\"@type\":\"ReadAction\",\"target\":[\"https:\\\/\\\/www.p31noticias.com.br\\\/?p=23328\"]}]},{\"@type\":\"ImageObject\",\"inLanguage\":\"pt-BR\",\"@id\":\"https:\\\/\\\/www.p31noticias.com.br\\\/?p=23328#primaryimage\",\"url\":\"https:\\\/\\\/www.p31noticias.com.br\\\/wp-content\\\/uploads\\\/2021\\\/07\\\/Padaria_Cardabelle_por_Emanuelle_Sena-7-1-scaled.jpg\",\"contentUrl\":\"https:\\\/\\\/www.p31noticias.com.br\\\/wp-content\\\/uploads\\\/2021\\\/07\\\/Padaria_Cardabelle_por_Emanuelle_Sena-7-1-scaled.jpg\",\"width\":2560,\"height\":1709},{\"@type\":\"BreadcrumbList\",\"@id\":\"https:\\\/\\\/www.p31noticias.com.br\\\/?p=23328#breadcrumb\",\"itemListElement\":[{\"@type\":\"ListItem\",\"position\":1,\"name\":\"In\u00edcio\",\"item\":\"https:\\\/\\\/www.p31noticias.com.br\\\/\"},{\"@type\":\"ListItem\",\"position\":2,\"name\":\"Padaria Cardabelle, no Dia do Panificador, celebra seguir em atividade\"}]},{\"@type\":\"WebSite\",\"@id\":\"https:\\\/\\\/www.p31noticias.com.br\\\/#website\",\"url\":\"https:\\\/\\\/www.p31noticias.com.br\\\/\",\"name\":\"P31\",\"description\":\"NOT\u00cdCIAS\",\"potentialAction\":[{\"@type\":\"SearchAction\",\"target\":{\"@type\":\"EntryPoint\",\"urlTemplate\":\"https:\\\/\\\/www.p31noticias.com.br\\\/?s={search_term_string}\"},\"query-input\":{\"@type\":\"PropertyValueSpecification\",\"valueRequired\":true,\"valueName\":\"search_term_string\"}}],\"inLanguage\":\"pt-BR\"},{\"@type\":\"Person\",\"@id\":\"https:\\\/\\\/www.p31noticias.com.br\\\/#\\\/schema\\\/person\\\/77d6b186c710ac38937c6ec204fdd387\",\"name\":\"Reda\u00e7\u00e3o JBN\",\"image\":{\"@type\":\"ImageObject\",\"inLanguage\":\"pt-BR\",\"@id\":\"https:\\\/\\\/secure.gravatar.com\\\/avatar\\\/10fcdb93211f98cce3d64c0795b0915a9a4a21dc0f279238995a3dbfafcad090?s=96&d=mm&r=g\",\"url\":\"https:\\\/\\\/secure.gravatar.com\\\/avatar\\\/10fcdb93211f98cce3d64c0795b0915a9a4a21dc0f279238995a3dbfafcad090?s=96&d=mm&r=g\",\"contentUrl\":\"https:\\\/\\\/secure.gravatar.com\\\/avatar\\\/10fcdb93211f98cce3d64c0795b0915a9a4a21dc0f279238995a3dbfafcad090?s=96&d=mm&r=g\",\"caption\":\"Reda\u00e7\u00e3o JBN\"},\"sameAs\":[\"https:\\\/\\\/p31noticias.com.br\"],\"url\":\"https:\\\/\\\/www.p31noticias.com.br\\\/?author=18\"}]}<\/script>\n<!-- \/ Yoast SEO Premium plugin. -->","yoast_head_json":{"title":"Padaria Cardabelle, no Dia do Panificador, celebra seguir em atividade - P31","robots":{"index":"index","follow":"follow","max-snippet":"max-snippet:-1","max-image-preview":"max-image-preview:large","max-video-preview":"max-video-preview:-1"},"canonical":"https:\/\/www.p31noticias.com.br\/?p=23328","og_locale":"pt_BR","og_type":"article","og_title":"Padaria Cardabelle, no Dia do Panificador, celebra seguir em atividade","og_description":"No cen\u00e1rio de pandemia, a panifica\u00e7\u00e3o foi considerada servi\u00e7o essencial no Distrito Federal. Enquanto muitos estabelecimentos precisaram fechar portas, as padarias seguiram fornecendo o p\u00e3o de cada dia \u00e0 popula\u00e7\u00e3o. Celebrado em 08 de Julho, o dia do Panificador (Padeiro), \u00e9 uma boa ocasi\u00e3o para lembrar a capacidade de reinven\u00e7\u00e3o, adapta\u00e7\u00e3o, supera\u00e7\u00e3o de crises e [&hellip;]","og_url":"https:\/\/www.p31noticias.com.br\/?p=23328","og_site_name":"P31","article_published_time":"2021-07-08T13:07:23+00:00","og_image":[{"width":2560,"height":1709,"url":"https:\/\/www.p31noticias.com.br\/wp-content\/uploads\/2021\/07\/Padaria_Cardabelle_por_Emanuelle_Sena-7-1-scaled.jpg","type":"image\/jpeg"}],"author":"Reda\u00e7\u00e3o JBN","twitter_card":"summary_large_image","twitter_misc":{"Escrito por":"Reda\u00e7\u00e3o JBN","Est. tempo de leitura":"2 minutos"},"schema":{"@context":"https:\/\/schema.org","@graph":[{"@type":"Article","@id":"https:\/\/www.p31noticias.com.br\/?p=23328#article","isPartOf":{"@id":"https:\/\/www.p31noticias.com.br\/?p=23328"},"author":{"name":"Reda\u00e7\u00e3o JBN","@id":"https:\/\/www.p31noticias.com.br\/#\/schema\/person\/77d6b186c710ac38937c6ec204fdd387"},"headline":"Padaria Cardabelle, no Dia do Panificador, celebra seguir em atividade","datePublished":"2021-07-08T13:07:23+00:00","mainEntityOfPage":{"@id":"https:\/\/www.p31noticias.com.br\/?p=23328"},"wordCount":453,"commentCount":0,"image":{"@id":"https:\/\/www.p31noticias.com.br\/?p=23328#primaryimage"},"thumbnailUrl":"https:\/\/www.p31noticias.com.br\/wp-content\/uploads\/2021\/07\/Padaria_Cardabelle_por_Emanuelle_Sena-7-1-scaled.jpg","articleSection":["Outros"],"inLanguage":"pt-BR","potentialAction":[{"@type":"CommentAction","name":"Comment","target":["https:\/\/www.p31noticias.com.br\/?p=23328#respond"]}],"copyrightYear":"2021","copyrightHolder":{"@id":"https:\/\/www.p31noticias.com.br\/#organization"}},{"@type":"WebPage","@id":"https:\/\/www.p31noticias.com.br\/?p=23328","url":"https:\/\/www.p31noticias.com.br\/?p=23328","name":"Padaria Cardabelle, no Dia do Panificador, celebra seguir em atividade - P31","isPartOf":{"@id":"https:\/\/www.p31noticias.com.br\/#website"},"primaryImageOfPage":{"@id":"https:\/\/www.p31noticias.com.br\/?p=23328#primaryimage"},"image":{"@id":"https:\/\/www.p31noticias.com.br\/?p=23328#primaryimage"},"thumbnailUrl":"https:\/\/www.p31noticias.com.br\/wp-content\/uploads\/2021\/07\/Padaria_Cardabelle_por_Emanuelle_Sena-7-1-scaled.jpg","datePublished":"2021-07-08T13:07:23+00:00","author":{"@id":"https:\/\/www.p31noticias.com.br\/#\/schema\/person\/77d6b186c710ac38937c6ec204fdd387"},"breadcrumb":{"@id":"https:\/\/www.p31noticias.com.br\/?p=23328#breadcrumb"},"inLanguage":"pt-BR","potentialAction":[{"@type":"ReadAction","target":["https:\/\/www.p31noticias.com.br\/?p=23328"]}]},{"@type":"ImageObject","inLanguage":"pt-BR","@id":"https:\/\/www.p31noticias.com.br\/?p=23328#primaryimage","url":"https:\/\/www.p31noticias.com.br\/wp-content\/uploads\/2021\/07\/Padaria_Cardabelle_por_Emanuelle_Sena-7-1-scaled.jpg","contentUrl":"https:\/\/www.p31noticias.com.br\/wp-content\/uploads\/2021\/07\/Padaria_Cardabelle_por_Emanuelle_Sena-7-1-scaled.jpg","width":2560,"height":1709},{"@type":"BreadcrumbList","@id":"https:\/\/www.p31noticias.com.br\/?p=23328#breadcrumb","itemListElement":[{"@type":"ListItem","position":1,"name":"In\u00edcio","item":"https:\/\/www.p31noticias.com.br\/"},{"@type":"ListItem","position":2,"name":"Padaria Cardabelle, no Dia do Panificador, celebra seguir em atividade"}]},{"@type":"WebSite","@id":"https:\/\/www.p31noticias.com.br\/#website","url":"https:\/\/www.p31noticias.com.br\/","name":"P31","description":"NOT\u00cdCIAS","potentialAction":[{"@type":"SearchAction","target":{"@type":"EntryPoint","urlTemplate":"https:\/\/www.p31noticias.com.br\/?s={search_term_string}"},"query-input":{"@type":"PropertyValueSpecification","valueRequired":true,"valueName":"search_term_string"}}],"inLanguage":"pt-BR"},{"@type":"Person","@id":"https:\/\/www.p31noticias.com.br\/#\/schema\/person\/77d6b186c710ac38937c6ec204fdd387","name":"Reda\u00e7\u00e3o JBN","image":{"@type":"ImageObject","inLanguage":"pt-BR","@id":"https:\/\/secure.gravatar.com\/avatar\/10fcdb93211f98cce3d64c0795b0915a9a4a21dc0f279238995a3dbfafcad090?s=96&d=mm&r=g","url":"https:\/\/secure.gravatar.com\/avatar\/10fcdb93211f98cce3d64c0795b0915a9a4a21dc0f279238995a3dbfafcad090?s=96&d=mm&r=g","contentUrl":"https:\/\/secure.gravatar.com\/avatar\/10fcdb93211f98cce3d64c0795b0915a9a4a21dc0f279238995a3dbfafcad090?s=96&d=mm&r=g","caption":"Reda\u00e7\u00e3o JBN"},"sameAs":["https:\/\/p31noticias.com.br"],"url":"https:\/\/www.p31noticias.com.br\/?author=18"}]}},"amp_enabled":true,"_links":{"self":[{"href":"https:\/\/www.p31noticias.com.br\/index.php?rest_route=\/wp\/v2\/posts\/23328","targetHints":{"allow":["GET"]}}],"collection":[{"href":"https:\/\/www.p31noticias.com.br\/index.php?rest_route=\/wp\/v2\/posts"}],"about":[{"href":"https:\/\/www.p31noticias.com.br\/index.php?rest_route=\/wp\/v2\/types\/post"}],"author":[{"embeddable":true,"href":"https:\/\/www.p31noticias.com.br\/index.php?rest_route=\/wp\/v2\/users\/18"}],"replies":[{"embeddable":true,"href":"https:\/\/www.p31noticias.com.br\/index.php?rest_route=%2Fwp%2Fv2%2Fcomments&post=23328"}],"version-history":[{"count":1,"href":"https:\/\/www.p31noticias.com.br\/index.php?rest_route=\/wp\/v2\/posts\/23328\/revisions"}],"predecessor-version":[{"id":23340,"href":"https:\/\/www.p31noticias.com.br\/index.php?rest_route=\/wp\/v2\/posts\/23328\/revisions\/23340"}],"wp:featuredmedia":[{"embeddable":true,"href":"https:\/\/www.p31noticias.com.br\/index.php?rest_route=\/wp\/v2\/media\/23329"}],"wp:attachment":[{"href":"https:\/\/www.p31noticias.com.br\/index.php?rest_route=%2Fwp%2Fv2%2Fmedia&parent=23328"}],"wp:term":[{"taxonomy":"category","embeddable":true,"href":"https:\/\/www.p31noticias.com.br\/index.php?rest_route=%2Fwp%2Fv2%2Fcategories&post=23328"},{"taxonomy":"post_tag","embeddable":true,"href":"https:\/\/www.p31noticias.com.br\/index.php?rest_route=%2Fwp%2Fv2%2Ftags&post=23328"}],"curies":[{"name":"wp","href":"https:\/\/api.w.org\/{rel}","templated":true}]}}