{"id":23321,"date":"2021-07-07T11:15:49","date_gmt":"2021-07-07T14:15:49","guid":{"rendered":"https:\/\/p31noticias.com.br\/?p=23321"},"modified":"2021-07-07T11:16:56","modified_gmt":"2021-07-07T14:16:56","slug":"vendas-do-comercio-crescem-14-de-abril-para-maio-diz-ibge","status":"publish","type":"post","link":"https:\/\/www.p31noticias.com.br\/?p=23321","title":{"rendered":"Vendas do com\u00e9rcio crescem 1,4% de abril para maio, diz IBGE."},"content":{"rendered":"<h3 class=\"col-10 offset-1 animated fadeInDown dealy-900 display-8 display-md-8 alt-font font-italic my-1 text-center\"><em><strong>Essa \u00e9 a segunda alta consecutiva do indicador.<\/strong><\/em><\/h3>\n<div class=\"post-item-wrap\">\n<p style=\"text-align: justify;\">O com\u00e9rcio varejista nacional teve alta de 1,4% em seu volume de vendas na passagem de abril para maio deste ano. Essa \u00e9 a segunda alta consecutiva do indicador, que j\u00e1 havia subido 4,9% de mar\u00e7o para abril. O dado \u00e9 da Pesquisa Mensal de Com\u00e9rcio (PMC), divulgada hoje (7) pelo Instituto Brasileiro de Geografia e Estat\u00edstica (IBGE).<img decoding=\"async\" src=\"https:\/\/agenciabrasil.ebc.com.br\/ebc.png?id=1414883&amp;o=node\" \/><img decoding=\"async\" src=\"https:\/\/agenciabrasil.ebc.com.br\/ebc.gif?id=1414883&amp;o=node\" \/><\/p>\n<p style=\"text-align: justify;\">O setor tamb\u00e9m teve crescimentos de 1,1% na m\u00e9dia m\u00f3vel trimestral, 16% na compara\u00e7\u00e3o com maio de 2020, 6,8% no acumulado do ano e 5,4% nos \u00faltimos 12 meses.<\/p>\n<p style=\"text-align: justify;\">A receita nominal cresceu 2,4% em rela\u00e7\u00e3o a abril, 29,8% na compara\u00e7\u00e3o com maio do ano passado, 18,1% no acumulado do ano e 13,3% nos \u00faltimos 12 meses.<\/p>\n<p style=\"text-align: justify;\">A alta de 1,4% no volume de vendas de abril para maio foi puxada por sete das oito atividades pesquisadas pelo IBGE. A exce\u00e7\u00e3o foi o segmento de artigos farmac\u00eauticos, m\u00e9dicos, ortop\u00e9dicos, de perfumaria e cosm\u00e9ticos, que recuou 1,4%.<\/p>\n<p style=\"text-align: justify;\">Entre as altas, o destaque ficou com tecidos, vestu\u00e1rio e cal\u00e7ados (16,8%) e combust\u00edveis e lubrificantes (6,9%). Os demais setores com crescimento foram: outros artigos de uso pessoal e dom\u00e9stico (6,7%), livros, jornais, revistas e papelaria (1,4%), equipamentos e material para escrit\u00f3rio, inform\u00e1tica e comunica\u00e7\u00e3o (3,3%), supermercados, produtos aliment\u00edcios, bebidas e fumo (1%) e m\u00f3veis e eletrodom\u00e9sticos (0,6%).<\/p>\n<h2 style=\"text-align: justify;\">Varejo ampliado<\/h2>\n<p style=\"text-align: justify;\">O varejo ampliado, que tamb\u00e9m inclui ve\u00edculos e materiais de constru\u00e7\u00e3o, teve alta de 3,8% em seu volume de vendas na compara\u00e7\u00e3o com abril. Os materiais de constru\u00e7\u00e3o cresceram 5%, enquanto os ve\u00edculos e pe\u00e7as tiveram alta de 1% no per\u00edodo.<\/p>\n<p style=\"text-align: justify;\">Segundo o IBGE, o varejo ampliado teve altas de 26,2% na compara\u00e7\u00e3o com maio de 2020, de 12,4% no acumulado do ano e de 6,8% no acumulado de 12 meses. Na receita nominal, houve aumentos de 4,7% na compara\u00e7\u00e3o com abril deste ano, de 41,1% em rela\u00e7\u00e3o a maio de 2020, de 24,6% no acumulado do ano e de 15% em 12 meses.<\/p>\n<p>Ag\u00eancia Brasil.<\/p>\n<\/div>\n","protected":false},"excerpt":{"rendered":"<p>Essa \u00e9 a segunda alta consecutiva do indicador. O com\u00e9rcio varejista nacional teve alta de 1,4% em seu volume de vendas na passagem de abril para maio deste ano. Essa \u00e9 a segunda alta consecutiva do indicador, que j\u00e1 havia subido 4,9% de mar\u00e7o para abril. O dado \u00e9 da Pesquisa Mensal de Com\u00e9rcio (PMC), [&hellip;]<\/p>\n","protected":false},"author":2,"featured_media":23322,"comment_status":"open","ping_status":"open","sticky":false,"template":"","format":"standard","meta":{"footnotes":""},"categories":[68],"tags":[],"class_list":{"0":"post-23321","1":"post","2":"type-post","3":"status-publish","4":"format-standard","5":"has-post-thumbnail","7":"category-brasil"},"yoast_head":"<!-- This site is optimized with the Yoast SEO Premium plugin v24.5 (Yoast SEO v27.5) - https:\/\/yoast.com\/product\/yoast-seo-premium-wordpress\/ -->\n<title>Vendas do com\u00e9rcio crescem 1,4% de abril para maio, diz IBGE. - P31<\/title>\n<meta name=\"robots\" content=\"index, follow, max-snippet:-1, max-image-preview:large, max-video-preview:-1\" \/>\n<link rel=\"canonical\" href=\"https:\/\/www.p31noticias.com.br\/?p=23321\" \/>\n<meta property=\"og:locale\" content=\"pt_BR\" \/>\n<meta property=\"og:type\" content=\"article\" \/>\n<meta property=\"og:title\" content=\"Vendas do com\u00e9rcio crescem 1,4% de abril para maio, diz IBGE.\" \/>\n<meta property=\"og:description\" content=\"Essa \u00e9 a segunda alta consecutiva do indicador. O com\u00e9rcio varejista nacional teve alta de 1,4% em seu volume de vendas na passagem de abril para maio deste ano. Essa \u00e9 a segunda alta consecutiva do indicador, que j\u00e1 havia subido 4,9% de mar\u00e7o para abril. O dado \u00e9 da Pesquisa Mensal de Com\u00e9rcio (PMC), [&hellip;]\" \/>\n<meta property=\"og:url\" content=\"https:\/\/www.p31noticias.com.br\/?p=23321\" \/>\n<meta property=\"og:site_name\" content=\"P31\" \/>\n<meta property=\"article:published_time\" content=\"2021-07-07T14:15:49+00:00\" \/>\n<meta property=\"article:modified_time\" content=\"2021-07-07T14:16:56+00:00\" \/>\n<meta property=\"og:image\" content=\"https:\/\/www.p31noticias.com.br\/wp-content\/uploads\/2021\/07\/comercioe_rj_ffraz_05072110193.jpg\" \/>\n\t<meta property=\"og:image:width\" content=\"1170\" \/>\n\t<meta property=\"og:image:height\" content=\"700\" \/>\n\t<meta property=\"og:image:type\" content=\"image\/jpeg\" \/>\n<meta name=\"author\" content=\"Gon\u00e7alves Junior\" \/>\n<meta name=\"twitter:card\" content=\"summary_large_image\" \/>\n<meta name=\"twitter:label1\" content=\"Escrito por\" \/>\n\t<meta name=\"twitter:data1\" content=\"Gon\u00e7alves Junior\" \/>\n\t<meta name=\"twitter:label2\" content=\"Est. tempo de leitura\" \/>\n\t<meta name=\"twitter:data2\" content=\"2 minutos\" \/>\n<script type=\"application\/ld+json\" class=\"yoast-schema-graph\">{\"@context\":\"https:\\\/\\\/schema.org\",\"@graph\":[{\"@type\":\"Article\",\"@id\":\"https:\\\/\\\/www.p31noticias.com.br\\\/?p=23321#article\",\"isPartOf\":{\"@id\":\"https:\\\/\\\/www.p31noticias.com.br\\\/?p=23321\"},\"author\":{\"name\":\"Gon\u00e7alves Junior\",\"@id\":\"https:\\\/\\\/www.p31noticias.com.br\\\/#\\\/schema\\\/person\\\/95f2ece30e3b4132065b915150cd0f94\"},\"headline\":\"Vendas do com\u00e9rcio crescem 1,4% de abril para maio, diz IBGE.\",\"datePublished\":\"2021-07-07T14:15:49+00:00\",\"dateModified\":\"2021-07-07T14:16:56+00:00\",\"mainEntityOfPage\":{\"@id\":\"https:\\\/\\\/www.p31noticias.com.br\\\/?p=23321\"},\"wordCount\":336,\"commentCount\":0,\"image\":{\"@id\":\"https:\\\/\\\/www.p31noticias.com.br\\\/?p=23321#primaryimage\"},\"thumbnailUrl\":\"https:\\\/\\\/www.p31noticias.com.br\\\/wp-content\\\/uploads\\\/2021\\\/07\\\/comercioe_rj_ffraz_05072110193.jpg\",\"articleSection\":[\"Brasil\"],\"inLanguage\":\"pt-BR\",\"potentialAction\":[{\"@type\":\"CommentAction\",\"name\":\"Comment\",\"target\":[\"https:\\\/\\\/www.p31noticias.com.br\\\/?p=23321#respond\"]}],\"copyrightYear\":\"2021\",\"copyrightHolder\":{\"@id\":\"https:\\\/\\\/www.p31noticias.com.br\\\/#organization\"}},{\"@type\":\"WebPage\",\"@id\":\"https:\\\/\\\/www.p31noticias.com.br\\\/?p=23321\",\"url\":\"https:\\\/\\\/www.p31noticias.com.br\\\/?p=23321\",\"name\":\"Vendas do com\u00e9rcio crescem 1,4% de abril para maio, diz IBGE. - P31\",\"isPartOf\":{\"@id\":\"https:\\\/\\\/www.p31noticias.com.br\\\/#website\"},\"primaryImageOfPage\":{\"@id\":\"https:\\\/\\\/www.p31noticias.com.br\\\/?p=23321#primaryimage\"},\"image\":{\"@id\":\"https:\\\/\\\/www.p31noticias.com.br\\\/?p=23321#primaryimage\"},\"thumbnailUrl\":\"https:\\\/\\\/www.p31noticias.com.br\\\/wp-content\\\/uploads\\\/2021\\\/07\\\/comercioe_rj_ffraz_05072110193.jpg\",\"datePublished\":\"2021-07-07T14:15:49+00:00\",\"dateModified\":\"2021-07-07T14:16:56+00:00\",\"author\":{\"@id\":\"https:\\\/\\\/www.p31noticias.com.br\\\/#\\\/schema\\\/person\\\/95f2ece30e3b4132065b915150cd0f94\"},\"breadcrumb\":{\"@id\":\"https:\\\/\\\/www.p31noticias.com.br\\\/?p=23321#breadcrumb\"},\"inLanguage\":\"pt-BR\",\"potentialAction\":[{\"@type\":\"ReadAction\",\"target\":[\"https:\\\/\\\/www.p31noticias.com.br\\\/?p=23321\"]}]},{\"@type\":\"ImageObject\",\"inLanguage\":\"pt-BR\",\"@id\":\"https:\\\/\\\/www.p31noticias.com.br\\\/?p=23321#primaryimage\",\"url\":\"https:\\\/\\\/www.p31noticias.com.br\\\/wp-content\\\/uploads\\\/2021\\\/07\\\/comercioe_rj_ffraz_05072110193.jpg\",\"contentUrl\":\"https:\\\/\\\/www.p31noticias.com.br\\\/wp-content\\\/uploads\\\/2021\\\/07\\\/comercioe_rj_ffraz_05072110193.jpg\",\"width\":1170,\"height\":700,\"caption\":\"Rio de Janeiro - Vitrine de roupas em loja de rua, com\u00e9rcio no Centro do Rio. (Fernando Fraz\u00e3o\\\/Ag\u00eancia Brasil)\"},{\"@type\":\"BreadcrumbList\",\"@id\":\"https:\\\/\\\/www.p31noticias.com.br\\\/?p=23321#breadcrumb\",\"itemListElement\":[{\"@type\":\"ListItem\",\"position\":1,\"name\":\"In\u00edcio\",\"item\":\"https:\\\/\\\/www.p31noticias.com.br\\\/\"},{\"@type\":\"ListItem\",\"position\":2,\"name\":\"Vendas do com\u00e9rcio crescem 1,4% de abril para maio, diz IBGE.\"}]},{\"@type\":\"WebSite\",\"@id\":\"https:\\\/\\\/www.p31noticias.com.br\\\/#website\",\"url\":\"https:\\\/\\\/www.p31noticias.com.br\\\/\",\"name\":\"P31\",\"description\":\"NOT\u00cdCIAS\",\"potentialAction\":[{\"@type\":\"SearchAction\",\"target\":{\"@type\":\"EntryPoint\",\"urlTemplate\":\"https:\\\/\\\/www.p31noticias.com.br\\\/?s={search_term_string}\"},\"query-input\":{\"@type\":\"PropertyValueSpecification\",\"valueRequired\":true,\"valueName\":\"search_term_string\"}}],\"inLanguage\":\"pt-BR\"},{\"@type\":\"Person\",\"@id\":\"https:\\\/\\\/www.p31noticias.com.br\\\/#\\\/schema\\\/person\\\/95f2ece30e3b4132065b915150cd0f94\",\"name\":\"Gon\u00e7alves Junior\",\"image\":{\"@type\":\"ImageObject\",\"inLanguage\":\"pt-BR\",\"@id\":\"https:\\\/\\\/secure.gravatar.com\\\/avatar\\\/6711f350116a89762687a48d66f723c799e5438a5b7578508d4294cd7a5d0800?s=96&d=mm&r=g\",\"url\":\"https:\\\/\\\/secure.gravatar.com\\\/avatar\\\/6711f350116a89762687a48d66f723c799e5438a5b7578508d4294cd7a5d0800?s=96&d=mm&r=g\",\"contentUrl\":\"https:\\\/\\\/secure.gravatar.com\\\/avatar\\\/6711f350116a89762687a48d66f723c799e5438a5b7578508d4294cd7a5d0800?s=96&d=mm&r=g\",\"caption\":\"Gon\u00e7alves Junior\"},\"url\":\"https:\\\/\\\/www.p31noticias.com.br\\\/?author=2\"}]}<\/script>\n<!-- \/ Yoast SEO Premium plugin. -->","yoast_head_json":{"title":"Vendas do com\u00e9rcio crescem 1,4% de abril para maio, diz IBGE. - P31","robots":{"index":"index","follow":"follow","max-snippet":"max-snippet:-1","max-image-preview":"max-image-preview:large","max-video-preview":"max-video-preview:-1"},"canonical":"https:\/\/www.p31noticias.com.br\/?p=23321","og_locale":"pt_BR","og_type":"article","og_title":"Vendas do com\u00e9rcio crescem 1,4% de abril para maio, diz IBGE.","og_description":"Essa \u00e9 a segunda alta consecutiva do indicador. O com\u00e9rcio varejista nacional teve alta de 1,4% em seu volume de vendas na passagem de abril para maio deste ano. Essa \u00e9 a segunda alta consecutiva do indicador, que j\u00e1 havia subido 4,9% de mar\u00e7o para abril. O dado \u00e9 da Pesquisa Mensal de Com\u00e9rcio (PMC), [&hellip;]","og_url":"https:\/\/www.p31noticias.com.br\/?p=23321","og_site_name":"P31","article_published_time":"2021-07-07T14:15:49+00:00","article_modified_time":"2021-07-07T14:16:56+00:00","og_image":[{"width":1170,"height":700,"url":"https:\/\/www.p31noticias.com.br\/wp-content\/uploads\/2021\/07\/comercioe_rj_ffraz_05072110193.jpg","type":"image\/jpeg"}],"author":"Gon\u00e7alves Junior","twitter_card":"summary_large_image","twitter_misc":{"Escrito por":"Gon\u00e7alves Junior","Est. tempo de leitura":"2 minutos"},"schema":{"@context":"https:\/\/schema.org","@graph":[{"@type":"Article","@id":"https:\/\/www.p31noticias.com.br\/?p=23321#article","isPartOf":{"@id":"https:\/\/www.p31noticias.com.br\/?p=23321"},"author":{"name":"Gon\u00e7alves Junior","@id":"https:\/\/www.p31noticias.com.br\/#\/schema\/person\/95f2ece30e3b4132065b915150cd0f94"},"headline":"Vendas do com\u00e9rcio crescem 1,4% de abril para maio, diz IBGE.","datePublished":"2021-07-07T14:15:49+00:00","dateModified":"2021-07-07T14:16:56+00:00","mainEntityOfPage":{"@id":"https:\/\/www.p31noticias.com.br\/?p=23321"},"wordCount":336,"commentCount":0,"image":{"@id":"https:\/\/www.p31noticias.com.br\/?p=23321#primaryimage"},"thumbnailUrl":"https:\/\/www.p31noticias.com.br\/wp-content\/uploads\/2021\/07\/comercioe_rj_ffraz_05072110193.jpg","articleSection":["Brasil"],"inLanguage":"pt-BR","potentialAction":[{"@type":"CommentAction","name":"Comment","target":["https:\/\/www.p31noticias.com.br\/?p=23321#respond"]}],"copyrightYear":"2021","copyrightHolder":{"@id":"https:\/\/www.p31noticias.com.br\/#organization"}},{"@type":"WebPage","@id":"https:\/\/www.p31noticias.com.br\/?p=23321","url":"https:\/\/www.p31noticias.com.br\/?p=23321","name":"Vendas do com\u00e9rcio crescem 1,4% de abril para maio, diz IBGE. - P31","isPartOf":{"@id":"https:\/\/www.p31noticias.com.br\/#website"},"primaryImageOfPage":{"@id":"https:\/\/www.p31noticias.com.br\/?p=23321#primaryimage"},"image":{"@id":"https:\/\/www.p31noticias.com.br\/?p=23321#primaryimage"},"thumbnailUrl":"https:\/\/www.p31noticias.com.br\/wp-content\/uploads\/2021\/07\/comercioe_rj_ffraz_05072110193.jpg","datePublished":"2021-07-07T14:15:49+00:00","dateModified":"2021-07-07T14:16:56+00:00","author":{"@id":"https:\/\/www.p31noticias.com.br\/#\/schema\/person\/95f2ece30e3b4132065b915150cd0f94"},"breadcrumb":{"@id":"https:\/\/www.p31noticias.com.br\/?p=23321#breadcrumb"},"inLanguage":"pt-BR","potentialAction":[{"@type":"ReadAction","target":["https:\/\/www.p31noticias.com.br\/?p=23321"]}]},{"@type":"ImageObject","inLanguage":"pt-BR","@id":"https:\/\/www.p31noticias.com.br\/?p=23321#primaryimage","url":"https:\/\/www.p31noticias.com.br\/wp-content\/uploads\/2021\/07\/comercioe_rj_ffraz_05072110193.jpg","contentUrl":"https:\/\/www.p31noticias.com.br\/wp-content\/uploads\/2021\/07\/comercioe_rj_ffraz_05072110193.jpg","width":1170,"height":700,"caption":"Rio de Janeiro - Vitrine de roupas em loja de rua, com\u00e9rcio no Centro do Rio. (Fernando Fraz\u00e3o\/Ag\u00eancia Brasil)"},{"@type":"BreadcrumbList","@id":"https:\/\/www.p31noticias.com.br\/?p=23321#breadcrumb","itemListElement":[{"@type":"ListItem","position":1,"name":"In\u00edcio","item":"https:\/\/www.p31noticias.com.br\/"},{"@type":"ListItem","position":2,"name":"Vendas do com\u00e9rcio crescem 1,4% de abril para maio, diz IBGE."}]},{"@type":"WebSite","@id":"https:\/\/www.p31noticias.com.br\/#website","url":"https:\/\/www.p31noticias.com.br\/","name":"P31","description":"NOT\u00cdCIAS","potentialAction":[{"@type":"SearchAction","target":{"@type":"EntryPoint","urlTemplate":"https:\/\/www.p31noticias.com.br\/?s={search_term_string}"},"query-input":{"@type":"PropertyValueSpecification","valueRequired":true,"valueName":"search_term_string"}}],"inLanguage":"pt-BR"},{"@type":"Person","@id":"https:\/\/www.p31noticias.com.br\/#\/schema\/person\/95f2ece30e3b4132065b915150cd0f94","name":"Gon\u00e7alves Junior","image":{"@type":"ImageObject","inLanguage":"pt-BR","@id":"https:\/\/secure.gravatar.com\/avatar\/6711f350116a89762687a48d66f723c799e5438a5b7578508d4294cd7a5d0800?s=96&d=mm&r=g","url":"https:\/\/secure.gravatar.com\/avatar\/6711f350116a89762687a48d66f723c799e5438a5b7578508d4294cd7a5d0800?s=96&d=mm&r=g","contentUrl":"https:\/\/secure.gravatar.com\/avatar\/6711f350116a89762687a48d66f723c799e5438a5b7578508d4294cd7a5d0800?s=96&d=mm&r=g","caption":"Gon\u00e7alves Junior"},"url":"https:\/\/www.p31noticias.com.br\/?author=2"}]}},"amp_enabled":true,"_links":{"self":[{"href":"https:\/\/www.p31noticias.com.br\/index.php?rest_route=\/wp\/v2\/posts\/23321","targetHints":{"allow":["GET"]}}],"collection":[{"href":"https:\/\/www.p31noticias.com.br\/index.php?rest_route=\/wp\/v2\/posts"}],"about":[{"href":"https:\/\/www.p31noticias.com.br\/index.php?rest_route=\/wp\/v2\/types\/post"}],"author":[{"embeddable":true,"href":"https:\/\/www.p31noticias.com.br\/index.php?rest_route=\/wp\/v2\/users\/2"}],"replies":[{"embeddable":true,"href":"https:\/\/www.p31noticias.com.br\/index.php?rest_route=%2Fwp%2Fv2%2Fcomments&post=23321"}],"version-history":[{"count":1,"href":"https:\/\/www.p31noticias.com.br\/index.php?rest_route=\/wp\/v2\/posts\/23321\/revisions"}],"predecessor-version":[{"id":23323,"href":"https:\/\/www.p31noticias.com.br\/index.php?rest_route=\/wp\/v2\/posts\/23321\/revisions\/23323"}],"wp:featuredmedia":[{"embeddable":true,"href":"https:\/\/www.p31noticias.com.br\/index.php?rest_route=\/wp\/v2\/media\/23322"}],"wp:attachment":[{"href":"https:\/\/www.p31noticias.com.br\/index.php?rest_route=%2Fwp%2Fv2%2Fmedia&parent=23321"}],"wp:term":[{"taxonomy":"category","embeddable":true,"href":"https:\/\/www.p31noticias.com.br\/index.php?rest_route=%2Fwp%2Fv2%2Fcategories&post=23321"},{"taxonomy":"post_tag","embeddable":true,"href":"https:\/\/www.p31noticias.com.br\/index.php?rest_route=%2Fwp%2Fv2%2Ftags&post=23321"}],"curies":[{"name":"wp","href":"https:\/\/api.w.org\/{rel}","templated":true}]}}