{"id":23313,"date":"2021-07-06T09:27:13","date_gmt":"2021-07-06T12:27:13","guid":{"rendered":"https:\/\/p31noticias.com.br\/?p=23313"},"modified":"2021-07-06T09:27:13","modified_gmt":"2021-07-06T12:27:13","slug":"musica-para-celebrar-o-165-aniversario-dos-bombeiros","status":"publish","type":"post","link":"https:\/\/www.p31noticias.com.br\/?p=23313","title":{"rendered":"M\u00fasica para celebrar o 165\u00b0 anivers\u00e1rio dos Bombeiros."},"content":{"rendered":"<p style=\"text-align: justify;\"><em><strong>Apresenta\u00e7\u00e3o da banda da corpora\u00e7\u00e3o ser\u00e1 nesta ter\u00e7a-feira (6), na rodovi\u00e1ria do Plano Piloto.<\/strong><\/em><\/p>\n<p><img loading=\"lazy\" decoding=\"async\" class=\"\" src=\"https:\/\/upload.wikimedia.org\/wikipedia\/commons\/thumb\/c\/cf\/Bras%C3%A3o_CBMDF.svg\/1200px-Bras%C3%A3o_CBMDF.svg.png\" alt=\"Corpo de Bombeiros Militar do Distrito Federal \u2013 Wikip\u00e9dia, a enciclop\u00e9dia  livre\" width=\"294\" height=\"294\" \/><\/p>\n<p style=\"text-align: justify;\">A Banda de M\u00fasica do Corpo de Bombeiros do Distrito Federal far\u00e1 uma apresenta\u00e7\u00e3o na manh\u00e3 desta ter\u00e7a-feira (6), na Rodovi\u00e1ria do Plano Piloto. O evento acontece dentro da agenda de comemora\u00e7\u00f5es ao 165\u00b0Anivers\u00e1rio do Corpo de Bombeiros do Distrito Federal (CBMDF).<\/p>\n<p style=\"text-align: justify;\">A apresenta\u00e7\u00e3o ocorrer\u00e1 em parceria com a Administra\u00e7\u00e3o da Rodovi\u00e1ria do Plano Piloto (UARB) e com a Cruz Vermelha Brasileira (CVB). Al\u00e9m de levar m\u00fasica aos milhares de usu\u00e1rios da rodovi\u00e1ria, a celebra\u00e7\u00e3o far\u00e1 a distribui\u00e7\u00e3o de 6 mil m\u00e1scaras de prote\u00e7\u00e3o facial para preven\u00e7\u00e3o contra o cont\u00e1gio por coronav\u00edrus.<\/p>\n<p style=\"text-align: justify;\">O Comandante-Geral do CBMDF, coronel William Bomfim, e o administrador da Rodovi\u00e1ria, Josu\u00e9 Martins, prestigiar\u00e3o o concerto.<\/p>\n<p style=\"text-align: justify;\"><strong>Servi\u00e7o:<\/strong><\/p>\n<p style=\"text-align: justify;\">Banda de M\u00fasica do CBMDF<br \/>\nApresenta\u00e7\u00e3o em comemora\u00e7\u00e3o do 165\u00b0 Anivers\u00e1rio do CBMDF<br \/>\nData: 6 de julho de 2021<br \/>\nLocal: Rodovi\u00e1ria do Plano Piloto<\/p>\n<p style=\"text-align: justify;\"><em><br \/>\n*Com informa\u00e7\u00f5es do CBMDF<\/em><\/p>\n","protected":false},"excerpt":{"rendered":"<p>Apresenta\u00e7\u00e3o da banda da corpora\u00e7\u00e3o ser\u00e1 nesta ter\u00e7a-feira (6), na rodovi\u00e1ria do Plano Piloto. A Banda de M\u00fasica do Corpo de Bombeiros do Distrito Federal far\u00e1 uma apresenta\u00e7\u00e3o na manh\u00e3 desta ter\u00e7a-feira (6), na Rodovi\u00e1ria do Plano Piloto. O evento acontece dentro da agenda de comemora\u00e7\u00f5es ao 165\u00b0Anivers\u00e1rio do Corpo de Bombeiros do Distrito Federal [&hellip;]<\/p>\n","protected":false},"author":2,"featured_media":23314,"comment_status":"open","ping_status":"open","sticky":false,"template":"","format":"standard","meta":{"footnotes":""},"categories":[21],"tags":[],"class_list":{"0":"post-23313","1":"post","2":"type-post","3":"status-publish","4":"format-standard","5":"has-post-thumbnail","7":"category-brasilia"},"yoast_head":"<!-- This site is optimized with the Yoast SEO Premium plugin v24.5 (Yoast SEO v27.5) - https:\/\/yoast.com\/product\/yoast-seo-premium-wordpress\/ -->\n<title>M\u00fasica para celebrar o 165\u00b0 anivers\u00e1rio dos Bombeiros. - P31<\/title>\n<meta name=\"robots\" content=\"index, follow, max-snippet:-1, max-image-preview:large, max-video-preview:-1\" \/>\n<link rel=\"canonical\" href=\"https:\/\/www.p31noticias.com.br\/?p=23313\" \/>\n<meta property=\"og:locale\" content=\"pt_BR\" \/>\n<meta property=\"og:type\" content=\"article\" \/>\n<meta property=\"og:title\" content=\"M\u00fasica para celebrar o 165\u00b0 anivers\u00e1rio dos Bombeiros.\" \/>\n<meta property=\"og:description\" content=\"Apresenta\u00e7\u00e3o da banda da corpora\u00e7\u00e3o ser\u00e1 nesta ter\u00e7a-feira (6), na rodovi\u00e1ria do Plano Piloto. A Banda de M\u00fasica do Corpo de Bombeiros do Distrito Federal far\u00e1 uma apresenta\u00e7\u00e3o na manh\u00e3 desta ter\u00e7a-feira (6), na Rodovi\u00e1ria do Plano Piloto. O evento acontece dentro da agenda de comemora\u00e7\u00f5es ao 165\u00b0Anivers\u00e1rio do Corpo de Bombeiros do Distrito Federal [&hellip;]\" \/>\n<meta property=\"og:url\" content=\"https:\/\/www.p31noticias.com.br\/?p=23313\" \/>\n<meta property=\"og:site_name\" content=\"P31\" \/>\n<meta property=\"article:published_time\" content=\"2021-07-06T12:27:13+00:00\" \/>\n<meta property=\"og:image\" content=\"https:\/\/www.p31noticias.com.br\/wp-content\/uploads\/2021\/07\/download-8.jpg\" \/>\n\t<meta property=\"og:image:width\" content=\"220\" \/>\n\t<meta property=\"og:image:height\" content=\"151\" \/>\n\t<meta property=\"og:image:type\" content=\"image\/jpeg\" \/>\n<meta name=\"author\" content=\"Gon\u00e7alves Junior\" \/>\n<meta name=\"twitter:card\" content=\"summary_large_image\" \/>\n<meta name=\"twitter:label1\" content=\"Escrito por\" \/>\n\t<meta name=\"twitter:data1\" content=\"Gon\u00e7alves Junior\" \/>\n\t<meta name=\"twitter:label2\" content=\"Est. tempo de leitura\" \/>\n\t<meta name=\"twitter:data2\" content=\"1 minuto\" \/>\n<script type=\"application\/ld+json\" class=\"yoast-schema-graph\">{\"@context\":\"https:\\\/\\\/schema.org\",\"@graph\":[{\"@type\":\"Article\",\"@id\":\"https:\\\/\\\/www.p31noticias.com.br\\\/?p=23313#article\",\"isPartOf\":{\"@id\":\"https:\\\/\\\/www.p31noticias.com.br\\\/?p=23313\"},\"author\":{\"name\":\"Gon\u00e7alves Junior\",\"@id\":\"https:\\\/\\\/www.p31noticias.com.br\\\/#\\\/schema\\\/person\\\/95f2ece30e3b4132065b915150cd0f94\"},\"headline\":\"M\u00fasica para celebrar o 165\u00b0 anivers\u00e1rio dos Bombeiros.\",\"datePublished\":\"2021-07-06T12:27:13+00:00\",\"mainEntityOfPage\":{\"@id\":\"https:\\\/\\\/www.p31noticias.com.br\\\/?p=23313\"},\"wordCount\":188,\"commentCount\":0,\"image\":{\"@id\":\"https:\\\/\\\/www.p31noticias.com.br\\\/?p=23313#primaryimage\"},\"thumbnailUrl\":\"https:\\\/\\\/www.p31noticias.com.br\\\/wp-content\\\/uploads\\\/2021\\\/07\\\/download-8.jpg\",\"articleSection\":[\"Bras\u00edlia\"],\"inLanguage\":\"pt-BR\",\"potentialAction\":[{\"@type\":\"CommentAction\",\"name\":\"Comment\",\"target\":[\"https:\\\/\\\/www.p31noticias.com.br\\\/?p=23313#respond\"]}],\"copyrightYear\":\"2021\",\"copyrightHolder\":{\"@id\":\"https:\\\/\\\/www.p31noticias.com.br\\\/#organization\"}},{\"@type\":\"WebPage\",\"@id\":\"https:\\\/\\\/www.p31noticias.com.br\\\/?p=23313\",\"url\":\"https:\\\/\\\/www.p31noticias.com.br\\\/?p=23313\",\"name\":\"M\u00fasica para celebrar o 165\u00b0 anivers\u00e1rio dos Bombeiros. - P31\",\"isPartOf\":{\"@id\":\"https:\\\/\\\/www.p31noticias.com.br\\\/#website\"},\"primaryImageOfPage\":{\"@id\":\"https:\\\/\\\/www.p31noticias.com.br\\\/?p=23313#primaryimage\"},\"image\":{\"@id\":\"https:\\\/\\\/www.p31noticias.com.br\\\/?p=23313#primaryimage\"},\"thumbnailUrl\":\"https:\\\/\\\/www.p31noticias.com.br\\\/wp-content\\\/uploads\\\/2021\\\/07\\\/download-8.jpg\",\"datePublished\":\"2021-07-06T12:27:13+00:00\",\"author\":{\"@id\":\"https:\\\/\\\/www.p31noticias.com.br\\\/#\\\/schema\\\/person\\\/95f2ece30e3b4132065b915150cd0f94\"},\"breadcrumb\":{\"@id\":\"https:\\\/\\\/www.p31noticias.com.br\\\/?p=23313#breadcrumb\"},\"inLanguage\":\"pt-BR\",\"potentialAction\":[{\"@type\":\"ReadAction\",\"target\":[\"https:\\\/\\\/www.p31noticias.com.br\\\/?p=23313\"]}]},{\"@type\":\"ImageObject\",\"inLanguage\":\"pt-BR\",\"@id\":\"https:\\\/\\\/www.p31noticias.com.br\\\/?p=23313#primaryimage\",\"url\":\"https:\\\/\\\/www.p31noticias.com.br\\\/wp-content\\\/uploads\\\/2021\\\/07\\\/download-8.jpg\",\"contentUrl\":\"https:\\\/\\\/www.p31noticias.com.br\\\/wp-content\\\/uploads\\\/2021\\\/07\\\/download-8.jpg\",\"width\":220,\"height\":151},{\"@type\":\"BreadcrumbList\",\"@id\":\"https:\\\/\\\/www.p31noticias.com.br\\\/?p=23313#breadcrumb\",\"itemListElement\":[{\"@type\":\"ListItem\",\"position\":1,\"name\":\"In\u00edcio\",\"item\":\"https:\\\/\\\/www.p31noticias.com.br\\\/\"},{\"@type\":\"ListItem\",\"position\":2,\"name\":\"M\u00fasica para celebrar o 165\u00b0 anivers\u00e1rio dos Bombeiros.\"}]},{\"@type\":\"WebSite\",\"@id\":\"https:\\\/\\\/www.p31noticias.com.br\\\/#website\",\"url\":\"https:\\\/\\\/www.p31noticias.com.br\\\/\",\"name\":\"P31\",\"description\":\"NOT\u00cdCIAS\",\"potentialAction\":[{\"@type\":\"SearchAction\",\"target\":{\"@type\":\"EntryPoint\",\"urlTemplate\":\"https:\\\/\\\/www.p31noticias.com.br\\\/?s={search_term_string}\"},\"query-input\":{\"@type\":\"PropertyValueSpecification\",\"valueRequired\":true,\"valueName\":\"search_term_string\"}}],\"inLanguage\":\"pt-BR\"},{\"@type\":\"Person\",\"@id\":\"https:\\\/\\\/www.p31noticias.com.br\\\/#\\\/schema\\\/person\\\/95f2ece30e3b4132065b915150cd0f94\",\"name\":\"Gon\u00e7alves Junior\",\"image\":{\"@type\":\"ImageObject\",\"inLanguage\":\"pt-BR\",\"@id\":\"https:\\\/\\\/secure.gravatar.com\\\/avatar\\\/6711f350116a89762687a48d66f723c799e5438a5b7578508d4294cd7a5d0800?s=96&d=mm&r=g\",\"url\":\"https:\\\/\\\/secure.gravatar.com\\\/avatar\\\/6711f350116a89762687a48d66f723c799e5438a5b7578508d4294cd7a5d0800?s=96&d=mm&r=g\",\"contentUrl\":\"https:\\\/\\\/secure.gravatar.com\\\/avatar\\\/6711f350116a89762687a48d66f723c799e5438a5b7578508d4294cd7a5d0800?s=96&d=mm&r=g\",\"caption\":\"Gon\u00e7alves Junior\"},\"url\":\"https:\\\/\\\/www.p31noticias.com.br\\\/?author=2\"}]}<\/script>\n<!-- \/ Yoast SEO Premium plugin. -->","yoast_head_json":{"title":"M\u00fasica para celebrar o 165\u00b0 anivers\u00e1rio dos Bombeiros. - P31","robots":{"index":"index","follow":"follow","max-snippet":"max-snippet:-1","max-image-preview":"max-image-preview:large","max-video-preview":"max-video-preview:-1"},"canonical":"https:\/\/www.p31noticias.com.br\/?p=23313","og_locale":"pt_BR","og_type":"article","og_title":"M\u00fasica para celebrar o 165\u00b0 anivers\u00e1rio dos Bombeiros.","og_description":"Apresenta\u00e7\u00e3o da banda da corpora\u00e7\u00e3o ser\u00e1 nesta ter\u00e7a-feira (6), na rodovi\u00e1ria do Plano Piloto. A Banda de M\u00fasica do Corpo de Bombeiros do Distrito Federal far\u00e1 uma apresenta\u00e7\u00e3o na manh\u00e3 desta ter\u00e7a-feira (6), na Rodovi\u00e1ria do Plano Piloto. O evento acontece dentro da agenda de comemora\u00e7\u00f5es ao 165\u00b0Anivers\u00e1rio do Corpo de Bombeiros do Distrito Federal [&hellip;]","og_url":"https:\/\/www.p31noticias.com.br\/?p=23313","og_site_name":"P31","article_published_time":"2021-07-06T12:27:13+00:00","og_image":[{"width":220,"height":151,"url":"https:\/\/www.p31noticias.com.br\/wp-content\/uploads\/2021\/07\/download-8.jpg","type":"image\/jpeg"}],"author":"Gon\u00e7alves Junior","twitter_card":"summary_large_image","twitter_misc":{"Escrito por":"Gon\u00e7alves Junior","Est. tempo de leitura":"1 minuto"},"schema":{"@context":"https:\/\/schema.org","@graph":[{"@type":"Article","@id":"https:\/\/www.p31noticias.com.br\/?p=23313#article","isPartOf":{"@id":"https:\/\/www.p31noticias.com.br\/?p=23313"},"author":{"name":"Gon\u00e7alves Junior","@id":"https:\/\/www.p31noticias.com.br\/#\/schema\/person\/95f2ece30e3b4132065b915150cd0f94"},"headline":"M\u00fasica para celebrar o 165\u00b0 anivers\u00e1rio dos Bombeiros.","datePublished":"2021-07-06T12:27:13+00:00","mainEntityOfPage":{"@id":"https:\/\/www.p31noticias.com.br\/?p=23313"},"wordCount":188,"commentCount":0,"image":{"@id":"https:\/\/www.p31noticias.com.br\/?p=23313#primaryimage"},"thumbnailUrl":"https:\/\/www.p31noticias.com.br\/wp-content\/uploads\/2021\/07\/download-8.jpg","articleSection":["Bras\u00edlia"],"inLanguage":"pt-BR","potentialAction":[{"@type":"CommentAction","name":"Comment","target":["https:\/\/www.p31noticias.com.br\/?p=23313#respond"]}],"copyrightYear":"2021","copyrightHolder":{"@id":"https:\/\/www.p31noticias.com.br\/#organization"}},{"@type":"WebPage","@id":"https:\/\/www.p31noticias.com.br\/?p=23313","url":"https:\/\/www.p31noticias.com.br\/?p=23313","name":"M\u00fasica para celebrar o 165\u00b0 anivers\u00e1rio dos Bombeiros. - P31","isPartOf":{"@id":"https:\/\/www.p31noticias.com.br\/#website"},"primaryImageOfPage":{"@id":"https:\/\/www.p31noticias.com.br\/?p=23313#primaryimage"},"image":{"@id":"https:\/\/www.p31noticias.com.br\/?p=23313#primaryimage"},"thumbnailUrl":"https:\/\/www.p31noticias.com.br\/wp-content\/uploads\/2021\/07\/download-8.jpg","datePublished":"2021-07-06T12:27:13+00:00","author":{"@id":"https:\/\/www.p31noticias.com.br\/#\/schema\/person\/95f2ece30e3b4132065b915150cd0f94"},"breadcrumb":{"@id":"https:\/\/www.p31noticias.com.br\/?p=23313#breadcrumb"},"inLanguage":"pt-BR","potentialAction":[{"@type":"ReadAction","target":["https:\/\/www.p31noticias.com.br\/?p=23313"]}]},{"@type":"ImageObject","inLanguage":"pt-BR","@id":"https:\/\/www.p31noticias.com.br\/?p=23313#primaryimage","url":"https:\/\/www.p31noticias.com.br\/wp-content\/uploads\/2021\/07\/download-8.jpg","contentUrl":"https:\/\/www.p31noticias.com.br\/wp-content\/uploads\/2021\/07\/download-8.jpg","width":220,"height":151},{"@type":"BreadcrumbList","@id":"https:\/\/www.p31noticias.com.br\/?p=23313#breadcrumb","itemListElement":[{"@type":"ListItem","position":1,"name":"In\u00edcio","item":"https:\/\/www.p31noticias.com.br\/"},{"@type":"ListItem","position":2,"name":"M\u00fasica para celebrar o 165\u00b0 anivers\u00e1rio dos Bombeiros."}]},{"@type":"WebSite","@id":"https:\/\/www.p31noticias.com.br\/#website","url":"https:\/\/www.p31noticias.com.br\/","name":"P31","description":"NOT\u00cdCIAS","potentialAction":[{"@type":"SearchAction","target":{"@type":"EntryPoint","urlTemplate":"https:\/\/www.p31noticias.com.br\/?s={search_term_string}"},"query-input":{"@type":"PropertyValueSpecification","valueRequired":true,"valueName":"search_term_string"}}],"inLanguage":"pt-BR"},{"@type":"Person","@id":"https:\/\/www.p31noticias.com.br\/#\/schema\/person\/95f2ece30e3b4132065b915150cd0f94","name":"Gon\u00e7alves Junior","image":{"@type":"ImageObject","inLanguage":"pt-BR","@id":"https:\/\/secure.gravatar.com\/avatar\/6711f350116a89762687a48d66f723c799e5438a5b7578508d4294cd7a5d0800?s=96&d=mm&r=g","url":"https:\/\/secure.gravatar.com\/avatar\/6711f350116a89762687a48d66f723c799e5438a5b7578508d4294cd7a5d0800?s=96&d=mm&r=g","contentUrl":"https:\/\/secure.gravatar.com\/avatar\/6711f350116a89762687a48d66f723c799e5438a5b7578508d4294cd7a5d0800?s=96&d=mm&r=g","caption":"Gon\u00e7alves Junior"},"url":"https:\/\/www.p31noticias.com.br\/?author=2"}]}},"amp_enabled":true,"_links":{"self":[{"href":"https:\/\/www.p31noticias.com.br\/index.php?rest_route=\/wp\/v2\/posts\/23313","targetHints":{"allow":["GET"]}}],"collection":[{"href":"https:\/\/www.p31noticias.com.br\/index.php?rest_route=\/wp\/v2\/posts"}],"about":[{"href":"https:\/\/www.p31noticias.com.br\/index.php?rest_route=\/wp\/v2\/types\/post"}],"author":[{"embeddable":true,"href":"https:\/\/www.p31noticias.com.br\/index.php?rest_route=\/wp\/v2\/users\/2"}],"replies":[{"embeddable":true,"href":"https:\/\/www.p31noticias.com.br\/index.php?rest_route=%2Fwp%2Fv2%2Fcomments&post=23313"}],"version-history":[{"count":2,"href":"https:\/\/www.p31noticias.com.br\/index.php?rest_route=\/wp\/v2\/posts\/23313\/revisions"}],"predecessor-version":[{"id":23316,"href":"https:\/\/www.p31noticias.com.br\/index.php?rest_route=\/wp\/v2\/posts\/23313\/revisions\/23316"}],"wp:featuredmedia":[{"embeddable":true,"href":"https:\/\/www.p31noticias.com.br\/index.php?rest_route=\/wp\/v2\/media\/23314"}],"wp:attachment":[{"href":"https:\/\/www.p31noticias.com.br\/index.php?rest_route=%2Fwp%2Fv2%2Fmedia&parent=23313"}],"wp:term":[{"taxonomy":"category","embeddable":true,"href":"https:\/\/www.p31noticias.com.br\/index.php?rest_route=%2Fwp%2Fv2%2Fcategories&post=23313"},{"taxonomy":"post_tag","embeddable":true,"href":"https:\/\/www.p31noticias.com.br\/index.php?rest_route=%2Fwp%2Fv2%2Ftags&post=23313"}],"curies":[{"name":"wp","href":"https:\/\/api.w.org\/{rel}","templated":true}]}}