{"id":23310,"date":"2021-07-06T09:28:06","date_gmt":"2021-07-06T12:28:06","guid":{"rendered":"https:\/\/p31noticias.com.br\/?p=23310"},"modified":"2021-07-06T09:28:06","modified_gmt":"2021-07-06T12:28:06","slug":"precos-da-gasolina-diesel-e-gas-aumentam-hoje-nas-refinarias","status":"publish","type":"post","link":"https:\/\/www.p31noticias.com.br\/?p=23310","title":{"rendered":"Pre\u00e7os da gasolina, diesel e g\u00e1s aumentam hoje nas refinarias;"},"content":{"rendered":"<p style=\"text-align: justify;\">Os pre\u00e7os da gasolina, do diesel e do g\u00e1s de cozinha (GLP) sobem nesta ter\u00e7a-feira (6) nas refinarias. De acordo com a Petrobras, a gasolina aumenta, em m\u00e9dia, R$ 0,16 (6,3%), fazendo com que o litro do combust\u00edvel saia de R$ 2,53 e chegue a R$ 2,69.<img decoding=\"async\" src=\"https:\/\/agenciabrasil.ebc.com.br\/ebc.png?id=1414771&amp;o=node\" \/><img decoding=\"async\" src=\"https:\/\/agenciabrasil.ebc.com.br\/ebc.gif?id=1414771&amp;o=node\" \/><\/p>\n<p style=\"text-align: justify;\">O diesel tem m\u00e9dio de R$ 0,10 (3,7%) por litro, e passa a custar R$ 2,81 nas refinarias da Petrobras. O g\u00e1s de cozinha (GLP) para as distribuidoras sobe R$ 3,60 por quilograma (kg), refletindo um aumento m\u00e9dio de R$ 0,20 por kg.<\/p>\n<p style=\"text-align: justify;\">Segundo a Petrobras, os reajustes acompanham a eleva\u00e7\u00e3o nos patamares internacionais de pre\u00e7os de petr\u00f3leo e derivados.<\/p>\n<p style=\"text-align: justify;\">A empresa informa tamb\u00e9m que evita repassar imediatamente a volatilidade externa aos pre\u00e7os do mercado interno, mas busca o equil\u00edbrio de seus valores com o mercado internacional e a taxa de c\u00e2mbio.<\/p>\n<p style=\"text-align: justify;\">Segundo a estatal, tal alinhamento &#8220;\u00e9 fundamental para garantir que o mercado brasileiro siga suprido sem riscos de desabastecimento pelos diferentes setores respons\u00e1veis pelo atendimento \u00e0s diversas regi\u00f5es brasileira&#8221;.<\/p>\n<p style=\"text-align: justify;\">At\u00e9 chegar aos consumidores finais, os pre\u00e7os cobrados nas refinarias da Petrobras na venda \u00e0s distribuidoras s\u00e3o acrescidos de impostos, custos para a mistura obrigat\u00f3ria de biocombust\u00edvel, margem de lucro de distribuidoras e revendedoras e outros custos.<\/p>\n<p style=\"text-align: justify;\">&#8220;Para o GLP especificamente, conforme<a href=\"https:\/\/www.in.gov.br\/en\/web\/dou\/-\/decreto-n-10.638-de-1-de-marco-de-2021-305972356\" target=\"_blank\" rel=\"noopener noreferrer\">\u00a0Decreto n\u00ba 10.638\/2021<\/a>, est\u00e3o zeradas as al\u00edquotas dos tributos federais PIS e Cofins incidentes sobre a comercializa\u00e7\u00e3o do produto quando destinado para uso dom\u00e9stico e envasado em recipientes de at\u00e9 13 kg&#8221;, explica a Petrobras, que acrescenta que, no caso do GLP, o pre\u00e7o final \u00e9 acrescido do custo de envase nas distribuidoras.<\/p>\n<p>Ag\u00eancia Brasil.<\/p>\n","protected":false},"excerpt":{"rendered":"<p>Os pre\u00e7os da gasolina, do diesel e do g\u00e1s de cozinha (GLP) sobem nesta ter\u00e7a-feira (6) nas refinarias. De acordo com a Petrobras, a gasolina aumenta, em m\u00e9dia, R$ 0,16 (6,3%), fazendo com que o litro do combust\u00edvel saia de R$ 2,53 e chegue a R$ 2,69. O diesel tem m\u00e9dio de R$ 0,10 (3,7%) [&hellip;]<\/p>\n","protected":false},"author":2,"featured_media":23311,"comment_status":"open","ping_status":"open","sticky":false,"template":"","format":"standard","meta":{"footnotes":""},"categories":[1],"tags":[],"class_list":{"0":"post-23310","1":"post","2":"type-post","3":"status-publish","4":"format-standard","5":"has-post-thumbnail","7":"category-outros"},"yoast_head":"<!-- This site is optimized with the Yoast SEO Premium plugin v24.5 (Yoast SEO v27.5) - https:\/\/yoast.com\/product\/yoast-seo-premium-wordpress\/ -->\n<title>Pre\u00e7os da gasolina, diesel e g\u00e1s aumentam hoje nas refinarias; - P31<\/title>\n<meta name=\"robots\" content=\"index, follow, max-snippet:-1, max-image-preview:large, max-video-preview:-1\" \/>\n<link rel=\"canonical\" href=\"https:\/\/www.p31noticias.com.br\/?p=23310\" \/>\n<meta property=\"og:locale\" content=\"pt_BR\" \/>\n<meta property=\"og:type\" content=\"article\" \/>\n<meta property=\"og:title\" content=\"Pre\u00e7os da gasolina, diesel e g\u00e1s aumentam hoje nas refinarias;\" \/>\n<meta property=\"og:description\" content=\"Os pre\u00e7os da gasolina, do diesel e do g\u00e1s de cozinha (GLP) sobem nesta ter\u00e7a-feira (6) nas refinarias. De acordo com a Petrobras, a gasolina aumenta, em m\u00e9dia, R$ 0,16 (6,3%), fazendo com que o litro do combust\u00edvel saia de R$ 2,53 e chegue a R$ 2,69. O diesel tem m\u00e9dio de R$ 0,10 (3,7%) [&hellip;]\" \/>\n<meta property=\"og:url\" content=\"https:\/\/www.p31noticias.com.br\/?p=23310\" \/>\n<meta property=\"og:site_name\" content=\"P31\" \/>\n<meta property=\"article:published_time\" content=\"2021-07-06T12:28:06+00:00\" \/>\n<meta property=\"og:image\" content=\"https:\/\/www.p31noticias.com.br\/wp-content\/uploads\/2021\/07\/1084471-img_8760_21.07.17.jpg\" \/>\n\t<meta property=\"og:image:width\" content=\"1170\" \/>\n\t<meta property=\"og:image:height\" content=\"700\" \/>\n\t<meta property=\"og:image:type\" content=\"image\/jpeg\" \/>\n<meta name=\"author\" content=\"Gon\u00e7alves Junior\" \/>\n<meta name=\"twitter:card\" content=\"summary_large_image\" \/>\n<meta name=\"twitter:label1\" content=\"Escrito por\" \/>\n\t<meta name=\"twitter:data1\" content=\"Gon\u00e7alves Junior\" \/>\n\t<meta name=\"twitter:label2\" content=\"Est. tempo de leitura\" \/>\n\t<meta name=\"twitter:data2\" content=\"1 minuto\" \/>\n<script type=\"application\/ld+json\" class=\"yoast-schema-graph\">{\"@context\":\"https:\\\/\\\/schema.org\",\"@graph\":[{\"@type\":\"Article\",\"@id\":\"https:\\\/\\\/www.p31noticias.com.br\\\/?p=23310#article\",\"isPartOf\":{\"@id\":\"https:\\\/\\\/www.p31noticias.com.br\\\/?p=23310\"},\"author\":{\"name\":\"Gon\u00e7alves Junior\",\"@id\":\"https:\\\/\\\/www.p31noticias.com.br\\\/#\\\/schema\\\/person\\\/95f2ece30e3b4132065b915150cd0f94\"},\"headline\":\"Pre\u00e7os da gasolina, diesel e g\u00e1s aumentam hoje nas refinarias;\",\"datePublished\":\"2021-07-06T12:28:06+00:00\",\"mainEntityOfPage\":{\"@id\":\"https:\\\/\\\/www.p31noticias.com.br\\\/?p=23310\"},\"wordCount\":290,\"commentCount\":0,\"image\":{\"@id\":\"https:\\\/\\\/www.p31noticias.com.br\\\/?p=23310#primaryimage\"},\"thumbnailUrl\":\"https:\\\/\\\/www.p31noticias.com.br\\\/wp-content\\\/uploads\\\/2021\\\/07\\\/1084471-img_8760_21.07.17.jpg\",\"articleSection\":[\"Outros\"],\"inLanguage\":\"pt-BR\",\"potentialAction\":[{\"@type\":\"CommentAction\",\"name\":\"Comment\",\"target\":[\"https:\\\/\\\/www.p31noticias.com.br\\\/?p=23310#respond\"]}],\"copyrightYear\":\"2021\",\"copyrightHolder\":{\"@id\":\"https:\\\/\\\/www.p31noticias.com.br\\\/#organization\"}},{\"@type\":\"WebPage\",\"@id\":\"https:\\\/\\\/www.p31noticias.com.br\\\/?p=23310\",\"url\":\"https:\\\/\\\/www.p31noticias.com.br\\\/?p=23310\",\"name\":\"Pre\u00e7os da gasolina, diesel e g\u00e1s aumentam hoje nas refinarias; - P31\",\"isPartOf\":{\"@id\":\"https:\\\/\\\/www.p31noticias.com.br\\\/#website\"},\"primaryImageOfPage\":{\"@id\":\"https:\\\/\\\/www.p31noticias.com.br\\\/?p=23310#primaryimage\"},\"image\":{\"@id\":\"https:\\\/\\\/www.p31noticias.com.br\\\/?p=23310#primaryimage\"},\"thumbnailUrl\":\"https:\\\/\\\/www.p31noticias.com.br\\\/wp-content\\\/uploads\\\/2021\\\/07\\\/1084471-img_8760_21.07.17.jpg\",\"datePublished\":\"2021-07-06T12:28:06+00:00\",\"author\":{\"@id\":\"https:\\\/\\\/www.p31noticias.com.br\\\/#\\\/schema\\\/person\\\/95f2ece30e3b4132065b915150cd0f94\"},\"breadcrumb\":{\"@id\":\"https:\\\/\\\/www.p31noticias.com.br\\\/?p=23310#breadcrumb\"},\"inLanguage\":\"pt-BR\",\"potentialAction\":[{\"@type\":\"ReadAction\",\"target\":[\"https:\\\/\\\/www.p31noticias.com.br\\\/?p=23310\"]}]},{\"@type\":\"ImageObject\",\"inLanguage\":\"pt-BR\",\"@id\":\"https:\\\/\\\/www.p31noticias.com.br\\\/?p=23310#primaryimage\",\"url\":\"https:\\\/\\\/www.p31noticias.com.br\\\/wp-content\\\/uploads\\\/2021\\\/07\\\/1084471-img_8760_21.07.17.jpg\",\"contentUrl\":\"https:\\\/\\\/www.p31noticias.com.br\\\/wp-content\\\/uploads\\\/2021\\\/07\\\/1084471-img_8760_21.07.17.jpg\",\"width\":1170,\"height\":700,\"caption\":\"Bras\u00edlia - Postos de combust\u00edveis ajustam os pre\u00e7os e repassam para o consumidor o aumento da al\u00edquota do PIS e Cofins pelo litro da gasolina(Marcelo Camargo\\\/Ag\u00eancia Brasil)\"},{\"@type\":\"BreadcrumbList\",\"@id\":\"https:\\\/\\\/www.p31noticias.com.br\\\/?p=23310#breadcrumb\",\"itemListElement\":[{\"@type\":\"ListItem\",\"position\":1,\"name\":\"In\u00edcio\",\"item\":\"https:\\\/\\\/www.p31noticias.com.br\\\/\"},{\"@type\":\"ListItem\",\"position\":2,\"name\":\"Pre\u00e7os da gasolina, diesel e g\u00e1s aumentam hoje nas refinarias;\"}]},{\"@type\":\"WebSite\",\"@id\":\"https:\\\/\\\/www.p31noticias.com.br\\\/#website\",\"url\":\"https:\\\/\\\/www.p31noticias.com.br\\\/\",\"name\":\"P31\",\"description\":\"NOT\u00cdCIAS\",\"potentialAction\":[{\"@type\":\"SearchAction\",\"target\":{\"@type\":\"EntryPoint\",\"urlTemplate\":\"https:\\\/\\\/www.p31noticias.com.br\\\/?s={search_term_string}\"},\"query-input\":{\"@type\":\"PropertyValueSpecification\",\"valueRequired\":true,\"valueName\":\"search_term_string\"}}],\"inLanguage\":\"pt-BR\"},{\"@type\":\"Person\",\"@id\":\"https:\\\/\\\/www.p31noticias.com.br\\\/#\\\/schema\\\/person\\\/95f2ece30e3b4132065b915150cd0f94\",\"name\":\"Gon\u00e7alves Junior\",\"image\":{\"@type\":\"ImageObject\",\"inLanguage\":\"pt-BR\",\"@id\":\"https:\\\/\\\/secure.gravatar.com\\\/avatar\\\/6711f350116a89762687a48d66f723c799e5438a5b7578508d4294cd7a5d0800?s=96&d=mm&r=g\",\"url\":\"https:\\\/\\\/secure.gravatar.com\\\/avatar\\\/6711f350116a89762687a48d66f723c799e5438a5b7578508d4294cd7a5d0800?s=96&d=mm&r=g\",\"contentUrl\":\"https:\\\/\\\/secure.gravatar.com\\\/avatar\\\/6711f350116a89762687a48d66f723c799e5438a5b7578508d4294cd7a5d0800?s=96&d=mm&r=g\",\"caption\":\"Gon\u00e7alves Junior\"},\"url\":\"https:\\\/\\\/www.p31noticias.com.br\\\/?author=2\"}]}<\/script>\n<!-- \/ Yoast SEO Premium plugin. -->","yoast_head_json":{"title":"Pre\u00e7os da gasolina, diesel e g\u00e1s aumentam hoje nas refinarias; - P31","robots":{"index":"index","follow":"follow","max-snippet":"max-snippet:-1","max-image-preview":"max-image-preview:large","max-video-preview":"max-video-preview:-1"},"canonical":"https:\/\/www.p31noticias.com.br\/?p=23310","og_locale":"pt_BR","og_type":"article","og_title":"Pre\u00e7os da gasolina, diesel e g\u00e1s aumentam hoje nas refinarias;","og_description":"Os pre\u00e7os da gasolina, do diesel e do g\u00e1s de cozinha (GLP) sobem nesta ter\u00e7a-feira (6) nas refinarias. De acordo com a Petrobras, a gasolina aumenta, em m\u00e9dia, R$ 0,16 (6,3%), fazendo com que o litro do combust\u00edvel saia de R$ 2,53 e chegue a R$ 2,69. O diesel tem m\u00e9dio de R$ 0,10 (3,7%) [&hellip;]","og_url":"https:\/\/www.p31noticias.com.br\/?p=23310","og_site_name":"P31","article_published_time":"2021-07-06T12:28:06+00:00","og_image":[{"width":1170,"height":700,"url":"https:\/\/www.p31noticias.com.br\/wp-content\/uploads\/2021\/07\/1084471-img_8760_21.07.17.jpg","type":"image\/jpeg"}],"author":"Gon\u00e7alves Junior","twitter_card":"summary_large_image","twitter_misc":{"Escrito por":"Gon\u00e7alves Junior","Est. tempo de leitura":"1 minuto"},"schema":{"@context":"https:\/\/schema.org","@graph":[{"@type":"Article","@id":"https:\/\/www.p31noticias.com.br\/?p=23310#article","isPartOf":{"@id":"https:\/\/www.p31noticias.com.br\/?p=23310"},"author":{"name":"Gon\u00e7alves Junior","@id":"https:\/\/www.p31noticias.com.br\/#\/schema\/person\/95f2ece30e3b4132065b915150cd0f94"},"headline":"Pre\u00e7os da gasolina, diesel e g\u00e1s aumentam hoje nas refinarias;","datePublished":"2021-07-06T12:28:06+00:00","mainEntityOfPage":{"@id":"https:\/\/www.p31noticias.com.br\/?p=23310"},"wordCount":290,"commentCount":0,"image":{"@id":"https:\/\/www.p31noticias.com.br\/?p=23310#primaryimage"},"thumbnailUrl":"https:\/\/www.p31noticias.com.br\/wp-content\/uploads\/2021\/07\/1084471-img_8760_21.07.17.jpg","articleSection":["Outros"],"inLanguage":"pt-BR","potentialAction":[{"@type":"CommentAction","name":"Comment","target":["https:\/\/www.p31noticias.com.br\/?p=23310#respond"]}],"copyrightYear":"2021","copyrightHolder":{"@id":"https:\/\/www.p31noticias.com.br\/#organization"}},{"@type":"WebPage","@id":"https:\/\/www.p31noticias.com.br\/?p=23310","url":"https:\/\/www.p31noticias.com.br\/?p=23310","name":"Pre\u00e7os da gasolina, diesel e g\u00e1s aumentam hoje nas refinarias; - P31","isPartOf":{"@id":"https:\/\/www.p31noticias.com.br\/#website"},"primaryImageOfPage":{"@id":"https:\/\/www.p31noticias.com.br\/?p=23310#primaryimage"},"image":{"@id":"https:\/\/www.p31noticias.com.br\/?p=23310#primaryimage"},"thumbnailUrl":"https:\/\/www.p31noticias.com.br\/wp-content\/uploads\/2021\/07\/1084471-img_8760_21.07.17.jpg","datePublished":"2021-07-06T12:28:06+00:00","author":{"@id":"https:\/\/www.p31noticias.com.br\/#\/schema\/person\/95f2ece30e3b4132065b915150cd0f94"},"breadcrumb":{"@id":"https:\/\/www.p31noticias.com.br\/?p=23310#breadcrumb"},"inLanguage":"pt-BR","potentialAction":[{"@type":"ReadAction","target":["https:\/\/www.p31noticias.com.br\/?p=23310"]}]},{"@type":"ImageObject","inLanguage":"pt-BR","@id":"https:\/\/www.p31noticias.com.br\/?p=23310#primaryimage","url":"https:\/\/www.p31noticias.com.br\/wp-content\/uploads\/2021\/07\/1084471-img_8760_21.07.17.jpg","contentUrl":"https:\/\/www.p31noticias.com.br\/wp-content\/uploads\/2021\/07\/1084471-img_8760_21.07.17.jpg","width":1170,"height":700,"caption":"Bras\u00edlia - Postos de combust\u00edveis ajustam os pre\u00e7os e repassam para o consumidor o aumento da al\u00edquota do PIS e Cofins pelo litro da gasolina(Marcelo Camargo\/Ag\u00eancia Brasil)"},{"@type":"BreadcrumbList","@id":"https:\/\/www.p31noticias.com.br\/?p=23310#breadcrumb","itemListElement":[{"@type":"ListItem","position":1,"name":"In\u00edcio","item":"https:\/\/www.p31noticias.com.br\/"},{"@type":"ListItem","position":2,"name":"Pre\u00e7os da gasolina, diesel e g\u00e1s aumentam hoje nas refinarias;"}]},{"@type":"WebSite","@id":"https:\/\/www.p31noticias.com.br\/#website","url":"https:\/\/www.p31noticias.com.br\/","name":"P31","description":"NOT\u00cdCIAS","potentialAction":[{"@type":"SearchAction","target":{"@type":"EntryPoint","urlTemplate":"https:\/\/www.p31noticias.com.br\/?s={search_term_string}"},"query-input":{"@type":"PropertyValueSpecification","valueRequired":true,"valueName":"search_term_string"}}],"inLanguage":"pt-BR"},{"@type":"Person","@id":"https:\/\/www.p31noticias.com.br\/#\/schema\/person\/95f2ece30e3b4132065b915150cd0f94","name":"Gon\u00e7alves Junior","image":{"@type":"ImageObject","inLanguage":"pt-BR","@id":"https:\/\/secure.gravatar.com\/avatar\/6711f350116a89762687a48d66f723c799e5438a5b7578508d4294cd7a5d0800?s=96&d=mm&r=g","url":"https:\/\/secure.gravatar.com\/avatar\/6711f350116a89762687a48d66f723c799e5438a5b7578508d4294cd7a5d0800?s=96&d=mm&r=g","contentUrl":"https:\/\/secure.gravatar.com\/avatar\/6711f350116a89762687a48d66f723c799e5438a5b7578508d4294cd7a5d0800?s=96&d=mm&r=g","caption":"Gon\u00e7alves Junior"},"url":"https:\/\/www.p31noticias.com.br\/?author=2"}]}},"amp_enabled":true,"_links":{"self":[{"href":"https:\/\/www.p31noticias.com.br\/index.php?rest_route=\/wp\/v2\/posts\/23310","targetHints":{"allow":["GET"]}}],"collection":[{"href":"https:\/\/www.p31noticias.com.br\/index.php?rest_route=\/wp\/v2\/posts"}],"about":[{"href":"https:\/\/www.p31noticias.com.br\/index.php?rest_route=\/wp\/v2\/types\/post"}],"author":[{"embeddable":true,"href":"https:\/\/www.p31noticias.com.br\/index.php?rest_route=\/wp\/v2\/users\/2"}],"replies":[{"embeddable":true,"href":"https:\/\/www.p31noticias.com.br\/index.php?rest_route=%2Fwp%2Fv2%2Fcomments&post=23310"}],"version-history":[{"count":1,"href":"https:\/\/www.p31noticias.com.br\/index.php?rest_route=\/wp\/v2\/posts\/23310\/revisions"}],"predecessor-version":[{"id":23312,"href":"https:\/\/www.p31noticias.com.br\/index.php?rest_route=\/wp\/v2\/posts\/23310\/revisions\/23312"}],"wp:featuredmedia":[{"embeddable":true,"href":"https:\/\/www.p31noticias.com.br\/index.php?rest_route=\/wp\/v2\/media\/23311"}],"wp:attachment":[{"href":"https:\/\/www.p31noticias.com.br\/index.php?rest_route=%2Fwp%2Fv2%2Fmedia&parent=23310"}],"wp:term":[{"taxonomy":"category","embeddable":true,"href":"https:\/\/www.p31noticias.com.br\/index.php?rest_route=%2Fwp%2Fv2%2Fcategories&post=23310"},{"taxonomy":"post_tag","embeddable":true,"href":"https:\/\/www.p31noticias.com.br\/index.php?rest_route=%2Fwp%2Fv2%2Ftags&post=23310"}],"curies":[{"name":"wp","href":"https:\/\/api.w.org\/{rel}","templated":true}]}}